{"id":9343,"date":"2018-11-15T15:40:19","date_gmt":"2018-11-15T15:40:19","guid":{"rendered":"http:\/\/quehacerpolitico.mx\/internacionales-carolina-alonso-romei-el-gobierno-de-texas-ejecuta-a-robert-moreno-el-mexicano-que-mato-a-su-familia\/"},"modified":"2018-11-15T15:40:19","modified_gmt":"2018-11-15T15:40:19","slug":"internacionales-carolina-alonso-romei-el-gobierno-de-texas-ejecuta-a-robert-moreno-el-mexicano-que-mato-a-su-familia","status":"publish","type":"post","link":"https:\/\/quehacerpolitico.mx\/?p=9343","title":{"rendered":"Internacionales\/\/\/Carolina Alonso Romei\/\/\/El Gobierno de Texas ejecuta a Robert Moreno, el mexicano que mat\u00f3 a su familia"},"content":{"rendered":"<h1>El Gobierno de Texas ejecuta a Robert Moreno, el mexicano que mat\u00f3 a su familia<\/h1>\n<p>Por Carolina Alonso Romei<\/p>\n<p>Internacionalista<\/p>\n<p>El <strong>estado de Texas<\/strong> (EU) no cedi\u00f3 a las presiones diplom\u00e1ticas de <strong>M\u00e9xico<\/strong> y <strong>ejecut\u00f3<\/strong> hoy al ciudadano de ese pa\u00eds <strong>Robert Moreno Ramos<\/strong>, condenado por <strong>asesinar a su esposa<\/strong> y a dos de sus hijos en 1992 y enterrarlos bajo la vivienda familiar.<\/p>\n<p>A <strong>Moreno Ramos<\/strong>, nacido en el estado\u00a0 de Oaxaca hace 64 a\u00f1os, lo declararon muerto a las 21:36 hora local (03.36 del jueves GMT) tras recibir una <strong>inyecci\u00f3n letal<\/strong> en la prisi\u00f3n de Huntsville (cercana a Houston), inform\u00f3 el Departamento de Justicia Criminal de Texas.<\/p>\n<p>Preguntado por sus \u00faltimas palabras, Moreno Ramos ofreci\u00f3 una cr\u00edptica declaraci\u00f3n en la que agradeci\u00f3 a la <strong>diplomacia mexicana<\/strong> la \u201clucha\u201d librada contra su condena a muerte, \u201cmerecida o no\u201d.<\/p>\n<blockquote>\n<p>\u201cRecibo el reloj de oro que el gobernador ha tardado 30 a\u00f1os en forjar. Se\u00f1or, env\u00edame un carro\u201d, dijo.<\/p>\n<\/blockquote>\n<p>Sus palabra pueden ser una alusi\u00f3n a la tradici\u00f3n del reloj de oro como regalo de jubilaci\u00f3n y al carro de fuego que el profeta El\u00edas utiliz\u00f3 para subir al cielo.<\/p>\n<p>Moreno Ramos fue <strong>condenado a muerte<\/strong> en 1993 por asesinar a martillazos un a\u00f1o antes a su entonces esposa -Leticia, que ten\u00eda 42 a\u00f1os- y a sus dos hijos menores: Abigail, de 7, y Jonathan, de 3, para casarse con otra mujer tres d\u00edas despu\u00e9s.<\/p>\n<p>Los mat\u00f3 el 7 de febrero de 1992 y durante cerca de dos meses evadi\u00f3 preguntas sobre el paradero de sus familiares, quienes asegur\u00f3 que hab\u00edan muerto en un accidente de tr\u00e1fico del que no ofreci\u00f3 m\u00e1s detalles.<\/p>\n<p>La hermana de Leticia termin\u00f3 por denunciar su desaparici\u00f3n y las autoridades abordaron a <strong>Moreno Ramos<\/strong> a finales de marzo, que de nuevo dio versiones contradictorias sobre el paradero de su familia y fue detenido por unas infracciones de tr\u00e1fico pendientes.<\/p>\n<p>Durante un posterior registro a la vivienda familiar en la ciudad de Progreso (fronteriza con M\u00e9xico), la Polic\u00eda hall\u00f3 rastros de sangre, y tras un nuevo interrogatorio Moreno Ramos confes\u00f3 el 7 de abril que hab\u00eda enterrado los cuerpos bajo el ba\u00f1o.<\/p>\n<p>Los fiscales contaron durante el juicio de 1993 con dos testigos estrella: el hijo mayor de Moreno Ramos, que declar\u00f3 en su contra, y el de una mujer que le acus\u00f3 de haber matado a su hija, con la que aparentemente se cas\u00f3 en 1988 en Reynosa (M\u00e9xico) y meses despu\u00e9s desapareci\u00f3.<\/p>\n<p>Moreno Ramos fue uno de los 51 <strong>mexicanos condenados a muert<\/strong>e en Estados Unidos cuyos casos orden\u00f3 reconsiderar en 2004 la Corte Internacional de Justicia (CIJ) en una sentencia conocida como \u201cFallo Avena\u201d.<\/p>\n<p>A estos presos se les viol\u00f3 su derecho -recogido en la Convenci\u00f3n de Viena sobre relaciones consulares- a solicitar asistencia legal a su pa\u00eds tras su detenci\u00f3n, seg\u00fan el fallo.<\/p>\n<p>Es por ello que el Gobierno de M\u00e9xico, expertos de Naciones Unidas en Derechos Humanos y la Comisi\u00f3n Interamericana de Derechos Humanos (CIDH) hab\u00edan presionado al estado de Texas para que suspendiera la ejecuci\u00f3n, alegando que Moreno Ramos no tuvo \u201cun juicio justo\u201d ni un \u201cdebido proceso\u201d.<\/p>\n<p>Texas, sin embargo, volvi\u00f3 a deso\u00edr las presiones diplom\u00e1ticas, as\u00ed como el fallo de la CIJ, como ya hab\u00eda hecho con otros cinco mexicanos ejecutados en la \u00faltima d\u00e9cada en el estado sure\u00f1o.<\/p>\n<p>El Tribunal Supremo de EU deliber\u00f3 hoy durante horas sobre el recurso presentado por los abogados de Moreno Ramos contra Texas por deso\u00edr el \u201cFallo Avena\u201d, lo que oblig\u00f3 a retrasar la ejecuci\u00f3n m\u00e1s de tres horas hasta que fue finalmente rechazado.<\/p>\n<p>Seg\u00fan datos del observatorio Centro de Informaci\u00f3n sobre la Pena de Muerte (DPIC, por sus siglas en ingl\u00e9s), en todo el pa\u00eds hay 133 extranjeros de 35 nacionalidades condenados a muerte, en su mayor\u00eda mexicanos (53), nueve vietnamitas, ocho cubanos, ocho salvadore\u00f1os y cinco hondure\u00f1os.<\/p>\n<p>Desde que el Tribunal Supremo restituy\u00f3 hace cuatro d\u00e9cadas la pena de muerte y contando a <strong>Moreno Ramos<\/strong>, han sido ejecutados 34 extranjeros, doce de ellos mexicanos y cinco cubanos.<\/p>\n","protected":false},"excerpt":{"rendered":"<p>El Gobierno de Texas ejecuta a Robert Moreno, el mexicano que mat\u00f3 a su familia<br \/>\nPor Carolina Alonso Romei<br \/>\nInternacionalista<\/p>\n","protected":false},"author":2,"featured_media":9342,"comment_status":"open","ping_status":"open","sticky":false,"template":"","format":"standard","meta":{"_monsterinsights_skip_tracking":false,"_monsterinsights_sitenote_active":false,"_monsterinsights_sitenote_note":"","_monsterinsights_sitenote_category":0,"footnotes":""},"categories":[1],"tags":[],"class_list":["post-9343","post","type-post","status-publish","format-standard","has-post-thumbnail","hentry","category-sin-categoria"],"yoast_head":"<!-- This site is optimized with the Yoast SEO plugin v27.3 - https:\/\/yoast.com\/product\/yoast-seo-wordpress\/ -->\n<title>Internacionales\/\/\/Carolina Alonso Romei\/\/\/El Gobierno de Texas ejecuta a Robert Moreno, el mexicano que mat\u00f3 a su familia -<\/title>\n<meta name=\"robots\" content=\"index, follow, max-snippet:-1, max-image-preview:large, max-video-preview:-1\" \/>\n<link rel=\"canonical\" href=\"https:\/\/quehacerpolitico.mx\/?p=9343\" \/>\n<meta property=\"og:locale\" content=\"es_MX\" \/>\n<meta property=\"og:type\" content=\"article\" \/>\n<meta property=\"og:title\" content=\"Internacionales\/\/\/Carolina Alonso Romei\/\/\/El Gobierno de Texas ejecuta a Robert Moreno, el mexicano que mat\u00f3 a su familia -\" \/>\n<meta property=\"og:description\" content=\"El Gobierno de Texas ejecuta a Robert Moreno, el mexicano que mat\u00f3 a su familia Por Carolina Alonso Romei Internacionalista\" \/>\n<meta property=\"og:url\" content=\"https:\/\/quehacerpolitico.mx\/?p=9343\" \/>\n<meta property=\"article:published_time\" content=\"2018-11-15T15:40:19+00:00\" \/>\n<meta name=\"author\" content=\"Redacci\u00f3n QP\" \/>\n<meta name=\"twitter:card\" content=\"summary_large_image\" \/>\n<meta name=\"twitter:label1\" content=\"Escrito por\" \/>\n\t<meta name=\"twitter:data1\" content=\"Redacci\u00f3n QP\" \/>\n\t<meta name=\"twitter:label2\" content=\"Tiempo de lectura\" \/>\n\t<meta name=\"twitter:data2\" content=\"3 minutos\" \/>\n<script type=\"application\/ld+json\" class=\"yoast-schema-graph\">{\"@context\":\"https:\\\/\\\/schema.org\",\"@graph\":[{\"@type\":\"Article\",\"@id\":\"https:\\\/\\\/quehacerpolitico.mx\\\/?p=9343#article\",\"isPartOf\":{\"@id\":\"https:\\\/\\\/quehacerpolitico.mx\\\/?p=9343\"},\"author\":{\"name\":\"Redacci\u00f3n QP\",\"@id\":\"https:\\\/\\\/quehacerpolitico.mx\\\/#\\\/schema\\\/person\\\/496d8ad2d1d3f8036101dca7ee39e585\"},\"headline\":\"Internacionales\\\/\\\/\\\/Carolina Alonso Romei\\\/\\\/\\\/El Gobierno de Texas ejecuta a Robert Moreno, el mexicano que mat\u00f3 a su familia\",\"datePublished\":\"2018-11-15T15:40:19+00:00\",\"mainEntityOfPage\":{\"@id\":\"https:\\\/\\\/quehacerpolitico.mx\\\/?p=9343\"},\"wordCount\":721,\"commentCount\":0,\"image\":{\"@id\":\"https:\\\/\\\/quehacerpolitico.mx\\\/?p=9343#primaryimage\"},\"thumbnailUrl\":\"\",\"articleSection\":[\"Internacionales\"],\"inLanguage\":\"es\",\"potentialAction\":[{\"@type\":\"CommentAction\",\"name\":\"Comment\",\"target\":[\"https:\\\/\\\/quehacerpolitico.mx\\\/?p=9343#respond\"]}]},{\"@type\":\"WebPage\",\"@id\":\"https:\\\/\\\/quehacerpolitico.mx\\\/?p=9343\",\"url\":\"https:\\\/\\\/quehacerpolitico.mx\\\/?p=9343\",\"name\":\"Internacionales\\\/\\\/\\\/Carolina Alonso Romei\\\/\\\/\\\/El Gobierno de Texas ejecuta a Robert Moreno, el mexicano que mat\u00f3 a su familia -\",\"isPartOf\":{\"@id\":\"https:\\\/\\\/quehacerpolitico.mx\\\/#website\"},\"primaryImageOfPage\":{\"@id\":\"https:\\\/\\\/quehacerpolitico.mx\\\/?p=9343#primaryimage\"},\"image\":{\"@id\":\"https:\\\/\\\/quehacerpolitico.mx\\\/?p=9343#primaryimage\"},\"thumbnailUrl\":\"\",\"datePublished\":\"2018-11-15T15:40:19+00:00\",\"author\":{\"@id\":\"https:\\\/\\\/quehacerpolitico.mx\\\/#\\\/schema\\\/person\\\/496d8ad2d1d3f8036101dca7ee39e585\"},\"breadcrumb\":{\"@id\":\"https:\\\/\\\/quehacerpolitico.mx\\\/?p=9343#breadcrumb\"},\"inLanguage\":\"es\",\"potentialAction\":[{\"@type\":\"ReadAction\",\"target\":[\"https:\\\/\\\/quehacerpolitico.mx\\\/?p=9343\"]}]},{\"@type\":\"ImageObject\",\"inLanguage\":\"es\",\"@id\":\"https:\\\/\\\/quehacerpolitico.mx\\\/?p=9343#primaryimage\",\"url\":\"\",\"contentUrl\":\"\"},{\"@type\":\"BreadcrumbList\",\"@id\":\"https:\\\/\\\/quehacerpolitico.mx\\\/?p=9343#breadcrumb\",\"itemListElement\":[{\"@type\":\"ListItem\",\"position\":1,\"name\":\"Inicio\",\"item\":\"https:\\\/\\\/quehacerpolitico.mx\\\/\"},{\"@type\":\"ListItem\",\"position\":2,\"name\":\"Internacionales\\\/\\\/\\\/Carolina Alonso Romei\\\/\\\/\\\/El Gobierno de Texas ejecuta a Robert Moreno, el mexicano que mat\u00f3 a su familia\"}]},{\"@type\":\"WebSite\",\"@id\":\"https:\\\/\\\/quehacerpolitico.mx\\\/#website\",\"url\":\"https:\\\/\\\/quehacerpolitico.mx\\\/\",\"name\":\"\",\"description\":\"\",\"potentialAction\":[{\"@type\":\"SearchAction\",\"target\":{\"@type\":\"EntryPoint\",\"urlTemplate\":\"https:\\\/\\\/quehacerpolitico.mx\\\/?s={search_term_string}\"},\"query-input\":{\"@type\":\"PropertyValueSpecification\",\"valueRequired\":true,\"valueName\":\"search_term_string\"}}],\"inLanguage\":\"es\"},{\"@type\":\"Person\",\"@id\":\"https:\\\/\\\/quehacerpolitico.mx\\\/#\\\/schema\\\/person\\\/496d8ad2d1d3f8036101dca7ee39e585\",\"name\":\"Redacci\u00f3n QP\",\"image\":{\"@type\":\"ImageObject\",\"inLanguage\":\"es\",\"@id\":\"https:\\\/\\\/secure.gravatar.com\\\/avatar\\\/c7164ed6fdec453195284ad24a5ae5b6e1eed2b848477fa2a4787ba9adf39a41?s=96&d=mm&r=g\",\"url\":\"https:\\\/\\\/secure.gravatar.com\\\/avatar\\\/c7164ed6fdec453195284ad24a5ae5b6e1eed2b848477fa2a4787ba9adf39a41?s=96&d=mm&r=g\",\"contentUrl\":\"https:\\\/\\\/secure.gravatar.com\\\/avatar\\\/c7164ed6fdec453195284ad24a5ae5b6e1eed2b848477fa2a4787ba9adf39a41?s=96&d=mm&r=g\",\"caption\":\"Redacci\u00f3n QP\"},\"url\":\"https:\\\/\\\/quehacerpolitico.mx\\\/?author=2\"}]}<\/script>\n<!-- \/ Yoast SEO plugin. -->","yoast_head_json":{"title":"Internacionales\/\/\/Carolina Alonso Romei\/\/\/El Gobierno de Texas ejecuta a Robert Moreno, el mexicano que mat\u00f3 a su familia -","robots":{"index":"index","follow":"follow","max-snippet":"max-snippet:-1","max-image-preview":"max-image-preview:large","max-video-preview":"max-video-preview:-1"},"canonical":"https:\/\/quehacerpolitico.mx\/?p=9343","og_locale":"es_MX","og_type":"article","og_title":"Internacionales\/\/\/Carolina Alonso Romei\/\/\/El Gobierno de Texas ejecuta a Robert Moreno, el mexicano que mat\u00f3 a su familia -","og_description":"El Gobierno de Texas ejecuta a Robert Moreno, el mexicano que mat\u00f3 a su familia Por Carolina Alonso Romei Internacionalista","og_url":"https:\/\/quehacerpolitico.mx\/?p=9343","article_published_time":"2018-11-15T15:40:19+00:00","author":"Redacci\u00f3n QP","twitter_card":"summary_large_image","twitter_misc":{"Escrito por":"Redacci\u00f3n QP","Tiempo de lectura":"3 minutos"},"schema":{"@context":"https:\/\/schema.org","@graph":[{"@type":"Article","@id":"https:\/\/quehacerpolitico.mx\/?p=9343#article","isPartOf":{"@id":"https:\/\/quehacerpolitico.mx\/?p=9343"},"author":{"name":"Redacci\u00f3n QP","@id":"https:\/\/quehacerpolitico.mx\/#\/schema\/person\/496d8ad2d1d3f8036101dca7ee39e585"},"headline":"Internacionales\/\/\/Carolina Alonso Romei\/\/\/El Gobierno de Texas ejecuta a Robert Moreno, el mexicano que mat\u00f3 a su familia","datePublished":"2018-11-15T15:40:19+00:00","mainEntityOfPage":{"@id":"https:\/\/quehacerpolitico.mx\/?p=9343"},"wordCount":721,"commentCount":0,"image":{"@id":"https:\/\/quehacerpolitico.mx\/?p=9343#primaryimage"},"thumbnailUrl":"","articleSection":["Internacionales"],"inLanguage":"es","potentialAction":[{"@type":"CommentAction","name":"Comment","target":["https:\/\/quehacerpolitico.mx\/?p=9343#respond"]}]},{"@type":"WebPage","@id":"https:\/\/quehacerpolitico.mx\/?p=9343","url":"https:\/\/quehacerpolitico.mx\/?p=9343","name":"Internacionales\/\/\/Carolina Alonso Romei\/\/\/El Gobierno de Texas ejecuta a Robert Moreno, el mexicano que mat\u00f3 a su familia -","isPartOf":{"@id":"https:\/\/quehacerpolitico.mx\/#website"},"primaryImageOfPage":{"@id":"https:\/\/quehacerpolitico.mx\/?p=9343#primaryimage"},"image":{"@id":"https:\/\/quehacerpolitico.mx\/?p=9343#primaryimage"},"thumbnailUrl":"","datePublished":"2018-11-15T15:40:19+00:00","author":{"@id":"https:\/\/quehacerpolitico.mx\/#\/schema\/person\/496d8ad2d1d3f8036101dca7ee39e585"},"breadcrumb":{"@id":"https:\/\/quehacerpolitico.mx\/?p=9343#breadcrumb"},"inLanguage":"es","potentialAction":[{"@type":"ReadAction","target":["https:\/\/quehacerpolitico.mx\/?p=9343"]}]},{"@type":"ImageObject","inLanguage":"es","@id":"https:\/\/quehacerpolitico.mx\/?p=9343#primaryimage","url":"","contentUrl":""},{"@type":"BreadcrumbList","@id":"https:\/\/quehacerpolitico.mx\/?p=9343#breadcrumb","itemListElement":[{"@type":"ListItem","position":1,"name":"Inicio","item":"https:\/\/quehacerpolitico.mx\/"},{"@type":"ListItem","position":2,"name":"Internacionales\/\/\/Carolina Alonso Romei\/\/\/El Gobierno de Texas ejecuta a Robert Moreno, el mexicano que mat\u00f3 a su familia"}]},{"@type":"WebSite","@id":"https:\/\/quehacerpolitico.mx\/#website","url":"https:\/\/quehacerpolitico.mx\/","name":"","description":"","potentialAction":[{"@type":"SearchAction","target":{"@type":"EntryPoint","urlTemplate":"https:\/\/quehacerpolitico.mx\/?s={search_term_string}"},"query-input":{"@type":"PropertyValueSpecification","valueRequired":true,"valueName":"search_term_string"}}],"inLanguage":"es"},{"@type":"Person","@id":"https:\/\/quehacerpolitico.mx\/#\/schema\/person\/496d8ad2d1d3f8036101dca7ee39e585","name":"Redacci\u00f3n QP","image":{"@type":"ImageObject","inLanguage":"es","@id":"https:\/\/secure.gravatar.com\/avatar\/c7164ed6fdec453195284ad24a5ae5b6e1eed2b848477fa2a4787ba9adf39a41?s=96&d=mm&r=g","url":"https:\/\/secure.gravatar.com\/avatar\/c7164ed6fdec453195284ad24a5ae5b6e1eed2b848477fa2a4787ba9adf39a41?s=96&d=mm&r=g","contentUrl":"https:\/\/secure.gravatar.com\/avatar\/c7164ed6fdec453195284ad24a5ae5b6e1eed2b848477fa2a4787ba9adf39a41?s=96&d=mm&r=g","caption":"Redacci\u00f3n QP"},"url":"https:\/\/quehacerpolitico.mx\/?author=2"}]}},"featured_image_urls":{"full":"","thumbnail":"","medium":"","medium_large":"","large":"","1536x1536":"","2048x2048":"","covernews-featured":"","covernews-medium":""},"author_info":{"display_name":"Redacci\u00f3n QP","author_link":"https:\/\/quehacerpolitico.mx\/?author=2"},"category_info":"<a href=\"https:\/\/quehacerpolitico.mx\/?cat=1\" rel=\"category\">Internacionales<\/a>","tag_info":"Internacionales","comment_count":"0","_links":{"self":[{"href":"https:\/\/quehacerpolitico.mx\/index.php?rest_route=\/wp\/v2\/posts\/9343","targetHints":{"allow":["GET"]}}],"collection":[{"href":"https:\/\/quehacerpolitico.mx\/index.php?rest_route=\/wp\/v2\/posts"}],"about":[{"href":"https:\/\/quehacerpolitico.mx\/index.php?rest_route=\/wp\/v2\/types\/post"}],"author":[{"embeddable":true,"href":"https:\/\/quehacerpolitico.mx\/index.php?rest_route=\/wp\/v2\/users\/2"}],"replies":[{"embeddable":true,"href":"https:\/\/quehacerpolitico.mx\/index.php?rest_route=%2Fwp%2Fv2%2Fcomments&post=9343"}],"version-history":[{"count":0,"href":"https:\/\/quehacerpolitico.mx\/index.php?rest_route=\/wp\/v2\/posts\/9343\/revisions"}],"wp:featuredmedia":[{"embeddable":true,"href":"https:\/\/quehacerpolitico.mx\/index.php?rest_route=\/"}],"wp:attachment":[{"href":"https:\/\/quehacerpolitico.mx\/index.php?rest_route=%2Fwp%2Fv2%2Fmedia&parent=9343"}],"wp:term":[{"taxonomy":"category","embeddable":true,"href":"https:\/\/quehacerpolitico.mx\/index.php?rest_route=%2Fwp%2Fv2%2Fcategories&post=9343"},{"taxonomy":"post_tag","embeddable":true,"href":"https:\/\/quehacerpolitico.mx\/index.php?rest_route=%2Fwp%2Fv2%2Ftags&post=9343"}],"curies":[{"name":"wp","href":"https:\/\/api.w.org\/{rel}","templated":true}]}}