{"id":93417,"date":"2022-07-04T13:58:13","date_gmt":"2022-07-04T13:58:13","guid":{"rendered":"https:\/\/quehacerpolitico.mx\/?p=93417"},"modified":"2022-07-04T14:43:43","modified_gmt":"2022-07-04T14:43:43","slug":"suspenden-servicio-en-linea-2-del-metro-cdmx-por-incendio-en-subestacion","status":"publish","type":"post","link":"https:\/\/quehacerpolitico.mx\/?p=93417","title":{"rendered":"Suspenden servicio en L\u00ednea 2 del Metro CDMX  por incendio en subestaci\u00f3n"},"content":{"rendered":"\n<p>Por Redacci\u00f3n QP<\/p>\n\n\n\n<p>El tr\u00e1nsito vehicular fue afectado debido al incidente.<\/p>\n\n\n\n<p>Por un corto circuito en las v\u00edas de la l\u00ednea 2 del Metro se suspendi\u00f3 el servicio de Tasque\u00f1a a San Antonio Abad en ambos sentidos, inform\u00f3 el Sistema de Transporte Colectivo Metro de la Ciudad de M\u00e9xico.<\/p>\n\n\n\n<figure class=\"wp-block-embed is-type-rich is-provider-twitter wp-block-embed-twitter\"><div class=\"wp-block-embed__wrapper\">\n<blockquote class=\"twitter-tweet\" data-width=\"550\" data-dnt=\"true\"><p lang=\"es\" dir=\"ltr\"><a href=\"https:\/\/twitter.com\/hashtag\/AvisoMetro?src=hash&amp;ref_src=twsrc%5Etfw\">#AvisoMetro<\/a>: Por revisi\u00f3n del sistema de suministro el\u00e9ctrico, se encuentra sin servicio el tramo de Tasque\u00f1a a San Antonio Abad, hasta nuevo aviso. El servicio provisional se ofrece de Cuatro Caminos a Pino Su\u00e1rez por ambas v\u00edas.  <a href=\"https:\/\/twitter.com\/hashtag\/MovilidadCDMX?src=hash&amp;ref_src=twsrc%5Etfw\">#MovilidadCDMX<\/a><\/p>&mdash; MetroCDMX (@MetroCDMX) <a href=\"https:\/\/twitter.com\/MetroCDMX\/status\/1543936461170479110?ref_src=twsrc%5Etfw\">July 4, 2022<\/a><\/blockquote><script async src=\"https:\/\/platform.twitter.com\/widgets.js\" charset=\"utf-8\"><\/script>\n<\/div><\/figure>\n\n\n\n<p>Al momento sale humo en una de las subestaciones, pero trabajadores de&nbsp;Protecci\u00f3n Civil&nbsp;del propio sistema de transporte&nbsp;&nbsp;<strong>ya llegaron al lugar&nbsp;<\/strong>para buscar el punto exacto de la falla.<\/p>\n\n\n\n<p>Ciento de usuarios afectados debieron bajar de las\u00a0<strong>estaci\u00f3n para\u00a0tratar de buscar alg\u00fan otro medio de transporte.<\/strong><\/p>\n\n\n\n<figure class=\"wp-block-embed is-type-rich is-provider-twitter wp-block-embed-twitter\"><div class=\"wp-block-embed__wrapper\">\n<blockquote class=\"twitter-tweet\" data-width=\"550\" data-dnt=\"true\"><p lang=\"es\" dir=\"ltr\">As\u00ed fue la explosi\u00f3n de la torre de la Linea 2 del <a href=\"https:\/\/twitter.com\/hashtag\/MetroCDMX?src=hash&amp;ref_src=twsrc%5Etfw\">#MetroCDMX<\/a> entre las estaciones Villa de Cort\u00e9s y Xola.<br><br>No hay servicio de Taxque\u00f1a a San Antonio Abad. <a href=\"https:\/\/t.co\/e15zJGxNYh\">pic.twitter.com\/e15zJGxNYh<\/a><\/p>&mdash; Ruido en la Red (@RuidoEnLaRed) <a href=\"https:\/\/twitter.com\/RuidoEnLaRed\/status\/1543961228812460032?ref_src=twsrc%5Etfw\">July 4, 2022<\/a><\/blockquote><script async src=\"https:\/\/platform.twitter.com\/widgets.js\" charset=\"utf-8\"><\/script>\n<\/div><\/figure>\n\n\n\n<figure class=\"wp-block-embed is-type-rich is-provider-twitter wp-block-embed-twitter\"><div class=\"wp-block-embed__wrapper\">\n<blockquote class=\"twitter-tweet\" data-width=\"550\" data-dnt=\"true\"><p lang=\"es\" dir=\"ltr\">Desalojan a decenas de personas de un tren de la L\u00ednea 2 del Metro por corto circuito; suspenden servicio de este medio de transporte del tramo de Tasque\u00f1a a San Antonio Abad. <a href=\"https:\/\/twitter.com\/hashtag\/DecideInformado?src=hash&amp;ref_src=twsrc%5Etfw\">#DecideInformado<\/a> <a href=\"https:\/\/t.co\/Cr3EBmc2kZ\">pic.twitter.com\/Cr3EBmc2kZ<\/a><\/p>&mdash; NM\u00e1s (@nmas) <a href=\"https:\/\/twitter.com\/nmas\/status\/1543952477271334914?ref_src=twsrc%5Etfw\">July 4, 2022<\/a><\/blockquote><script async src=\"https:\/\/platform.twitter.com\/widgets.js\" charset=\"utf-8\"><\/script>\n<\/div><\/figure>\n\n\n\n<figure class=\"wp-block-image size-large\"><img loading=\"lazy\" decoding=\"async\" width=\"1024\" height=\"540\" src=\"https:\/\/quehacerpolitico.mx\/wp-content\/uploads\/2022\/07\/image-15-1024x540.jpeg\" alt=\"\" class=\"wp-image-93422\" srcset=\"https:\/\/quehacerpolitico.mx\/wp-content\/uploads\/2022\/07\/image-15-1024x540.jpeg 1024w, https:\/\/quehacerpolitico.mx\/wp-content\/uploads\/2022\/07\/image-15-300x158.jpeg 300w, https:\/\/quehacerpolitico.mx\/wp-content\/uploads\/2022\/07\/image-15-768x405.jpeg 768w, https:\/\/quehacerpolitico.mx\/wp-content\/uploads\/2022\/07\/image-15-260x137.jpeg 260w, https:\/\/quehacerpolitico.mx\/wp-content\/uploads\/2022\/07\/image-15-50x26.jpeg 50w, https:\/\/quehacerpolitico.mx\/wp-content\/uploads\/2022\/07\/image-15-142x75.jpeg 142w, https:\/\/quehacerpolitico.mx\/wp-content\/uploads\/2022\/07\/image-15.jpeg 1100w\" sizes=\"auto, (max-width: 1024px) 100vw, 1024px\" \/><\/figure>\n\n\n\n<figure class=\"wp-block-image size-large\"><img loading=\"lazy\" decoding=\"async\" width=\"768\" height=\"1024\" src=\"https:\/\/quehacerpolitico.mx\/wp-content\/uploads\/2022\/07\/image-14-768x1024.jpeg\" alt=\"\" class=\"wp-image-93421\" srcset=\"https:\/\/quehacerpolitico.mx\/wp-content\/uploads\/2022\/07\/image-14-768x1024.jpeg 768w, https:\/\/quehacerpolitico.mx\/wp-content\/uploads\/2022\/07\/image-14-225x300.jpeg 225w, https:\/\/quehacerpolitico.mx\/wp-content\/uploads\/2022\/07\/image-14-110x146.jpeg 110w, https:\/\/quehacerpolitico.mx\/wp-content\/uploads\/2022\/07\/image-14-38x50.jpeg 38w, https:\/\/quehacerpolitico.mx\/wp-content\/uploads\/2022\/07\/image-14-56x75.jpeg 56w, https:\/\/quehacerpolitico.mx\/wp-content\/uploads\/2022\/07\/image-14.jpeg 774w\" sizes=\"auto, (max-width: 768px) 100vw, 768px\" \/><\/figure>\n\n\n\n<figure class=\"wp-block-image size-full\"><img loading=\"lazy\" decoding=\"async\" width=\"768\" height=\"1024\" src=\"https:\/\/quehacerpolitico.mx\/wp-content\/uploads\/2022\/07\/image-13.jpeg\" alt=\"\" class=\"wp-image-93420\" srcset=\"https:\/\/quehacerpolitico.mx\/wp-content\/uploads\/2022\/07\/image-13.jpeg 768w, https:\/\/quehacerpolitico.mx\/wp-content\/uploads\/2022\/07\/image-13-225x300.jpeg 225w, https:\/\/quehacerpolitico.mx\/wp-content\/uploads\/2022\/07\/image-13-110x146.jpeg 110w, https:\/\/quehacerpolitico.mx\/wp-content\/uploads\/2022\/07\/image-13-38x50.jpeg 38w, https:\/\/quehacerpolitico.mx\/wp-content\/uploads\/2022\/07\/image-13-56x75.jpeg 56w\" sizes=\"auto, (max-width: 768px) 100vw, 768px\" \/><\/figure>\n\n\n\n<figure class=\"wp-block-image size-large\"><img loading=\"lazy\" decoding=\"async\" width=\"817\" height=\"1024\" src=\"https:\/\/quehacerpolitico.mx\/wp-content\/uploads\/2022\/07\/image-12-817x1024.jpeg\" alt=\"\" class=\"wp-image-93419\" srcset=\"https:\/\/quehacerpolitico.mx\/wp-content\/uploads\/2022\/07\/image-12-817x1024.jpeg 817w, https:\/\/quehacerpolitico.mx\/wp-content\/uploads\/2022\/07\/image-12-239x300.jpeg 239w, https:\/\/quehacerpolitico.mx\/wp-content\/uploads\/2022\/07\/image-12-768x962.jpeg 768w, https:\/\/quehacerpolitico.mx\/wp-content\/uploads\/2022\/07\/image-12-117x146.jpeg 117w, https:\/\/quehacerpolitico.mx\/wp-content\/uploads\/2022\/07\/image-12-40x50.jpeg 40w, https:\/\/quehacerpolitico.mx\/wp-content\/uploads\/2022\/07\/image-12-60x75.jpeg 60w, https:\/\/quehacerpolitico.mx\/wp-content\/uploads\/2022\/07\/image-12.jpeg 921w\" sizes=\"auto, (max-width: 817px) 100vw, 817px\" \/><\/figure>\n\n\n\n<figure class=\"wp-block-image size-full\"><img loading=\"lazy\" decoding=\"async\" width=\"629\" height=\"472\" src=\"https:\/\/quehacerpolitico.mx\/wp-content\/uploads\/2022\/07\/image-11.jpeg\" alt=\"\" class=\"wp-image-93418\" srcset=\"https:\/\/quehacerpolitico.mx\/wp-content\/uploads\/2022\/07\/image-11.jpeg 629w, https:\/\/quehacerpolitico.mx\/wp-content\/uploads\/2022\/07\/image-11-300x225.jpeg 300w, https:\/\/quehacerpolitico.mx\/wp-content\/uploads\/2022\/07\/image-11-195x146.jpeg 195w, https:\/\/quehacerpolitico.mx\/wp-content\/uploads\/2022\/07\/image-11-50x38.jpeg 50w, https:\/\/quehacerpolitico.mx\/wp-content\/uploads\/2022\/07\/image-11-100x75.jpeg 100w\" sizes=\"auto, (max-width: 629px) 100vw, 629px\" \/><\/figure>\n\n\n\n<p>Adem\u00e1s, debido a la llegada de las unidades de&nbsp;emergencia, el tr\u00e1nsito vehicular se vio afectado en ambos sentidos entre la estaci\u00f3n Cola Villa de Cort\u00e9s de la l\u00ednea 12 del sistema de transporte.<\/p>\n\n\n\n<p>Hasta el momento no hay energ\u00eda en las v\u00edas, por lo que el vag\u00f3n<strong>&nbsp;tuvo que ser intervenido de manera manual<\/strong>para que las y los ciudadanos pudiesen salir a salvo.<\/p>\n\n\n\n<p>De acuerdo con el Sistema de Transporte Colectivo Metro de la Ciudad de M\u00e9xico, el<strong>&nbsp;servicio provisional&nbsp;<\/strong>se ofrece de Cuatro Caminos a Pino Su\u00e1rez por ambas v\u00edas.<\/p>\n\n\n\n<p>Guillermo Calder\u00f3n, director general del Sistema de Transporte, inform\u00f3 que las&nbsp;<strong>labores de revisi\u00f3n<\/strong>&nbsp;las est\u00e1 llevando a cabo Protecci\u00f3n Civil del Metro.<\/p>\n\n\n\n<figure class=\"wp-block-embed is-type-rich is-provider-twitter wp-block-embed-twitter\"><div class=\"wp-block-embed__wrapper\">\n<blockquote class=\"twitter-tweet\" data-width=\"550\" data-dnt=\"true\"><p lang=\"es\" dir=\"ltr\">Se lleva a cabo el desaloj\u00f3 de personas en la zona de revisi\u00f3n de la L\u00ednea 2, lo realiza personal de Proteci\u00f3n Civil del Metro de acuerdo a los protocolos de seguridad. Apoy\u00e1 el servicio <a href=\"https:\/\/twitter.com\/RTP_CDMX?ref_src=twsrc%5Etfw\">@RTP_Cdmx<\/a> de Pino Su\u00e1rez a Tasque\u00f1a. <a href=\"https:\/\/t.co\/n8T02qSzsM\">https:\/\/t.co\/n8T02qSzsM<\/a><\/p>&mdash; Guillermo Calder\u00f3n (@GCalderon_Metro) <a href=\"https:\/\/twitter.com\/GCalderon_Metro\/status\/1543949016311939074?ref_src=twsrc%5Etfw\">July 4, 2022<\/a><\/blockquote><script async src=\"https:\/\/platform.twitter.com\/widgets.js\" charset=\"utf-8\"><\/script>\n<\/div><figcaption>Buen <\/figcaption><\/figure>\n\n\n\n<blockquote class=\"wp-block-quote is-layout-flow wp-block-quote-is-layout-flow\"><p>&#8220;Personal t\u00e9cnico del Metro labora en zona de v\u00edas de la L\u00ednea 2, en la interestaci\u00f3n Xola &#8211; Villa de Cort\u00e9s, se atiende un posible corto circuito, por lo que no hay servicio de San Antonio Abad a Tasque\u00f1a, se trabaja para reestablecer a la brevedad&#8221;, detall\u00f3.<\/p><\/blockquote>\n\n\n\n<p>Asimismo agreg\u00f3, que la ciudadan\u00eda fue desalojada de acuerdo &#8220;a los protocolos de seguridad&#8221;.<\/p>\n\n\n\n<p>La jefa de Gobierno Claudia Sheinbaum expreso que se esta trabajando en el incidente<\/p>\n\n\n\n<figure class=\"wp-block-embed is-type-rich is-provider-twitter wp-block-embed-twitter\"><div class=\"wp-block-embed__wrapper\">\n<blockquote class=\"twitter-tweet\" data-width=\"550\" data-dnt=\"true\"><p lang=\"es\" dir=\"ltr\">Me informa el director del <a href=\"https:\/\/twitter.com\/MetroCDMX?ref_src=twsrc%5Etfw\">@MetroCDMX<\/a> de un corto circuito en la subestaci\u00f3n de rectificaci\u00f3n entre Xola y Villa de Cort\u00e9s. Por tal motivo se suspendi\u00f3 el servicio de forma temporal en l\u00ednea 2. He instruido al director de Metro y a la secretaria de <a href=\"https:\/\/twitter.com\/SGIRPC_CDMX?ref_src=twsrc%5Etfw\">@SGIRPC_CDMX<\/a> para\u2026 (1\/3)<\/p>&mdash; Claudia Sheinbaum Pardo (@Claudiashein) <a href=\"https:\/\/twitter.com\/Claudiashein\/status\/1543946041237508096?ref_src=twsrc%5Etfw\">July 4, 2022<\/a><\/blockquote><script async src=\"https:\/\/platform.twitter.com\/widgets.js\" charset=\"utf-8\"><\/script>\n<\/div><\/figure>\n\n\n\n<figure class=\"wp-block-embed is-type-rich is-provider-twitter wp-block-embed-twitter\"><div class=\"wp-block-embed__wrapper\">\n<blockquote class=\"twitter-tweet\" data-width=\"550\" data-dnt=\"true\"><p lang=\"es\" dir=\"ltr\">Sentimos las molestias que esto ocasiona y seguiremos informando.<\/p>&mdash; Claudia Sheinbaum Pardo (@Claudiashein) <a href=\"https:\/\/twitter.com\/Claudiashein\/status\/1543946044001566721?ref_src=twsrc%5Etfw\">July 4, 2022<\/a><\/blockquote><script async src=\"https:\/\/platform.twitter.com\/widgets.js\" charset=\"utf-8\"><\/script>\n<\/div><\/figure>\n","protected":false},"excerpt":{"rendered":"<p>Por Redacci\u00f3n QP El tr\u00e1nsito vehicular fue afectado debido al incidente. Por un corto circuito&#8230;<\/p>\n","protected":false},"author":2,"featured_media":93423,"comment_status":"open","ping_status":"open","sticky":false,"template":"","format":"standard","meta":{"_monsterinsights_skip_tracking":false,"_monsterinsights_sitenote_active":false,"_monsterinsights_sitenote_note":"","_monsterinsights_sitenote_category":0,"footnotes":""},"categories":[55],"tags":[],"class_list":["post-93417","post","type-post","status-publish","format-standard","has-post-thumbnail","hentry","category-cdmx"],"yoast_head":"<!-- This site is optimized with the Yoast SEO plugin v27.3 - https:\/\/yoast.com\/product\/yoast-seo-wordpress\/ -->\n<title>Suspenden servicio en L\u00ednea 2 del Metro CDMX por incendio en subestaci\u00f3n -<\/title>\n<meta name=\"robots\" content=\"index, follow, max-snippet:-1, max-image-preview:large, max-video-preview:-1\" \/>\n<link rel=\"canonical\" href=\"https:\/\/quehacerpolitico.mx\/?p=93417\" \/>\n<meta property=\"og:locale\" content=\"es_MX\" \/>\n<meta property=\"og:type\" content=\"article\" \/>\n<meta property=\"og:title\" content=\"Suspenden servicio en L\u00ednea 2 del Metro CDMX por incendio en subestaci\u00f3n -\" \/>\n<meta property=\"og:description\" content=\"Por Redacci\u00f3n QP El tr\u00e1nsito vehicular fue afectado debido al incidente. Por un corto circuito...\" \/>\n<meta property=\"og:url\" content=\"https:\/\/quehacerpolitico.mx\/?p=93417\" \/>\n<meta property=\"article:published_time\" content=\"2022-07-04T13:58:13+00:00\" \/>\n<meta property=\"article:modified_time\" content=\"2022-07-04T14:43:43+00:00\" \/>\n<meta property=\"og:image\" content=\"https:\/\/quehacerpolitico.mx\/wp-content\/uploads\/2022\/07\/92601EDF-A055-433C-A10A-99E0A5192837.jpeg\" \/>\n\t<meta property=\"og:image:width\" content=\"768\" \/>\n\t<meta property=\"og:image:height\" content=\"508\" \/>\n\t<meta property=\"og:image:type\" content=\"image\/jpeg\" \/>\n<meta name=\"author\" content=\"Redacci\u00f3n QP\" \/>\n<meta name=\"twitter:card\" content=\"summary_large_image\" \/>\n<meta name=\"twitter:label1\" content=\"Escrito por\" \/>\n\t<meta name=\"twitter:data1\" content=\"Redacci\u00f3n QP\" \/>\n\t<meta name=\"twitter:label2\" content=\"Tiempo de lectura\" \/>\n\t<meta name=\"twitter:data2\" content=\"2 minutos\" \/>\n<script type=\"application\/ld+json\" class=\"yoast-schema-graph\">{\"@context\":\"https:\\\/\\\/schema.org\",\"@graph\":[{\"@type\":\"Article\",\"@id\":\"https:\\\/\\\/quehacerpolitico.mx\\\/?p=93417#article\",\"isPartOf\":{\"@id\":\"https:\\\/\\\/quehacerpolitico.mx\\\/?p=93417\"},\"author\":{\"name\":\"Redacci\u00f3n QP\",\"@id\":\"https:\\\/\\\/quehacerpolitico.mx\\\/#\\\/schema\\\/person\\\/496d8ad2d1d3f8036101dca7ee39e585\"},\"headline\":\"Suspenden servicio en L\u00ednea 2 del Metro CDMX por incendio en subestaci\u00f3n\",\"datePublished\":\"2022-07-04T13:58:13+00:00\",\"dateModified\":\"2022-07-04T14:43:43+00:00\",\"mainEntityOfPage\":{\"@id\":\"https:\\\/\\\/quehacerpolitico.mx\\\/?p=93417\"},\"wordCount\":419,\"commentCount\":0,\"image\":{\"@id\":\"https:\\\/\\\/quehacerpolitico.mx\\\/?p=93417#primaryimage\"},\"thumbnailUrl\":\"https:\\\/\\\/quehacerpolitico.mx\\\/wp-content\\\/uploads\\\/2022\\\/07\\\/92601EDF-A055-433C-A10A-99E0A5192837.jpeg\",\"articleSection\":[\"CDMX\"],\"inLanguage\":\"es\",\"potentialAction\":[{\"@type\":\"CommentAction\",\"name\":\"Comment\",\"target\":[\"https:\\\/\\\/quehacerpolitico.mx\\\/?p=93417#respond\"]}]},{\"@type\":\"WebPage\",\"@id\":\"https:\\\/\\\/quehacerpolitico.mx\\\/?p=93417\",\"url\":\"https:\\\/\\\/quehacerpolitico.mx\\\/?p=93417\",\"name\":\"Suspenden servicio en L\u00ednea 2 del Metro CDMX por incendio en subestaci\u00f3n -\",\"isPartOf\":{\"@id\":\"https:\\\/\\\/quehacerpolitico.mx\\\/#website\"},\"primaryImageOfPage\":{\"@id\":\"https:\\\/\\\/quehacerpolitico.mx\\\/?p=93417#primaryimage\"},\"image\":{\"@id\":\"https:\\\/\\\/quehacerpolitico.mx\\\/?p=93417#primaryimage\"},\"thumbnailUrl\":\"https:\\\/\\\/quehacerpolitico.mx\\\/wp-content\\\/uploads\\\/2022\\\/07\\\/92601EDF-A055-433C-A10A-99E0A5192837.jpeg\",\"datePublished\":\"2022-07-04T13:58:13+00:00\",\"dateModified\":\"2022-07-04T14:43:43+00:00\",\"author\":{\"@id\":\"https:\\\/\\\/quehacerpolitico.mx\\\/#\\\/schema\\\/person\\\/496d8ad2d1d3f8036101dca7ee39e585\"},\"breadcrumb\":{\"@id\":\"https:\\\/\\\/quehacerpolitico.mx\\\/?p=93417#breadcrumb\"},\"inLanguage\":\"es\",\"potentialAction\":[{\"@type\":\"ReadAction\",\"target\":[\"https:\\\/\\\/quehacerpolitico.mx\\\/?p=93417\"]}]},{\"@type\":\"ImageObject\",\"inLanguage\":\"es\",\"@id\":\"https:\\\/\\\/quehacerpolitico.mx\\\/?p=93417#primaryimage\",\"url\":\"https:\\\/\\\/quehacerpolitico.mx\\\/wp-content\\\/uploads\\\/2022\\\/07\\\/92601EDF-A055-433C-A10A-99E0A5192837.jpeg\",\"contentUrl\":\"https:\\\/\\\/quehacerpolitico.mx\\\/wp-content\\\/uploads\\\/2022\\\/07\\\/92601EDF-A055-433C-A10A-99E0A5192837.jpeg\",\"width\":768,\"height\":508},{\"@type\":\"BreadcrumbList\",\"@id\":\"https:\\\/\\\/quehacerpolitico.mx\\\/?p=93417#breadcrumb\",\"itemListElement\":[{\"@type\":\"ListItem\",\"position\":1,\"name\":\"Inicio\",\"item\":\"https:\\\/\\\/quehacerpolitico.mx\\\/\"},{\"@type\":\"ListItem\",\"position\":2,\"name\":\"Suspenden servicio en L\u00ednea 2 del Metro CDMX por incendio en subestaci\u00f3n\"}]},{\"@type\":\"WebSite\",\"@id\":\"https:\\\/\\\/quehacerpolitico.mx\\\/#website\",\"url\":\"https:\\\/\\\/quehacerpolitico.mx\\\/\",\"name\":\"\",\"description\":\"\",\"potentialAction\":[{\"@type\":\"SearchAction\",\"target\":{\"@type\":\"EntryPoint\",\"urlTemplate\":\"https:\\\/\\\/quehacerpolitico.mx\\\/?s={search_term_string}\"},\"query-input\":{\"@type\":\"PropertyValueSpecification\",\"valueRequired\":true,\"valueName\":\"search_term_string\"}}],\"inLanguage\":\"es\"},{\"@type\":\"Person\",\"@id\":\"https:\\\/\\\/quehacerpolitico.mx\\\/#\\\/schema\\\/person\\\/496d8ad2d1d3f8036101dca7ee39e585\",\"name\":\"Redacci\u00f3n QP\",\"image\":{\"@type\":\"ImageObject\",\"inLanguage\":\"es\",\"@id\":\"https:\\\/\\\/secure.gravatar.com\\\/avatar\\\/c7164ed6fdec453195284ad24a5ae5b6e1eed2b848477fa2a4787ba9adf39a41?s=96&d=mm&r=g\",\"url\":\"https:\\\/\\\/secure.gravatar.com\\\/avatar\\\/c7164ed6fdec453195284ad24a5ae5b6e1eed2b848477fa2a4787ba9adf39a41?s=96&d=mm&r=g\",\"contentUrl\":\"https:\\\/\\\/secure.gravatar.com\\\/avatar\\\/c7164ed6fdec453195284ad24a5ae5b6e1eed2b848477fa2a4787ba9adf39a41?s=96&d=mm&r=g\",\"caption\":\"Redacci\u00f3n QP\"},\"url\":\"https:\\\/\\\/quehacerpolitico.mx\\\/?author=2\"}]}<\/script>\n<!-- \/ Yoast SEO plugin. -->","yoast_head_json":{"title":"Suspenden servicio en L\u00ednea 2 del Metro CDMX por incendio en subestaci\u00f3n -","robots":{"index":"index","follow":"follow","max-snippet":"max-snippet:-1","max-image-preview":"max-image-preview:large","max-video-preview":"max-video-preview:-1"},"canonical":"https:\/\/quehacerpolitico.mx\/?p=93417","og_locale":"es_MX","og_type":"article","og_title":"Suspenden servicio en L\u00ednea 2 del Metro CDMX por incendio en subestaci\u00f3n -","og_description":"Por Redacci\u00f3n QP El tr\u00e1nsito vehicular fue afectado debido al incidente. Por un corto circuito...","og_url":"https:\/\/quehacerpolitico.mx\/?p=93417","article_published_time":"2022-07-04T13:58:13+00:00","article_modified_time":"2022-07-04T14:43:43+00:00","og_image":[{"width":768,"height":508,"url":"https:\/\/quehacerpolitico.mx\/wp-content\/uploads\/2022\/07\/92601EDF-A055-433C-A10A-99E0A5192837.jpeg","type":"image\/jpeg"}],"author":"Redacci\u00f3n QP","twitter_card":"summary_large_image","twitter_misc":{"Escrito por":"Redacci\u00f3n QP","Tiempo de lectura":"2 minutos"},"schema":{"@context":"https:\/\/schema.org","@graph":[{"@type":"Article","@id":"https:\/\/quehacerpolitico.mx\/?p=93417#article","isPartOf":{"@id":"https:\/\/quehacerpolitico.mx\/?p=93417"},"author":{"name":"Redacci\u00f3n QP","@id":"https:\/\/quehacerpolitico.mx\/#\/schema\/person\/496d8ad2d1d3f8036101dca7ee39e585"},"headline":"Suspenden servicio en L\u00ednea 2 del Metro CDMX por incendio en subestaci\u00f3n","datePublished":"2022-07-04T13:58:13+00:00","dateModified":"2022-07-04T14:43:43+00:00","mainEntityOfPage":{"@id":"https:\/\/quehacerpolitico.mx\/?p=93417"},"wordCount":419,"commentCount":0,"image":{"@id":"https:\/\/quehacerpolitico.mx\/?p=93417#primaryimage"},"thumbnailUrl":"https:\/\/quehacerpolitico.mx\/wp-content\/uploads\/2022\/07\/92601EDF-A055-433C-A10A-99E0A5192837.jpeg","articleSection":["CDMX"],"inLanguage":"es","potentialAction":[{"@type":"CommentAction","name":"Comment","target":["https:\/\/quehacerpolitico.mx\/?p=93417#respond"]}]},{"@type":"WebPage","@id":"https:\/\/quehacerpolitico.mx\/?p=93417","url":"https:\/\/quehacerpolitico.mx\/?p=93417","name":"Suspenden servicio en L\u00ednea 2 del Metro CDMX por incendio en subestaci\u00f3n -","isPartOf":{"@id":"https:\/\/quehacerpolitico.mx\/#website"},"primaryImageOfPage":{"@id":"https:\/\/quehacerpolitico.mx\/?p=93417#primaryimage"},"image":{"@id":"https:\/\/quehacerpolitico.mx\/?p=93417#primaryimage"},"thumbnailUrl":"https:\/\/quehacerpolitico.mx\/wp-content\/uploads\/2022\/07\/92601EDF-A055-433C-A10A-99E0A5192837.jpeg","datePublished":"2022-07-04T13:58:13+00:00","dateModified":"2022-07-04T14:43:43+00:00","author":{"@id":"https:\/\/quehacerpolitico.mx\/#\/schema\/person\/496d8ad2d1d3f8036101dca7ee39e585"},"breadcrumb":{"@id":"https:\/\/quehacerpolitico.mx\/?p=93417#breadcrumb"},"inLanguage":"es","potentialAction":[{"@type":"ReadAction","target":["https:\/\/quehacerpolitico.mx\/?p=93417"]}]},{"@type":"ImageObject","inLanguage":"es","@id":"https:\/\/quehacerpolitico.mx\/?p=93417#primaryimage","url":"https:\/\/quehacerpolitico.mx\/wp-content\/uploads\/2022\/07\/92601EDF-A055-433C-A10A-99E0A5192837.jpeg","contentUrl":"https:\/\/quehacerpolitico.mx\/wp-content\/uploads\/2022\/07\/92601EDF-A055-433C-A10A-99E0A5192837.jpeg","width":768,"height":508},{"@type":"BreadcrumbList","@id":"https:\/\/quehacerpolitico.mx\/?p=93417#breadcrumb","itemListElement":[{"@type":"ListItem","position":1,"name":"Inicio","item":"https:\/\/quehacerpolitico.mx\/"},{"@type":"ListItem","position":2,"name":"Suspenden servicio en L\u00ednea 2 del Metro CDMX por incendio en subestaci\u00f3n"}]},{"@type":"WebSite","@id":"https:\/\/quehacerpolitico.mx\/#website","url":"https:\/\/quehacerpolitico.mx\/","name":"","description":"","potentialAction":[{"@type":"SearchAction","target":{"@type":"EntryPoint","urlTemplate":"https:\/\/quehacerpolitico.mx\/?s={search_term_string}"},"query-input":{"@type":"PropertyValueSpecification","valueRequired":true,"valueName":"search_term_string"}}],"inLanguage":"es"},{"@type":"Person","@id":"https:\/\/quehacerpolitico.mx\/#\/schema\/person\/496d8ad2d1d3f8036101dca7ee39e585","name":"Redacci\u00f3n QP","image":{"@type":"ImageObject","inLanguage":"es","@id":"https:\/\/secure.gravatar.com\/avatar\/c7164ed6fdec453195284ad24a5ae5b6e1eed2b848477fa2a4787ba9adf39a41?s=96&d=mm&r=g","url":"https:\/\/secure.gravatar.com\/avatar\/c7164ed6fdec453195284ad24a5ae5b6e1eed2b848477fa2a4787ba9adf39a41?s=96&d=mm&r=g","contentUrl":"https:\/\/secure.gravatar.com\/avatar\/c7164ed6fdec453195284ad24a5ae5b6e1eed2b848477fa2a4787ba9adf39a41?s=96&d=mm&r=g","caption":"Redacci\u00f3n QP"},"url":"https:\/\/quehacerpolitico.mx\/?author=2"}]}},"featured_image_urls":{"full":["https:\/\/quehacerpolitico.mx\/wp-content\/uploads\/2022\/07\/92601EDF-A055-433C-A10A-99E0A5192837.jpeg",768,508,false],"thumbnail":["https:\/\/quehacerpolitico.mx\/wp-content\/uploads\/2022\/07\/92601EDF-A055-433C-A10A-99E0A5192837-150x150.jpeg",150,150,true],"medium":["https:\/\/quehacerpolitico.mx\/wp-content\/uploads\/2022\/07\/92601EDF-A055-433C-A10A-99E0A5192837-300x198.jpeg",300,198,true],"medium_large":["https:\/\/quehacerpolitico.mx\/wp-content\/uploads\/2022\/07\/92601EDF-A055-433C-A10A-99E0A5192837.jpeg",640,423,false],"large":["https:\/\/quehacerpolitico.mx\/wp-content\/uploads\/2022\/07\/92601EDF-A055-433C-A10A-99E0A5192837.jpeg",640,423,false],"1536x1536":["https:\/\/quehacerpolitico.mx\/wp-content\/uploads\/2022\/07\/92601EDF-A055-433C-A10A-99E0A5192837.jpeg",768,508,false],"2048x2048":["https:\/\/quehacerpolitico.mx\/wp-content\/uploads\/2022\/07\/92601EDF-A055-433C-A10A-99E0A5192837.jpeg",768,508,false],"covernews-featured":["https:\/\/quehacerpolitico.mx\/wp-content\/uploads\/2022\/07\/92601EDF-A055-433C-A10A-99E0A5192837.jpeg",768,508,false],"covernews-medium":["https:\/\/quehacerpolitico.mx\/wp-content\/uploads\/2022\/07\/92601EDF-A055-433C-A10A-99E0A5192837.jpeg",514,340,false]},"author_info":{"display_name":"Redacci\u00f3n QP","author_link":"https:\/\/quehacerpolitico.mx\/?author=2"},"category_info":"<a href=\"https:\/\/quehacerpolitico.mx\/?cat=55\" rel=\"category\">CDMX<\/a>","tag_info":"CDMX","comment_count":"0","_links":{"self":[{"href":"https:\/\/quehacerpolitico.mx\/index.php?rest_route=\/wp\/v2\/posts\/93417","targetHints":{"allow":["GET"]}}],"collection":[{"href":"https:\/\/quehacerpolitico.mx\/index.php?rest_route=\/wp\/v2\/posts"}],"about":[{"href":"https:\/\/quehacerpolitico.mx\/index.php?rest_route=\/wp\/v2\/types\/post"}],"author":[{"embeddable":true,"href":"https:\/\/quehacerpolitico.mx\/index.php?rest_route=\/wp\/v2\/users\/2"}],"replies":[{"embeddable":true,"href":"https:\/\/quehacerpolitico.mx\/index.php?rest_route=%2Fwp%2Fv2%2Fcomments&post=93417"}],"version-history":[{"count":2,"href":"https:\/\/quehacerpolitico.mx\/index.php?rest_route=\/wp\/v2\/posts\/93417\/revisions"}],"predecessor-version":[{"id":93428,"href":"https:\/\/quehacerpolitico.mx\/index.php?rest_route=\/wp\/v2\/posts\/93417\/revisions\/93428"}],"wp:featuredmedia":[{"embeddable":true,"href":"https:\/\/quehacerpolitico.mx\/index.php?rest_route=\/wp\/v2\/media\/93423"}],"wp:attachment":[{"href":"https:\/\/quehacerpolitico.mx\/index.php?rest_route=%2Fwp%2Fv2%2Fmedia&parent=93417"}],"wp:term":[{"taxonomy":"category","embeddable":true,"href":"https:\/\/quehacerpolitico.mx\/index.php?rest_route=%2Fwp%2Fv2%2Fcategories&post=93417"},{"taxonomy":"post_tag","embeddable":true,"href":"https:\/\/quehacerpolitico.mx\/index.php?rest_route=%2Fwp%2Fv2%2Ftags&post=93417"}],"curies":[{"name":"wp","href":"https:\/\/api.w.org\/{rel}","templated":true}]}}