{"id":93411,"date":"2022-07-01T19:20:22","date_gmt":"2022-07-01T19:20:22","guid":{"rendered":"https:\/\/quehacerpolitico.mx\/?p=93411"},"modified":"2022-07-01T19:20:24","modified_gmt":"2022-07-01T19:20:24","slug":"fiscalia-de-cdmx-refuta-teoria-sobre-tirador-en-feminicidio-de-yrma-lydya","status":"publish","type":"post","link":"https:\/\/quehacerpolitico.mx\/?p=93411","title":{"rendered":"Fiscal\u00eda de CDMX refuta teor\u00eda sobre tirador en feminicidio de Yrma Lydya"},"content":{"rendered":"\n<p>Por Redacci\u00f3n QP<\/p>\n\n\n\n<p>La dependencia detalla que las afirmaciones hechas por el abogado de Jes\u00fas &#8220;N&#8221; &#8220;no es perceptible a trav\u00e9s de ninguno de los videos&#8221;<\/p>\n\n\n\n<p>La Fiscal\u00eda General de Justicia de la Ciudad de M\u00e9xico refut\u00f3 la teor\u00eda de la defensa de Jes\u00fas &#8220;N&#8221;, quien asegur\u00f3 que fue un &#8220;tirador&#8221; el que entr\u00f3 al privado en el restaurante Suntory y asesin\u00f3 a la cantante Yrma Lydya la semana pasada.<\/p>\n\n\n\n<p><strong>&#8220;No, esa es una aseveraci\u00f3n que no es perceptible a trav\u00e9s de ninguno de los videos&#8221;<\/strong>, refut\u00f3 Laura Angelina Borbolla Moreno, Coordinadora General de Investigaci\u00f3n de Delitos de G\u00e9nero y Atenci\u00f3n a V\u00edctimas de la Fiscal\u00eda de la Ciudad de M\u00e9xico.<\/p>\n\n\n\n<figure class=\"wp-block-embed is-type-video is-provider-youtube wp-block-embed-youtube wp-embed-aspect-16-9 wp-has-aspect-ratio\"><div class=\"wp-block-embed__wrapper\">\n<iframe loading=\"lazy\" title=\"Yrma Lydya. Fiscal\u00eda CDMX refuta teor\u00eda de defensa de Jes\u00fas Hern\u00e1ndez y descarta tirador\" width=\"640\" height=\"360\" src=\"https:\/\/www.youtube.com\/embed\/as_5cE6Pb0Y?feature=oembed\" frameborder=\"0\" allow=\"accelerometer; autoplay; clipboard-write; encrypted-media; gyroscope; picture-in-picture; web-share\" referrerpolicy=\"strict-origin-when-cross-origin\" allowfullscreen><\/iframe>\n<\/div><\/figure>\n\n\n\n<p>Durante la entrevista con Ciro G\u00f3mez Leyva en su programa radiof\u00f3nico Por la Ma\u00f1ana, la funcionaria sostuvo que seg\u00fan los testimonios no hubo una tercera persona en el lugar del crimen.<\/p>\n\n\n\n<p>&#8220;Establecimos contacto con las personas que dan atenci\u00f3n y servicio en el restaurante, as\u00ed como de algunas de las personas que estaban en la lista de comensales y las declaraciones de muchos de los testigos que tenemos establecen que ellos dos (Jes\u00fas Hern\u00e1ndez e Yrma Lydya) estaban en un lugar en espec\u00edfico en el restaurante, que ellos estaban solamente, no se aprecia en los videos que haya entrado alguna otra persona como lo refiere la defensa&#8221;, detall\u00f3.<\/p>\n\n\n\n<h4 class=\"wp-block-heading\">Uno de los disparos fue a la cara<\/h4>\n\n\n\n<p>&#8220;Dos en el abdomen y uno en la cara, son tres disparos, es lo que dice el dictamen de necropsia y se obtuvieron las tres ojivas que son del arma de fuego que se obtuvo al interior del veh\u00edculo&#8221;, afirm\u00f3.<\/p>\n\n\n\n<p>\u00c1ngel Fernando Hern\u00e1ndez Guadarrama, abogado de Jes\u00fas Hern\u00e1ndez Alcocer,\u00a0<strong>asegura que el esposo de la cantante no fue quien dispar\u00f3 en contra de Yrma, sino que fue un &#8220;tirador&#8221; que entr\u00f3 al privado<\/strong>\u00a0en el restaurante Suntory, ubicado en la colonia Del Valle.<\/p>\n\n\n\n<p>&#8220;Se ha hablado de un tirador totalmente ajeno a \u00e9l, esta persona no es un extorsionador, se le tiene plenamente identificado. Tambi\u00e9n se le tiene identificada por testigos&#8221;, adem\u00e1s dijo que esto se tiene plenamente acreditado en video.<\/p>\n\n\n\n<p>Con dicho video, adem\u00e1s, se acreditar\u00eda la inocencia de Benjam\u00edn, el chofer del hombre de 79 a\u00f1os y quien tambi\u00e9n se encuentra en prisi\u00f3n.<\/p>\n\n\n\n<p>Con informaci\u00f3n de SUN<\/p>\n","protected":false},"excerpt":{"rendered":"<p>Por Redacci\u00f3n QP La dependencia detalla que las afirmaciones hechas por el abogado de Jes\u00fas&#8230;<\/p>\n","protected":false},"author":2,"featured_media":93412,"comment_status":"open","ping_status":"open","sticky":false,"template":"","format":"standard","meta":{"_monsterinsights_skip_tracking":false,"_monsterinsights_sitenote_active":false,"_monsterinsights_sitenote_note":"","_monsterinsights_sitenote_category":0,"footnotes":""},"categories":[55],"tags":[],"class_list":["post-93411","post","type-post","status-publish","format-standard","has-post-thumbnail","hentry","category-cdmx"],"yoast_head":"<!-- This site is optimized with the Yoast SEO plugin v27.3 - https:\/\/yoast.com\/product\/yoast-seo-wordpress\/ -->\n<title>Fiscal\u00eda de CDMX refuta teor\u00eda sobre tirador en feminicidio de Yrma Lydya -<\/title>\n<meta name=\"robots\" content=\"index, follow, max-snippet:-1, max-image-preview:large, max-video-preview:-1\" \/>\n<link rel=\"canonical\" href=\"https:\/\/quehacerpolitico.mx\/?p=93411\" \/>\n<meta property=\"og:locale\" content=\"es_MX\" \/>\n<meta property=\"og:type\" content=\"article\" \/>\n<meta property=\"og:title\" content=\"Fiscal\u00eda de CDMX refuta teor\u00eda sobre tirador en feminicidio de Yrma Lydya -\" \/>\n<meta property=\"og:description\" content=\"Por Redacci\u00f3n QP La dependencia detalla que las afirmaciones hechas por el abogado de Jes\u00fas...\" \/>\n<meta property=\"og:url\" content=\"https:\/\/quehacerpolitico.mx\/?p=93411\" \/>\n<meta property=\"article:published_time\" content=\"2022-07-01T19:20:22+00:00\" \/>\n<meta property=\"article:modified_time\" content=\"2022-07-01T19:20:24+00:00\" \/>\n<meta property=\"og:image\" content=\"https:\/\/quehacerpolitico.mx\/wp-content\/uploads\/2022\/07\/9DA30A25-BA20-4703-B83F-7B8ED0976694.jpeg\" \/>\n\t<meta property=\"og:image:width\" content=\"739\" \/>\n\t<meta property=\"og:image:height\" content=\"415\" \/>\n\t<meta property=\"og:image:type\" content=\"image\/jpeg\" \/>\n<meta name=\"author\" content=\"Redacci\u00f3n QP\" \/>\n<meta name=\"twitter:card\" content=\"summary_large_image\" \/>\n<meta name=\"twitter:label1\" content=\"Escrito por\" \/>\n\t<meta name=\"twitter:data1\" content=\"Redacci\u00f3n QP\" \/>\n\t<meta name=\"twitter:label2\" content=\"Tiempo de lectura\" \/>\n\t<meta name=\"twitter:data2\" content=\"2 minutos\" \/>\n<script type=\"application\/ld+json\" class=\"yoast-schema-graph\">{\"@context\":\"https:\\\/\\\/schema.org\",\"@graph\":[{\"@type\":\"Article\",\"@id\":\"https:\\\/\\\/quehacerpolitico.mx\\\/?p=93411#article\",\"isPartOf\":{\"@id\":\"https:\\\/\\\/quehacerpolitico.mx\\\/?p=93411\"},\"author\":{\"name\":\"Redacci\u00f3n QP\",\"@id\":\"https:\\\/\\\/quehacerpolitico.mx\\\/#\\\/schema\\\/person\\\/496d8ad2d1d3f8036101dca7ee39e585\"},\"headline\":\"Fiscal\u00eda de CDMX refuta teor\u00eda sobre tirador en feminicidio de Yrma Lydya\",\"datePublished\":\"2022-07-01T19:20:22+00:00\",\"dateModified\":\"2022-07-01T19:20:24+00:00\",\"mainEntityOfPage\":{\"@id\":\"https:\\\/\\\/quehacerpolitico.mx\\\/?p=93411\"},\"wordCount\":432,\"commentCount\":0,\"image\":{\"@id\":\"https:\\\/\\\/quehacerpolitico.mx\\\/?p=93411#primaryimage\"},\"thumbnailUrl\":\"https:\\\/\\\/quehacerpolitico.mx\\\/wp-content\\\/uploads\\\/2022\\\/07\\\/9DA30A25-BA20-4703-B83F-7B8ED0976694.jpeg\",\"articleSection\":[\"CDMX\"],\"inLanguage\":\"es\",\"potentialAction\":[{\"@type\":\"CommentAction\",\"name\":\"Comment\",\"target\":[\"https:\\\/\\\/quehacerpolitico.mx\\\/?p=93411#respond\"]}]},{\"@type\":\"WebPage\",\"@id\":\"https:\\\/\\\/quehacerpolitico.mx\\\/?p=93411\",\"url\":\"https:\\\/\\\/quehacerpolitico.mx\\\/?p=93411\",\"name\":\"Fiscal\u00eda de CDMX refuta teor\u00eda sobre tirador en feminicidio de Yrma Lydya -\",\"isPartOf\":{\"@id\":\"https:\\\/\\\/quehacerpolitico.mx\\\/#website\"},\"primaryImageOfPage\":{\"@id\":\"https:\\\/\\\/quehacerpolitico.mx\\\/?p=93411#primaryimage\"},\"image\":{\"@id\":\"https:\\\/\\\/quehacerpolitico.mx\\\/?p=93411#primaryimage\"},\"thumbnailUrl\":\"https:\\\/\\\/quehacerpolitico.mx\\\/wp-content\\\/uploads\\\/2022\\\/07\\\/9DA30A25-BA20-4703-B83F-7B8ED0976694.jpeg\",\"datePublished\":\"2022-07-01T19:20:22+00:00\",\"dateModified\":\"2022-07-01T19:20:24+00:00\",\"author\":{\"@id\":\"https:\\\/\\\/quehacerpolitico.mx\\\/#\\\/schema\\\/person\\\/496d8ad2d1d3f8036101dca7ee39e585\"},\"breadcrumb\":{\"@id\":\"https:\\\/\\\/quehacerpolitico.mx\\\/?p=93411#breadcrumb\"},\"inLanguage\":\"es\",\"potentialAction\":[{\"@type\":\"ReadAction\",\"target\":[\"https:\\\/\\\/quehacerpolitico.mx\\\/?p=93411\"]}]},{\"@type\":\"ImageObject\",\"inLanguage\":\"es\",\"@id\":\"https:\\\/\\\/quehacerpolitico.mx\\\/?p=93411#primaryimage\",\"url\":\"https:\\\/\\\/quehacerpolitico.mx\\\/wp-content\\\/uploads\\\/2022\\\/07\\\/9DA30A25-BA20-4703-B83F-7B8ED0976694.jpeg\",\"contentUrl\":\"https:\\\/\\\/quehacerpolitico.mx\\\/wp-content\\\/uploads\\\/2022\\\/07\\\/9DA30A25-BA20-4703-B83F-7B8ED0976694.jpeg\",\"width\":739,\"height\":415},{\"@type\":\"BreadcrumbList\",\"@id\":\"https:\\\/\\\/quehacerpolitico.mx\\\/?p=93411#breadcrumb\",\"itemListElement\":[{\"@type\":\"ListItem\",\"position\":1,\"name\":\"Inicio\",\"item\":\"https:\\\/\\\/quehacerpolitico.mx\\\/\"},{\"@type\":\"ListItem\",\"position\":2,\"name\":\"Fiscal\u00eda de CDMX refuta teor\u00eda sobre tirador en feminicidio de Yrma Lydya\"}]},{\"@type\":\"WebSite\",\"@id\":\"https:\\\/\\\/quehacerpolitico.mx\\\/#website\",\"url\":\"https:\\\/\\\/quehacerpolitico.mx\\\/\",\"name\":\"\",\"description\":\"\",\"potentialAction\":[{\"@type\":\"SearchAction\",\"target\":{\"@type\":\"EntryPoint\",\"urlTemplate\":\"https:\\\/\\\/quehacerpolitico.mx\\\/?s={search_term_string}\"},\"query-input\":{\"@type\":\"PropertyValueSpecification\",\"valueRequired\":true,\"valueName\":\"search_term_string\"}}],\"inLanguage\":\"es\"},{\"@type\":\"Person\",\"@id\":\"https:\\\/\\\/quehacerpolitico.mx\\\/#\\\/schema\\\/person\\\/496d8ad2d1d3f8036101dca7ee39e585\",\"name\":\"Redacci\u00f3n QP\",\"image\":{\"@type\":\"ImageObject\",\"inLanguage\":\"es\",\"@id\":\"https:\\\/\\\/secure.gravatar.com\\\/avatar\\\/c7164ed6fdec453195284ad24a5ae5b6e1eed2b848477fa2a4787ba9adf39a41?s=96&d=mm&r=g\",\"url\":\"https:\\\/\\\/secure.gravatar.com\\\/avatar\\\/c7164ed6fdec453195284ad24a5ae5b6e1eed2b848477fa2a4787ba9adf39a41?s=96&d=mm&r=g\",\"contentUrl\":\"https:\\\/\\\/secure.gravatar.com\\\/avatar\\\/c7164ed6fdec453195284ad24a5ae5b6e1eed2b848477fa2a4787ba9adf39a41?s=96&d=mm&r=g\",\"caption\":\"Redacci\u00f3n QP\"},\"url\":\"https:\\\/\\\/quehacerpolitico.mx\\\/?author=2\"}]}<\/script>\n<!-- \/ Yoast SEO plugin. -->","yoast_head_json":{"title":"Fiscal\u00eda de CDMX refuta teor\u00eda sobre tirador en feminicidio de Yrma Lydya -","robots":{"index":"index","follow":"follow","max-snippet":"max-snippet:-1","max-image-preview":"max-image-preview:large","max-video-preview":"max-video-preview:-1"},"canonical":"https:\/\/quehacerpolitico.mx\/?p=93411","og_locale":"es_MX","og_type":"article","og_title":"Fiscal\u00eda de CDMX refuta teor\u00eda sobre tirador en feminicidio de Yrma Lydya -","og_description":"Por Redacci\u00f3n QP La dependencia detalla que las afirmaciones hechas por el abogado de Jes\u00fas...","og_url":"https:\/\/quehacerpolitico.mx\/?p=93411","article_published_time":"2022-07-01T19:20:22+00:00","article_modified_time":"2022-07-01T19:20:24+00:00","og_image":[{"width":739,"height":415,"url":"https:\/\/quehacerpolitico.mx\/wp-content\/uploads\/2022\/07\/9DA30A25-BA20-4703-B83F-7B8ED0976694.jpeg","type":"image\/jpeg"}],"author":"Redacci\u00f3n QP","twitter_card":"summary_large_image","twitter_misc":{"Escrito por":"Redacci\u00f3n QP","Tiempo de lectura":"2 minutos"},"schema":{"@context":"https:\/\/schema.org","@graph":[{"@type":"Article","@id":"https:\/\/quehacerpolitico.mx\/?p=93411#article","isPartOf":{"@id":"https:\/\/quehacerpolitico.mx\/?p=93411"},"author":{"name":"Redacci\u00f3n QP","@id":"https:\/\/quehacerpolitico.mx\/#\/schema\/person\/496d8ad2d1d3f8036101dca7ee39e585"},"headline":"Fiscal\u00eda de CDMX refuta teor\u00eda sobre tirador en feminicidio de Yrma Lydya","datePublished":"2022-07-01T19:20:22+00:00","dateModified":"2022-07-01T19:20:24+00:00","mainEntityOfPage":{"@id":"https:\/\/quehacerpolitico.mx\/?p=93411"},"wordCount":432,"commentCount":0,"image":{"@id":"https:\/\/quehacerpolitico.mx\/?p=93411#primaryimage"},"thumbnailUrl":"https:\/\/quehacerpolitico.mx\/wp-content\/uploads\/2022\/07\/9DA30A25-BA20-4703-B83F-7B8ED0976694.jpeg","articleSection":["CDMX"],"inLanguage":"es","potentialAction":[{"@type":"CommentAction","name":"Comment","target":["https:\/\/quehacerpolitico.mx\/?p=93411#respond"]}]},{"@type":"WebPage","@id":"https:\/\/quehacerpolitico.mx\/?p=93411","url":"https:\/\/quehacerpolitico.mx\/?p=93411","name":"Fiscal\u00eda de CDMX refuta teor\u00eda sobre tirador en feminicidio de Yrma Lydya -","isPartOf":{"@id":"https:\/\/quehacerpolitico.mx\/#website"},"primaryImageOfPage":{"@id":"https:\/\/quehacerpolitico.mx\/?p=93411#primaryimage"},"image":{"@id":"https:\/\/quehacerpolitico.mx\/?p=93411#primaryimage"},"thumbnailUrl":"https:\/\/quehacerpolitico.mx\/wp-content\/uploads\/2022\/07\/9DA30A25-BA20-4703-B83F-7B8ED0976694.jpeg","datePublished":"2022-07-01T19:20:22+00:00","dateModified":"2022-07-01T19:20:24+00:00","author":{"@id":"https:\/\/quehacerpolitico.mx\/#\/schema\/person\/496d8ad2d1d3f8036101dca7ee39e585"},"breadcrumb":{"@id":"https:\/\/quehacerpolitico.mx\/?p=93411#breadcrumb"},"inLanguage":"es","potentialAction":[{"@type":"ReadAction","target":["https:\/\/quehacerpolitico.mx\/?p=93411"]}]},{"@type":"ImageObject","inLanguage":"es","@id":"https:\/\/quehacerpolitico.mx\/?p=93411#primaryimage","url":"https:\/\/quehacerpolitico.mx\/wp-content\/uploads\/2022\/07\/9DA30A25-BA20-4703-B83F-7B8ED0976694.jpeg","contentUrl":"https:\/\/quehacerpolitico.mx\/wp-content\/uploads\/2022\/07\/9DA30A25-BA20-4703-B83F-7B8ED0976694.jpeg","width":739,"height":415},{"@type":"BreadcrumbList","@id":"https:\/\/quehacerpolitico.mx\/?p=93411#breadcrumb","itemListElement":[{"@type":"ListItem","position":1,"name":"Inicio","item":"https:\/\/quehacerpolitico.mx\/"},{"@type":"ListItem","position":2,"name":"Fiscal\u00eda de CDMX refuta teor\u00eda sobre tirador en feminicidio de Yrma Lydya"}]},{"@type":"WebSite","@id":"https:\/\/quehacerpolitico.mx\/#website","url":"https:\/\/quehacerpolitico.mx\/","name":"","description":"","potentialAction":[{"@type":"SearchAction","target":{"@type":"EntryPoint","urlTemplate":"https:\/\/quehacerpolitico.mx\/?s={search_term_string}"},"query-input":{"@type":"PropertyValueSpecification","valueRequired":true,"valueName":"search_term_string"}}],"inLanguage":"es"},{"@type":"Person","@id":"https:\/\/quehacerpolitico.mx\/#\/schema\/person\/496d8ad2d1d3f8036101dca7ee39e585","name":"Redacci\u00f3n QP","image":{"@type":"ImageObject","inLanguage":"es","@id":"https:\/\/secure.gravatar.com\/avatar\/c7164ed6fdec453195284ad24a5ae5b6e1eed2b848477fa2a4787ba9adf39a41?s=96&d=mm&r=g","url":"https:\/\/secure.gravatar.com\/avatar\/c7164ed6fdec453195284ad24a5ae5b6e1eed2b848477fa2a4787ba9adf39a41?s=96&d=mm&r=g","contentUrl":"https:\/\/secure.gravatar.com\/avatar\/c7164ed6fdec453195284ad24a5ae5b6e1eed2b848477fa2a4787ba9adf39a41?s=96&d=mm&r=g","caption":"Redacci\u00f3n QP"},"url":"https:\/\/quehacerpolitico.mx\/?author=2"}]}},"featured_image_urls":{"full":["https:\/\/quehacerpolitico.mx\/wp-content\/uploads\/2022\/07\/9DA30A25-BA20-4703-B83F-7B8ED0976694.jpeg",739,415,false],"thumbnail":["https:\/\/quehacerpolitico.mx\/wp-content\/uploads\/2022\/07\/9DA30A25-BA20-4703-B83F-7B8ED0976694-150x150.jpeg",150,150,true],"medium":["https:\/\/quehacerpolitico.mx\/wp-content\/uploads\/2022\/07\/9DA30A25-BA20-4703-B83F-7B8ED0976694-300x168.jpeg",300,168,true],"medium_large":["https:\/\/quehacerpolitico.mx\/wp-content\/uploads\/2022\/07\/9DA30A25-BA20-4703-B83F-7B8ED0976694.jpeg",640,359,false],"large":["https:\/\/quehacerpolitico.mx\/wp-content\/uploads\/2022\/07\/9DA30A25-BA20-4703-B83F-7B8ED0976694.jpeg",640,359,false],"1536x1536":["https:\/\/quehacerpolitico.mx\/wp-content\/uploads\/2022\/07\/9DA30A25-BA20-4703-B83F-7B8ED0976694.jpeg",739,415,false],"2048x2048":["https:\/\/quehacerpolitico.mx\/wp-content\/uploads\/2022\/07\/9DA30A25-BA20-4703-B83F-7B8ED0976694.jpeg",739,415,false],"covernews-featured":["https:\/\/quehacerpolitico.mx\/wp-content\/uploads\/2022\/07\/9DA30A25-BA20-4703-B83F-7B8ED0976694.jpeg",739,415,false],"covernews-medium":["https:\/\/quehacerpolitico.mx\/wp-content\/uploads\/2022\/07\/9DA30A25-BA20-4703-B83F-7B8ED0976694.jpeg",540,303,false]},"author_info":{"display_name":"Redacci\u00f3n QP","author_link":"https:\/\/quehacerpolitico.mx\/?author=2"},"category_info":"<a href=\"https:\/\/quehacerpolitico.mx\/?cat=55\" rel=\"category\">CDMX<\/a>","tag_info":"CDMX","comment_count":"0","_links":{"self":[{"href":"https:\/\/quehacerpolitico.mx\/index.php?rest_route=\/wp\/v2\/posts\/93411","targetHints":{"allow":["GET"]}}],"collection":[{"href":"https:\/\/quehacerpolitico.mx\/index.php?rest_route=\/wp\/v2\/posts"}],"about":[{"href":"https:\/\/quehacerpolitico.mx\/index.php?rest_route=\/wp\/v2\/types\/post"}],"author":[{"embeddable":true,"href":"https:\/\/quehacerpolitico.mx\/index.php?rest_route=\/wp\/v2\/users\/2"}],"replies":[{"embeddable":true,"href":"https:\/\/quehacerpolitico.mx\/index.php?rest_route=%2Fwp%2Fv2%2Fcomments&post=93411"}],"version-history":[{"count":1,"href":"https:\/\/quehacerpolitico.mx\/index.php?rest_route=\/wp\/v2\/posts\/93411\/revisions"}],"predecessor-version":[{"id":93413,"href":"https:\/\/quehacerpolitico.mx\/index.php?rest_route=\/wp\/v2\/posts\/93411\/revisions\/93413"}],"wp:featuredmedia":[{"embeddable":true,"href":"https:\/\/quehacerpolitico.mx\/index.php?rest_route=\/wp\/v2\/media\/93412"}],"wp:attachment":[{"href":"https:\/\/quehacerpolitico.mx\/index.php?rest_route=%2Fwp%2Fv2%2Fmedia&parent=93411"}],"wp:term":[{"taxonomy":"category","embeddable":true,"href":"https:\/\/quehacerpolitico.mx\/index.php?rest_route=%2Fwp%2Fv2%2Fcategories&post=93411"},{"taxonomy":"post_tag","embeddable":true,"href":"https:\/\/quehacerpolitico.mx\/index.php?rest_route=%2Fwp%2Fv2%2Ftags&post=93411"}],"curies":[{"name":"wp","href":"https:\/\/api.w.org\/{rel}","templated":true}]}}