{"id":93345,"date":"2022-06-29T19:32:46","date_gmt":"2022-06-29T19:32:46","guid":{"rendered":"https:\/\/quehacerpolitico.mx\/?p=93345"},"modified":"2022-06-29T19:32:51","modified_gmt":"2022-06-29T19:32:51","slug":"cien-grupo-inmobiliario-coloca-la-primera-piedra-de-su-plaza-multicomercial-queretaro","status":"publish","type":"post","link":"https:\/\/quehacerpolitico.mx\/?p=93345","title":{"rendered":"CIEN Grupo Inmobiliario coloca la primera piedra de su Plaza Multicomercial Queretaro"},"content":{"rendered":"\n<p>Por Redacci\u00f3n NotiExpress | La Revista del Sector Inmobiliario<\/p>\n\n\n\n<p>Con una inversi\u00f3n de 850 millones de pesos, \u200b\u200b<strong>CIEN Grupo Inmobiliario llev\u00f3 a cabo la colocaci\u00f3n de la primera piedra de la Plaza Multicomercial Quer\u00e9taro.&nbsp;<\/strong><\/p>\n\n\n\n<p>El complejo comercial, que&nbsp;<strong>generar\u00e1 mil 500 empleos,<\/strong>&nbsp;se situar\u00e1 en el Boulevard Bernardo Quintana, en la colonia La Huerta, en Quer\u00e9taro, inform\u00f3 la desarrolladora.<\/p>\n\n\n\n<p>Adem\u00e1s, explic\u00f3 que la plaza&nbsp;<strong>estar\u00e1 sobre un terreno de 43 mil metros cuadrados,<\/strong>&nbsp;de los cuales 23 mil ser\u00e1n ocupados para la construcci\u00f3n.&nbsp;<\/p>\n\n\n\n<p><strong>CIEN Grupo Inmobiliario<\/strong><strong>&nbsp;eligi\u00f3 al estado para erigir este proyecto por sus capacidades<\/strong>, su potencial econ\u00f3mico y por su crecimiento, coment\u00f3 Steven Handal Dabdoud, director general de la compa\u00f1\u00eda.&nbsp;<\/p>\n\n\n\n<p><strong>La Plaza Multicomercial Quer\u00e9taro espera dar atenci\u00f3n a 140 mil personas<\/strong>, que se traducen a m\u00e1s de 80 mil familias que habitan la zona, contar\u00e1 con 700 cajones de estacionamiento gratuito.&nbsp;<\/p>\n\n\n\n<p><strong>Los visitantes podr\u00e1n encontrar un macromercado con una tienda ancla,<\/strong>\u00a0espacio donde hay productos de la canasta b\u00e1sica como abarrotes, fruter\u00eda, carnicer\u00eda, mariscos, entre otros; tambi\u00e9n un centro de salud, locales comerciales, \u00e1rea de comida, \u00e1rea de tecnolog\u00eda y \u00e1rea de la mujer.<\/p>\n\n\n\n<figure class=\"wp-block-image\"><img decoding=\"async\" src=\"https:\/\/inmobiliare.com\/himalaya\/wp-content\/uploads\/2022\/06\/CIEN-Grupo-Inmobiliario-2-alt.jpeg\" alt=\"\"\/><\/figure>\n\n\n\n<h2 class=\"wp-block-heading\">\u200b\u200b<strong>CIEN Grupo Inmobiliario abrir\u00e1 m\u00e1s plazas en Quer\u00e9taro<\/strong><\/h2>\n\n\n\n<p>La empresa desarrolladora comunic\u00f3 que este es&nbsp;<strong>el primero de tres proyectos de este tipo que prev\u00e9n construir en la entidad,<\/strong>&nbsp;los otros dos se localizar\u00e1n en el municipio de El Marqu\u00e9s y Corregidora.<\/p>\n\n\n\n<p>Ante esto, Marco Antonio Del Prete Tercero, secretario de Desarrollo Sustentable de la entidad, expres\u00f3 su gratitud con la compa\u00f1\u00eda por su confianza depositada en Quer\u00e9taro.<\/p>\n\n\n\n<p>\u201c<strong>Quer\u00e9taro vende certeza, los que deciden venir saben que van a encontrar un futuro prometedor porque la ley se respeta<\/strong>, hay seguridad f\u00edsica, patrimonial y judicial, adem\u00e1s hemos impulsado el concepto de seguridad ambiental\u201d, puntualiz\u00f3.<\/p>\n\n\n\n<figure class=\"wp-block-image size-large\"><img loading=\"lazy\" decoding=\"async\" width=\"1024\" height=\"994\" src=\"https:\/\/quehacerpolitico.mx\/wp-content\/uploads\/2022\/06\/image-42-1024x994.jpeg\" alt=\"\" class=\"wp-image-93347\" srcset=\"https:\/\/quehacerpolitico.mx\/wp-content\/uploads\/2022\/06\/image-42-1024x994.jpeg 1024w, https:\/\/quehacerpolitico.mx\/wp-content\/uploads\/2022\/06\/image-42-300x291.jpeg 300w, https:\/\/quehacerpolitico.mx\/wp-content\/uploads\/2022\/06\/image-42-768x745.jpeg 768w, https:\/\/quehacerpolitico.mx\/wp-content\/uploads\/2022\/06\/image-42-150x146.jpeg 150w, https:\/\/quehacerpolitico.mx\/wp-content\/uploads\/2022\/06\/image-42-50x50.jpeg 50w, https:\/\/quehacerpolitico.mx\/wp-content\/uploads\/2022\/06\/image-42-77x75.jpeg 77w, https:\/\/quehacerpolitico.mx\/wp-content\/uploads\/2022\/06\/image-42.jpeg 1284w\" sizes=\"auto, (max-width: 1024px) 100vw, 1024px\" \/><\/figure>\n\n\n\n<p>Adem\u00e1s, inform\u00f3 que el sector terciario, al que pertenece \u200b\u200bCIEN Grupo Inmobiliario, representa&nbsp;<strong>el 58% del Producto Interno Bruto (PIB) local y es el que m\u00e1s empleos genera en el estado.&nbsp;<\/strong><\/p>\n\n\n\n<p><strong>Steven Handal expres\u00f3 que desean expandirse a todo el Baj\u00edo<\/strong>\u00a0(Le\u00f3n, San Luis Potos\u00ed y Aguascalientes) y posteriormente a diferentes Estados de la Rep\u00fablica Mexicana.<\/p>\n\n\n\n<p>No se te olvide que?<\/p>\n\n\n\n<p>En\u00a0NotiExpress | La Revista del Sector Inmobiliario nos ocupamos en la difusi\u00f3n de la industria inmobiliaria generamos contenidos que te ayudar\u00e1n a mantenerte a la vanguardia en tecnolog\u00eda y en tendencias del sector inmobiliario para que puedas ofrecer el mejor servicio y generar m\u00e1s clientes.<\/p>\n\n\n\n<p>\u00c9chale una miradita a nuestra revista mensual donde encontrar\u00e1s la informaci\u00f3n precisa y oportuna con todo lo relacionado al sector inmobiliario aqu\u00ed\u00a0?<a href=\"https:\/\/issuu.com\/notiexpressmx\/docs\/notiexpress_07\">https:\/\/issuu.com\/notiexpressmx\/docs\/notiexpress_07\u00a0<\/a>\u00a0NotiExpress | La Revista del Sector Inmobiliario<\/p>\n\n\n\n<figure class=\"wp-block-image size-large\"><img loading=\"lazy\" decoding=\"async\" width=\"1024\" height=\"378\" src=\"https:\/\/quehacerpolitico.mx\/wp-content\/uploads\/2022\/06\/image-41-1024x378.jpeg\" alt=\"\" class=\"wp-image-93346\" srcset=\"https:\/\/quehacerpolitico.mx\/wp-content\/uploads\/2022\/06\/image-41-1024x378.jpeg 1024w, https:\/\/quehacerpolitico.mx\/wp-content\/uploads\/2022\/06\/image-41-300x111.jpeg 300w, https:\/\/quehacerpolitico.mx\/wp-content\/uploads\/2022\/06\/image-41-768x284.jpeg 768w, https:\/\/quehacerpolitico.mx\/wp-content\/uploads\/2022\/06\/image-41-260x96.jpeg 260w, https:\/\/quehacerpolitico.mx\/wp-content\/uploads\/2022\/06\/image-41-50x18.jpeg 50w, https:\/\/quehacerpolitico.mx\/wp-content\/uploads\/2022\/06\/image-41-150x55.jpeg 150w, https:\/\/quehacerpolitico.mx\/wp-content\/uploads\/2022\/06\/image-41.jpeg 1280w\" sizes=\"auto, (max-width: 1024px) 100vw, 1024px\" \/><\/figure>\n","protected":false},"excerpt":{"rendered":"<p>Por Redacci\u00f3n NotiExpress | La Revista del Sector Inmobiliario Con una inversi\u00f3n de 850 millones&#8230;<\/p>\n","protected":false},"author":2,"featured_media":93348,"comment_status":"open","ping_status":"open","sticky":false,"template":"","format":"standard","meta":{"_monsterinsights_skip_tracking":false,"_monsterinsights_sitenote_active":false,"_monsterinsights_sitenote_note":"","_monsterinsights_sitenote_category":0,"footnotes":""},"categories":[56],"tags":[],"class_list":["post-93345","post","type-post","status-publish","format-standard","has-post-thumbnail","hentry","category-economia"],"yoast_head":"<!-- This site is optimized with the Yoast SEO plugin v27.3 - https:\/\/yoast.com\/product\/yoast-seo-wordpress\/ -->\n<title>CIEN Grupo Inmobiliario coloca la primera piedra de su Plaza Multicomercial Queretaro -<\/title>\n<meta name=\"robots\" content=\"index, follow, max-snippet:-1, max-image-preview:large, max-video-preview:-1\" \/>\n<link rel=\"canonical\" href=\"https:\/\/quehacerpolitico.mx\/?p=93345\" \/>\n<meta property=\"og:locale\" content=\"es_MX\" \/>\n<meta property=\"og:type\" content=\"article\" \/>\n<meta property=\"og:title\" content=\"CIEN Grupo Inmobiliario coloca la primera piedra de su Plaza Multicomercial Queretaro -\" \/>\n<meta property=\"og:description\" content=\"Por Redacci\u00f3n NotiExpress | La Revista del Sector Inmobiliario Con una inversi\u00f3n de 850 millones...\" \/>\n<meta property=\"og:url\" content=\"https:\/\/quehacerpolitico.mx\/?p=93345\" \/>\n<meta property=\"article:published_time\" content=\"2022-06-29T19:32:46+00:00\" \/>\n<meta property=\"article:modified_time\" content=\"2022-06-29T19:32:51+00:00\" \/>\n<meta property=\"og:image\" content=\"https:\/\/quehacerpolitico.mx\/wp-content\/uploads\/2022\/06\/7F0E2F80-E078-499E-A5C2-9EFA667A812C.jpeg\" \/>\n\t<meta property=\"og:image:width\" content=\"2048\" \/>\n\t<meta property=\"og:image:height\" content=\"1175\" \/>\n\t<meta property=\"og:image:type\" content=\"image\/jpeg\" \/>\n<meta name=\"author\" content=\"Redacci\u00f3n QP\" \/>\n<meta name=\"twitter:card\" content=\"summary_large_image\" \/>\n<meta name=\"twitter:label1\" content=\"Escrito por\" \/>\n\t<meta name=\"twitter:data1\" content=\"Redacci\u00f3n QP\" \/>\n\t<meta name=\"twitter:label2\" content=\"Tiempo de lectura\" \/>\n\t<meta name=\"twitter:data2\" content=\"2 minutos\" \/>\n<script type=\"application\/ld+json\" class=\"yoast-schema-graph\">{\"@context\":\"https:\\\/\\\/schema.org\",\"@graph\":[{\"@type\":\"Article\",\"@id\":\"https:\\\/\\\/quehacerpolitico.mx\\\/?p=93345#article\",\"isPartOf\":{\"@id\":\"https:\\\/\\\/quehacerpolitico.mx\\\/?p=93345\"},\"author\":{\"name\":\"Redacci\u00f3n QP\",\"@id\":\"https:\\\/\\\/quehacerpolitico.mx\\\/#\\\/schema\\\/person\\\/496d8ad2d1d3f8036101dca7ee39e585\"},\"headline\":\"CIEN Grupo Inmobiliario coloca la primera piedra de su Plaza Multicomercial Queretaro\",\"datePublished\":\"2022-06-29T19:32:46+00:00\",\"dateModified\":\"2022-06-29T19:32:51+00:00\",\"mainEntityOfPage\":{\"@id\":\"https:\\\/\\\/quehacerpolitico.mx\\\/?p=93345\"},\"wordCount\":485,\"commentCount\":0,\"image\":{\"@id\":\"https:\\\/\\\/quehacerpolitico.mx\\\/?p=93345#primaryimage\"},\"thumbnailUrl\":\"https:\\\/\\\/quehacerpolitico.mx\\\/wp-content\\\/uploads\\\/2022\\\/06\\\/7F0E2F80-E078-499E-A5C2-9EFA667A812C.jpeg\",\"articleSection\":[\"Econom\u00eda\"],\"inLanguage\":\"es\",\"potentialAction\":[{\"@type\":\"CommentAction\",\"name\":\"Comment\",\"target\":[\"https:\\\/\\\/quehacerpolitico.mx\\\/?p=93345#respond\"]}]},{\"@type\":\"WebPage\",\"@id\":\"https:\\\/\\\/quehacerpolitico.mx\\\/?p=93345\",\"url\":\"https:\\\/\\\/quehacerpolitico.mx\\\/?p=93345\",\"name\":\"CIEN Grupo Inmobiliario coloca la primera piedra de su Plaza Multicomercial Queretaro -\",\"isPartOf\":{\"@id\":\"https:\\\/\\\/quehacerpolitico.mx\\\/#website\"},\"primaryImageOfPage\":{\"@id\":\"https:\\\/\\\/quehacerpolitico.mx\\\/?p=93345#primaryimage\"},\"image\":{\"@id\":\"https:\\\/\\\/quehacerpolitico.mx\\\/?p=93345#primaryimage\"},\"thumbnailUrl\":\"https:\\\/\\\/quehacerpolitico.mx\\\/wp-content\\\/uploads\\\/2022\\\/06\\\/7F0E2F80-E078-499E-A5C2-9EFA667A812C.jpeg\",\"datePublished\":\"2022-06-29T19:32:46+00:00\",\"dateModified\":\"2022-06-29T19:32:51+00:00\",\"author\":{\"@id\":\"https:\\\/\\\/quehacerpolitico.mx\\\/#\\\/schema\\\/person\\\/496d8ad2d1d3f8036101dca7ee39e585\"},\"breadcrumb\":{\"@id\":\"https:\\\/\\\/quehacerpolitico.mx\\\/?p=93345#breadcrumb\"},\"inLanguage\":\"es\",\"potentialAction\":[{\"@type\":\"ReadAction\",\"target\":[\"https:\\\/\\\/quehacerpolitico.mx\\\/?p=93345\"]}]},{\"@type\":\"ImageObject\",\"inLanguage\":\"es\",\"@id\":\"https:\\\/\\\/quehacerpolitico.mx\\\/?p=93345#primaryimage\",\"url\":\"https:\\\/\\\/quehacerpolitico.mx\\\/wp-content\\\/uploads\\\/2022\\\/06\\\/7F0E2F80-E078-499E-A5C2-9EFA667A812C.jpeg\",\"contentUrl\":\"https:\\\/\\\/quehacerpolitico.mx\\\/wp-content\\\/uploads\\\/2022\\\/06\\\/7F0E2F80-E078-499E-A5C2-9EFA667A812C.jpeg\",\"width\":2048,\"height\":1175},{\"@type\":\"BreadcrumbList\",\"@id\":\"https:\\\/\\\/quehacerpolitico.mx\\\/?p=93345#breadcrumb\",\"itemListElement\":[{\"@type\":\"ListItem\",\"position\":1,\"name\":\"Inicio\",\"item\":\"https:\\\/\\\/quehacerpolitico.mx\\\/\"},{\"@type\":\"ListItem\",\"position\":2,\"name\":\"CIEN Grupo Inmobiliario coloca la primera piedra de su Plaza Multicomercial Queretaro\"}]},{\"@type\":\"WebSite\",\"@id\":\"https:\\\/\\\/quehacerpolitico.mx\\\/#website\",\"url\":\"https:\\\/\\\/quehacerpolitico.mx\\\/\",\"name\":\"\",\"description\":\"\",\"potentialAction\":[{\"@type\":\"SearchAction\",\"target\":{\"@type\":\"EntryPoint\",\"urlTemplate\":\"https:\\\/\\\/quehacerpolitico.mx\\\/?s={search_term_string}\"},\"query-input\":{\"@type\":\"PropertyValueSpecification\",\"valueRequired\":true,\"valueName\":\"search_term_string\"}}],\"inLanguage\":\"es\"},{\"@type\":\"Person\",\"@id\":\"https:\\\/\\\/quehacerpolitico.mx\\\/#\\\/schema\\\/person\\\/496d8ad2d1d3f8036101dca7ee39e585\",\"name\":\"Redacci\u00f3n QP\",\"image\":{\"@type\":\"ImageObject\",\"inLanguage\":\"es\",\"@id\":\"https:\\\/\\\/secure.gravatar.com\\\/avatar\\\/c7164ed6fdec453195284ad24a5ae5b6e1eed2b848477fa2a4787ba9adf39a41?s=96&d=mm&r=g\",\"url\":\"https:\\\/\\\/secure.gravatar.com\\\/avatar\\\/c7164ed6fdec453195284ad24a5ae5b6e1eed2b848477fa2a4787ba9adf39a41?s=96&d=mm&r=g\",\"contentUrl\":\"https:\\\/\\\/secure.gravatar.com\\\/avatar\\\/c7164ed6fdec453195284ad24a5ae5b6e1eed2b848477fa2a4787ba9adf39a41?s=96&d=mm&r=g\",\"caption\":\"Redacci\u00f3n QP\"},\"url\":\"https:\\\/\\\/quehacerpolitico.mx\\\/?author=2\"}]}<\/script>\n<!-- \/ Yoast SEO plugin. -->","yoast_head_json":{"title":"CIEN Grupo Inmobiliario coloca la primera piedra de su Plaza Multicomercial Queretaro -","robots":{"index":"index","follow":"follow","max-snippet":"max-snippet:-1","max-image-preview":"max-image-preview:large","max-video-preview":"max-video-preview:-1"},"canonical":"https:\/\/quehacerpolitico.mx\/?p=93345","og_locale":"es_MX","og_type":"article","og_title":"CIEN Grupo Inmobiliario coloca la primera piedra de su Plaza Multicomercial Queretaro -","og_description":"Por Redacci\u00f3n NotiExpress | La Revista del Sector Inmobiliario Con una inversi\u00f3n de 850 millones...","og_url":"https:\/\/quehacerpolitico.mx\/?p=93345","article_published_time":"2022-06-29T19:32:46+00:00","article_modified_time":"2022-06-29T19:32:51+00:00","og_image":[{"width":2048,"height":1175,"url":"https:\/\/quehacerpolitico.mx\/wp-content\/uploads\/2022\/06\/7F0E2F80-E078-499E-A5C2-9EFA667A812C.jpeg","type":"image\/jpeg"}],"author":"Redacci\u00f3n QP","twitter_card":"summary_large_image","twitter_misc":{"Escrito por":"Redacci\u00f3n QP","Tiempo de lectura":"2 minutos"},"schema":{"@context":"https:\/\/schema.org","@graph":[{"@type":"Article","@id":"https:\/\/quehacerpolitico.mx\/?p=93345#article","isPartOf":{"@id":"https:\/\/quehacerpolitico.mx\/?p=93345"},"author":{"name":"Redacci\u00f3n QP","@id":"https:\/\/quehacerpolitico.mx\/#\/schema\/person\/496d8ad2d1d3f8036101dca7ee39e585"},"headline":"CIEN Grupo Inmobiliario coloca la primera piedra de su Plaza Multicomercial Queretaro","datePublished":"2022-06-29T19:32:46+00:00","dateModified":"2022-06-29T19:32:51+00:00","mainEntityOfPage":{"@id":"https:\/\/quehacerpolitico.mx\/?p=93345"},"wordCount":485,"commentCount":0,"image":{"@id":"https:\/\/quehacerpolitico.mx\/?p=93345#primaryimage"},"thumbnailUrl":"https:\/\/quehacerpolitico.mx\/wp-content\/uploads\/2022\/06\/7F0E2F80-E078-499E-A5C2-9EFA667A812C.jpeg","articleSection":["Econom\u00eda"],"inLanguage":"es","potentialAction":[{"@type":"CommentAction","name":"Comment","target":["https:\/\/quehacerpolitico.mx\/?p=93345#respond"]}]},{"@type":"WebPage","@id":"https:\/\/quehacerpolitico.mx\/?p=93345","url":"https:\/\/quehacerpolitico.mx\/?p=93345","name":"CIEN Grupo Inmobiliario coloca la primera piedra de su Plaza Multicomercial Queretaro -","isPartOf":{"@id":"https:\/\/quehacerpolitico.mx\/#website"},"primaryImageOfPage":{"@id":"https:\/\/quehacerpolitico.mx\/?p=93345#primaryimage"},"image":{"@id":"https:\/\/quehacerpolitico.mx\/?p=93345#primaryimage"},"thumbnailUrl":"https:\/\/quehacerpolitico.mx\/wp-content\/uploads\/2022\/06\/7F0E2F80-E078-499E-A5C2-9EFA667A812C.jpeg","datePublished":"2022-06-29T19:32:46+00:00","dateModified":"2022-06-29T19:32:51+00:00","author":{"@id":"https:\/\/quehacerpolitico.mx\/#\/schema\/person\/496d8ad2d1d3f8036101dca7ee39e585"},"breadcrumb":{"@id":"https:\/\/quehacerpolitico.mx\/?p=93345#breadcrumb"},"inLanguage":"es","potentialAction":[{"@type":"ReadAction","target":["https:\/\/quehacerpolitico.mx\/?p=93345"]}]},{"@type":"ImageObject","inLanguage":"es","@id":"https:\/\/quehacerpolitico.mx\/?p=93345#primaryimage","url":"https:\/\/quehacerpolitico.mx\/wp-content\/uploads\/2022\/06\/7F0E2F80-E078-499E-A5C2-9EFA667A812C.jpeg","contentUrl":"https:\/\/quehacerpolitico.mx\/wp-content\/uploads\/2022\/06\/7F0E2F80-E078-499E-A5C2-9EFA667A812C.jpeg","width":2048,"height":1175},{"@type":"BreadcrumbList","@id":"https:\/\/quehacerpolitico.mx\/?p=93345#breadcrumb","itemListElement":[{"@type":"ListItem","position":1,"name":"Inicio","item":"https:\/\/quehacerpolitico.mx\/"},{"@type":"ListItem","position":2,"name":"CIEN Grupo Inmobiliario coloca la primera piedra de su Plaza Multicomercial Queretaro"}]},{"@type":"WebSite","@id":"https:\/\/quehacerpolitico.mx\/#website","url":"https:\/\/quehacerpolitico.mx\/","name":"","description":"","potentialAction":[{"@type":"SearchAction","target":{"@type":"EntryPoint","urlTemplate":"https:\/\/quehacerpolitico.mx\/?s={search_term_string}"},"query-input":{"@type":"PropertyValueSpecification","valueRequired":true,"valueName":"search_term_string"}}],"inLanguage":"es"},{"@type":"Person","@id":"https:\/\/quehacerpolitico.mx\/#\/schema\/person\/496d8ad2d1d3f8036101dca7ee39e585","name":"Redacci\u00f3n QP","image":{"@type":"ImageObject","inLanguage":"es","@id":"https:\/\/secure.gravatar.com\/avatar\/c7164ed6fdec453195284ad24a5ae5b6e1eed2b848477fa2a4787ba9adf39a41?s=96&d=mm&r=g","url":"https:\/\/secure.gravatar.com\/avatar\/c7164ed6fdec453195284ad24a5ae5b6e1eed2b848477fa2a4787ba9adf39a41?s=96&d=mm&r=g","contentUrl":"https:\/\/secure.gravatar.com\/avatar\/c7164ed6fdec453195284ad24a5ae5b6e1eed2b848477fa2a4787ba9adf39a41?s=96&d=mm&r=g","caption":"Redacci\u00f3n QP"},"url":"https:\/\/quehacerpolitico.mx\/?author=2"}]}},"featured_image_urls":{"full":["https:\/\/quehacerpolitico.mx\/wp-content\/uploads\/2022\/06\/7F0E2F80-E078-499E-A5C2-9EFA667A812C.jpeg",2048,1175,false],"thumbnail":["https:\/\/quehacerpolitico.mx\/wp-content\/uploads\/2022\/06\/7F0E2F80-E078-499E-A5C2-9EFA667A812C-150x150.jpeg",150,150,true],"medium":["https:\/\/quehacerpolitico.mx\/wp-content\/uploads\/2022\/06\/7F0E2F80-E078-499E-A5C2-9EFA667A812C-300x172.jpeg",300,172,true],"medium_large":["https:\/\/quehacerpolitico.mx\/wp-content\/uploads\/2022\/06\/7F0E2F80-E078-499E-A5C2-9EFA667A812C-768x441.jpeg",640,368,true],"large":["https:\/\/quehacerpolitico.mx\/wp-content\/uploads\/2022\/06\/7F0E2F80-E078-499E-A5C2-9EFA667A812C-1024x588.jpeg",640,368,true],"1536x1536":["https:\/\/quehacerpolitico.mx\/wp-content\/uploads\/2022\/06\/7F0E2F80-E078-499E-A5C2-9EFA667A812C-1536x881.jpeg",1536,881,true],"2048x2048":["https:\/\/quehacerpolitico.mx\/wp-content\/uploads\/2022\/06\/7F0E2F80-E078-499E-A5C2-9EFA667A812C.jpeg",2048,1175,false],"covernews-featured":["https:\/\/quehacerpolitico.mx\/wp-content\/uploads\/2022\/06\/7F0E2F80-E078-499E-A5C2-9EFA667A812C.jpeg",1024,588,false],"covernews-medium":["https:\/\/quehacerpolitico.mx\/wp-content\/uploads\/2022\/06\/7F0E2F80-E078-499E-A5C2-9EFA667A812C.jpeg",540,310,false]},"author_info":{"display_name":"Redacci\u00f3n QP","author_link":"https:\/\/quehacerpolitico.mx\/?author=2"},"category_info":"<a href=\"https:\/\/quehacerpolitico.mx\/?cat=56\" rel=\"category\">Econom\u00eda<\/a>","tag_info":"Econom\u00eda","comment_count":"0","_links":{"self":[{"href":"https:\/\/quehacerpolitico.mx\/index.php?rest_route=\/wp\/v2\/posts\/93345","targetHints":{"allow":["GET"]}}],"collection":[{"href":"https:\/\/quehacerpolitico.mx\/index.php?rest_route=\/wp\/v2\/posts"}],"about":[{"href":"https:\/\/quehacerpolitico.mx\/index.php?rest_route=\/wp\/v2\/types\/post"}],"author":[{"embeddable":true,"href":"https:\/\/quehacerpolitico.mx\/index.php?rest_route=\/wp\/v2\/users\/2"}],"replies":[{"embeddable":true,"href":"https:\/\/quehacerpolitico.mx\/index.php?rest_route=%2Fwp%2Fv2%2Fcomments&post=93345"}],"version-history":[{"count":1,"href":"https:\/\/quehacerpolitico.mx\/index.php?rest_route=\/wp\/v2\/posts\/93345\/revisions"}],"predecessor-version":[{"id":93349,"href":"https:\/\/quehacerpolitico.mx\/index.php?rest_route=\/wp\/v2\/posts\/93345\/revisions\/93349"}],"wp:featuredmedia":[{"embeddable":true,"href":"https:\/\/quehacerpolitico.mx\/index.php?rest_route=\/wp\/v2\/media\/93348"}],"wp:attachment":[{"href":"https:\/\/quehacerpolitico.mx\/index.php?rest_route=%2Fwp%2Fv2%2Fmedia&parent=93345"}],"wp:term":[{"taxonomy":"category","embeddable":true,"href":"https:\/\/quehacerpolitico.mx\/index.php?rest_route=%2Fwp%2Fv2%2Fcategories&post=93345"},{"taxonomy":"post_tag","embeddable":true,"href":"https:\/\/quehacerpolitico.mx\/index.php?rest_route=%2Fwp%2Fv2%2Ftags&post=93345"}],"curies":[{"name":"wp","href":"https:\/\/api.w.org\/{rel}","templated":true}]}}