{"id":9334,"date":"2018-11-15T04:55:04","date_gmt":"2018-11-15T04:55:04","guid":{"rendered":"http:\/\/quehacerpolitico.mx\/cuatro-sujetos-que-yunes-linares-ligo-con-el-homicidio-de-valeria-fueron-liberados-en-veracruz\/"},"modified":"2018-11-15T04:55:04","modified_gmt":"2018-11-15T04:55:04","slug":"cuatro-sujetos-que-yunes-linares-ligo-con-el-homicidio-de-valeria-fueron-liberados-en-veracruz","status":"publish","type":"post","link":"https:\/\/quehacerpolitico.mx\/?p=9334","title":{"rendered":"Cuatro sujetos que Yunes Linares lig\u00f3 con el homicidio de Valeria fueron liberados en Veracruz"},"content":{"rendered":"<h1>Cuatro sujetos que Yunes Linares lig\u00f3 con el homicidio de Valeria fueron liberados en Veracruz<\/h1>\n<p>Por Redacci\u00f3n QP<\/p>\n<p>Cuatro personas que Miguel \u00c1ngel Yunes Linares, Gobernador de Veracruz, se\u00f1al\u00f3 como probables implicados en el homicidio de\u00a0<strong>Valeria Cruz Medel<\/strong>, hija de la Diputada\u00a0<strong>Carmen Medel<\/strong>, fueron liberadas.<\/p>\n<p>Los cuatro detenidos el 8 de noviembre no enfrentaban un proceso por la probable comisi\u00f3n del delito de homicidio en agravio de una joven estudiante, indic\u00f3 la Fiscal\u00eda. Pero as\u00ed los relacion\u00f3 Yunes hace tres d\u00edas:<\/p>\n<blockquote>\n<p>\u201cHemos detenido hasta el momento a\u00a0<strong>cinco personas<\/strong>\u00a0que podr\u00edan estar vinculadas con este crimen\u201d. Los nombres de los cuatro son Jes\u00fas del Carmen \u201cN\u201d, Jos\u00e9 Enrique \u201cN\u201d, Guillermo \u201cN\u201d y Luis \u00c1ngel \u201cN\u201d.<\/p>\n<p>\u201cEn principio se les ha puesto a disposici\u00f3n de la autoridad judicial por otros delitos, pero es muy probable que podr\u00edan formar parte de la c\u00e9lula que habr\u00eda participado en este terrible crimen\u201d, se\u00f1al\u00f3 Linares.<\/p>\n<p>La Fiscal\u00eda indic\u00f3 esta tarde que los sujetos fueron detenidos por su probable participaci\u00f3n en delitos contra la seguridad de tr\u00e1nsito de veh\u00edculos, al hab\u00e9rseles detenido en flagrancia, portando armas de fuego y en posesi\u00f3n de veh\u00edculo alterado en el momento de su intervenci\u00f3n.<\/p>\n<p>La autoridad detall\u00f3 que solicit\u00f3 al Juez de Control la imposici\u00f3n de la medida cautelar de prisi\u00f3n preventiva justificada, tomando en cuenta su grado de peligrosidad, as\u00ed como las circunstancias en las que fueron detenidos, sin embargo, el Juez de Control determin\u00f3 imponer las medidas cautelares de presentaci\u00f3n peri\u00f3dica ante el Juzgado y dep\u00f3sito de garant\u00edas econ\u00f3micas.<\/p>\n<p><strong>El 8 de noviembre, Yunes Linares\u00a0<\/strong>asegur\u00f3 que el presunto autor material del asesinato de\u00a0<strong>Valeria Cruz Medel<\/strong>, hija de la Diputada federal<strong>\u00a0Carmen Medel, fue hallado muerto en una camioneta.\u00a0<\/strong><\/p>\n<blockquote>\n<p class=\"p1\"><span class=\"s1\">\u201cHoy es un d\u00eda triste para Veracruz. Fue asesinada una joven dedicada al estudio y al deporte. Nada justifica un crimen. Reitero nuestro sentido p\u00e9same a la familia de la Diputada.\u00a0<\/span><\/p>\n<\/blockquote>\n<p class=\"p1\"><span class=\"s1\">\u201cA las 4 de la tarde, con 12 minutos, recibimos una denuncia ciudadana que nos ayud\u00f3 a saber que los autores se trasladaban en una camioneta Mazda. Este fue un dato relevante.\u00a0<\/span><span class=\"s1\">Pudimos obtener un retrato hablado del presunto autor material del crimen\u201d, dijo Linares y mostr\u00f3 el rostro y despu\u00e9s unas fotograf\u00edas de un sujeto identificado como\u00a0\u201cEl Richy\u201d.\u00a0<\/span><\/p>\n<div id=\"attachment_3495499\" class=\"wp-caption alignnone\"><img loading=\"lazy\" decoding=\"async\" class=\"wp-image-3495499 size-full\" src=\"https:\/\/www.sinembargo.mx\/wp-content\/uploads\/2018\/11\/driiafjv4ae7q9j-1.jpg\" sizes=\"auto, (max-width: 700px) 100vw, 700px\" srcset=\"https:\/\/www.sinembargo.mx\/wp-content\/uploads\/2018\/11\/driiafjv4ae7q9j-1.jpg 700w, https:\/\/www.sinembargo.mx\/wp-content\/uploads\/2018\/11\/driiafjv4ae7q9j-1-300x158.jpg 300w\" alt=\"\" width=\"700\" height=\"368\" \/><\/p>\n<p class=\"wp-caption-text\">El retrato hablado. Imagen especial.<\/p>\n<\/div>\n<div id=\"attachment_3495500\" class=\"wp-caption alignnone\"><img loading=\"lazy\" decoding=\"async\" class=\"wp-image-3495500 size-full\" src=\"https:\/\/www.sinembargo.mx\/wp-content\/uploads\/2018\/11\/captura-de-pantalla-2018-11-08-a-las-22-25-59.png\" sizes=\"auto, (max-width: 700px) 100vw, 700px\" srcset=\"https:\/\/www.sinembargo.mx\/wp-content\/uploads\/2018\/11\/captura-de-pantalla-2018-11-08-a-las-22-25-59.png 700w, https:\/\/www.sinembargo.mx\/wp-content\/uploads\/2018\/11\/captura-de-pantalla-2018-11-08-a-las-22-25-59-300x132.png 300w\" alt=\"\" width=\"700\" height=\"308\" \/><\/p>\n<p class=\"wp-caption-text\">El presunto asesino. Foto: Especial.<\/p>\n<\/div>\n<p><span class=\"s1\">Yunes sigui\u00f3 con el relato: \u201c<\/span>Al continuar la investigaci\u00f3n pudimos detener a dos individuos. Ellos proporcionaron informaci\u00f3n para identificar plenamente a \u2018El Ricky\u2019 [\u2026] Al filo de las 9 de la noche encontramos la camioneta con una persona asesinada en su interior. Era \u2018El Richy\u2019<span class=\"s1\">\u201d, se\u00f1al\u00f3.\u00a0<\/span><\/p>\n<p>Yunes Linares dijo que Valeria Cruz Medel habr\u00eda sido confundida con otra mujer que se dedica a actividades delictivas en la zona.\u00a0<span class=\"s1\">\u201c<\/span>La mujer iba al mismo gimnasio. La mujer habr\u00eda estado en el lugar antes del crimen<span class=\"s1\">\u201d, detall\u00f3 el mandatario en conferencia de prensa<\/span>.<\/p>\n<p>Tambi\u00e9n fueron presentadas im\u00e1genes de la camioneta y del hombre que fue hallado sin vida en el interior:<\/p>\n<div id=\"attachment_3495505\" class=\"wp-caption alignnone\"><img loading=\"lazy\" decoding=\"async\" class=\"wp-image-3495505 size-full\" src=\"https:\/\/www.sinembargo.mx\/wp-content\/uploads\/2018\/11\/captura-de-pantalla-2018-11-08-a-las-22-32-43.png\" sizes=\"auto, (max-width: 700px) 100vw, 700px\" srcset=\"https:\/\/www.sinembargo.mx\/wp-content\/uploads\/2018\/11\/captura-de-pantalla-2018-11-08-a-las-22-32-43.png 700w, https:\/\/www.sinembargo.mx\/wp-content\/uploads\/2018\/11\/captura-de-pantalla-2018-11-08-a-las-22-32-43-300x160.png 300w\" alt=\"\" width=\"700\" height=\"373\" \/><\/p>\n<p class=\"wp-caption-text\">Camioneta en la que se trasladaron los agresores. Foto: Especial.<\/p>\n<\/div>\n<div id=\"attachment_3495507\" class=\"wp-caption alignnone\"><img loading=\"lazy\" decoding=\"async\" class=\"wp-image-3495507 size-full\" src=\"https:\/\/www.sinembargo.mx\/wp-content\/uploads\/2018\/11\/captura-de-pantalla-2018-11-08-a-las-22-32-57.png\" sizes=\"auto, (max-width: 700px) 100vw, 700px\" srcset=\"https:\/\/www.sinembargo.mx\/wp-content\/uploads\/2018\/11\/captura-de-pantalla-2018-11-08-a-las-22-32-57.png 700w, https:\/\/www.sinembargo.mx\/wp-content\/uploads\/2018\/11\/captura-de-pantalla-2018-11-08-a-las-22-32-57-300x174.png 300w\" alt=\"\" width=\"700\" height=\"406\" \/><\/p>\n<p class=\"wp-caption-text\">Camioneta en la que se trasladaron los agresores. Foto: Especial.<\/p>\n<\/div>\n<div id=\"attachment_3495510\" class=\"wp-caption alignnone\"><img loading=\"lazy\" decoding=\"async\" class=\"wp-image-3495510 size-full\" src=\"https:\/\/www.sinembargo.mx\/wp-content\/uploads\/2018\/11\/capturadepantalla2018-11-08alas22-32-50.jpg\" sizes=\"auto, (max-width: 700px) 100vw, 700px\" srcset=\"https:\/\/www.sinembargo.mx\/wp-content\/uploads\/2018\/11\/capturadepantalla2018-11-08alas22-32-50.jpg 700w, https:\/\/www.sinembargo.mx\/wp-content\/uploads\/2018\/11\/capturadepantalla2018-11-08alas22-32-50-300x148.jpg 300w\" alt=\"\" width=\"700\" height=\"345\" \/><\/p>\n<p class=\"wp-caption-text\">El cuerpo hallado en la camioneta. Foto: Especial.<\/p>\n<\/div>\n<p><strong>Valeria Cruz Medel <\/strong>estudiaba en la Facultad de Medicina. Se encontraba haciendo ejercicio en un gimnasio en Ciudad Mendoza, Veracruz, cuando la mataron.<\/p>\n<p>Medios locales y nacionales informaron que un sujeto se meti\u00f3 al recinto, dispar\u00f3 nueve veces contra la joven y escap\u00f3. Valeria s\u00f3lo ten\u00eda 22 a\u00f1os.<\/p>\n<\/blockquote>\n","protected":false},"excerpt":{"rendered":"<p>Cuatro sujetos que Yunes Linares lig\u00f3 con el homicidio de Valeria fueron liberados en Veracruz<br \/>\nPor Redacci\u00f3n QP<\/p>\n","protected":false},"author":2,"featured_media":9333,"comment_status":"open","ping_status":"open","sticky":false,"template":"","format":"standard","meta":{"_monsterinsights_skip_tracking":false,"_monsterinsights_sitenote_active":false,"_monsterinsights_sitenote_note":"","_monsterinsights_sitenote_category":0,"footnotes":""},"categories":[2],"tags":[],"class_list":["post-9334","post","type-post","status-publish","format-standard","has-post-thumbnail","hentry","category-noticias"],"yoast_head":"<!-- This site is optimized with the Yoast SEO plugin v27.3 - https:\/\/yoast.com\/product\/yoast-seo-wordpress\/ -->\n<title>Cuatro sujetos que Yunes Linares lig\u00f3 con el homicidio de Valeria fueron liberados en Veracruz -<\/title>\n<meta name=\"robots\" content=\"index, follow, max-snippet:-1, max-image-preview:large, max-video-preview:-1\" \/>\n<link rel=\"canonical\" href=\"https:\/\/quehacerpolitico.mx\/?p=9334\" \/>\n<meta property=\"og:locale\" content=\"es_MX\" \/>\n<meta property=\"og:type\" content=\"article\" \/>\n<meta property=\"og:title\" content=\"Cuatro sujetos que Yunes Linares lig\u00f3 con el homicidio de Valeria fueron liberados en Veracruz -\" \/>\n<meta property=\"og:description\" content=\"Cuatro sujetos que Yunes Linares lig\u00f3 con el homicidio de Valeria fueron liberados en Veracruz Por Redacci\u00f3n QP\" \/>\n<meta property=\"og:url\" content=\"https:\/\/quehacerpolitico.mx\/?p=9334\" \/>\n<meta property=\"article:published_time\" content=\"2018-11-15T04:55:04+00:00\" \/>\n<meta name=\"author\" content=\"Redacci\u00f3n QP\" \/>\n<meta name=\"twitter:card\" content=\"summary_large_image\" \/>\n<meta name=\"twitter:label1\" content=\"Escrito por\" \/>\n\t<meta name=\"twitter:data1\" content=\"Redacci\u00f3n QP\" \/>\n\t<meta name=\"twitter:label2\" content=\"Tiempo de lectura\" \/>\n\t<meta name=\"twitter:data2\" content=\"3 minutos\" \/>\n<script type=\"application\/ld+json\" class=\"yoast-schema-graph\">{\"@context\":\"https:\\\/\\\/schema.org\",\"@graph\":[{\"@type\":\"Article\",\"@id\":\"https:\\\/\\\/quehacerpolitico.mx\\\/?p=9334#article\",\"isPartOf\":{\"@id\":\"https:\\\/\\\/quehacerpolitico.mx\\\/?p=9334\"},\"author\":{\"name\":\"Redacci\u00f3n QP\",\"@id\":\"https:\\\/\\\/quehacerpolitico.mx\\\/#\\\/schema\\\/person\\\/496d8ad2d1d3f8036101dca7ee39e585\"},\"headline\":\"Cuatro sujetos que Yunes Linares lig\u00f3 con el homicidio de Valeria fueron liberados en Veracruz\",\"datePublished\":\"2018-11-15T04:55:04+00:00\",\"mainEntityOfPage\":{\"@id\":\"https:\\\/\\\/quehacerpolitico.mx\\\/?p=9334\"},\"wordCount\":619,\"commentCount\":0,\"image\":{\"@id\":\"https:\\\/\\\/quehacerpolitico.mx\\\/?p=9334#primaryimage\"},\"thumbnailUrl\":\"\",\"articleSection\":[\"Noticias\"],\"inLanguage\":\"es\",\"potentialAction\":[{\"@type\":\"CommentAction\",\"name\":\"Comment\",\"target\":[\"https:\\\/\\\/quehacerpolitico.mx\\\/?p=9334#respond\"]}]},{\"@type\":\"WebPage\",\"@id\":\"https:\\\/\\\/quehacerpolitico.mx\\\/?p=9334\",\"url\":\"https:\\\/\\\/quehacerpolitico.mx\\\/?p=9334\",\"name\":\"Cuatro sujetos que Yunes Linares lig\u00f3 con el homicidio de Valeria fueron liberados en Veracruz -\",\"isPartOf\":{\"@id\":\"https:\\\/\\\/quehacerpolitico.mx\\\/#website\"},\"primaryImageOfPage\":{\"@id\":\"https:\\\/\\\/quehacerpolitico.mx\\\/?p=9334#primaryimage\"},\"image\":{\"@id\":\"https:\\\/\\\/quehacerpolitico.mx\\\/?p=9334#primaryimage\"},\"thumbnailUrl\":\"\",\"datePublished\":\"2018-11-15T04:55:04+00:00\",\"author\":{\"@id\":\"https:\\\/\\\/quehacerpolitico.mx\\\/#\\\/schema\\\/person\\\/496d8ad2d1d3f8036101dca7ee39e585\"},\"breadcrumb\":{\"@id\":\"https:\\\/\\\/quehacerpolitico.mx\\\/?p=9334#breadcrumb\"},\"inLanguage\":\"es\",\"potentialAction\":[{\"@type\":\"ReadAction\",\"target\":[\"https:\\\/\\\/quehacerpolitico.mx\\\/?p=9334\"]}]},{\"@type\":\"ImageObject\",\"inLanguage\":\"es\",\"@id\":\"https:\\\/\\\/quehacerpolitico.mx\\\/?p=9334#primaryimage\",\"url\":\"\",\"contentUrl\":\"\"},{\"@type\":\"BreadcrumbList\",\"@id\":\"https:\\\/\\\/quehacerpolitico.mx\\\/?p=9334#breadcrumb\",\"itemListElement\":[{\"@type\":\"ListItem\",\"position\":1,\"name\":\"Inicio\",\"item\":\"https:\\\/\\\/quehacerpolitico.mx\\\/\"},{\"@type\":\"ListItem\",\"position\":2,\"name\":\"Cuatro sujetos que Yunes Linares lig\u00f3 con el homicidio de Valeria fueron liberados en Veracruz\"}]},{\"@type\":\"WebSite\",\"@id\":\"https:\\\/\\\/quehacerpolitico.mx\\\/#website\",\"url\":\"https:\\\/\\\/quehacerpolitico.mx\\\/\",\"name\":\"\",\"description\":\"\",\"potentialAction\":[{\"@type\":\"SearchAction\",\"target\":{\"@type\":\"EntryPoint\",\"urlTemplate\":\"https:\\\/\\\/quehacerpolitico.mx\\\/?s={search_term_string}\"},\"query-input\":{\"@type\":\"PropertyValueSpecification\",\"valueRequired\":true,\"valueName\":\"search_term_string\"}}],\"inLanguage\":\"es\"},{\"@type\":\"Person\",\"@id\":\"https:\\\/\\\/quehacerpolitico.mx\\\/#\\\/schema\\\/person\\\/496d8ad2d1d3f8036101dca7ee39e585\",\"name\":\"Redacci\u00f3n QP\",\"image\":{\"@type\":\"ImageObject\",\"inLanguage\":\"es\",\"@id\":\"https:\\\/\\\/secure.gravatar.com\\\/avatar\\\/c7164ed6fdec453195284ad24a5ae5b6e1eed2b848477fa2a4787ba9adf39a41?s=96&d=mm&r=g\",\"url\":\"https:\\\/\\\/secure.gravatar.com\\\/avatar\\\/c7164ed6fdec453195284ad24a5ae5b6e1eed2b848477fa2a4787ba9adf39a41?s=96&d=mm&r=g\",\"contentUrl\":\"https:\\\/\\\/secure.gravatar.com\\\/avatar\\\/c7164ed6fdec453195284ad24a5ae5b6e1eed2b848477fa2a4787ba9adf39a41?s=96&d=mm&r=g\",\"caption\":\"Redacci\u00f3n QP\"},\"url\":\"https:\\\/\\\/quehacerpolitico.mx\\\/?author=2\"}]}<\/script>\n<!-- \/ Yoast SEO plugin. -->","yoast_head_json":{"title":"Cuatro sujetos que Yunes Linares lig\u00f3 con el homicidio de Valeria fueron liberados en Veracruz -","robots":{"index":"index","follow":"follow","max-snippet":"max-snippet:-1","max-image-preview":"max-image-preview:large","max-video-preview":"max-video-preview:-1"},"canonical":"https:\/\/quehacerpolitico.mx\/?p=9334","og_locale":"es_MX","og_type":"article","og_title":"Cuatro sujetos que Yunes Linares lig\u00f3 con el homicidio de Valeria fueron liberados en Veracruz -","og_description":"Cuatro sujetos que Yunes Linares lig\u00f3 con el homicidio de Valeria fueron liberados en Veracruz Por Redacci\u00f3n QP","og_url":"https:\/\/quehacerpolitico.mx\/?p=9334","article_published_time":"2018-11-15T04:55:04+00:00","author":"Redacci\u00f3n QP","twitter_card":"summary_large_image","twitter_misc":{"Escrito por":"Redacci\u00f3n QP","Tiempo de lectura":"3 minutos"},"schema":{"@context":"https:\/\/schema.org","@graph":[{"@type":"Article","@id":"https:\/\/quehacerpolitico.mx\/?p=9334#article","isPartOf":{"@id":"https:\/\/quehacerpolitico.mx\/?p=9334"},"author":{"name":"Redacci\u00f3n QP","@id":"https:\/\/quehacerpolitico.mx\/#\/schema\/person\/496d8ad2d1d3f8036101dca7ee39e585"},"headline":"Cuatro sujetos que Yunes Linares lig\u00f3 con el homicidio de Valeria fueron liberados en Veracruz","datePublished":"2018-11-15T04:55:04+00:00","mainEntityOfPage":{"@id":"https:\/\/quehacerpolitico.mx\/?p=9334"},"wordCount":619,"commentCount":0,"image":{"@id":"https:\/\/quehacerpolitico.mx\/?p=9334#primaryimage"},"thumbnailUrl":"","articleSection":["Noticias"],"inLanguage":"es","potentialAction":[{"@type":"CommentAction","name":"Comment","target":["https:\/\/quehacerpolitico.mx\/?p=9334#respond"]}]},{"@type":"WebPage","@id":"https:\/\/quehacerpolitico.mx\/?p=9334","url":"https:\/\/quehacerpolitico.mx\/?p=9334","name":"Cuatro sujetos que Yunes Linares lig\u00f3 con el homicidio de Valeria fueron liberados en Veracruz -","isPartOf":{"@id":"https:\/\/quehacerpolitico.mx\/#website"},"primaryImageOfPage":{"@id":"https:\/\/quehacerpolitico.mx\/?p=9334#primaryimage"},"image":{"@id":"https:\/\/quehacerpolitico.mx\/?p=9334#primaryimage"},"thumbnailUrl":"","datePublished":"2018-11-15T04:55:04+00:00","author":{"@id":"https:\/\/quehacerpolitico.mx\/#\/schema\/person\/496d8ad2d1d3f8036101dca7ee39e585"},"breadcrumb":{"@id":"https:\/\/quehacerpolitico.mx\/?p=9334#breadcrumb"},"inLanguage":"es","potentialAction":[{"@type":"ReadAction","target":["https:\/\/quehacerpolitico.mx\/?p=9334"]}]},{"@type":"ImageObject","inLanguage":"es","@id":"https:\/\/quehacerpolitico.mx\/?p=9334#primaryimage","url":"","contentUrl":""},{"@type":"BreadcrumbList","@id":"https:\/\/quehacerpolitico.mx\/?p=9334#breadcrumb","itemListElement":[{"@type":"ListItem","position":1,"name":"Inicio","item":"https:\/\/quehacerpolitico.mx\/"},{"@type":"ListItem","position":2,"name":"Cuatro sujetos que Yunes Linares lig\u00f3 con el homicidio de Valeria fueron liberados en Veracruz"}]},{"@type":"WebSite","@id":"https:\/\/quehacerpolitico.mx\/#website","url":"https:\/\/quehacerpolitico.mx\/","name":"","description":"","potentialAction":[{"@type":"SearchAction","target":{"@type":"EntryPoint","urlTemplate":"https:\/\/quehacerpolitico.mx\/?s={search_term_string}"},"query-input":{"@type":"PropertyValueSpecification","valueRequired":true,"valueName":"search_term_string"}}],"inLanguage":"es"},{"@type":"Person","@id":"https:\/\/quehacerpolitico.mx\/#\/schema\/person\/496d8ad2d1d3f8036101dca7ee39e585","name":"Redacci\u00f3n QP","image":{"@type":"ImageObject","inLanguage":"es","@id":"https:\/\/secure.gravatar.com\/avatar\/c7164ed6fdec453195284ad24a5ae5b6e1eed2b848477fa2a4787ba9adf39a41?s=96&d=mm&r=g","url":"https:\/\/secure.gravatar.com\/avatar\/c7164ed6fdec453195284ad24a5ae5b6e1eed2b848477fa2a4787ba9adf39a41?s=96&d=mm&r=g","contentUrl":"https:\/\/secure.gravatar.com\/avatar\/c7164ed6fdec453195284ad24a5ae5b6e1eed2b848477fa2a4787ba9adf39a41?s=96&d=mm&r=g","caption":"Redacci\u00f3n QP"},"url":"https:\/\/quehacerpolitico.mx\/?author=2"}]}},"featured_image_urls":{"full":"","thumbnail":"","medium":"","medium_large":"","large":"","1536x1536":"","2048x2048":"","covernews-featured":"","covernews-medium":""},"author_info":{"display_name":"Redacci\u00f3n QP","author_link":"https:\/\/quehacerpolitico.mx\/?author=2"},"category_info":"<a href=\"https:\/\/quehacerpolitico.mx\/?cat=2\" rel=\"category\">Noticias<\/a>","tag_info":"Noticias","comment_count":"0","_links":{"self":[{"href":"https:\/\/quehacerpolitico.mx\/index.php?rest_route=\/wp\/v2\/posts\/9334","targetHints":{"allow":["GET"]}}],"collection":[{"href":"https:\/\/quehacerpolitico.mx\/index.php?rest_route=\/wp\/v2\/posts"}],"about":[{"href":"https:\/\/quehacerpolitico.mx\/index.php?rest_route=\/wp\/v2\/types\/post"}],"author":[{"embeddable":true,"href":"https:\/\/quehacerpolitico.mx\/index.php?rest_route=\/wp\/v2\/users\/2"}],"replies":[{"embeddable":true,"href":"https:\/\/quehacerpolitico.mx\/index.php?rest_route=%2Fwp%2Fv2%2Fcomments&post=9334"}],"version-history":[{"count":0,"href":"https:\/\/quehacerpolitico.mx\/index.php?rest_route=\/wp\/v2\/posts\/9334\/revisions"}],"wp:featuredmedia":[{"embeddable":true,"href":"https:\/\/quehacerpolitico.mx\/index.php?rest_route=\/"}],"wp:attachment":[{"href":"https:\/\/quehacerpolitico.mx\/index.php?rest_route=%2Fwp%2Fv2%2Fmedia&parent=9334"}],"wp:term":[{"taxonomy":"category","embeddable":true,"href":"https:\/\/quehacerpolitico.mx\/index.php?rest_route=%2Fwp%2Fv2%2Fcategories&post=9334"},{"taxonomy":"post_tag","embeddable":true,"href":"https:\/\/quehacerpolitico.mx\/index.php?rest_route=%2Fwp%2Fv2%2Ftags&post=9334"}],"curies":[{"name":"wp","href":"https:\/\/api.w.org\/{rel}","templated":true}]}}