{"id":93333,"date":"2022-06-29T17:39:06","date_gmt":"2022-06-29T17:39:06","guid":{"rendered":"https:\/\/quehacerpolitico.mx\/?p=93333"},"modified":"2022-06-29T17:39:10","modified_gmt":"2022-06-29T17:39:10","slug":"minimo-6-nadie-reprobara-en-educacion-basica-sep","status":"publish","type":"post","link":"https:\/\/quehacerpolitico.mx\/?p=93333","title":{"rendered":"M\u00ednimo 6 nadie reprobara en educaci\u00f3n b\u00e1sica: SEP\u00a0"},"content":{"rendered":"\n<p>Por Redacci\u00f3n QP<\/p>\n\n\n\n<p>La SEP public\u00f3 un decreto en el Diario Oficial de la Federaci\u00f3n en el que se\u00f1ala que &#8220;la calificaci\u00f3n que deber\u00e1 registrarse (en la boleta) no podr\u00e1 ser inferior a 6&#8221;<\/p>\n\n\n\n<p>Ning\u00fan alumno de educaci\u00f3n b\u00e1sica podr\u00e1 reprobar, anunci\u00f3 la Secretar\u00eda de Educaci\u00f3n P\u00fablica (SEP) con un decreto publicado en el Diario Oficial de la Federaci\u00f3n (DOF).<\/p>\n\n\n\n<figure class=\"wp-block-embed is-type-rich is-provider-twitter wp-block-embed-twitter\"><div class=\"wp-block-embed__wrapper\">\n<blockquote class=\"twitter-tweet\" data-width=\"550\" data-dnt=\"true\"><p lang=\"es\" dir=\"ltr\">\ud83d\uddde\ufe0f <a href=\"https:\/\/twitter.com\/hashtag\/Bolet%C3%ADn_SEP?src=hash&amp;ref_src=twsrc%5Etfw\">#Bolet\u00edn_SEP<\/a><br>Publicamos en el <a href=\"https:\/\/twitter.com\/DOF_SEGOB?ref_src=twsrc%5Etfw\">@DOF_SEGOB<\/a> las disposiciones para concluir el <a href=\"https:\/\/twitter.com\/hashtag\/CicloEscolar?src=hash&amp;ref_src=twsrc%5Etfw\">#CicloEscolar<\/a> 2021-2022, e inicio del 2022-2023, as\u00ed como las acciones que favorezcan la reinserci\u00f3n escolar y permanencia de estudiantes en el Sistema Educativo Nacional.<a href=\"https:\/\/t.co\/rm7IF3Y6G6\">https:\/\/t.co\/rm7IF3Y6G6<\/a><\/p>&mdash; SEP M\u00e9xico (@SEP_mx) <a href=\"https:\/\/twitter.com\/SEP_mx\/status\/1541921128477872130?ref_src=twsrc%5Etfw\">June 28, 2022<\/a><\/blockquote><script async src=\"https:\/\/platform.twitter.com\/widgets.js\" charset=\"utf-8\"><\/script>\n<\/div><\/figure>\n\n\n\n<p>En el art\u00edculo s\u00e9ptimo del decreto se se\u00f1ala que \u201cen todos los casos en que se asiente una calificaci\u00f3n num\u00e9rica en la boleta de evaluaci\u00f3n de las y los estudiantes de educaci\u00f3n primaria y secundaria,\u00a0<strong>la calificaci\u00f3n que deber\u00e1 registrarse no podr\u00e1 ser inferior a 6<\/strong>\u201d.<\/p>\n\n\n\n<p>Con el acuerdo se regulan las acciones espec\u00edficas y extraordinarias para la conclusi\u00f3n del ciclo escolar 2021-2022 y el inicio del ciclo escolar 2022-2023, relativas a las evaluaciones del aprendizaje establecidas en el Plan y los Programas de Estudio para el tipo b\u00e1sico (preescolar, primaria y secundaria), as\u00ed como al dise\u00f1o de un plan de atenci\u00f3n de aprendizajes prioritarios, que coadyuven a la continuidad de las y los estudiantes de dichos niveles en el Sistema Educativo Nacional.<\/p>\n\n\n\n<p>El ciclo escolar 2021-2022 de la Secretar\u00eda de Educaci\u00f3n P\u00fablica est\u00e1 a punto de terminar, que comprende a estudiantes de preescolar, primaria y secundaria.<\/p>\n\n\n\n<p>Y, aunque\u00a0<strong>las vacaciones de verano comenzar\u00e1n a partir del 29 de julio, en Jalisco, como en Coahuila, Aguascalientes, Nayarit y San Luis Potos\u00ed, decidieron adelantarlas al 15 de julio por razones clim\u00e1ticas<\/strong>.<\/p>\n\n\n\n<h4 class=\"wp-block-heading\">\u00bfC\u00f3mo se califica si no hubo condiciones para valorarlos?<\/h4>\n\n\n\n<p>El decreto tambi\u00e9n se\u00f1ala que en caso de que no existan las condiciones para llevar a cabo la valoraci\u00f3n general de conocimientos de los estudiantes, se deber\u00e1 registrar en la boleta, en el periodo de evaluaci\u00f3n correspondiente, la leyenda \u201cInformaci\u00f3n insuficiente\u201d, seg\u00fan el caso.<\/p>\n\n\n\n<ul class=\"wp-block-list\"><li>En<em><strong>&nbsp;educaci\u00f3n preescolar<\/strong><\/em>&nbsp;se deber\u00e1 registrar en el apartado correspondiente a \u201cObservaciones y sugerencias sobre los avances de aprendizaje\u201d.<\/li><li>En&nbsp;<em><strong>educaci\u00f3n primaria y secundaria<\/strong><\/em>, se registrar\u00e1 en el espacio de \u201cObservaciones o recomendaciones generales de la docente o del docente\u201d y se deber\u00e1 cancelar el espacio de la calificaci\u00f3n num\u00e9rica con un guion medio.<\/li><\/ul>\n\n\n\n<p>En estos casos, la calificaci\u00f3n se reportar\u00e1 hasta que se concluya el periodo extraordinario de recuperaci\u00f3n, con lo que se establecer\u00e1 una calificaci\u00f3n global del grado o asignatura correspondiente al ciclo escolar 2021-2022.<\/p>\n\n\n\n<p>Mientras que a los estudiantes con quienes se mantuvo el nivel de comunicaci\u00f3n pr\u00e1cticamente inexistente, se deber\u00e1 registrar en la boleta, en el periodo de evaluaci\u00f3n correspondiente, la leyenda \u201cSin informaci\u00f3n\u201d, seg\u00fan sea el caso:<\/p>\n\n\n\n<ul class=\"wp-block-list\"><li>En&nbsp;<em><strong>educaci\u00f3n preescolar<\/strong><\/em>&nbsp;se deber\u00e1 registrar en el apartado correspondiente a \u201cObservaciones y sugerencias sobre los avances de aprendizaje\u201d.<\/li><li>En&nbsp;<em><strong>educaci\u00f3n primaria y secundaria<\/strong><\/em>, se registrar\u00e1 en el espacio de \u201cObservaciones o recomendaciones generales de la docente o del docente\u201d y se deber\u00e1 cancelar el espacio de la calificaci\u00f3n num\u00e9rica con un guion medio.<\/li><\/ul>\n\n\n\n<p>En estos casos, la calificaci\u00f3n se reportar\u00e1 hasta que se concluya el periodo extraordinario de recuperaci\u00f3n, con lo que se establecer\u00e1 una calificaci\u00f3n global del grado o asignatura del componente Curricular de Campos de Formaci\u00f3n Acad\u00e9mica y\/o las \u00e1reas de Artes y Educaci\u00f3n F\u00edsica del componente curricular \u00c1reas de Desarrollo Personal y Social, correspondiente al ciclo escolar 2021-2022.<\/p>\n","protected":false},"excerpt":{"rendered":"<p>Por Redacci\u00f3n QP La SEP public\u00f3 un decreto en el Diario Oficial de la Federaci\u00f3n&#8230;<\/p>\n","protected":false},"author":2,"featured_media":93334,"comment_status":"open","ping_status":"open","sticky":false,"template":"","format":"standard","meta":{"_monsterinsights_skip_tracking":false,"_monsterinsights_sitenote_active":false,"_monsterinsights_sitenote_note":"","_monsterinsights_sitenote_category":0,"footnotes":""},"categories":[2],"tags":[],"class_list":["post-93333","post","type-post","status-publish","format-standard","has-post-thumbnail","hentry","category-noticias"],"yoast_head":"<!-- This site is optimized with the Yoast SEO plugin v27.3 - https:\/\/yoast.com\/product\/yoast-seo-wordpress\/ -->\n<title>M\u00ednimo 6 nadie reprobara en educaci\u00f3n b\u00e1sica: SEP\u00a0 -<\/title>\n<meta name=\"robots\" content=\"index, follow, max-snippet:-1, max-image-preview:large, max-video-preview:-1\" \/>\n<link rel=\"canonical\" href=\"https:\/\/quehacerpolitico.mx\/?p=93333\" \/>\n<meta property=\"og:locale\" content=\"es_MX\" \/>\n<meta property=\"og:type\" content=\"article\" \/>\n<meta property=\"og:title\" content=\"M\u00ednimo 6 nadie reprobara en educaci\u00f3n b\u00e1sica: SEP\u00a0 -\" \/>\n<meta property=\"og:description\" content=\"Por Redacci\u00f3n QP La SEP public\u00f3 un decreto en el Diario Oficial de la Federaci\u00f3n...\" \/>\n<meta property=\"og:url\" content=\"https:\/\/quehacerpolitico.mx\/?p=93333\" \/>\n<meta property=\"article:published_time\" content=\"2022-06-29T17:39:06+00:00\" \/>\n<meta property=\"article:modified_time\" content=\"2022-06-29T17:39:10+00:00\" \/>\n<meta property=\"og:image\" content=\"https:\/\/quehacerpolitico.mx\/wp-content\/uploads\/2022\/06\/3214D56C-BDE7-4EC7-BD05-A72C2C52CFE6.jpeg\" \/>\n\t<meta property=\"og:image:width\" content=\"678\" \/>\n\t<meta property=\"og:image:height\" content=\"452\" \/>\n\t<meta property=\"og:image:type\" content=\"image\/jpeg\" \/>\n<meta name=\"author\" content=\"Redacci\u00f3n QP\" \/>\n<meta name=\"twitter:card\" content=\"summary_large_image\" \/>\n<meta name=\"twitter:label1\" content=\"Escrito por\" \/>\n\t<meta name=\"twitter:data1\" content=\"Redacci\u00f3n QP\" \/>\n\t<meta name=\"twitter:label2\" content=\"Tiempo de lectura\" \/>\n\t<meta name=\"twitter:data2\" content=\"3 minutos\" \/>\n<script type=\"application\/ld+json\" class=\"yoast-schema-graph\">{\"@context\":\"https:\\\/\\\/schema.org\",\"@graph\":[{\"@type\":\"Article\",\"@id\":\"https:\\\/\\\/quehacerpolitico.mx\\\/?p=93333#article\",\"isPartOf\":{\"@id\":\"https:\\\/\\\/quehacerpolitico.mx\\\/?p=93333\"},\"author\":{\"name\":\"Redacci\u00f3n QP\",\"@id\":\"https:\\\/\\\/quehacerpolitico.mx\\\/#\\\/schema\\\/person\\\/496d8ad2d1d3f8036101dca7ee39e585\"},\"headline\":\"M\u00ednimo 6 nadie reprobara en educaci\u00f3n b\u00e1sica: SEP\u00a0\",\"datePublished\":\"2022-06-29T17:39:06+00:00\",\"dateModified\":\"2022-06-29T17:39:10+00:00\",\"mainEntityOfPage\":{\"@id\":\"https:\\\/\\\/quehacerpolitico.mx\\\/?p=93333\"},\"wordCount\":610,\"commentCount\":0,\"image\":{\"@id\":\"https:\\\/\\\/quehacerpolitico.mx\\\/?p=93333#primaryimage\"},\"thumbnailUrl\":\"https:\\\/\\\/quehacerpolitico.mx\\\/wp-content\\\/uploads\\\/2022\\\/06\\\/3214D56C-BDE7-4EC7-BD05-A72C2C52CFE6.jpeg\",\"articleSection\":[\"Noticias\"],\"inLanguage\":\"es\",\"potentialAction\":[{\"@type\":\"CommentAction\",\"name\":\"Comment\",\"target\":[\"https:\\\/\\\/quehacerpolitico.mx\\\/?p=93333#respond\"]}]},{\"@type\":\"WebPage\",\"@id\":\"https:\\\/\\\/quehacerpolitico.mx\\\/?p=93333\",\"url\":\"https:\\\/\\\/quehacerpolitico.mx\\\/?p=93333\",\"name\":\"M\u00ednimo 6 nadie reprobara en educaci\u00f3n b\u00e1sica: SEP\u00a0 -\",\"isPartOf\":{\"@id\":\"https:\\\/\\\/quehacerpolitico.mx\\\/#website\"},\"primaryImageOfPage\":{\"@id\":\"https:\\\/\\\/quehacerpolitico.mx\\\/?p=93333#primaryimage\"},\"image\":{\"@id\":\"https:\\\/\\\/quehacerpolitico.mx\\\/?p=93333#primaryimage\"},\"thumbnailUrl\":\"https:\\\/\\\/quehacerpolitico.mx\\\/wp-content\\\/uploads\\\/2022\\\/06\\\/3214D56C-BDE7-4EC7-BD05-A72C2C52CFE6.jpeg\",\"datePublished\":\"2022-06-29T17:39:06+00:00\",\"dateModified\":\"2022-06-29T17:39:10+00:00\",\"author\":{\"@id\":\"https:\\\/\\\/quehacerpolitico.mx\\\/#\\\/schema\\\/person\\\/496d8ad2d1d3f8036101dca7ee39e585\"},\"breadcrumb\":{\"@id\":\"https:\\\/\\\/quehacerpolitico.mx\\\/?p=93333#breadcrumb\"},\"inLanguage\":\"es\",\"potentialAction\":[{\"@type\":\"ReadAction\",\"target\":[\"https:\\\/\\\/quehacerpolitico.mx\\\/?p=93333\"]}]},{\"@type\":\"ImageObject\",\"inLanguage\":\"es\",\"@id\":\"https:\\\/\\\/quehacerpolitico.mx\\\/?p=93333#primaryimage\",\"url\":\"https:\\\/\\\/quehacerpolitico.mx\\\/wp-content\\\/uploads\\\/2022\\\/06\\\/3214D56C-BDE7-4EC7-BD05-A72C2C52CFE6.jpeg\",\"contentUrl\":\"https:\\\/\\\/quehacerpolitico.mx\\\/wp-content\\\/uploads\\\/2022\\\/06\\\/3214D56C-BDE7-4EC7-BD05-A72C2C52CFE6.jpeg\",\"width\":678,\"height\":452},{\"@type\":\"BreadcrumbList\",\"@id\":\"https:\\\/\\\/quehacerpolitico.mx\\\/?p=93333#breadcrumb\",\"itemListElement\":[{\"@type\":\"ListItem\",\"position\":1,\"name\":\"Inicio\",\"item\":\"https:\\\/\\\/quehacerpolitico.mx\\\/\"},{\"@type\":\"ListItem\",\"position\":2,\"name\":\"M\u00ednimo 6 nadie reprobara en educaci\u00f3n b\u00e1sica: SEP\u00a0\"}]},{\"@type\":\"WebSite\",\"@id\":\"https:\\\/\\\/quehacerpolitico.mx\\\/#website\",\"url\":\"https:\\\/\\\/quehacerpolitico.mx\\\/\",\"name\":\"\",\"description\":\"\",\"potentialAction\":[{\"@type\":\"SearchAction\",\"target\":{\"@type\":\"EntryPoint\",\"urlTemplate\":\"https:\\\/\\\/quehacerpolitico.mx\\\/?s={search_term_string}\"},\"query-input\":{\"@type\":\"PropertyValueSpecification\",\"valueRequired\":true,\"valueName\":\"search_term_string\"}}],\"inLanguage\":\"es\"},{\"@type\":\"Person\",\"@id\":\"https:\\\/\\\/quehacerpolitico.mx\\\/#\\\/schema\\\/person\\\/496d8ad2d1d3f8036101dca7ee39e585\",\"name\":\"Redacci\u00f3n QP\",\"image\":{\"@type\":\"ImageObject\",\"inLanguage\":\"es\",\"@id\":\"https:\\\/\\\/secure.gravatar.com\\\/avatar\\\/c7164ed6fdec453195284ad24a5ae5b6e1eed2b848477fa2a4787ba9adf39a41?s=96&d=mm&r=g\",\"url\":\"https:\\\/\\\/secure.gravatar.com\\\/avatar\\\/c7164ed6fdec453195284ad24a5ae5b6e1eed2b848477fa2a4787ba9adf39a41?s=96&d=mm&r=g\",\"contentUrl\":\"https:\\\/\\\/secure.gravatar.com\\\/avatar\\\/c7164ed6fdec453195284ad24a5ae5b6e1eed2b848477fa2a4787ba9adf39a41?s=96&d=mm&r=g\",\"caption\":\"Redacci\u00f3n QP\"},\"url\":\"https:\\\/\\\/quehacerpolitico.mx\\\/?author=2\"}]}<\/script>\n<!-- \/ Yoast SEO plugin. -->","yoast_head_json":{"title":"M\u00ednimo 6 nadie reprobara en educaci\u00f3n b\u00e1sica: SEP\u00a0 -","robots":{"index":"index","follow":"follow","max-snippet":"max-snippet:-1","max-image-preview":"max-image-preview:large","max-video-preview":"max-video-preview:-1"},"canonical":"https:\/\/quehacerpolitico.mx\/?p=93333","og_locale":"es_MX","og_type":"article","og_title":"M\u00ednimo 6 nadie reprobara en educaci\u00f3n b\u00e1sica: SEP\u00a0 -","og_description":"Por Redacci\u00f3n QP La SEP public\u00f3 un decreto en el Diario Oficial de la Federaci\u00f3n...","og_url":"https:\/\/quehacerpolitico.mx\/?p=93333","article_published_time":"2022-06-29T17:39:06+00:00","article_modified_time":"2022-06-29T17:39:10+00:00","og_image":[{"width":678,"height":452,"url":"https:\/\/quehacerpolitico.mx\/wp-content\/uploads\/2022\/06\/3214D56C-BDE7-4EC7-BD05-A72C2C52CFE6.jpeg","type":"image\/jpeg"}],"author":"Redacci\u00f3n QP","twitter_card":"summary_large_image","twitter_misc":{"Escrito por":"Redacci\u00f3n QP","Tiempo de lectura":"3 minutos"},"schema":{"@context":"https:\/\/schema.org","@graph":[{"@type":"Article","@id":"https:\/\/quehacerpolitico.mx\/?p=93333#article","isPartOf":{"@id":"https:\/\/quehacerpolitico.mx\/?p=93333"},"author":{"name":"Redacci\u00f3n QP","@id":"https:\/\/quehacerpolitico.mx\/#\/schema\/person\/496d8ad2d1d3f8036101dca7ee39e585"},"headline":"M\u00ednimo 6 nadie reprobara en educaci\u00f3n b\u00e1sica: SEP\u00a0","datePublished":"2022-06-29T17:39:06+00:00","dateModified":"2022-06-29T17:39:10+00:00","mainEntityOfPage":{"@id":"https:\/\/quehacerpolitico.mx\/?p=93333"},"wordCount":610,"commentCount":0,"image":{"@id":"https:\/\/quehacerpolitico.mx\/?p=93333#primaryimage"},"thumbnailUrl":"https:\/\/quehacerpolitico.mx\/wp-content\/uploads\/2022\/06\/3214D56C-BDE7-4EC7-BD05-A72C2C52CFE6.jpeg","articleSection":["Noticias"],"inLanguage":"es","potentialAction":[{"@type":"CommentAction","name":"Comment","target":["https:\/\/quehacerpolitico.mx\/?p=93333#respond"]}]},{"@type":"WebPage","@id":"https:\/\/quehacerpolitico.mx\/?p=93333","url":"https:\/\/quehacerpolitico.mx\/?p=93333","name":"M\u00ednimo 6 nadie reprobara en educaci\u00f3n b\u00e1sica: SEP\u00a0 -","isPartOf":{"@id":"https:\/\/quehacerpolitico.mx\/#website"},"primaryImageOfPage":{"@id":"https:\/\/quehacerpolitico.mx\/?p=93333#primaryimage"},"image":{"@id":"https:\/\/quehacerpolitico.mx\/?p=93333#primaryimage"},"thumbnailUrl":"https:\/\/quehacerpolitico.mx\/wp-content\/uploads\/2022\/06\/3214D56C-BDE7-4EC7-BD05-A72C2C52CFE6.jpeg","datePublished":"2022-06-29T17:39:06+00:00","dateModified":"2022-06-29T17:39:10+00:00","author":{"@id":"https:\/\/quehacerpolitico.mx\/#\/schema\/person\/496d8ad2d1d3f8036101dca7ee39e585"},"breadcrumb":{"@id":"https:\/\/quehacerpolitico.mx\/?p=93333#breadcrumb"},"inLanguage":"es","potentialAction":[{"@type":"ReadAction","target":["https:\/\/quehacerpolitico.mx\/?p=93333"]}]},{"@type":"ImageObject","inLanguage":"es","@id":"https:\/\/quehacerpolitico.mx\/?p=93333#primaryimage","url":"https:\/\/quehacerpolitico.mx\/wp-content\/uploads\/2022\/06\/3214D56C-BDE7-4EC7-BD05-A72C2C52CFE6.jpeg","contentUrl":"https:\/\/quehacerpolitico.mx\/wp-content\/uploads\/2022\/06\/3214D56C-BDE7-4EC7-BD05-A72C2C52CFE6.jpeg","width":678,"height":452},{"@type":"BreadcrumbList","@id":"https:\/\/quehacerpolitico.mx\/?p=93333#breadcrumb","itemListElement":[{"@type":"ListItem","position":1,"name":"Inicio","item":"https:\/\/quehacerpolitico.mx\/"},{"@type":"ListItem","position":2,"name":"M\u00ednimo 6 nadie reprobara en educaci\u00f3n b\u00e1sica: SEP\u00a0"}]},{"@type":"WebSite","@id":"https:\/\/quehacerpolitico.mx\/#website","url":"https:\/\/quehacerpolitico.mx\/","name":"","description":"","potentialAction":[{"@type":"SearchAction","target":{"@type":"EntryPoint","urlTemplate":"https:\/\/quehacerpolitico.mx\/?s={search_term_string}"},"query-input":{"@type":"PropertyValueSpecification","valueRequired":true,"valueName":"search_term_string"}}],"inLanguage":"es"},{"@type":"Person","@id":"https:\/\/quehacerpolitico.mx\/#\/schema\/person\/496d8ad2d1d3f8036101dca7ee39e585","name":"Redacci\u00f3n QP","image":{"@type":"ImageObject","inLanguage":"es","@id":"https:\/\/secure.gravatar.com\/avatar\/c7164ed6fdec453195284ad24a5ae5b6e1eed2b848477fa2a4787ba9adf39a41?s=96&d=mm&r=g","url":"https:\/\/secure.gravatar.com\/avatar\/c7164ed6fdec453195284ad24a5ae5b6e1eed2b848477fa2a4787ba9adf39a41?s=96&d=mm&r=g","contentUrl":"https:\/\/secure.gravatar.com\/avatar\/c7164ed6fdec453195284ad24a5ae5b6e1eed2b848477fa2a4787ba9adf39a41?s=96&d=mm&r=g","caption":"Redacci\u00f3n QP"},"url":"https:\/\/quehacerpolitico.mx\/?author=2"}]}},"featured_image_urls":{"full":["https:\/\/quehacerpolitico.mx\/wp-content\/uploads\/2022\/06\/3214D56C-BDE7-4EC7-BD05-A72C2C52CFE6.jpeg",678,452,false],"thumbnail":["https:\/\/quehacerpolitico.mx\/wp-content\/uploads\/2022\/06\/3214D56C-BDE7-4EC7-BD05-A72C2C52CFE6-150x150.jpeg",150,150,true],"medium":["https:\/\/quehacerpolitico.mx\/wp-content\/uploads\/2022\/06\/3214D56C-BDE7-4EC7-BD05-A72C2C52CFE6-300x200.jpeg",300,200,true],"medium_large":["https:\/\/quehacerpolitico.mx\/wp-content\/uploads\/2022\/06\/3214D56C-BDE7-4EC7-BD05-A72C2C52CFE6.jpeg",640,427,false],"large":["https:\/\/quehacerpolitico.mx\/wp-content\/uploads\/2022\/06\/3214D56C-BDE7-4EC7-BD05-A72C2C52CFE6.jpeg",640,427,false],"1536x1536":["https:\/\/quehacerpolitico.mx\/wp-content\/uploads\/2022\/06\/3214D56C-BDE7-4EC7-BD05-A72C2C52CFE6.jpeg",678,452,false],"2048x2048":["https:\/\/quehacerpolitico.mx\/wp-content\/uploads\/2022\/06\/3214D56C-BDE7-4EC7-BD05-A72C2C52CFE6.jpeg",678,452,false],"covernews-featured":["https:\/\/quehacerpolitico.mx\/wp-content\/uploads\/2022\/06\/3214D56C-BDE7-4EC7-BD05-A72C2C52CFE6.jpeg",678,452,false],"covernews-medium":["https:\/\/quehacerpolitico.mx\/wp-content\/uploads\/2022\/06\/3214D56C-BDE7-4EC7-BD05-A72C2C52CFE6.jpeg",510,340,false]},"author_info":{"display_name":"Redacci\u00f3n QP","author_link":"https:\/\/quehacerpolitico.mx\/?author=2"},"category_info":"<a href=\"https:\/\/quehacerpolitico.mx\/?cat=2\" rel=\"category\">Noticias<\/a>","tag_info":"Noticias","comment_count":"0","_links":{"self":[{"href":"https:\/\/quehacerpolitico.mx\/index.php?rest_route=\/wp\/v2\/posts\/93333","targetHints":{"allow":["GET"]}}],"collection":[{"href":"https:\/\/quehacerpolitico.mx\/index.php?rest_route=\/wp\/v2\/posts"}],"about":[{"href":"https:\/\/quehacerpolitico.mx\/index.php?rest_route=\/wp\/v2\/types\/post"}],"author":[{"embeddable":true,"href":"https:\/\/quehacerpolitico.mx\/index.php?rest_route=\/wp\/v2\/users\/2"}],"replies":[{"embeddable":true,"href":"https:\/\/quehacerpolitico.mx\/index.php?rest_route=%2Fwp%2Fv2%2Fcomments&post=93333"}],"version-history":[{"count":1,"href":"https:\/\/quehacerpolitico.mx\/index.php?rest_route=\/wp\/v2\/posts\/93333\/revisions"}],"predecessor-version":[{"id":93335,"href":"https:\/\/quehacerpolitico.mx\/index.php?rest_route=\/wp\/v2\/posts\/93333\/revisions\/93335"}],"wp:featuredmedia":[{"embeddable":true,"href":"https:\/\/quehacerpolitico.mx\/index.php?rest_route=\/wp\/v2\/media\/93334"}],"wp:attachment":[{"href":"https:\/\/quehacerpolitico.mx\/index.php?rest_route=%2Fwp%2Fv2%2Fmedia&parent=93333"}],"wp:term":[{"taxonomy":"category","embeddable":true,"href":"https:\/\/quehacerpolitico.mx\/index.php?rest_route=%2Fwp%2Fv2%2Fcategories&post=93333"},{"taxonomy":"post_tag","embeddable":true,"href":"https:\/\/quehacerpolitico.mx\/index.php?rest_route=%2Fwp%2Fv2%2Ftags&post=93333"}],"curies":[{"name":"wp","href":"https:\/\/api.w.org\/{rel}","templated":true}]}}