{"id":93322,"date":"2022-06-29T16:49:30","date_gmt":"2022-06-29T16:49:30","guid":{"rendered":"https:\/\/quehacerpolitico.mx\/?p=93322"},"modified":"2022-06-29T16:49:33","modified_gmt":"2022-06-29T16:49:33","slug":"lopez-obrador-llama-a-estar-atentos-al-juicio-contra-garcia-luna","status":"publish","type":"post","link":"https:\/\/quehacerpolitico.mx\/?p=93322","title":{"rendered":"L\u00f3pez Obrador llama a estar atentos al juicio contra Garc\u00eda Luna\u00a0"},"content":{"rendered":"\n<p>Por Redacci\u00f3n QP<\/p>\n\n\n\n<p>&#8220;\u00bfHasta d\u00f3nde va a llegar? \u00bfSe va a quedar ah\u00ed con Garc\u00eda Luna? \u00bfFue solo \u00e9l o se va a ampliar?&#8221;, cuestiona L\u00f3pez Obrador<\/p>\n\n\n\n<p>El Presidente\u00a0Andres Manuel Lopez Obrador llam\u00f3 a la poblaci\u00f3n mexicana a estar atentos al juicio que iniciar\u00e1 en octubre pr\u00f3ximo en Nueva York en contra de Genaro Garc\u00eda Luna, exsecretario de Seguridad P\u00fablica en el sexenio de Felipe Calder\u00f3n, por presuntos nexos con el narcotr\u00e1fico, pues manifest\u00f3 que<strong>\u00a0&#8220;no vaya a ser que le quieran dar largas&#8221;<\/strong>.<\/p>\n\n\n\n<p>En conferencia de prensa \u201dma\u00f1anera\u201d en Palacio Nacional y al preguntar<strong>\u00a0&#8220;\u00bfNada m\u00e1s va a ser Garc\u00eda Luna?&#8221;<\/strong>, L\u00f3pez Obrador\u00a0cuestion\u00f3 si en este caso solo se involucrar\u00e1 a Garc\u00eda Luna o a otros funcionarios de ese sexenio.<\/p>\n\n\n\n<p>Se\u00f1al\u00f3 que en recientes declaraciones de testigos en contra de Garc\u00eda Luna involucran al expresidente Felipe Calder\u00f3n y que\u00a0<strong>parte del dinero irregular que recib\u00eda su secretario de Seguridad P\u00fablica iban hacia la exresidencia presidencial de Los Pinos<\/strong>.<\/p>\n\n\n\n<p>&#8220;\u00daltimamente, han estado saliendo testimonios de testigos que han declarado contra Garc\u00eda Luna, pero involucra a Calder\u00f3n, entonces \u00bfc\u00f3mo le van a hacer en ese juicio en Estados Unidos? Por eso entiendo sus preocupaciones y la gente que est\u00e1 ah\u00ed involucrada, que participaron de todos los sectores (\u2026) hay muchas interrogantes,<strong>\u00a0ahora todas las declaraciones en su contra muy fuertes recibiendo dinero, pero se\u00f1alando de que parte de ese dinero iba a Los Pinos, entonces \u00bfC\u00f3mo va a ser el juicio?&#8221;<\/strong>.<\/p>\n\n\n\n<figure class=\"wp-block-embed is-type-video is-provider-youtube wp-block-embed-youtube wp-embed-aspect-16-9 wp-has-aspect-ratio\"><div class=\"wp-block-embed__wrapper\">\n<iframe loading=\"lazy\" title=\"AMLO dice que dinero del caso Garc\u00eda Luna entr\u00f3 a Los Pinos\" width=\"640\" height=\"360\" src=\"https:\/\/www.youtube.com\/embed\/m_YPEt5gTQ8?feature=oembed\" frameborder=\"0\" allow=\"accelerometer; autoplay; clipboard-write; encrypted-media; gyroscope; picture-in-picture; web-share\" referrerpolicy=\"strict-origin-when-cross-origin\" allowfullscreen><\/iframe>\n<\/div><\/figure>\n\n\n\n<p>&#8220;Lo que est\u00e1n atendiendo el juicio tiene que aclarar, por lo menos son tres cosas: una, si es cierto todo lo que est\u00e1 en el expediente, si se prueban las acusaciones, es decir, si no est\u00e1 fabricado la acusaci\u00f3n. Si dicen &#8216;se fabric\u00f3&#8217;, ahh \u00bfy qui\u00e9n fue quien orden\u00f3 fabricar esta acusaci\u00f3n? \u00bfDe d\u00f3nde surgi\u00f3? \u00bfQu\u00e9 agencia? \u00bfQui\u00e9nes fueron los responsables? (\u2026) Eso es lo primero que tiene que pasar en este asunto, es decir, a ver \u00bfhay pruebas o no hay pruebas? y si son buenas las pruebas,\u00a0<strong>\u00bfHasta d\u00f3nde va a llegar el caso? \u00bfNada m\u00e1s va a ser Garc\u00eda Luna?<\/strong>\u00a0Por eso es un asunto interesante, y repito, si montaron el caso, si no hay fundamento, de todas maneras hay que investigar y castigar al que, como se dice en La Biblia, levant\u00f3 falsos testimonios y si s\u00ed hay pruebas,\u00a0<strong>\u00bfHasta d\u00f3nde va a llegar? \u00bfSe va a quedar ah\u00ed con Garc\u00eda Luna? \u00bfFue solo \u00e9l o se va a ampliar?&#8221;<\/strong>.<\/p>\n\n\n\n<p><strong>&#8220;Por eso hay que estar pendiente, porque formalmente se inicia en octubre el juicio, pero no vaya a ser que le quieran dar largas&#8221;<\/strong>, indic\u00f3.<\/p>\n\n\n\n<p>Con informaci\u00f3n de SUN<\/p>\n","protected":false},"excerpt":{"rendered":"<p>Por Redacci\u00f3n QP &#8220;\u00bfHasta d\u00f3nde va a llegar? \u00bfSe va a quedar ah\u00ed con Garc\u00eda&#8230;<\/p>\n","protected":false},"author":2,"featured_media":93323,"comment_status":"open","ping_status":"open","sticky":false,"template":"","format":"standard","meta":{"_monsterinsights_skip_tracking":false,"_monsterinsights_sitenote_active":false,"_monsterinsights_sitenote_note":"","_monsterinsights_sitenote_category":0,"footnotes":""},"categories":[2],"tags":[],"class_list":["post-93322","post","type-post","status-publish","format-standard","has-post-thumbnail","hentry","category-noticias"],"yoast_head":"<!-- This site is optimized with the Yoast SEO plugin v27.3 - https:\/\/yoast.com\/product\/yoast-seo-wordpress\/ -->\n<title>L\u00f3pez Obrador llama a estar atentos al juicio contra Garc\u00eda Luna\u00a0 -<\/title>\n<meta name=\"robots\" content=\"index, follow, max-snippet:-1, max-image-preview:large, max-video-preview:-1\" \/>\n<link rel=\"canonical\" href=\"https:\/\/quehacerpolitico.mx\/?p=93322\" \/>\n<meta property=\"og:locale\" content=\"es_MX\" \/>\n<meta property=\"og:type\" content=\"article\" \/>\n<meta property=\"og:title\" content=\"L\u00f3pez Obrador llama a estar atentos al juicio contra Garc\u00eda Luna\u00a0 -\" \/>\n<meta property=\"og:description\" content=\"Por Redacci\u00f3n QP &#8220;\u00bfHasta d\u00f3nde va a llegar? \u00bfSe va a quedar ah\u00ed con Garc\u00eda...\" \/>\n<meta property=\"og:url\" content=\"https:\/\/quehacerpolitico.mx\/?p=93322\" \/>\n<meta property=\"article:published_time\" content=\"2022-06-29T16:49:30+00:00\" \/>\n<meta property=\"article:modified_time\" content=\"2022-06-29T16:49:33+00:00\" \/>\n<meta property=\"og:image\" content=\"https:\/\/quehacerpolitico.mx\/wp-content\/uploads\/2022\/06\/2F0FEF2C-D8BB-4E7A-8390-C66C82AA9F67.jpeg\" \/>\n\t<meta property=\"og:image:width\" content=\"1284\" \/>\n\t<meta property=\"og:image:height\" content=\"716\" \/>\n\t<meta property=\"og:image:type\" content=\"image\/jpeg\" \/>\n<meta name=\"author\" content=\"Redacci\u00f3n QP\" \/>\n<meta name=\"twitter:card\" content=\"summary_large_image\" \/>\n<meta name=\"twitter:label1\" content=\"Escrito por\" \/>\n\t<meta name=\"twitter:data1\" content=\"Redacci\u00f3n QP\" \/>\n\t<meta name=\"twitter:label2\" content=\"Tiempo de lectura\" \/>\n\t<meta name=\"twitter:data2\" content=\"2 minutos\" \/>\n<script type=\"application\/ld+json\" class=\"yoast-schema-graph\">{\"@context\":\"https:\\\/\\\/schema.org\",\"@graph\":[{\"@type\":\"Article\",\"@id\":\"https:\\\/\\\/quehacerpolitico.mx\\\/?p=93322#article\",\"isPartOf\":{\"@id\":\"https:\\\/\\\/quehacerpolitico.mx\\\/?p=93322\"},\"author\":{\"name\":\"Redacci\u00f3n QP\",\"@id\":\"https:\\\/\\\/quehacerpolitico.mx\\\/#\\\/schema\\\/person\\\/496d8ad2d1d3f8036101dca7ee39e585\"},\"headline\":\"L\u00f3pez Obrador llama a estar atentos al juicio contra Garc\u00eda Luna\u00a0\",\"datePublished\":\"2022-06-29T16:49:30+00:00\",\"dateModified\":\"2022-06-29T16:49:33+00:00\",\"mainEntityOfPage\":{\"@id\":\"https:\\\/\\\/quehacerpolitico.mx\\\/?p=93322\"},\"wordCount\":489,\"commentCount\":0,\"image\":{\"@id\":\"https:\\\/\\\/quehacerpolitico.mx\\\/?p=93322#primaryimage\"},\"thumbnailUrl\":\"https:\\\/\\\/quehacerpolitico.mx\\\/wp-content\\\/uploads\\\/2022\\\/06\\\/2F0FEF2C-D8BB-4E7A-8390-C66C82AA9F67.jpeg\",\"articleSection\":[\"Noticias\"],\"inLanguage\":\"es\",\"potentialAction\":[{\"@type\":\"CommentAction\",\"name\":\"Comment\",\"target\":[\"https:\\\/\\\/quehacerpolitico.mx\\\/?p=93322#respond\"]}]},{\"@type\":\"WebPage\",\"@id\":\"https:\\\/\\\/quehacerpolitico.mx\\\/?p=93322\",\"url\":\"https:\\\/\\\/quehacerpolitico.mx\\\/?p=93322\",\"name\":\"L\u00f3pez Obrador llama a estar atentos al juicio contra Garc\u00eda Luna\u00a0 -\",\"isPartOf\":{\"@id\":\"https:\\\/\\\/quehacerpolitico.mx\\\/#website\"},\"primaryImageOfPage\":{\"@id\":\"https:\\\/\\\/quehacerpolitico.mx\\\/?p=93322#primaryimage\"},\"image\":{\"@id\":\"https:\\\/\\\/quehacerpolitico.mx\\\/?p=93322#primaryimage\"},\"thumbnailUrl\":\"https:\\\/\\\/quehacerpolitico.mx\\\/wp-content\\\/uploads\\\/2022\\\/06\\\/2F0FEF2C-D8BB-4E7A-8390-C66C82AA9F67.jpeg\",\"datePublished\":\"2022-06-29T16:49:30+00:00\",\"dateModified\":\"2022-06-29T16:49:33+00:00\",\"author\":{\"@id\":\"https:\\\/\\\/quehacerpolitico.mx\\\/#\\\/schema\\\/person\\\/496d8ad2d1d3f8036101dca7ee39e585\"},\"breadcrumb\":{\"@id\":\"https:\\\/\\\/quehacerpolitico.mx\\\/?p=93322#breadcrumb\"},\"inLanguage\":\"es\",\"potentialAction\":[{\"@type\":\"ReadAction\",\"target\":[\"https:\\\/\\\/quehacerpolitico.mx\\\/?p=93322\"]}]},{\"@type\":\"ImageObject\",\"inLanguage\":\"es\",\"@id\":\"https:\\\/\\\/quehacerpolitico.mx\\\/?p=93322#primaryimage\",\"url\":\"https:\\\/\\\/quehacerpolitico.mx\\\/wp-content\\\/uploads\\\/2022\\\/06\\\/2F0FEF2C-D8BB-4E7A-8390-C66C82AA9F67.jpeg\",\"contentUrl\":\"https:\\\/\\\/quehacerpolitico.mx\\\/wp-content\\\/uploads\\\/2022\\\/06\\\/2F0FEF2C-D8BB-4E7A-8390-C66C82AA9F67.jpeg\",\"width\":1284,\"height\":716},{\"@type\":\"BreadcrumbList\",\"@id\":\"https:\\\/\\\/quehacerpolitico.mx\\\/?p=93322#breadcrumb\",\"itemListElement\":[{\"@type\":\"ListItem\",\"position\":1,\"name\":\"Inicio\",\"item\":\"https:\\\/\\\/quehacerpolitico.mx\\\/\"},{\"@type\":\"ListItem\",\"position\":2,\"name\":\"L\u00f3pez Obrador llama a estar atentos al juicio contra Garc\u00eda Luna\u00a0\"}]},{\"@type\":\"WebSite\",\"@id\":\"https:\\\/\\\/quehacerpolitico.mx\\\/#website\",\"url\":\"https:\\\/\\\/quehacerpolitico.mx\\\/\",\"name\":\"\",\"description\":\"\",\"potentialAction\":[{\"@type\":\"SearchAction\",\"target\":{\"@type\":\"EntryPoint\",\"urlTemplate\":\"https:\\\/\\\/quehacerpolitico.mx\\\/?s={search_term_string}\"},\"query-input\":{\"@type\":\"PropertyValueSpecification\",\"valueRequired\":true,\"valueName\":\"search_term_string\"}}],\"inLanguage\":\"es\"},{\"@type\":\"Person\",\"@id\":\"https:\\\/\\\/quehacerpolitico.mx\\\/#\\\/schema\\\/person\\\/496d8ad2d1d3f8036101dca7ee39e585\",\"name\":\"Redacci\u00f3n QP\",\"image\":{\"@type\":\"ImageObject\",\"inLanguage\":\"es\",\"@id\":\"https:\\\/\\\/secure.gravatar.com\\\/avatar\\\/c7164ed6fdec453195284ad24a5ae5b6e1eed2b848477fa2a4787ba9adf39a41?s=96&d=mm&r=g\",\"url\":\"https:\\\/\\\/secure.gravatar.com\\\/avatar\\\/c7164ed6fdec453195284ad24a5ae5b6e1eed2b848477fa2a4787ba9adf39a41?s=96&d=mm&r=g\",\"contentUrl\":\"https:\\\/\\\/secure.gravatar.com\\\/avatar\\\/c7164ed6fdec453195284ad24a5ae5b6e1eed2b848477fa2a4787ba9adf39a41?s=96&d=mm&r=g\",\"caption\":\"Redacci\u00f3n QP\"},\"url\":\"https:\\\/\\\/quehacerpolitico.mx\\\/?author=2\"}]}<\/script>\n<!-- \/ Yoast SEO plugin. -->","yoast_head_json":{"title":"L\u00f3pez Obrador llama a estar atentos al juicio contra Garc\u00eda Luna\u00a0 -","robots":{"index":"index","follow":"follow","max-snippet":"max-snippet:-1","max-image-preview":"max-image-preview:large","max-video-preview":"max-video-preview:-1"},"canonical":"https:\/\/quehacerpolitico.mx\/?p=93322","og_locale":"es_MX","og_type":"article","og_title":"L\u00f3pez Obrador llama a estar atentos al juicio contra Garc\u00eda Luna\u00a0 -","og_description":"Por Redacci\u00f3n QP &#8220;\u00bfHasta d\u00f3nde va a llegar? \u00bfSe va a quedar ah\u00ed con Garc\u00eda...","og_url":"https:\/\/quehacerpolitico.mx\/?p=93322","article_published_time":"2022-06-29T16:49:30+00:00","article_modified_time":"2022-06-29T16:49:33+00:00","og_image":[{"width":1284,"height":716,"url":"https:\/\/quehacerpolitico.mx\/wp-content\/uploads\/2022\/06\/2F0FEF2C-D8BB-4E7A-8390-C66C82AA9F67.jpeg","type":"image\/jpeg"}],"author":"Redacci\u00f3n QP","twitter_card":"summary_large_image","twitter_misc":{"Escrito por":"Redacci\u00f3n QP","Tiempo de lectura":"2 minutos"},"schema":{"@context":"https:\/\/schema.org","@graph":[{"@type":"Article","@id":"https:\/\/quehacerpolitico.mx\/?p=93322#article","isPartOf":{"@id":"https:\/\/quehacerpolitico.mx\/?p=93322"},"author":{"name":"Redacci\u00f3n QP","@id":"https:\/\/quehacerpolitico.mx\/#\/schema\/person\/496d8ad2d1d3f8036101dca7ee39e585"},"headline":"L\u00f3pez Obrador llama a estar atentos al juicio contra Garc\u00eda Luna\u00a0","datePublished":"2022-06-29T16:49:30+00:00","dateModified":"2022-06-29T16:49:33+00:00","mainEntityOfPage":{"@id":"https:\/\/quehacerpolitico.mx\/?p=93322"},"wordCount":489,"commentCount":0,"image":{"@id":"https:\/\/quehacerpolitico.mx\/?p=93322#primaryimage"},"thumbnailUrl":"https:\/\/quehacerpolitico.mx\/wp-content\/uploads\/2022\/06\/2F0FEF2C-D8BB-4E7A-8390-C66C82AA9F67.jpeg","articleSection":["Noticias"],"inLanguage":"es","potentialAction":[{"@type":"CommentAction","name":"Comment","target":["https:\/\/quehacerpolitico.mx\/?p=93322#respond"]}]},{"@type":"WebPage","@id":"https:\/\/quehacerpolitico.mx\/?p=93322","url":"https:\/\/quehacerpolitico.mx\/?p=93322","name":"L\u00f3pez Obrador llama a estar atentos al juicio contra Garc\u00eda Luna\u00a0 -","isPartOf":{"@id":"https:\/\/quehacerpolitico.mx\/#website"},"primaryImageOfPage":{"@id":"https:\/\/quehacerpolitico.mx\/?p=93322#primaryimage"},"image":{"@id":"https:\/\/quehacerpolitico.mx\/?p=93322#primaryimage"},"thumbnailUrl":"https:\/\/quehacerpolitico.mx\/wp-content\/uploads\/2022\/06\/2F0FEF2C-D8BB-4E7A-8390-C66C82AA9F67.jpeg","datePublished":"2022-06-29T16:49:30+00:00","dateModified":"2022-06-29T16:49:33+00:00","author":{"@id":"https:\/\/quehacerpolitico.mx\/#\/schema\/person\/496d8ad2d1d3f8036101dca7ee39e585"},"breadcrumb":{"@id":"https:\/\/quehacerpolitico.mx\/?p=93322#breadcrumb"},"inLanguage":"es","potentialAction":[{"@type":"ReadAction","target":["https:\/\/quehacerpolitico.mx\/?p=93322"]}]},{"@type":"ImageObject","inLanguage":"es","@id":"https:\/\/quehacerpolitico.mx\/?p=93322#primaryimage","url":"https:\/\/quehacerpolitico.mx\/wp-content\/uploads\/2022\/06\/2F0FEF2C-D8BB-4E7A-8390-C66C82AA9F67.jpeg","contentUrl":"https:\/\/quehacerpolitico.mx\/wp-content\/uploads\/2022\/06\/2F0FEF2C-D8BB-4E7A-8390-C66C82AA9F67.jpeg","width":1284,"height":716},{"@type":"BreadcrumbList","@id":"https:\/\/quehacerpolitico.mx\/?p=93322#breadcrumb","itemListElement":[{"@type":"ListItem","position":1,"name":"Inicio","item":"https:\/\/quehacerpolitico.mx\/"},{"@type":"ListItem","position":2,"name":"L\u00f3pez Obrador llama a estar atentos al juicio contra Garc\u00eda Luna\u00a0"}]},{"@type":"WebSite","@id":"https:\/\/quehacerpolitico.mx\/#website","url":"https:\/\/quehacerpolitico.mx\/","name":"","description":"","potentialAction":[{"@type":"SearchAction","target":{"@type":"EntryPoint","urlTemplate":"https:\/\/quehacerpolitico.mx\/?s={search_term_string}"},"query-input":{"@type":"PropertyValueSpecification","valueRequired":true,"valueName":"search_term_string"}}],"inLanguage":"es"},{"@type":"Person","@id":"https:\/\/quehacerpolitico.mx\/#\/schema\/person\/496d8ad2d1d3f8036101dca7ee39e585","name":"Redacci\u00f3n QP","image":{"@type":"ImageObject","inLanguage":"es","@id":"https:\/\/secure.gravatar.com\/avatar\/c7164ed6fdec453195284ad24a5ae5b6e1eed2b848477fa2a4787ba9adf39a41?s=96&d=mm&r=g","url":"https:\/\/secure.gravatar.com\/avatar\/c7164ed6fdec453195284ad24a5ae5b6e1eed2b848477fa2a4787ba9adf39a41?s=96&d=mm&r=g","contentUrl":"https:\/\/secure.gravatar.com\/avatar\/c7164ed6fdec453195284ad24a5ae5b6e1eed2b848477fa2a4787ba9adf39a41?s=96&d=mm&r=g","caption":"Redacci\u00f3n QP"},"url":"https:\/\/quehacerpolitico.mx\/?author=2"}]}},"featured_image_urls":{"full":["https:\/\/quehacerpolitico.mx\/wp-content\/uploads\/2022\/06\/2F0FEF2C-D8BB-4E7A-8390-C66C82AA9F67.jpeg",1284,716,false],"thumbnail":["https:\/\/quehacerpolitico.mx\/wp-content\/uploads\/2022\/06\/2F0FEF2C-D8BB-4E7A-8390-C66C82AA9F67-150x150.jpeg",150,150,true],"medium":["https:\/\/quehacerpolitico.mx\/wp-content\/uploads\/2022\/06\/2F0FEF2C-D8BB-4E7A-8390-C66C82AA9F67-300x167.jpeg",300,167,true],"medium_large":["https:\/\/quehacerpolitico.mx\/wp-content\/uploads\/2022\/06\/2F0FEF2C-D8BB-4E7A-8390-C66C82AA9F67-768x428.jpeg",640,357,true],"large":["https:\/\/quehacerpolitico.mx\/wp-content\/uploads\/2022\/06\/2F0FEF2C-D8BB-4E7A-8390-C66C82AA9F67-1024x571.jpeg",640,357,true],"1536x1536":["https:\/\/quehacerpolitico.mx\/wp-content\/uploads\/2022\/06\/2F0FEF2C-D8BB-4E7A-8390-C66C82AA9F67.jpeg",1284,716,false],"2048x2048":["https:\/\/quehacerpolitico.mx\/wp-content\/uploads\/2022\/06\/2F0FEF2C-D8BB-4E7A-8390-C66C82AA9F67.jpeg",1284,716,false],"covernews-featured":["https:\/\/quehacerpolitico.mx\/wp-content\/uploads\/2022\/06\/2F0FEF2C-D8BB-4E7A-8390-C66C82AA9F67.jpeg",1024,571,false],"covernews-medium":["https:\/\/quehacerpolitico.mx\/wp-content\/uploads\/2022\/06\/2F0FEF2C-D8BB-4E7A-8390-C66C82AA9F67.jpeg",540,301,false]},"author_info":{"display_name":"Redacci\u00f3n QP","author_link":"https:\/\/quehacerpolitico.mx\/?author=2"},"category_info":"<a href=\"https:\/\/quehacerpolitico.mx\/?cat=2\" rel=\"category\">Noticias<\/a>","tag_info":"Noticias","comment_count":"0","_links":{"self":[{"href":"https:\/\/quehacerpolitico.mx\/index.php?rest_route=\/wp\/v2\/posts\/93322","targetHints":{"allow":["GET"]}}],"collection":[{"href":"https:\/\/quehacerpolitico.mx\/index.php?rest_route=\/wp\/v2\/posts"}],"about":[{"href":"https:\/\/quehacerpolitico.mx\/index.php?rest_route=\/wp\/v2\/types\/post"}],"author":[{"embeddable":true,"href":"https:\/\/quehacerpolitico.mx\/index.php?rest_route=\/wp\/v2\/users\/2"}],"replies":[{"embeddable":true,"href":"https:\/\/quehacerpolitico.mx\/index.php?rest_route=%2Fwp%2Fv2%2Fcomments&post=93322"}],"version-history":[{"count":1,"href":"https:\/\/quehacerpolitico.mx\/index.php?rest_route=\/wp\/v2\/posts\/93322\/revisions"}],"predecessor-version":[{"id":93324,"href":"https:\/\/quehacerpolitico.mx\/index.php?rest_route=\/wp\/v2\/posts\/93322\/revisions\/93324"}],"wp:featuredmedia":[{"embeddable":true,"href":"https:\/\/quehacerpolitico.mx\/index.php?rest_route=\/wp\/v2\/media\/93323"}],"wp:attachment":[{"href":"https:\/\/quehacerpolitico.mx\/index.php?rest_route=%2Fwp%2Fv2%2Fmedia&parent=93322"}],"wp:term":[{"taxonomy":"category","embeddable":true,"href":"https:\/\/quehacerpolitico.mx\/index.php?rest_route=%2Fwp%2Fv2%2Fcategories&post=93322"},{"taxonomy":"post_tag","embeddable":true,"href":"https:\/\/quehacerpolitico.mx\/index.php?rest_route=%2Fwp%2Fv2%2Ftags&post=93322"}],"curies":[{"name":"wp","href":"https:\/\/api.w.org\/{rel}","templated":true}]}}