{"id":93316,"date":"2022-06-29T15:57:52","date_gmt":"2022-06-29T15:57:52","guid":{"rendered":"https:\/\/quehacerpolitico.mx\/?p=93316"},"modified":"2022-06-29T15:57:54","modified_gmt":"2022-06-29T15:57:54","slug":"gobierno-desconoce-origen-de-trailer-en-texas-donde-murieron-migrantes-inm","status":"publish","type":"post","link":"https:\/\/quehacerpolitico.mx\/?p=93316","title":{"rendered":"Gobierno desconoce origen de tr\u00e1iler en Texas donde murieron migrantes: INM\u00a0"},"content":{"rendered":"\n<p>Por Redacci\u00f3n QP<\/p>\n\n\n\n<p>&#8220;Se investiga el origen de movilidad del veh\u00edculo. Hipot\u00e9ticamente, estuvo estacionado en una localidad de El Valle del R\u00edo Grande, Texas&#8221;, dijo el comisionado el INM durante la &#8220;ma\u00f1anera&#8221;<\/p>\n\n\n\n<p>Durante la &#8220;ma\u00f1anera&#8221; de hoy, el comisionado del Instituto Nacional de Migraci\u00f3n (INM), Francisco Gardu\u00f1o Y\u00e1\u00f1ez inform\u00f3 que hasta el momento se desconoce el origen del tr\u00e1iler donde murieron 51 migrantes -por asfixia- en San Antonio, Texas.<\/p>\n\n\n\n<figure class=\"wp-block-embed is-type-video is-provider-youtube wp-block-embed-youtube wp-embed-aspect-16-9 wp-has-aspect-ratio\"><div class=\"wp-block-embed__wrapper\">\n<iframe loading=\"lazy\" title=\"INM: Gobierno desconoce origen del tr\u00e1iler donde murieron 51 migrantes en Texas\" width=\"640\" height=\"360\" src=\"https:\/\/www.youtube.com\/embed\/U8-WkdE2BDY?feature=oembed\" frameborder=\"0\" allow=\"accelerometer; autoplay; clipboard-write; encrypted-media; gyroscope; picture-in-picture; web-share\" referrerpolicy=\"strict-origin-when-cross-origin\" allowfullscreen><\/iframe>\n<\/div><\/figure>\n\n\n\n<p>Gardu\u00f1o Y\u00e1\u00f1ez report\u00f3 que, de acuerdo con las c\u00e1maras de video,\u00a0<strong>el tr\u00e1iler pas\u00f3 por los puntos de revisi\u00f3n migratoria de la Oficina de Aduanas y Protecci\u00f3n Fronteriza de los Estados Unidos (CBP por sus siglas en ingl\u00e9s), a las 14:50 horas<\/strong>del 27 de junio en el Encinal, Texas.<\/p>\n\n\n\n<p>&#8220;Se investiga el origen de movilidad del veh\u00edculo. Hipot\u00e9ticamente, estuvo estacionado en una localidad de El Valle del R\u00edo Grande, Texas&#8221;, asegur\u00f3 el funcionario.<\/p>\n\n\n\n<figure class=\"wp-block-embed is-type-rich is-provider-twitter wp-block-embed-twitter\"><div class=\"wp-block-embed__wrapper\">\n<blockquote class=\"twitter-tweet\" data-width=\"550\" data-dnt=\"true\"><p lang=\"es\" dir=\"ltr\">\u00a1SE HIZO PASAR POR UN MIGRANTE! \ud83d\ude21<br><br>El conductor del trailer fingi\u00f3 ser un sobreviviente de la tragedia donde m\u00e1s de 50 personas murieron asfixiadas. \u00a1LA AUDACIA!<br><br>Ya hay tres personas detenidas. <a href=\"https:\/\/t.co\/ivjAVa99bE\">pic.twitter.com\/ivjAVa99bE<\/a><\/p>&mdash; Ruido en la Red (@RuidoEnLaRed) <a href=\"https:\/\/twitter.com\/RuidoEnLaRed\/status\/1542130799276957698?ref_src=twsrc%5Etfw\">June 29, 2022<\/a><\/blockquote><script async src=\"https:\/\/platform.twitter.com\/widgets.js\" charset=\"utf-8\"><\/script>\n<\/div><\/figure>\n\n\n\n<p>Adem\u00e1s, mencion\u00f3 que el ICE, Servicio de Control de Inmigraci\u00f3n y Aduanas, report\u00f3 tres detenidos: Homero &#8220;N&#8221;, quien est\u00e1 identificado como el conductor del tr\u00e1iler y se hizo pasar como sobreviviente; as\u00ed como otras dos personas \u2013de origen mexicano-.<\/p>\n\n\n\n<p>Se trata de Juan Francisco &#8220;N&#8221; y Juan Claudio &#8220;N&#8221; quienes fueron detenidos por el rastreo de la unidad y se les encontraron armas, por lo que enfrentan cargos, adem\u00e1s de que tienen una situaci\u00f3n irregular en ese pa\u00eds.<\/p>\n\n\n\n<figure class=\"wp-block-embed is-type-rich is-provider-twitter wp-block-embed-twitter\"><div class=\"wp-block-embed__wrapper\">\n<blockquote class=\"twitter-tweet\" data-width=\"550\" data-dnt=\"true\"><p lang=\"es\" dir=\"ltr\">\u26a0\ufe0fOJO<br><br>Esta fue la ruta que recorri\u00f3 el trailer que dej\u00f3 a 51 migrantes muertos. <br><br>Y s\u00ed, \u00a1PAS\u00d3 POR PUNTOS DE REVISI\u00d3N MIGRATORIA!<br><br>\u00bfNo se dieron cuenta de que ven\u00eda cargado de personas? \ud83d\ude21 <a href=\"https:\/\/t.co\/DgCdaRBjnV\">pic.twitter.com\/DgCdaRBjnV<\/a><\/p>&mdash; Ruido en la Red (@RuidoEnLaRed) <a href=\"https:\/\/twitter.com\/RuidoEnLaRed\/status\/1542133676284280832?ref_src=twsrc%5Etfw\">June 29, 2022<\/a><\/blockquote><script async src=\"https:\/\/platform.twitter.com\/widgets.js\" charset=\"utf-8\"><\/script>\n<\/div><\/figure>\n\n\n\n<p>Gardu\u00f1o Y\u00e1\u00f1ez record\u00f3 que tanto la Secretar\u00eda de Relaciones Exteriores (SRE) y el consulado de M\u00e9xico en San Antonio&nbsp;<strong>mantienen comunicaci\u00f3n con autoridades migratorias de Estados Unidos para ayudar en las investigaciones e intercambio de informaci\u00f3n<\/strong>.<\/p>\n\n\n\n<p>Adem\u00e1s, un equipo de la Fiscal\u00eda General de la Rep\u00fablica (FGR) y del INM coadyuvan en las investigaciones que llevan a cabo las autoridades de Estados Unidos para identificar a la red de traficantes personas y responsables de esta tragedia. La Fiscal\u00eda abri\u00f3 una carpeta de investigaci\u00f3n por lo sucedido en territorio nacional si ese fuere el caso.<\/p>\n\n\n\n<figure class=\"wp-block-embed is-type-rich is-provider-twitter wp-block-embed-twitter\"><div class=\"wp-block-embed__wrapper\">\n<blockquote class=\"twitter-tweet\" data-width=\"550\" data-dnt=\"true\"><p lang=\"es\" dir=\"ltr\">\ud83d\udea8<a href=\"https:\/\/twitter.com\/hashtag\/%C3%9ALTIMAHORA?src=hash&amp;ref_src=twsrc%5Etfw\">#\u00daLTIMAHORA<\/a> | Ya son 27 mexicanos fallecidos en el trailer de San Antonio, <a href=\"https:\/\/twitter.com\/hashtag\/Texas?src=hash&amp;ref_src=twsrc%5Etfw\">#Texas<\/a>.<br><br>Adem\u00e1s, de los 51 migrantes, \u00a139 ERAN MUJERES! \ud83e\udd7a\ud83d\udc94<br><br>El Gobierno de M\u00e9xico ya busca la repatriaci\u00f3n de los cuerpos y otorgarles visas humanitarias a los sobrevivientes. <a href=\"https:\/\/t.co\/GtOddI3hUi\">pic.twitter.com\/GtOddI3hUi<\/a><\/p>&mdash; Ruido en la Red (@RuidoEnLaRed) <a href=\"https:\/\/twitter.com\/RuidoEnLaRed\/status\/1542134205466951681?ref_src=twsrc%5Etfw\">June 29, 2022<\/a><\/blockquote><script async src=\"https:\/\/platform.twitter.com\/widgets.js\" charset=\"utf-8\"><\/script>\n<\/div><\/figure>\n\n\n\n<p>Con informaci\u00f3n de SUN<\/p>\n","protected":false},"excerpt":{"rendered":"<p>Por Redacci\u00f3n QP &#8220;Se investiga el origen de movilidad del veh\u00edculo. Hipot\u00e9ticamente, estuvo estacionado en&#8230;<\/p>\n","protected":false},"author":2,"featured_media":93317,"comment_status":"open","ping_status":"open","sticky":false,"template":"","format":"standard","meta":{"_monsterinsights_skip_tracking":false,"_monsterinsights_sitenote_active":false,"_monsterinsights_sitenote_note":"","_monsterinsights_sitenote_category":0,"footnotes":""},"categories":[2],"tags":[],"class_list":["post-93316","post","type-post","status-publish","format-standard","has-post-thumbnail","hentry","category-noticias"],"yoast_head":"<!-- This site is optimized with the Yoast SEO plugin v27.3 - https:\/\/yoast.com\/product\/yoast-seo-wordpress\/ -->\n<title>Gobierno desconoce origen de tr\u00e1iler en Texas donde murieron migrantes: INM\u00a0 -<\/title>\n<meta name=\"robots\" content=\"index, follow, max-snippet:-1, max-image-preview:large, max-video-preview:-1\" \/>\n<link rel=\"canonical\" href=\"https:\/\/quehacerpolitico.mx\/?p=93316\" \/>\n<meta property=\"og:locale\" content=\"es_MX\" \/>\n<meta property=\"og:type\" content=\"article\" \/>\n<meta property=\"og:title\" content=\"Gobierno desconoce origen de tr\u00e1iler en Texas donde murieron migrantes: INM\u00a0 -\" \/>\n<meta property=\"og:description\" content=\"Por Redacci\u00f3n QP &#8220;Se investiga el origen de movilidad del veh\u00edculo. Hipot\u00e9ticamente, estuvo estacionado en...\" \/>\n<meta property=\"og:url\" content=\"https:\/\/quehacerpolitico.mx\/?p=93316\" \/>\n<meta property=\"article:published_time\" content=\"2022-06-29T15:57:52+00:00\" \/>\n<meta property=\"article:modified_time\" content=\"2022-06-29T15:57:54+00:00\" \/>\n<meta property=\"og:image\" content=\"https:\/\/quehacerpolitico.mx\/wp-content\/uploads\/2022\/06\/C91AE128-D87A-4F9E-A3C2-B8E84F9D4526.jpeg\" \/>\n\t<meta property=\"og:image:width\" content=\"1284\" \/>\n\t<meta property=\"og:image:height\" content=\"704\" \/>\n\t<meta property=\"og:image:type\" content=\"image\/jpeg\" \/>\n<meta name=\"author\" content=\"Redacci\u00f3n QP\" \/>\n<meta name=\"twitter:card\" content=\"summary_large_image\" \/>\n<meta name=\"twitter:label1\" content=\"Escrito por\" \/>\n\t<meta name=\"twitter:data1\" content=\"Redacci\u00f3n QP\" \/>\n\t<meta name=\"twitter:label2\" content=\"Tiempo de lectura\" \/>\n\t<meta name=\"twitter:data2\" content=\"2 minutos\" \/>\n<script type=\"application\/ld+json\" class=\"yoast-schema-graph\">{\"@context\":\"https:\\\/\\\/schema.org\",\"@graph\":[{\"@type\":\"Article\",\"@id\":\"https:\\\/\\\/quehacerpolitico.mx\\\/?p=93316#article\",\"isPartOf\":{\"@id\":\"https:\\\/\\\/quehacerpolitico.mx\\\/?p=93316\"},\"author\":{\"name\":\"Redacci\u00f3n QP\",\"@id\":\"https:\\\/\\\/quehacerpolitico.mx\\\/#\\\/schema\\\/person\\\/496d8ad2d1d3f8036101dca7ee39e585\"},\"headline\":\"Gobierno desconoce origen de tr\u00e1iler en Texas donde murieron migrantes: INM\u00a0\",\"datePublished\":\"2022-06-29T15:57:52+00:00\",\"dateModified\":\"2022-06-29T15:57:54+00:00\",\"mainEntityOfPage\":{\"@id\":\"https:\\\/\\\/quehacerpolitico.mx\\\/?p=93316\"},\"wordCount\":402,\"commentCount\":0,\"image\":{\"@id\":\"https:\\\/\\\/quehacerpolitico.mx\\\/?p=93316#primaryimage\"},\"thumbnailUrl\":\"https:\\\/\\\/quehacerpolitico.mx\\\/wp-content\\\/uploads\\\/2022\\\/06\\\/C91AE128-D87A-4F9E-A3C2-B8E84F9D4526.jpeg\",\"articleSection\":[\"Noticias\"],\"inLanguage\":\"es\",\"potentialAction\":[{\"@type\":\"CommentAction\",\"name\":\"Comment\",\"target\":[\"https:\\\/\\\/quehacerpolitico.mx\\\/?p=93316#respond\"]}]},{\"@type\":\"WebPage\",\"@id\":\"https:\\\/\\\/quehacerpolitico.mx\\\/?p=93316\",\"url\":\"https:\\\/\\\/quehacerpolitico.mx\\\/?p=93316\",\"name\":\"Gobierno desconoce origen de tr\u00e1iler en Texas donde murieron migrantes: INM\u00a0 -\",\"isPartOf\":{\"@id\":\"https:\\\/\\\/quehacerpolitico.mx\\\/#website\"},\"primaryImageOfPage\":{\"@id\":\"https:\\\/\\\/quehacerpolitico.mx\\\/?p=93316#primaryimage\"},\"image\":{\"@id\":\"https:\\\/\\\/quehacerpolitico.mx\\\/?p=93316#primaryimage\"},\"thumbnailUrl\":\"https:\\\/\\\/quehacerpolitico.mx\\\/wp-content\\\/uploads\\\/2022\\\/06\\\/C91AE128-D87A-4F9E-A3C2-B8E84F9D4526.jpeg\",\"datePublished\":\"2022-06-29T15:57:52+00:00\",\"dateModified\":\"2022-06-29T15:57:54+00:00\",\"author\":{\"@id\":\"https:\\\/\\\/quehacerpolitico.mx\\\/#\\\/schema\\\/person\\\/496d8ad2d1d3f8036101dca7ee39e585\"},\"breadcrumb\":{\"@id\":\"https:\\\/\\\/quehacerpolitico.mx\\\/?p=93316#breadcrumb\"},\"inLanguage\":\"es\",\"potentialAction\":[{\"@type\":\"ReadAction\",\"target\":[\"https:\\\/\\\/quehacerpolitico.mx\\\/?p=93316\"]}]},{\"@type\":\"ImageObject\",\"inLanguage\":\"es\",\"@id\":\"https:\\\/\\\/quehacerpolitico.mx\\\/?p=93316#primaryimage\",\"url\":\"https:\\\/\\\/quehacerpolitico.mx\\\/wp-content\\\/uploads\\\/2022\\\/06\\\/C91AE128-D87A-4F9E-A3C2-B8E84F9D4526.jpeg\",\"contentUrl\":\"https:\\\/\\\/quehacerpolitico.mx\\\/wp-content\\\/uploads\\\/2022\\\/06\\\/C91AE128-D87A-4F9E-A3C2-B8E84F9D4526.jpeg\",\"width\":1284,\"height\":704},{\"@type\":\"BreadcrumbList\",\"@id\":\"https:\\\/\\\/quehacerpolitico.mx\\\/?p=93316#breadcrumb\",\"itemListElement\":[{\"@type\":\"ListItem\",\"position\":1,\"name\":\"Inicio\",\"item\":\"https:\\\/\\\/quehacerpolitico.mx\\\/\"},{\"@type\":\"ListItem\",\"position\":2,\"name\":\"Gobierno desconoce origen de tr\u00e1iler en Texas donde murieron migrantes: INM\u00a0\"}]},{\"@type\":\"WebSite\",\"@id\":\"https:\\\/\\\/quehacerpolitico.mx\\\/#website\",\"url\":\"https:\\\/\\\/quehacerpolitico.mx\\\/\",\"name\":\"\",\"description\":\"\",\"potentialAction\":[{\"@type\":\"SearchAction\",\"target\":{\"@type\":\"EntryPoint\",\"urlTemplate\":\"https:\\\/\\\/quehacerpolitico.mx\\\/?s={search_term_string}\"},\"query-input\":{\"@type\":\"PropertyValueSpecification\",\"valueRequired\":true,\"valueName\":\"search_term_string\"}}],\"inLanguage\":\"es\"},{\"@type\":\"Person\",\"@id\":\"https:\\\/\\\/quehacerpolitico.mx\\\/#\\\/schema\\\/person\\\/496d8ad2d1d3f8036101dca7ee39e585\",\"name\":\"Redacci\u00f3n QP\",\"image\":{\"@type\":\"ImageObject\",\"inLanguage\":\"es\",\"@id\":\"https:\\\/\\\/secure.gravatar.com\\\/avatar\\\/c7164ed6fdec453195284ad24a5ae5b6e1eed2b848477fa2a4787ba9adf39a41?s=96&d=mm&r=g\",\"url\":\"https:\\\/\\\/secure.gravatar.com\\\/avatar\\\/c7164ed6fdec453195284ad24a5ae5b6e1eed2b848477fa2a4787ba9adf39a41?s=96&d=mm&r=g\",\"contentUrl\":\"https:\\\/\\\/secure.gravatar.com\\\/avatar\\\/c7164ed6fdec453195284ad24a5ae5b6e1eed2b848477fa2a4787ba9adf39a41?s=96&d=mm&r=g\",\"caption\":\"Redacci\u00f3n QP\"},\"url\":\"https:\\\/\\\/quehacerpolitico.mx\\\/?author=2\"}]}<\/script>\n<!-- \/ Yoast SEO plugin. -->","yoast_head_json":{"title":"Gobierno desconoce origen de tr\u00e1iler en Texas donde murieron migrantes: INM\u00a0 -","robots":{"index":"index","follow":"follow","max-snippet":"max-snippet:-1","max-image-preview":"max-image-preview:large","max-video-preview":"max-video-preview:-1"},"canonical":"https:\/\/quehacerpolitico.mx\/?p=93316","og_locale":"es_MX","og_type":"article","og_title":"Gobierno desconoce origen de tr\u00e1iler en Texas donde murieron migrantes: INM\u00a0 -","og_description":"Por Redacci\u00f3n QP &#8220;Se investiga el origen de movilidad del veh\u00edculo. Hipot\u00e9ticamente, estuvo estacionado en...","og_url":"https:\/\/quehacerpolitico.mx\/?p=93316","article_published_time":"2022-06-29T15:57:52+00:00","article_modified_time":"2022-06-29T15:57:54+00:00","og_image":[{"width":1284,"height":704,"url":"https:\/\/quehacerpolitico.mx\/wp-content\/uploads\/2022\/06\/C91AE128-D87A-4F9E-A3C2-B8E84F9D4526.jpeg","type":"image\/jpeg"}],"author":"Redacci\u00f3n QP","twitter_card":"summary_large_image","twitter_misc":{"Escrito por":"Redacci\u00f3n QP","Tiempo de lectura":"2 minutos"},"schema":{"@context":"https:\/\/schema.org","@graph":[{"@type":"Article","@id":"https:\/\/quehacerpolitico.mx\/?p=93316#article","isPartOf":{"@id":"https:\/\/quehacerpolitico.mx\/?p=93316"},"author":{"name":"Redacci\u00f3n QP","@id":"https:\/\/quehacerpolitico.mx\/#\/schema\/person\/496d8ad2d1d3f8036101dca7ee39e585"},"headline":"Gobierno desconoce origen de tr\u00e1iler en Texas donde murieron migrantes: INM\u00a0","datePublished":"2022-06-29T15:57:52+00:00","dateModified":"2022-06-29T15:57:54+00:00","mainEntityOfPage":{"@id":"https:\/\/quehacerpolitico.mx\/?p=93316"},"wordCount":402,"commentCount":0,"image":{"@id":"https:\/\/quehacerpolitico.mx\/?p=93316#primaryimage"},"thumbnailUrl":"https:\/\/quehacerpolitico.mx\/wp-content\/uploads\/2022\/06\/C91AE128-D87A-4F9E-A3C2-B8E84F9D4526.jpeg","articleSection":["Noticias"],"inLanguage":"es","potentialAction":[{"@type":"CommentAction","name":"Comment","target":["https:\/\/quehacerpolitico.mx\/?p=93316#respond"]}]},{"@type":"WebPage","@id":"https:\/\/quehacerpolitico.mx\/?p=93316","url":"https:\/\/quehacerpolitico.mx\/?p=93316","name":"Gobierno desconoce origen de tr\u00e1iler en Texas donde murieron migrantes: INM\u00a0 -","isPartOf":{"@id":"https:\/\/quehacerpolitico.mx\/#website"},"primaryImageOfPage":{"@id":"https:\/\/quehacerpolitico.mx\/?p=93316#primaryimage"},"image":{"@id":"https:\/\/quehacerpolitico.mx\/?p=93316#primaryimage"},"thumbnailUrl":"https:\/\/quehacerpolitico.mx\/wp-content\/uploads\/2022\/06\/C91AE128-D87A-4F9E-A3C2-B8E84F9D4526.jpeg","datePublished":"2022-06-29T15:57:52+00:00","dateModified":"2022-06-29T15:57:54+00:00","author":{"@id":"https:\/\/quehacerpolitico.mx\/#\/schema\/person\/496d8ad2d1d3f8036101dca7ee39e585"},"breadcrumb":{"@id":"https:\/\/quehacerpolitico.mx\/?p=93316#breadcrumb"},"inLanguage":"es","potentialAction":[{"@type":"ReadAction","target":["https:\/\/quehacerpolitico.mx\/?p=93316"]}]},{"@type":"ImageObject","inLanguage":"es","@id":"https:\/\/quehacerpolitico.mx\/?p=93316#primaryimage","url":"https:\/\/quehacerpolitico.mx\/wp-content\/uploads\/2022\/06\/C91AE128-D87A-4F9E-A3C2-B8E84F9D4526.jpeg","contentUrl":"https:\/\/quehacerpolitico.mx\/wp-content\/uploads\/2022\/06\/C91AE128-D87A-4F9E-A3C2-B8E84F9D4526.jpeg","width":1284,"height":704},{"@type":"BreadcrumbList","@id":"https:\/\/quehacerpolitico.mx\/?p=93316#breadcrumb","itemListElement":[{"@type":"ListItem","position":1,"name":"Inicio","item":"https:\/\/quehacerpolitico.mx\/"},{"@type":"ListItem","position":2,"name":"Gobierno desconoce origen de tr\u00e1iler en Texas donde murieron migrantes: INM\u00a0"}]},{"@type":"WebSite","@id":"https:\/\/quehacerpolitico.mx\/#website","url":"https:\/\/quehacerpolitico.mx\/","name":"","description":"","potentialAction":[{"@type":"SearchAction","target":{"@type":"EntryPoint","urlTemplate":"https:\/\/quehacerpolitico.mx\/?s={search_term_string}"},"query-input":{"@type":"PropertyValueSpecification","valueRequired":true,"valueName":"search_term_string"}}],"inLanguage":"es"},{"@type":"Person","@id":"https:\/\/quehacerpolitico.mx\/#\/schema\/person\/496d8ad2d1d3f8036101dca7ee39e585","name":"Redacci\u00f3n QP","image":{"@type":"ImageObject","inLanguage":"es","@id":"https:\/\/secure.gravatar.com\/avatar\/c7164ed6fdec453195284ad24a5ae5b6e1eed2b848477fa2a4787ba9adf39a41?s=96&d=mm&r=g","url":"https:\/\/secure.gravatar.com\/avatar\/c7164ed6fdec453195284ad24a5ae5b6e1eed2b848477fa2a4787ba9adf39a41?s=96&d=mm&r=g","contentUrl":"https:\/\/secure.gravatar.com\/avatar\/c7164ed6fdec453195284ad24a5ae5b6e1eed2b848477fa2a4787ba9adf39a41?s=96&d=mm&r=g","caption":"Redacci\u00f3n QP"},"url":"https:\/\/quehacerpolitico.mx\/?author=2"}]}},"featured_image_urls":{"full":["https:\/\/quehacerpolitico.mx\/wp-content\/uploads\/2022\/06\/C91AE128-D87A-4F9E-A3C2-B8E84F9D4526.jpeg",1284,704,false],"thumbnail":["https:\/\/quehacerpolitico.mx\/wp-content\/uploads\/2022\/06\/C91AE128-D87A-4F9E-A3C2-B8E84F9D4526-150x150.jpeg",150,150,true],"medium":["https:\/\/quehacerpolitico.mx\/wp-content\/uploads\/2022\/06\/C91AE128-D87A-4F9E-A3C2-B8E84F9D4526-300x164.jpeg",300,164,true],"medium_large":["https:\/\/quehacerpolitico.mx\/wp-content\/uploads\/2022\/06\/C91AE128-D87A-4F9E-A3C2-B8E84F9D4526-768x421.jpeg",640,351,true],"large":["https:\/\/quehacerpolitico.mx\/wp-content\/uploads\/2022\/06\/C91AE128-D87A-4F9E-A3C2-B8E84F9D4526-1024x561.jpeg",640,351,true],"1536x1536":["https:\/\/quehacerpolitico.mx\/wp-content\/uploads\/2022\/06\/C91AE128-D87A-4F9E-A3C2-B8E84F9D4526.jpeg",1284,704,false],"2048x2048":["https:\/\/quehacerpolitico.mx\/wp-content\/uploads\/2022\/06\/C91AE128-D87A-4F9E-A3C2-B8E84F9D4526.jpeg",1284,704,false],"covernews-featured":["https:\/\/quehacerpolitico.mx\/wp-content\/uploads\/2022\/06\/C91AE128-D87A-4F9E-A3C2-B8E84F9D4526.jpeg",1024,561,false],"covernews-medium":["https:\/\/quehacerpolitico.mx\/wp-content\/uploads\/2022\/06\/C91AE128-D87A-4F9E-A3C2-B8E84F9D4526.jpeg",540,296,false]},"author_info":{"display_name":"Redacci\u00f3n QP","author_link":"https:\/\/quehacerpolitico.mx\/?author=2"},"category_info":"<a href=\"https:\/\/quehacerpolitico.mx\/?cat=2\" rel=\"category\">Noticias<\/a>","tag_info":"Noticias","comment_count":"0","_links":{"self":[{"href":"https:\/\/quehacerpolitico.mx\/index.php?rest_route=\/wp\/v2\/posts\/93316","targetHints":{"allow":["GET"]}}],"collection":[{"href":"https:\/\/quehacerpolitico.mx\/index.php?rest_route=\/wp\/v2\/posts"}],"about":[{"href":"https:\/\/quehacerpolitico.mx\/index.php?rest_route=\/wp\/v2\/types\/post"}],"author":[{"embeddable":true,"href":"https:\/\/quehacerpolitico.mx\/index.php?rest_route=\/wp\/v2\/users\/2"}],"replies":[{"embeddable":true,"href":"https:\/\/quehacerpolitico.mx\/index.php?rest_route=%2Fwp%2Fv2%2Fcomments&post=93316"}],"version-history":[{"count":1,"href":"https:\/\/quehacerpolitico.mx\/index.php?rest_route=\/wp\/v2\/posts\/93316\/revisions"}],"predecessor-version":[{"id":93318,"href":"https:\/\/quehacerpolitico.mx\/index.php?rest_route=\/wp\/v2\/posts\/93316\/revisions\/93318"}],"wp:featuredmedia":[{"embeddable":true,"href":"https:\/\/quehacerpolitico.mx\/index.php?rest_route=\/wp\/v2\/media\/93317"}],"wp:attachment":[{"href":"https:\/\/quehacerpolitico.mx\/index.php?rest_route=%2Fwp%2Fv2%2Fmedia&parent=93316"}],"wp:term":[{"taxonomy":"category","embeddable":true,"href":"https:\/\/quehacerpolitico.mx\/index.php?rest_route=%2Fwp%2Fv2%2Fcategories&post=93316"},{"taxonomy":"post_tag","embeddable":true,"href":"https:\/\/quehacerpolitico.mx\/index.php?rest_route=%2Fwp%2Fv2%2Ftags&post=93316"}],"curies":[{"name":"wp","href":"https:\/\/api.w.org\/{rel}","templated":true}]}}