{"id":93274,"date":"2022-06-28T14:27:37","date_gmt":"2022-06-28T14:27:37","guid":{"rendered":"https:\/\/quehacerpolitico.mx\/?p=93274"},"modified":"2022-06-28T14:27:40","modified_gmt":"2022-06-28T14:27:40","slug":"lopez-obrador-lamenta-muerte-de-50-migrantes-en-un-trailer","status":"publish","type":"post","link":"https:\/\/quehacerpolitico.mx\/?p=93274","title":{"rendered":"L\u00f3pez Obrador lamenta muerte de 50 migrantes en un tr\u00e1iler\u00a0"},"content":{"rendered":"\n<p>Por Redacci\u00f3n QP<\/p>\n\n\n\n<p>&#8220;Estos hechos lamentables que desde luego tienen que ver con la situaci\u00f3n de pobreza&#8221;, declara L\u00f3pez Obrador<\/p>\n\n\n\n<p>El Presidente\u00a0Andres Manuel Lopez Obrador expreso su profundo p\u00e9same a los familiares de 50 migrantes, mexicanos y centroamericanos, que\u00a0murieron al tratar de llegar a Estados Unidos en b\u00fasqueda de mejores condiciones; adem\u00e1s, el Mandatario adelant\u00f3 que\u00a0<strong>M\u00e9xico har\u00e1 una investigaci\u00f3n<\/strong>.<\/p>\n\n\n\n<p><strong>&#8220;Expresar mi m\u00e1s profundo p\u00e9same a familiares de migrantes mexicanos, hondure\u00f1os y guatemaltecos que murieron ayer asfixiados en un tr\u00e1iler&#8221;<\/strong>, declar\u00f3 L\u00f3pez Obrador.<\/p>\n\n\n\n<figure class=\"wp-block-embed is-type-rich is-provider-twitter wp-block-embed-twitter\"><div class=\"wp-block-embed__wrapper\">\n<blockquote class=\"twitter-tweet\" data-width=\"550\" data-dnt=\"true\"><p lang=\"es\" dir=\"ltr\">Ayer fueron encontrados 50 migrantes asfixiados dentro de un trailer abandonado en San Antonio, Texas.<br><br>El presidente <a href=\"https:\/\/twitter.com\/lopezobrador_?ref_src=twsrc%5Etfw\">@lopezobrador_<\/a> manda sus condolencias a las familias e informa que 22 eran mexicanos. <a href=\"https:\/\/t.co\/93feHw9UXO\">pic.twitter.com\/93feHw9UXO<\/a><\/p>&mdash; Ruido en la Red (@RuidoEnLaRed) <a href=\"https:\/\/twitter.com\/RuidoEnLaRed\/status\/1541760540988637185?ref_src=twsrc%5Etfw\">June 28, 2022<\/a><\/blockquote><script async src=\"https:\/\/platform.twitter.com\/widgets.js\" charset=\"utf-8\"><\/script>\n<\/div><\/figure>\n\n\n\n<p>En\u00a0conferencia de prensa \u201dma\u00f1anera\u201d, el Mandatario dijo que esta\u00a0<strong>&#8220;tremenda desgracia&#8221;<\/strong>ocurri\u00f3 en San Antonio, Texas.<\/p>\n\n\n\n<p><strong>&#8220;Hasta ahora son 50 los fallecidos, 22 de M\u00e9xico, 7 de Guatemala, 2&nbsp;de Honduras y 19 no hay informaci\u00f3n sobre su nacionalidad&#8221;<\/strong>, mencion\u00f3.<\/p>\n\n\n\n<p>El Presidente L\u00f3pez Obrador dijo que\u00a0<strong>su gobierno est\u00e1 apoyando desde ayer a las v\u00edctimas\u00a0<\/strong>por medio del c\u00f3nsul de M\u00e9xico en San Antonio, Rub\u00e9n Minutti, as\u00ed como funcionarios del Instituto Nacional de Migraci\u00f3n.<\/p>\n\n\n\n<p>&#8220;Vamos a estar atentos para apoyar a los familiares de las v\u00edctimas, en el traslado de los cuerpos y desde luego hacer la investigaci\u00f3n en lo que a nosotros nos corresponde, porque\u00a0<strong>estos hechos lamentables que desde luego tienen que ver con la situaci\u00f3n de pobreza<\/strong>, desesperaci\u00f3n de hermanos centroamericanos, de mexicanos, suceden porque tambi\u00e9n hay tr\u00e1fico de personas y falta de controles en este caso en la frontera de M\u00e9xico y al interior de Estados Unidos&#8221;.<\/p>\n\n\n\n<p>Con informaci\u00f3n de SUN<\/p>\n","protected":false},"excerpt":{"rendered":"<p>Por Redacci\u00f3n QP &#8220;Estos hechos lamentables que desde luego tienen que ver con la situaci\u00f3n&#8230;<\/p>\n","protected":false},"author":2,"featured_media":93275,"comment_status":"open","ping_status":"open","sticky":false,"template":"","format":"standard","meta":{"_monsterinsights_skip_tracking":false,"_monsterinsights_sitenote_active":false,"_monsterinsights_sitenote_note":"","_monsterinsights_sitenote_category":0,"footnotes":""},"categories":[2],"tags":[],"class_list":["post-93274","post","type-post","status-publish","format-standard","has-post-thumbnail","hentry","category-noticias"],"yoast_head":"<!-- This site is optimized with the Yoast SEO plugin v27.3 - https:\/\/yoast.com\/product\/yoast-seo-wordpress\/ -->\n<title>L\u00f3pez Obrador lamenta muerte de 50 migrantes en un tr\u00e1iler\u00a0 -<\/title>\n<meta name=\"robots\" content=\"index, follow, max-snippet:-1, max-image-preview:large, max-video-preview:-1\" \/>\n<link rel=\"canonical\" href=\"https:\/\/quehacerpolitico.mx\/?p=93274\" \/>\n<meta property=\"og:locale\" content=\"es_MX\" \/>\n<meta property=\"og:type\" content=\"article\" \/>\n<meta property=\"og:title\" content=\"L\u00f3pez Obrador lamenta muerte de 50 migrantes en un tr\u00e1iler\u00a0 -\" \/>\n<meta property=\"og:description\" content=\"Por Redacci\u00f3n QP &#8220;Estos hechos lamentables que desde luego tienen que ver con la situaci\u00f3n...\" \/>\n<meta property=\"og:url\" content=\"https:\/\/quehacerpolitico.mx\/?p=93274\" \/>\n<meta property=\"article:published_time\" content=\"2022-06-28T14:27:37+00:00\" \/>\n<meta property=\"article:modified_time\" content=\"2022-06-28T14:27:40+00:00\" \/>\n<meta property=\"og:image\" content=\"https:\/\/quehacerpolitico.mx\/wp-content\/uploads\/2022\/06\/531FD6BF-45CF-43CC-8171-52AAAE36894C.jpeg\" \/>\n\t<meta property=\"og:image:width\" content=\"959\" \/>\n\t<meta property=\"og:image:height\" content=\"578\" \/>\n\t<meta property=\"og:image:type\" content=\"image\/jpeg\" \/>\n<meta name=\"author\" content=\"Redacci\u00f3n QP\" \/>\n<meta name=\"twitter:card\" content=\"summary_large_image\" \/>\n<meta name=\"twitter:label1\" content=\"Escrito por\" \/>\n\t<meta name=\"twitter:data1\" content=\"Redacci\u00f3n QP\" \/>\n\t<meta name=\"twitter:label2\" content=\"Tiempo de lectura\" \/>\n\t<meta name=\"twitter:data2\" content=\"1 minuto\" \/>\n<script type=\"application\/ld+json\" class=\"yoast-schema-graph\">{\"@context\":\"https:\\\/\\\/schema.org\",\"@graph\":[{\"@type\":\"Article\",\"@id\":\"https:\\\/\\\/quehacerpolitico.mx\\\/?p=93274#article\",\"isPartOf\":{\"@id\":\"https:\\\/\\\/quehacerpolitico.mx\\\/?p=93274\"},\"author\":{\"name\":\"Redacci\u00f3n QP\",\"@id\":\"https:\\\/\\\/quehacerpolitico.mx\\\/#\\\/schema\\\/person\\\/496d8ad2d1d3f8036101dca7ee39e585\"},\"headline\":\"L\u00f3pez Obrador lamenta muerte de 50 migrantes en un tr\u00e1iler\u00a0\",\"datePublished\":\"2022-06-28T14:27:37+00:00\",\"dateModified\":\"2022-06-28T14:27:40+00:00\",\"mainEntityOfPage\":{\"@id\":\"https:\\\/\\\/quehacerpolitico.mx\\\/?p=93274\"},\"wordCount\":290,\"commentCount\":0,\"image\":{\"@id\":\"https:\\\/\\\/quehacerpolitico.mx\\\/?p=93274#primaryimage\"},\"thumbnailUrl\":\"https:\\\/\\\/quehacerpolitico.mx\\\/wp-content\\\/uploads\\\/2022\\\/06\\\/531FD6BF-45CF-43CC-8171-52AAAE36894C.jpeg\",\"articleSection\":[\"Noticias\"],\"inLanguage\":\"es\",\"potentialAction\":[{\"@type\":\"CommentAction\",\"name\":\"Comment\",\"target\":[\"https:\\\/\\\/quehacerpolitico.mx\\\/?p=93274#respond\"]}]},{\"@type\":\"WebPage\",\"@id\":\"https:\\\/\\\/quehacerpolitico.mx\\\/?p=93274\",\"url\":\"https:\\\/\\\/quehacerpolitico.mx\\\/?p=93274\",\"name\":\"L\u00f3pez Obrador lamenta muerte de 50 migrantes en un tr\u00e1iler\u00a0 -\",\"isPartOf\":{\"@id\":\"https:\\\/\\\/quehacerpolitico.mx\\\/#website\"},\"primaryImageOfPage\":{\"@id\":\"https:\\\/\\\/quehacerpolitico.mx\\\/?p=93274#primaryimage\"},\"image\":{\"@id\":\"https:\\\/\\\/quehacerpolitico.mx\\\/?p=93274#primaryimage\"},\"thumbnailUrl\":\"https:\\\/\\\/quehacerpolitico.mx\\\/wp-content\\\/uploads\\\/2022\\\/06\\\/531FD6BF-45CF-43CC-8171-52AAAE36894C.jpeg\",\"datePublished\":\"2022-06-28T14:27:37+00:00\",\"dateModified\":\"2022-06-28T14:27:40+00:00\",\"author\":{\"@id\":\"https:\\\/\\\/quehacerpolitico.mx\\\/#\\\/schema\\\/person\\\/496d8ad2d1d3f8036101dca7ee39e585\"},\"breadcrumb\":{\"@id\":\"https:\\\/\\\/quehacerpolitico.mx\\\/?p=93274#breadcrumb\"},\"inLanguage\":\"es\",\"potentialAction\":[{\"@type\":\"ReadAction\",\"target\":[\"https:\\\/\\\/quehacerpolitico.mx\\\/?p=93274\"]}]},{\"@type\":\"ImageObject\",\"inLanguage\":\"es\",\"@id\":\"https:\\\/\\\/quehacerpolitico.mx\\\/?p=93274#primaryimage\",\"url\":\"https:\\\/\\\/quehacerpolitico.mx\\\/wp-content\\\/uploads\\\/2022\\\/06\\\/531FD6BF-45CF-43CC-8171-52AAAE36894C.jpeg\",\"contentUrl\":\"https:\\\/\\\/quehacerpolitico.mx\\\/wp-content\\\/uploads\\\/2022\\\/06\\\/531FD6BF-45CF-43CC-8171-52AAAE36894C.jpeg\",\"width\":959,\"height\":578},{\"@type\":\"BreadcrumbList\",\"@id\":\"https:\\\/\\\/quehacerpolitico.mx\\\/?p=93274#breadcrumb\",\"itemListElement\":[{\"@type\":\"ListItem\",\"position\":1,\"name\":\"Inicio\",\"item\":\"https:\\\/\\\/quehacerpolitico.mx\\\/\"},{\"@type\":\"ListItem\",\"position\":2,\"name\":\"L\u00f3pez Obrador lamenta muerte de 50 migrantes en un tr\u00e1iler\u00a0\"}]},{\"@type\":\"WebSite\",\"@id\":\"https:\\\/\\\/quehacerpolitico.mx\\\/#website\",\"url\":\"https:\\\/\\\/quehacerpolitico.mx\\\/\",\"name\":\"\",\"description\":\"\",\"potentialAction\":[{\"@type\":\"SearchAction\",\"target\":{\"@type\":\"EntryPoint\",\"urlTemplate\":\"https:\\\/\\\/quehacerpolitico.mx\\\/?s={search_term_string}\"},\"query-input\":{\"@type\":\"PropertyValueSpecification\",\"valueRequired\":true,\"valueName\":\"search_term_string\"}}],\"inLanguage\":\"es\"},{\"@type\":\"Person\",\"@id\":\"https:\\\/\\\/quehacerpolitico.mx\\\/#\\\/schema\\\/person\\\/496d8ad2d1d3f8036101dca7ee39e585\",\"name\":\"Redacci\u00f3n QP\",\"image\":{\"@type\":\"ImageObject\",\"inLanguage\":\"es\",\"@id\":\"https:\\\/\\\/secure.gravatar.com\\\/avatar\\\/c7164ed6fdec453195284ad24a5ae5b6e1eed2b848477fa2a4787ba9adf39a41?s=96&d=mm&r=g\",\"url\":\"https:\\\/\\\/secure.gravatar.com\\\/avatar\\\/c7164ed6fdec453195284ad24a5ae5b6e1eed2b848477fa2a4787ba9adf39a41?s=96&d=mm&r=g\",\"contentUrl\":\"https:\\\/\\\/secure.gravatar.com\\\/avatar\\\/c7164ed6fdec453195284ad24a5ae5b6e1eed2b848477fa2a4787ba9adf39a41?s=96&d=mm&r=g\",\"caption\":\"Redacci\u00f3n QP\"},\"url\":\"https:\\\/\\\/quehacerpolitico.mx\\\/?author=2\"}]}<\/script>\n<!-- \/ Yoast SEO plugin. -->","yoast_head_json":{"title":"L\u00f3pez Obrador lamenta muerte de 50 migrantes en un tr\u00e1iler\u00a0 -","robots":{"index":"index","follow":"follow","max-snippet":"max-snippet:-1","max-image-preview":"max-image-preview:large","max-video-preview":"max-video-preview:-1"},"canonical":"https:\/\/quehacerpolitico.mx\/?p=93274","og_locale":"es_MX","og_type":"article","og_title":"L\u00f3pez Obrador lamenta muerte de 50 migrantes en un tr\u00e1iler\u00a0 -","og_description":"Por Redacci\u00f3n QP &#8220;Estos hechos lamentables que desde luego tienen que ver con la situaci\u00f3n...","og_url":"https:\/\/quehacerpolitico.mx\/?p=93274","article_published_time":"2022-06-28T14:27:37+00:00","article_modified_time":"2022-06-28T14:27:40+00:00","og_image":[{"width":959,"height":578,"url":"https:\/\/quehacerpolitico.mx\/wp-content\/uploads\/2022\/06\/531FD6BF-45CF-43CC-8171-52AAAE36894C.jpeg","type":"image\/jpeg"}],"author":"Redacci\u00f3n QP","twitter_card":"summary_large_image","twitter_misc":{"Escrito por":"Redacci\u00f3n QP","Tiempo de lectura":"1 minuto"},"schema":{"@context":"https:\/\/schema.org","@graph":[{"@type":"Article","@id":"https:\/\/quehacerpolitico.mx\/?p=93274#article","isPartOf":{"@id":"https:\/\/quehacerpolitico.mx\/?p=93274"},"author":{"name":"Redacci\u00f3n QP","@id":"https:\/\/quehacerpolitico.mx\/#\/schema\/person\/496d8ad2d1d3f8036101dca7ee39e585"},"headline":"L\u00f3pez Obrador lamenta muerte de 50 migrantes en un tr\u00e1iler\u00a0","datePublished":"2022-06-28T14:27:37+00:00","dateModified":"2022-06-28T14:27:40+00:00","mainEntityOfPage":{"@id":"https:\/\/quehacerpolitico.mx\/?p=93274"},"wordCount":290,"commentCount":0,"image":{"@id":"https:\/\/quehacerpolitico.mx\/?p=93274#primaryimage"},"thumbnailUrl":"https:\/\/quehacerpolitico.mx\/wp-content\/uploads\/2022\/06\/531FD6BF-45CF-43CC-8171-52AAAE36894C.jpeg","articleSection":["Noticias"],"inLanguage":"es","potentialAction":[{"@type":"CommentAction","name":"Comment","target":["https:\/\/quehacerpolitico.mx\/?p=93274#respond"]}]},{"@type":"WebPage","@id":"https:\/\/quehacerpolitico.mx\/?p=93274","url":"https:\/\/quehacerpolitico.mx\/?p=93274","name":"L\u00f3pez Obrador lamenta muerte de 50 migrantes en un tr\u00e1iler\u00a0 -","isPartOf":{"@id":"https:\/\/quehacerpolitico.mx\/#website"},"primaryImageOfPage":{"@id":"https:\/\/quehacerpolitico.mx\/?p=93274#primaryimage"},"image":{"@id":"https:\/\/quehacerpolitico.mx\/?p=93274#primaryimage"},"thumbnailUrl":"https:\/\/quehacerpolitico.mx\/wp-content\/uploads\/2022\/06\/531FD6BF-45CF-43CC-8171-52AAAE36894C.jpeg","datePublished":"2022-06-28T14:27:37+00:00","dateModified":"2022-06-28T14:27:40+00:00","author":{"@id":"https:\/\/quehacerpolitico.mx\/#\/schema\/person\/496d8ad2d1d3f8036101dca7ee39e585"},"breadcrumb":{"@id":"https:\/\/quehacerpolitico.mx\/?p=93274#breadcrumb"},"inLanguage":"es","potentialAction":[{"@type":"ReadAction","target":["https:\/\/quehacerpolitico.mx\/?p=93274"]}]},{"@type":"ImageObject","inLanguage":"es","@id":"https:\/\/quehacerpolitico.mx\/?p=93274#primaryimage","url":"https:\/\/quehacerpolitico.mx\/wp-content\/uploads\/2022\/06\/531FD6BF-45CF-43CC-8171-52AAAE36894C.jpeg","contentUrl":"https:\/\/quehacerpolitico.mx\/wp-content\/uploads\/2022\/06\/531FD6BF-45CF-43CC-8171-52AAAE36894C.jpeg","width":959,"height":578},{"@type":"BreadcrumbList","@id":"https:\/\/quehacerpolitico.mx\/?p=93274#breadcrumb","itemListElement":[{"@type":"ListItem","position":1,"name":"Inicio","item":"https:\/\/quehacerpolitico.mx\/"},{"@type":"ListItem","position":2,"name":"L\u00f3pez Obrador lamenta muerte de 50 migrantes en un tr\u00e1iler\u00a0"}]},{"@type":"WebSite","@id":"https:\/\/quehacerpolitico.mx\/#website","url":"https:\/\/quehacerpolitico.mx\/","name":"","description":"","potentialAction":[{"@type":"SearchAction","target":{"@type":"EntryPoint","urlTemplate":"https:\/\/quehacerpolitico.mx\/?s={search_term_string}"},"query-input":{"@type":"PropertyValueSpecification","valueRequired":true,"valueName":"search_term_string"}}],"inLanguage":"es"},{"@type":"Person","@id":"https:\/\/quehacerpolitico.mx\/#\/schema\/person\/496d8ad2d1d3f8036101dca7ee39e585","name":"Redacci\u00f3n QP","image":{"@type":"ImageObject","inLanguage":"es","@id":"https:\/\/secure.gravatar.com\/avatar\/c7164ed6fdec453195284ad24a5ae5b6e1eed2b848477fa2a4787ba9adf39a41?s=96&d=mm&r=g","url":"https:\/\/secure.gravatar.com\/avatar\/c7164ed6fdec453195284ad24a5ae5b6e1eed2b848477fa2a4787ba9adf39a41?s=96&d=mm&r=g","contentUrl":"https:\/\/secure.gravatar.com\/avatar\/c7164ed6fdec453195284ad24a5ae5b6e1eed2b848477fa2a4787ba9adf39a41?s=96&d=mm&r=g","caption":"Redacci\u00f3n QP"},"url":"https:\/\/quehacerpolitico.mx\/?author=2"}]}},"featured_image_urls":{"full":["https:\/\/quehacerpolitico.mx\/wp-content\/uploads\/2022\/06\/531FD6BF-45CF-43CC-8171-52AAAE36894C.jpeg",959,578,false],"thumbnail":["https:\/\/quehacerpolitico.mx\/wp-content\/uploads\/2022\/06\/531FD6BF-45CF-43CC-8171-52AAAE36894C-150x150.jpeg",150,150,true],"medium":["https:\/\/quehacerpolitico.mx\/wp-content\/uploads\/2022\/06\/531FD6BF-45CF-43CC-8171-52AAAE36894C-300x181.jpeg",300,181,true],"medium_large":["https:\/\/quehacerpolitico.mx\/wp-content\/uploads\/2022\/06\/531FD6BF-45CF-43CC-8171-52AAAE36894C-768x463.jpeg",640,386,true],"large":["https:\/\/quehacerpolitico.mx\/wp-content\/uploads\/2022\/06\/531FD6BF-45CF-43CC-8171-52AAAE36894C.jpeg",640,386,false],"1536x1536":["https:\/\/quehacerpolitico.mx\/wp-content\/uploads\/2022\/06\/531FD6BF-45CF-43CC-8171-52AAAE36894C.jpeg",959,578,false],"2048x2048":["https:\/\/quehacerpolitico.mx\/wp-content\/uploads\/2022\/06\/531FD6BF-45CF-43CC-8171-52AAAE36894C.jpeg",959,578,false],"covernews-featured":["https:\/\/quehacerpolitico.mx\/wp-content\/uploads\/2022\/06\/531FD6BF-45CF-43CC-8171-52AAAE36894C.jpeg",959,578,false],"covernews-medium":["https:\/\/quehacerpolitico.mx\/wp-content\/uploads\/2022\/06\/531FD6BF-45CF-43CC-8171-52AAAE36894C.jpeg",540,325,false]},"author_info":{"display_name":"Redacci\u00f3n QP","author_link":"https:\/\/quehacerpolitico.mx\/?author=2"},"category_info":"<a href=\"https:\/\/quehacerpolitico.mx\/?cat=2\" rel=\"category\">Noticias<\/a>","tag_info":"Noticias","comment_count":"0","_links":{"self":[{"href":"https:\/\/quehacerpolitico.mx\/index.php?rest_route=\/wp\/v2\/posts\/93274","targetHints":{"allow":["GET"]}}],"collection":[{"href":"https:\/\/quehacerpolitico.mx\/index.php?rest_route=\/wp\/v2\/posts"}],"about":[{"href":"https:\/\/quehacerpolitico.mx\/index.php?rest_route=\/wp\/v2\/types\/post"}],"author":[{"embeddable":true,"href":"https:\/\/quehacerpolitico.mx\/index.php?rest_route=\/wp\/v2\/users\/2"}],"replies":[{"embeddable":true,"href":"https:\/\/quehacerpolitico.mx\/index.php?rest_route=%2Fwp%2Fv2%2Fcomments&post=93274"}],"version-history":[{"count":1,"href":"https:\/\/quehacerpolitico.mx\/index.php?rest_route=\/wp\/v2\/posts\/93274\/revisions"}],"predecessor-version":[{"id":93276,"href":"https:\/\/quehacerpolitico.mx\/index.php?rest_route=\/wp\/v2\/posts\/93274\/revisions\/93276"}],"wp:featuredmedia":[{"embeddable":true,"href":"https:\/\/quehacerpolitico.mx\/index.php?rest_route=\/wp\/v2\/media\/93275"}],"wp:attachment":[{"href":"https:\/\/quehacerpolitico.mx\/index.php?rest_route=%2Fwp%2Fv2%2Fmedia&parent=93274"}],"wp:term":[{"taxonomy":"category","embeddable":true,"href":"https:\/\/quehacerpolitico.mx\/index.php?rest_route=%2Fwp%2Fv2%2Fcategories&post=93274"},{"taxonomy":"post_tag","embeddable":true,"href":"https:\/\/quehacerpolitico.mx\/index.php?rest_route=%2Fwp%2Fv2%2Ftags&post=93274"}],"curies":[{"name":"wp","href":"https:\/\/api.w.org\/{rel}","templated":true}]}}