{"id":93268,"date":"2022-06-28T13:16:00","date_gmt":"2022-06-28T13:16:00","guid":{"rendered":"https:\/\/quehacerpolitico.mx\/?p=93268"},"modified":"2022-06-28T13:16:05","modified_gmt":"2022-06-28T13:16:05","slug":"actualizan-a-50-la-cifra-de-migrantes-muertos-hallados-en-trailer-en-texas-22-eran-mexicanos","status":"publish","type":"post","link":"https:\/\/quehacerpolitico.mx\/?p=93268","title":{"rendered":"Actualizan a 50 la cifra de migrantes muertos hallados en tr\u00e1iler en Texas; 22 eran mexicanos"},"content":{"rendered":"\n<p>Por Redacci\u00f3n QP<\/p>\n\n\n\n<p>Entre las v\u00edctimas tambi\u00e9n se encuentran 7 personas de Guatemala, 2 de Honduras y 19 m\u00e1s se encuentran sin identificar.<\/p>\n\n\n\n<p>La&nbsp;<strong>cifra de migrantes muertos&nbsp;<\/strong>hallados en un tr\u00e1iler en&nbsp;<strong>San Antonio<\/strong>,&nbsp;<strong>Texas<\/strong>, increment\u00f3 a 50, entre ellos&nbsp;<strong>22 mexicanos<\/strong>,&nbsp;<strong>7 de Guatemala<\/strong>&nbsp;y&nbsp;<strong>2 de Honduras<\/strong>, mientras que otros&nbsp;<strong>19 se encuentran sin identificar.<\/strong><\/p>\n\n\n\n<p>A trav\u00e9s de su cuenta de Twitter,\u00a0<strong>Roberto Velasco \u00c1lvarez<\/strong>, jefe de la Unidad para Am\u00e9rica del Norte de la Secretar\u00eda de Relaciones Exteriores, inform\u00f3 sobre la actualizaci\u00f3n de la informaci\u00f3n.<\/p>\n\n\n\n<figure class=\"wp-block-embed is-type-rich is-provider-twitter wp-block-embed-twitter\"><div class=\"wp-block-embed__wrapper\">\n<blockquote class=\"twitter-tweet\" data-width=\"550\" data-dnt=\"true\"><p lang=\"es\" dir=\"ltr\">Actualizaci\u00f3n sobre la tragedia en San Antonio, TX. El n\u00famero de v\u00edctimas fatales ha aumentado a 50:<br><br>22 de \ud83c\uddf2\ud83c\uddfd.<br>7 de \ud83c\uddec\ud83c\uddf9.<br>2 de \ud83c\udded\ud83c\uddf3. <br>19 sin informaci\u00f3n sobre nacionalidad.<br><br>Nuestras condolencias. Todos responsables ser\u00e1n llevados ante la justicia.<\/p>&mdash; Roberto Velasco \u00c1lvarez (@r_velascoa) <a href=\"https:\/\/twitter.com\/r_velascoa\/status\/1541752006523686914?ref_src=twsrc%5Etfw\">June 28, 2022<\/a><\/blockquote><script async src=\"https:\/\/platform.twitter.com\/widgets.js\" charset=\"utf-8\"><\/script>\n<\/div><\/figure>\n\n\n\n<p>Asimismo, dijo que se apoyar\u00e1 en la\u00a0<strong>repatriaci\u00f3n\u00a0<\/strong>de los cuerpos de las v\u00edctimas mexicanas y ofrecer\u00e1n apoyo a todos los heridos y a sus familias.<\/p>\n\n\n\n<p>Asimismo, dijo que se apoyar\u00e1 en la&nbsp;<strong>repatriaci\u00f3n&nbsp;<\/strong>de los cuerpos de las v\u00edctimas mexicanas y ofrecer\u00e1n apoyo a todos los heridos y a sus familias.&nbsp;<\/p>\n\n\n\n<p>Por su parte, el secretario de Relaciones Exteriores(SRE),<strong>&nbsp;Marcelo Ebrard<\/strong>,&nbsp;<\/p>\n\n\n\n<p>lament\u00f3 las muertes y consider\u00f3 el incidente una&nbsp;<strong>&#8220;tragedia enorme&#8221;<\/strong>, por la que el pa\u00eds est\u00e1 de luto e indic\u00f3 que M\u00e9xico se incorporar\u00e1 a las investigaciones del caso en Estados Unidos.&nbsp;<\/p>\n\n\n\n<p><strong>Migrantes hallados en tr\u00e1iler en Texas murieron por asfixia, informa Ebrard<\/strong><\/p>\n\n\n\n<p><strong>El canciller\u00a0<strong>Marcelo Ebrard<\/strong>\u00a0expres\u00f3 en su cuenta de Twitter sus condolencias a la v\u00edctimas y que el c\u00f3nsul mexicano en San Antonio, Rub\u00e9n Minutti, estaba en lugar para verificar la nacionalidad de los fallecidos.<\/strong><\/p>\n\n\n\n<figure class=\"wp-block-embed is-type-rich is-provider-twitter wp-block-embed-twitter\"><div class=\"wp-block-embed__wrapper\">\n<blockquote class=\"twitter-tweet\" data-width=\"550\" data-dnt=\"true\"><p lang=\"es\" dir=\"ltr\">Reporte de nuestro C\u00f3nsul : 46 fallecidos por asfixia, 16 trasladados a hospitales,entre ellos 4 menores de edad. En este \u00faltimo grupo se ha identificado a dos guatemaltecos. El trailer tiene placas de EU, superpuestas,para circular sin revisi\u00f3n.Muy probable autor\u00eda de tratantes.<\/p>&mdash; Marcelo Ebrard C. (@m_ebrard) <a href=\"https:\/\/twitter.com\/m_ebrard\/status\/1541611282868174848?ref_src=twsrc%5Etfw\">June 28, 2022<\/a><\/blockquote><script async src=\"https:\/\/platform.twitter.com\/widgets.js\" charset=\"utf-8\"><\/script>\n<\/div><\/figure>\n\n\n\n<figure class=\"wp-block-embed is-type-rich is-provider-twitter wp-block-embed-twitter\"><div class=\"wp-block-embed__wrapper\">\n<blockquote class=\"twitter-tweet\" data-width=\"550\" data-dnt=\"true\"><p lang=\"es\" dir=\"ltr\">Actualizo informaci\u00f3n de Texas proporcionada por autoridades de EU. 50 fallecidos. 22 mexicanos. 7 guatemaltecos. 2 hondure\u00f1os. Los dem\u00e1s por ser identificados a\u00fan. Estamos de luto. Tragedia enorme. M\u00e9xico se incorpora a indagatorias en EU, coordinados con DHS.<\/p>&mdash; Marcelo Ebrard C. (@m_ebrard) <a href=\"https:\/\/twitter.com\/m_ebrard\/status\/1541755714259091456?ref_src=twsrc%5Etfw\">June 28, 2022<\/a><\/blockquote><script async src=\"https:\/\/platform.twitter.com\/widgets.js\" charset=\"utf-8\"><\/script>\n<\/div><\/figure>\n\n\n\n<p>El Consulado de M\u00e9xico en San Antonio asegur\u00f3 que de confirmarse el hallazgo de connacionales mexicanos se les brindar\u00e1 apoyo a las v\u00edctimas. En un segundo tuit, Ebrard asegur\u00f3 que el tr\u00e1iler tiene placas de EU, superpuestas, para circular sin revisi\u00f3n, y que &#8220;muy probable (ser\u00eda de) autor\u00eda de tratantes (de personas)&#8221;.<\/p>\n\n\n\n<figure class=\"wp-block-embed is-type-rich is-provider-twitter wp-block-embed-twitter\"><div class=\"wp-block-embed__wrapper\">\n<blockquote class=\"twitter-tweet\" data-width=\"550\" data-dnt=\"true\"><p lang=\"es\" dir=\"ltr\">\ud83d\udea8 Por instrucciones del Canciller Marcelo Ebrard, el C\u00f3nsul General Rub\u00e9n Minutti se traslada a la ubicaci\u00f3n. La nacionalidad de las v\u00edctimas est\u00e1n por confirmarse, se brindar\u00e1 todo el apoyo a connacionales mexicanos en caso de haberlos. Seguiremos informando. <a href=\"https:\/\/t.co\/xc4rsQC5n0\">https:\/\/t.co\/xc4rsQC5n0<\/a><\/p>&mdash; Consulmex San Antonio (@ConsulMexSA) <a href=\"https:\/\/twitter.com\/ConsulMexSA\/status\/1541597068304818176?ref_src=twsrc%5Etfw\">June 28, 2022<\/a><\/blockquote><script async src=\"https:\/\/platform.twitter.com\/widgets.js\" charset=\"utf-8\"><\/script>\n<\/div><\/figure>\n\n\n\n<h2 class=\"wp-block-heading\"><strong>AMLO lamenta muerte de migrantes en San Antonio, Texas<\/strong><\/h2>\n\n\n\n<h2 class=\"wp-block-heading\"><\/h2>\n\n\n\n<p>El presidente&nbsp;<strong>Andr\u00e9s Manuel L\u00f3pez Obrador<\/strong>&nbsp;lament\u00f3 la muerte de los&nbsp;<strong>50<\/strong><strong>migrantes&nbsp;<\/strong>que fueron localizados en un tr\u00e1iler en&nbsp;<strong>San Antonio, Texas<\/strong>, entre ellos&nbsp;<strong>22 de nacionalidad mexicana.<\/strong><\/p>\n\n\n\n<blockquote class=\"wp-block-quote is-layout-flow wp-block-quote-is-layout-flow\"><p>\u201cMi m\u00e1s profundo p\u00e9same a familiares de migrantes que murieron ayer asfixiados, una tremenda desgracia, esto ocurri\u00f3 en San Antonio, Texas, hasta ahora 50 fallecidos, 22 de M\u00e9xico\u2026 19 a\u00fan sin informaci\u00f3n de nacionalidad, estamos apoyando, est\u00e1 desde ayer nuestro c\u00f3nsul, funcionarios de migraci\u00f3n, de M\u00e9xico y vamos a estar atentos para traslado de v\u00edctimas, y desde luego la investigaci\u00f3n en lo que nos corresponde\u201d, dijo durante su conferencia matutina de este martes en Palacio Nacional.<\/p><\/blockquote>\n\n\n\n<figure class=\"wp-block-embed is-type-rich is-provider-twitter wp-block-embed-twitter\"><div class=\"wp-block-embed__wrapper\">\n<blockquote class=\"twitter-tweet\" data-width=\"550\" data-dnt=\"true\"><p lang=\"es\" dir=\"ltr\">Ayer fueron encontrados 50 migrantes asfixiados dentro de un trailer abandonado en San Antonio, Texas.<br><br>El presidente <a href=\"https:\/\/twitter.com\/lopezobrador_?ref_src=twsrc%5Etfw\">@lopezobrador_<\/a> manda sus condolencias a las familias e informa que 22 eran mexicanos. <a href=\"https:\/\/t.co\/93feHw9UXO\">pic.twitter.com\/93feHw9UXO<\/a><\/p>&mdash; Ruido en la Red (@RuidoEnLaRed) <a href=\"https:\/\/twitter.com\/RuidoEnLaRed\/status\/1541760540988637185?ref_src=twsrc%5Etfw\">June 28, 2022<\/a><\/blockquote><script async src=\"https:\/\/platform.twitter.com\/widgets.js\" charset=\"utf-8\"><\/script>\n<\/div><\/figure>\n","protected":false},"excerpt":{"rendered":"<p>Por Redacci\u00f3n QP Entre las v\u00edctimas tambi\u00e9n se encuentran 7 personas de Guatemala, 2 de&#8230;<\/p>\n","protected":false},"author":2,"featured_media":93269,"comment_status":"open","ping_status":"open","sticky":false,"template":"","format":"standard","meta":{"_monsterinsights_skip_tracking":false,"_monsterinsights_sitenote_active":false,"_monsterinsights_sitenote_note":"","_monsterinsights_sitenote_category":0,"footnotes":""},"categories":[2],"tags":[],"class_list":["post-93268","post","type-post","status-publish","format-standard","has-post-thumbnail","hentry","category-noticias"],"yoast_head":"<!-- This site is optimized with the Yoast SEO plugin v27.3 - https:\/\/yoast.com\/product\/yoast-seo-wordpress\/ -->\n<title>Actualizan a 50 la cifra de migrantes muertos hallados en tr\u00e1iler en Texas; 22 eran mexicanos -<\/title>\n<meta name=\"robots\" content=\"index, follow, max-snippet:-1, max-image-preview:large, max-video-preview:-1\" \/>\n<link rel=\"canonical\" href=\"https:\/\/quehacerpolitico.mx\/?p=93268\" \/>\n<meta property=\"og:locale\" content=\"es_MX\" \/>\n<meta property=\"og:type\" content=\"article\" \/>\n<meta property=\"og:title\" content=\"Actualizan a 50 la cifra de migrantes muertos hallados en tr\u00e1iler en Texas; 22 eran mexicanos -\" \/>\n<meta property=\"og:description\" content=\"Por Redacci\u00f3n QP Entre las v\u00edctimas tambi\u00e9n se encuentran 7 personas de Guatemala, 2 de...\" \/>\n<meta property=\"og:url\" content=\"https:\/\/quehacerpolitico.mx\/?p=93268\" \/>\n<meta property=\"article:published_time\" content=\"2022-06-28T13:16:00+00:00\" \/>\n<meta property=\"article:modified_time\" content=\"2022-06-28T13:16:05+00:00\" \/>\n<meta property=\"og:image\" content=\"https:\/\/quehacerpolitico.mx\/wp-content\/uploads\/2022\/06\/CD1DCD10-0015-4A59-A45E-7BC7C5A536F5.jpeg\" \/>\n\t<meta property=\"og:image:width\" content=\"1153\" \/>\n\t<meta property=\"og:image:height\" content=\"646\" \/>\n\t<meta property=\"og:image:type\" content=\"image\/jpeg\" \/>\n<meta name=\"author\" content=\"Redacci\u00f3n QP\" \/>\n<meta name=\"twitter:card\" content=\"summary_large_image\" \/>\n<meta name=\"twitter:label1\" content=\"Escrito por\" \/>\n\t<meta name=\"twitter:data1\" content=\"Redacci\u00f3n QP\" \/>\n\t<meta name=\"twitter:label2\" content=\"Tiempo de lectura\" \/>\n\t<meta name=\"twitter:data2\" content=\"3 minutos\" \/>\n<script type=\"application\/ld+json\" class=\"yoast-schema-graph\">{\"@context\":\"https:\\\/\\\/schema.org\",\"@graph\":[{\"@type\":\"Article\",\"@id\":\"https:\\\/\\\/quehacerpolitico.mx\\\/?p=93268#article\",\"isPartOf\":{\"@id\":\"https:\\\/\\\/quehacerpolitico.mx\\\/?p=93268\"},\"author\":{\"name\":\"Redacci\u00f3n QP\",\"@id\":\"https:\\\/\\\/quehacerpolitico.mx\\\/#\\\/schema\\\/person\\\/496d8ad2d1d3f8036101dca7ee39e585\"},\"headline\":\"Actualizan a 50 la cifra de migrantes muertos hallados en tr\u00e1iler en Texas; 22 eran mexicanos\",\"datePublished\":\"2022-06-28T13:16:00+00:00\",\"dateModified\":\"2022-06-28T13:16:05+00:00\",\"mainEntityOfPage\":{\"@id\":\"https:\\\/\\\/quehacerpolitico.mx\\\/?p=93268\"},\"wordCount\":525,\"commentCount\":0,\"image\":{\"@id\":\"https:\\\/\\\/quehacerpolitico.mx\\\/?p=93268#primaryimage\"},\"thumbnailUrl\":\"https:\\\/\\\/quehacerpolitico.mx\\\/wp-content\\\/uploads\\\/2022\\\/06\\\/CD1DCD10-0015-4A59-A45E-7BC7C5A536F5.jpeg\",\"articleSection\":[\"Noticias\"],\"inLanguage\":\"es\",\"potentialAction\":[{\"@type\":\"CommentAction\",\"name\":\"Comment\",\"target\":[\"https:\\\/\\\/quehacerpolitico.mx\\\/?p=93268#respond\"]}]},{\"@type\":\"WebPage\",\"@id\":\"https:\\\/\\\/quehacerpolitico.mx\\\/?p=93268\",\"url\":\"https:\\\/\\\/quehacerpolitico.mx\\\/?p=93268\",\"name\":\"Actualizan a 50 la cifra de migrantes muertos hallados en tr\u00e1iler en Texas; 22 eran mexicanos -\",\"isPartOf\":{\"@id\":\"https:\\\/\\\/quehacerpolitico.mx\\\/#website\"},\"primaryImageOfPage\":{\"@id\":\"https:\\\/\\\/quehacerpolitico.mx\\\/?p=93268#primaryimage\"},\"image\":{\"@id\":\"https:\\\/\\\/quehacerpolitico.mx\\\/?p=93268#primaryimage\"},\"thumbnailUrl\":\"https:\\\/\\\/quehacerpolitico.mx\\\/wp-content\\\/uploads\\\/2022\\\/06\\\/CD1DCD10-0015-4A59-A45E-7BC7C5A536F5.jpeg\",\"datePublished\":\"2022-06-28T13:16:00+00:00\",\"dateModified\":\"2022-06-28T13:16:05+00:00\",\"author\":{\"@id\":\"https:\\\/\\\/quehacerpolitico.mx\\\/#\\\/schema\\\/person\\\/496d8ad2d1d3f8036101dca7ee39e585\"},\"breadcrumb\":{\"@id\":\"https:\\\/\\\/quehacerpolitico.mx\\\/?p=93268#breadcrumb\"},\"inLanguage\":\"es\",\"potentialAction\":[{\"@type\":\"ReadAction\",\"target\":[\"https:\\\/\\\/quehacerpolitico.mx\\\/?p=93268\"]}]},{\"@type\":\"ImageObject\",\"inLanguage\":\"es\",\"@id\":\"https:\\\/\\\/quehacerpolitico.mx\\\/?p=93268#primaryimage\",\"url\":\"https:\\\/\\\/quehacerpolitico.mx\\\/wp-content\\\/uploads\\\/2022\\\/06\\\/CD1DCD10-0015-4A59-A45E-7BC7C5A536F5.jpeg\",\"contentUrl\":\"https:\\\/\\\/quehacerpolitico.mx\\\/wp-content\\\/uploads\\\/2022\\\/06\\\/CD1DCD10-0015-4A59-A45E-7BC7C5A536F5.jpeg\",\"width\":1153,\"height\":646},{\"@type\":\"BreadcrumbList\",\"@id\":\"https:\\\/\\\/quehacerpolitico.mx\\\/?p=93268#breadcrumb\",\"itemListElement\":[{\"@type\":\"ListItem\",\"position\":1,\"name\":\"Inicio\",\"item\":\"https:\\\/\\\/quehacerpolitico.mx\\\/\"},{\"@type\":\"ListItem\",\"position\":2,\"name\":\"Actualizan a 50 la cifra de migrantes muertos hallados en tr\u00e1iler en Texas; 22 eran mexicanos\"}]},{\"@type\":\"WebSite\",\"@id\":\"https:\\\/\\\/quehacerpolitico.mx\\\/#website\",\"url\":\"https:\\\/\\\/quehacerpolitico.mx\\\/\",\"name\":\"\",\"description\":\"\",\"potentialAction\":[{\"@type\":\"SearchAction\",\"target\":{\"@type\":\"EntryPoint\",\"urlTemplate\":\"https:\\\/\\\/quehacerpolitico.mx\\\/?s={search_term_string}\"},\"query-input\":{\"@type\":\"PropertyValueSpecification\",\"valueRequired\":true,\"valueName\":\"search_term_string\"}}],\"inLanguage\":\"es\"},{\"@type\":\"Person\",\"@id\":\"https:\\\/\\\/quehacerpolitico.mx\\\/#\\\/schema\\\/person\\\/496d8ad2d1d3f8036101dca7ee39e585\",\"name\":\"Redacci\u00f3n QP\",\"image\":{\"@type\":\"ImageObject\",\"inLanguage\":\"es\",\"@id\":\"https:\\\/\\\/secure.gravatar.com\\\/avatar\\\/c7164ed6fdec453195284ad24a5ae5b6e1eed2b848477fa2a4787ba9adf39a41?s=96&d=mm&r=g\",\"url\":\"https:\\\/\\\/secure.gravatar.com\\\/avatar\\\/c7164ed6fdec453195284ad24a5ae5b6e1eed2b848477fa2a4787ba9adf39a41?s=96&d=mm&r=g\",\"contentUrl\":\"https:\\\/\\\/secure.gravatar.com\\\/avatar\\\/c7164ed6fdec453195284ad24a5ae5b6e1eed2b848477fa2a4787ba9adf39a41?s=96&d=mm&r=g\",\"caption\":\"Redacci\u00f3n QP\"},\"url\":\"https:\\\/\\\/quehacerpolitico.mx\\\/?author=2\"}]}<\/script>\n<!-- \/ Yoast SEO plugin. -->","yoast_head_json":{"title":"Actualizan a 50 la cifra de migrantes muertos hallados en tr\u00e1iler en Texas; 22 eran mexicanos -","robots":{"index":"index","follow":"follow","max-snippet":"max-snippet:-1","max-image-preview":"max-image-preview:large","max-video-preview":"max-video-preview:-1"},"canonical":"https:\/\/quehacerpolitico.mx\/?p=93268","og_locale":"es_MX","og_type":"article","og_title":"Actualizan a 50 la cifra de migrantes muertos hallados en tr\u00e1iler en Texas; 22 eran mexicanos -","og_description":"Por Redacci\u00f3n QP Entre las v\u00edctimas tambi\u00e9n se encuentran 7 personas de Guatemala, 2 de...","og_url":"https:\/\/quehacerpolitico.mx\/?p=93268","article_published_time":"2022-06-28T13:16:00+00:00","article_modified_time":"2022-06-28T13:16:05+00:00","og_image":[{"width":1153,"height":646,"url":"https:\/\/quehacerpolitico.mx\/wp-content\/uploads\/2022\/06\/CD1DCD10-0015-4A59-A45E-7BC7C5A536F5.jpeg","type":"image\/jpeg"}],"author":"Redacci\u00f3n QP","twitter_card":"summary_large_image","twitter_misc":{"Escrito por":"Redacci\u00f3n QP","Tiempo de lectura":"3 minutos"},"schema":{"@context":"https:\/\/schema.org","@graph":[{"@type":"Article","@id":"https:\/\/quehacerpolitico.mx\/?p=93268#article","isPartOf":{"@id":"https:\/\/quehacerpolitico.mx\/?p=93268"},"author":{"name":"Redacci\u00f3n QP","@id":"https:\/\/quehacerpolitico.mx\/#\/schema\/person\/496d8ad2d1d3f8036101dca7ee39e585"},"headline":"Actualizan a 50 la cifra de migrantes muertos hallados en tr\u00e1iler en Texas; 22 eran mexicanos","datePublished":"2022-06-28T13:16:00+00:00","dateModified":"2022-06-28T13:16:05+00:00","mainEntityOfPage":{"@id":"https:\/\/quehacerpolitico.mx\/?p=93268"},"wordCount":525,"commentCount":0,"image":{"@id":"https:\/\/quehacerpolitico.mx\/?p=93268#primaryimage"},"thumbnailUrl":"https:\/\/quehacerpolitico.mx\/wp-content\/uploads\/2022\/06\/CD1DCD10-0015-4A59-A45E-7BC7C5A536F5.jpeg","articleSection":["Noticias"],"inLanguage":"es","potentialAction":[{"@type":"CommentAction","name":"Comment","target":["https:\/\/quehacerpolitico.mx\/?p=93268#respond"]}]},{"@type":"WebPage","@id":"https:\/\/quehacerpolitico.mx\/?p=93268","url":"https:\/\/quehacerpolitico.mx\/?p=93268","name":"Actualizan a 50 la cifra de migrantes muertos hallados en tr\u00e1iler en Texas; 22 eran mexicanos -","isPartOf":{"@id":"https:\/\/quehacerpolitico.mx\/#website"},"primaryImageOfPage":{"@id":"https:\/\/quehacerpolitico.mx\/?p=93268#primaryimage"},"image":{"@id":"https:\/\/quehacerpolitico.mx\/?p=93268#primaryimage"},"thumbnailUrl":"https:\/\/quehacerpolitico.mx\/wp-content\/uploads\/2022\/06\/CD1DCD10-0015-4A59-A45E-7BC7C5A536F5.jpeg","datePublished":"2022-06-28T13:16:00+00:00","dateModified":"2022-06-28T13:16:05+00:00","author":{"@id":"https:\/\/quehacerpolitico.mx\/#\/schema\/person\/496d8ad2d1d3f8036101dca7ee39e585"},"breadcrumb":{"@id":"https:\/\/quehacerpolitico.mx\/?p=93268#breadcrumb"},"inLanguage":"es","potentialAction":[{"@type":"ReadAction","target":["https:\/\/quehacerpolitico.mx\/?p=93268"]}]},{"@type":"ImageObject","inLanguage":"es","@id":"https:\/\/quehacerpolitico.mx\/?p=93268#primaryimage","url":"https:\/\/quehacerpolitico.mx\/wp-content\/uploads\/2022\/06\/CD1DCD10-0015-4A59-A45E-7BC7C5A536F5.jpeg","contentUrl":"https:\/\/quehacerpolitico.mx\/wp-content\/uploads\/2022\/06\/CD1DCD10-0015-4A59-A45E-7BC7C5A536F5.jpeg","width":1153,"height":646},{"@type":"BreadcrumbList","@id":"https:\/\/quehacerpolitico.mx\/?p=93268#breadcrumb","itemListElement":[{"@type":"ListItem","position":1,"name":"Inicio","item":"https:\/\/quehacerpolitico.mx\/"},{"@type":"ListItem","position":2,"name":"Actualizan a 50 la cifra de migrantes muertos hallados en tr\u00e1iler en Texas; 22 eran mexicanos"}]},{"@type":"WebSite","@id":"https:\/\/quehacerpolitico.mx\/#website","url":"https:\/\/quehacerpolitico.mx\/","name":"","description":"","potentialAction":[{"@type":"SearchAction","target":{"@type":"EntryPoint","urlTemplate":"https:\/\/quehacerpolitico.mx\/?s={search_term_string}"},"query-input":{"@type":"PropertyValueSpecification","valueRequired":true,"valueName":"search_term_string"}}],"inLanguage":"es"},{"@type":"Person","@id":"https:\/\/quehacerpolitico.mx\/#\/schema\/person\/496d8ad2d1d3f8036101dca7ee39e585","name":"Redacci\u00f3n QP","image":{"@type":"ImageObject","inLanguage":"es","@id":"https:\/\/secure.gravatar.com\/avatar\/c7164ed6fdec453195284ad24a5ae5b6e1eed2b848477fa2a4787ba9adf39a41?s=96&d=mm&r=g","url":"https:\/\/secure.gravatar.com\/avatar\/c7164ed6fdec453195284ad24a5ae5b6e1eed2b848477fa2a4787ba9adf39a41?s=96&d=mm&r=g","contentUrl":"https:\/\/secure.gravatar.com\/avatar\/c7164ed6fdec453195284ad24a5ae5b6e1eed2b848477fa2a4787ba9adf39a41?s=96&d=mm&r=g","caption":"Redacci\u00f3n QP"},"url":"https:\/\/quehacerpolitico.mx\/?author=2"}]}},"featured_image_urls":{"full":["https:\/\/quehacerpolitico.mx\/wp-content\/uploads\/2022\/06\/CD1DCD10-0015-4A59-A45E-7BC7C5A536F5.jpeg",1153,646,false],"thumbnail":["https:\/\/quehacerpolitico.mx\/wp-content\/uploads\/2022\/06\/CD1DCD10-0015-4A59-A45E-7BC7C5A536F5-150x150.jpeg",150,150,true],"medium":["https:\/\/quehacerpolitico.mx\/wp-content\/uploads\/2022\/06\/CD1DCD10-0015-4A59-A45E-7BC7C5A536F5-300x168.jpeg",300,168,true],"medium_large":["https:\/\/quehacerpolitico.mx\/wp-content\/uploads\/2022\/06\/CD1DCD10-0015-4A59-A45E-7BC7C5A536F5-768x430.jpeg",640,358,true],"large":["https:\/\/quehacerpolitico.mx\/wp-content\/uploads\/2022\/06\/CD1DCD10-0015-4A59-A45E-7BC7C5A536F5-1024x574.jpeg",640,359,true],"1536x1536":["https:\/\/quehacerpolitico.mx\/wp-content\/uploads\/2022\/06\/CD1DCD10-0015-4A59-A45E-7BC7C5A536F5.jpeg",1153,646,false],"2048x2048":["https:\/\/quehacerpolitico.mx\/wp-content\/uploads\/2022\/06\/CD1DCD10-0015-4A59-A45E-7BC7C5A536F5.jpeg",1153,646,false],"covernews-featured":["https:\/\/quehacerpolitico.mx\/wp-content\/uploads\/2022\/06\/CD1DCD10-0015-4A59-A45E-7BC7C5A536F5.jpeg",1024,574,false],"covernews-medium":["https:\/\/quehacerpolitico.mx\/wp-content\/uploads\/2022\/06\/CD1DCD10-0015-4A59-A45E-7BC7C5A536F5.jpeg",540,303,false]},"author_info":{"display_name":"Redacci\u00f3n QP","author_link":"https:\/\/quehacerpolitico.mx\/?author=2"},"category_info":"<a href=\"https:\/\/quehacerpolitico.mx\/?cat=2\" rel=\"category\">Noticias<\/a>","tag_info":"Noticias","comment_count":"0","_links":{"self":[{"href":"https:\/\/quehacerpolitico.mx\/index.php?rest_route=\/wp\/v2\/posts\/93268","targetHints":{"allow":["GET"]}}],"collection":[{"href":"https:\/\/quehacerpolitico.mx\/index.php?rest_route=\/wp\/v2\/posts"}],"about":[{"href":"https:\/\/quehacerpolitico.mx\/index.php?rest_route=\/wp\/v2\/types\/post"}],"author":[{"embeddable":true,"href":"https:\/\/quehacerpolitico.mx\/index.php?rest_route=\/wp\/v2\/users\/2"}],"replies":[{"embeddable":true,"href":"https:\/\/quehacerpolitico.mx\/index.php?rest_route=%2Fwp%2Fv2%2Fcomments&post=93268"}],"version-history":[{"count":1,"href":"https:\/\/quehacerpolitico.mx\/index.php?rest_route=\/wp\/v2\/posts\/93268\/revisions"}],"predecessor-version":[{"id":93270,"href":"https:\/\/quehacerpolitico.mx\/index.php?rest_route=\/wp\/v2\/posts\/93268\/revisions\/93270"}],"wp:featuredmedia":[{"embeddable":true,"href":"https:\/\/quehacerpolitico.mx\/index.php?rest_route=\/wp\/v2\/media\/93269"}],"wp:attachment":[{"href":"https:\/\/quehacerpolitico.mx\/index.php?rest_route=%2Fwp%2Fv2%2Fmedia&parent=93268"}],"wp:term":[{"taxonomy":"category","embeddable":true,"href":"https:\/\/quehacerpolitico.mx\/index.php?rest_route=%2Fwp%2Fv2%2Fcategories&post=93268"},{"taxonomy":"post_tag","embeddable":true,"href":"https:\/\/quehacerpolitico.mx\/index.php?rest_route=%2Fwp%2Fv2%2Ftags&post=93268"}],"curies":[{"name":"wp","href":"https:\/\/api.w.org\/{rel}","templated":true}]}}