{"id":93257,"date":"2022-06-27T23:37:35","date_gmt":"2022-06-27T23:37:35","guid":{"rendered":"https:\/\/quehacerpolitico.mx\/?p=93257"},"modified":"2022-06-27T23:37:40","modified_gmt":"2022-06-27T23:37:40","slug":"cerraran-l1-del-metro-en-cdmx-por-varios-meses-por-esta-razon","status":"publish","type":"post","link":"https:\/\/quehacerpolitico.mx\/?p=93257","title":{"rendered":"Cerrar\u00e1n L1 del Metro en CDMX por varios meses por esta raz\u00f3n\u00a0"},"content":{"rendered":"\n<p>Por Redacci\u00f3n QP<\/p>\n\n\n\n<p>El servicio de la L\u00ednea 1 del Metro de Ciudad de M\u00e9xico estar\u00e1 en pausa despu\u00e9s de 53 a\u00f1os<\/p>\n\n\n\n<p>La L\u00ednea 1 del Metro de Ciudad de M\u00e9xico lleva 53 a\u00f1os de operaci\u00f3n desde su inauguraci\u00f3n.\u00a0<strong>La l\u00ednea 1,<\/strong>\u00a0que va de Observatorio a Pantitl\u00e1n,\u00a0<strong>comenzar\u00e1 trabajos de modernizaci\u00f3n<\/strong>\u00a0en v\u00edas, sistemas de control y de alimentaci\u00f3n de energ\u00eda, ya que super\u00f3 su vida \u00fatil desde hace muchos a\u00f1os.<\/p>\n\n\n\n<figure class=\"wp-block-embed is-type-rich is-provider-twitter wp-block-embed-twitter\"><div class=\"wp-block-embed__wrapper\">\n<blockquote class=\"twitter-tweet\" data-width=\"550\" data-dnt=\"true\"><p lang=\"es\" dir=\"ltr\">La Jefa de Gobierno de la Ciudad, <a href=\"https:\/\/twitter.com\/Claudiashein?ref_src=twsrc%5Etfw\">@ClaudiaShein<\/a>, enfatiz\u00f3 la importancia de la Modernizaci\u00f3n de <a href=\"https:\/\/twitter.com\/hashtag\/LaNuevaL%C3%ADnea1?src=hash&amp;ref_src=twsrc%5Etfw\">#LaNuevaL\u00ednea1<\/a> del Metro, ya que es un proyecto para disminuir riesgos por su antig\u00fcedad y  as\u00ed convertirla en una de las mejores l\u00edneas a nivel mundial. <a href=\"https:\/\/t.co\/FkedcfnX8d\">pic.twitter.com\/FkedcfnX8d<\/a><\/p>&mdash; MetroCDMX (@MetroCDMX) <a href=\"https:\/\/twitter.com\/MetroCDMX\/status\/1541562206034067456?ref_src=twsrc%5Etfw\">June 27, 2022<\/a><\/blockquote><script async src=\"https:\/\/platform.twitter.com\/widgets.js\" charset=\"utf-8\"><\/script>\n<\/div><\/figure>\n\n\n\n<figure class=\"wp-block-embed is-type-rich is-provider-twitter wp-block-embed-twitter\"><div class=\"wp-block-embed__wrapper\">\n<blockquote class=\"twitter-tweet\" data-width=\"550\" data-dnt=\"true\"><p lang=\"es\" dir=\"ltr\">Como trabajos previos, los d\u00edas 9 y 10 de julio se realizar\u00e1 \u00fanicamente el cierre de Observatorio a Isabel la Cat\u00f3lica, que comprende 10 estaciones. este fin de semana se mantendr\u00e1 en operaci\u00f3n de Pantitl\u00e1n a Pino Su\u00e1rez. <a href=\"https:\/\/twitter.com\/hashtag\/LaNuevaL%C3%ADnea1?src=hash&amp;ref_src=twsrc%5Etfw\">#LaNuevaL\u00ednea1<\/a> <a href=\"https:\/\/t.co\/eDTsmc5VpT\">pic.twitter.com\/eDTsmc5VpT<\/a><\/p>&mdash; MetroCDMX (@MetroCDMX) <a href=\"https:\/\/twitter.com\/MetroCDMX\/status\/1541561978543411200?ref_src=twsrc%5Etfw\">June 27, 2022<\/a><\/blockquote><script async src=\"https:\/\/platform.twitter.com\/widgets.js\" charset=\"utf-8\"><\/script>\n<\/div><\/figure>\n\n\n\n<p>De acuerdo con informaci\u00f3n del Sistema de Transporte Colectivo (STC) Metro,\u00a0<strong>la L\u00ednea 1 comenz\u00f3 a funcionar en 1969, y ten\u00eda una vida \u00fatil de 40 a\u00f1os<\/strong>, cifra que se super\u00f3 desde hace 13 a\u00f1os, raz\u00f3n por la que los sistemas de v\u00eda, se\u00f1alizaci\u00f3n y el\u00e9ctricos han concluido su vida, ahora son obsoletos.<\/p>\n\n\n\n<p>Lo anterior se debe a que actualmente no hay refacciones en el mercado de las piezas originales, ya que no se fabrican. Por tanto,\u00a0<strong>no se han llevado a cabo renovaciones importantes o cambios en m\u00e1s de medio siglo<\/strong>, lo que ha ocasionado que se vea afectada la infraestructura, el balastro, pista, riel y barra de seguridad, que han ocasionado fallas recurrentes en el sistema del Metro.<\/p>\n\n\n\n<p>En ese sentido,\u00a0<strong>el Sistema de Control y Pilotaje est\u00e1 obsoleto<\/strong>, por lo que ha ocasionado retrasos en el servicio y un nivel alto de fallas. Tambi\u00e9n la falta de trenes ha provocado mayor tiempo de espera y traslados largos, por lo que se ha vuelto lento e ineficiente.<\/p>\n\n\n\n<p>Ahora, con\u00a0<strong>los trabajos de modernizaci\u00f3n que tienen un costo de 35 mil millones de pesos, se van a adquirir 29 trenes,<\/strong>\u00a0que incrementar\u00e1n el transporte hasta en un \u00a035%, eliminaci\u00f3n de fallas actuales, mejor calidad del servicio, as\u00ed como la reducci\u00f3n de tiempos de espera y traslados.<\/p>\n\n\n\n<figure class=\"wp-block-embed is-type-rich is-provider-twitter wp-block-embed-twitter\"><div class=\"wp-block-embed__wrapper\">\n<blockquote class=\"twitter-tweet\" data-width=\"550\" data-dnt=\"true\"><p lang=\"es\" dir=\"ltr\">Con el apoyo de @CGPC_MA , m\u00e1s de 400 servidores p\u00fablicos de <a href=\"https:\/\/twitter.com\/LaSEMOVI?ref_src=twsrc%5Etfw\">@LaSEMOVI<\/a>, de la Red de Movilidad Integrada, de la Polic\u00eda Bancaria y de Tr\u00e1nsito; a partir del d\u00eda 28 de junio se informar\u00e1 a los usuarios del Metro, sobre las obras de modernizaci\u00f3n de <a href=\"https:\/\/twitter.com\/hashtag\/LaNuevaL%C3%ADnea1?src=hash&amp;ref_src=twsrc%5Etfw\">#LaNuevaL\u00ednea1<\/a> <a href=\"https:\/\/t.co\/2Dv4GLlq87\">pic.twitter.com\/2Dv4GLlq87<\/a><\/p>&mdash; MetroCDMX (@MetroCDMX) <a href=\"https:\/\/twitter.com\/MetroCDMX\/status\/1541564285721030656?ref_src=twsrc%5Etfw\">June 27, 2022<\/a><\/blockquote><script async src=\"https:\/\/platform.twitter.com\/widgets.js\" charset=\"utf-8\"><\/script>\n<\/div><\/figure>\n\n\n\n<p>Tambi\u00e9n se colocar\u00e1 un Sistema de Control y Seguimiento de Trenes Basado en Comunicaciones (CBTC). Este ser\u00e1 un nuevo sistema para el seguimiento de trenes que har\u00e1 la\u00a0<strong>disminuci\u00f3n sustancial en tiempo de espera cada 90 segundos.<\/strong><\/p>\n\n\n\n<p>Incluso, se garantizar\u00e1 el servicio de Pantitl\u00e1n a Observatorio en 30 minutos, y\u00a0<strong>se aumentar\u00e1 la frecuencia de paso de 36 trenes por hora<\/strong>.<\/p>\n\n\n\n<p>En el caso de la sustituci\u00f3n de v\u00edas, sistemas el\u00e9ctricos y electr\u00f3nicos, el Metro indic\u00f3 que se har\u00e1 la\u00a0<strong>sustituci\u00f3n de 19 kil\u00f3metros de v\u00eda<\/strong>, modernizaci\u00f3n de zonas de maniobra y talleres de Zaragoza, as\u00ed como la sustituci\u00f3n de l\u00ednea de alimentaci\u00f3n de alta tensi\u00f3n y subestaci\u00f3n con el objetivo de evitar fallas y reducci\u00f3n en los costos de mantenimiento.<\/p>\n\n\n\n<figure class=\"wp-block-embed is-type-rich is-provider-twitter wp-block-embed-twitter\"><div class=\"wp-block-embed__wrapper\">\n<blockquote class=\"twitter-tweet\" data-width=\"550\" data-dnt=\"true\"><p lang=\"es\" dir=\"ltr\">El servicio de 220 camiones de RTP operar\u00e1 de lunes a viernes de 5 a 24 horas; s\u00e1bados de 6 a 24 horas, domingos y d\u00edas festivos de 7 a 24 horas. Se contar\u00e1 con parabuses techados e iluminados en las estaciones y carriles confinados, en apoyo a los usuarios de <a href=\"https:\/\/twitter.com\/hashtag\/LaNuevaL%C3%ADnea1?src=hash&amp;ref_src=twsrc%5Etfw\">#LaNuevaL\u00ednea1<\/a> <a href=\"https:\/\/t.co\/1sTzVoSC0h\">pic.twitter.com\/1sTzVoSC0h<\/a><\/p>&mdash; MetroCDMX (@MetroCDMX) <a href=\"https:\/\/twitter.com\/MetroCDMX\/status\/1541564068829401088?ref_src=twsrc%5Etfw\">June 27, 2022<\/a><\/blockquote><script async src=\"https:\/\/platform.twitter.com\/widgets.js\" charset=\"utf-8\"><\/script>\n<\/div><\/figure>\n\n\n\n<p>Con informaci\u00f3n de SUN<\/p>\n","protected":false},"excerpt":{"rendered":"<p>Por Redacci\u00f3n QP El servicio de la L\u00ednea 1 del Metro de Ciudad de M\u00e9xico&#8230;<\/p>\n","protected":false},"author":2,"featured_media":93258,"comment_status":"open","ping_status":"open","sticky":false,"template":"","format":"standard","meta":{"_monsterinsights_skip_tracking":false,"_monsterinsights_sitenote_active":false,"_monsterinsights_sitenote_note":"","_monsterinsights_sitenote_category":0,"footnotes":""},"categories":[55],"tags":[],"class_list":["post-93257","post","type-post","status-publish","format-standard","has-post-thumbnail","hentry","category-cdmx"],"yoast_head":"<!-- This site is optimized with the Yoast SEO plugin v27.3 - https:\/\/yoast.com\/product\/yoast-seo-wordpress\/ -->\n<title>Cerrar\u00e1n L1 del Metro en CDMX por varios meses por esta raz\u00f3n\u00a0 -<\/title>\n<meta name=\"robots\" content=\"index, follow, max-snippet:-1, max-image-preview:large, max-video-preview:-1\" \/>\n<link rel=\"canonical\" href=\"https:\/\/quehacerpolitico.mx\/?p=93257\" \/>\n<meta property=\"og:locale\" content=\"es_MX\" \/>\n<meta property=\"og:type\" content=\"article\" \/>\n<meta property=\"og:title\" content=\"Cerrar\u00e1n L1 del Metro en CDMX por varios meses por esta raz\u00f3n\u00a0 -\" \/>\n<meta property=\"og:description\" content=\"Por Redacci\u00f3n QP El servicio de la L\u00ednea 1 del Metro de Ciudad de M\u00e9xico...\" \/>\n<meta property=\"og:url\" content=\"https:\/\/quehacerpolitico.mx\/?p=93257\" \/>\n<meta property=\"article:published_time\" content=\"2022-06-27T23:37:35+00:00\" \/>\n<meta property=\"article:modified_time\" content=\"2022-06-27T23:37:40+00:00\" \/>\n<meta property=\"og:image\" content=\"https:\/\/quehacerpolitico.mx\/wp-content\/uploads\/2022\/06\/68864DE8-0FE7-4A03-B6AB-F46B9211C2D8.jpeg\" \/>\n\t<meta property=\"og:image:width\" content=\"1433\" \/>\n\t<meta property=\"og:image:height\" content=\"614\" \/>\n\t<meta property=\"og:image:type\" content=\"image\/jpeg\" \/>\n<meta name=\"author\" content=\"Redacci\u00f3n QP\" \/>\n<meta name=\"twitter:card\" content=\"summary_large_image\" \/>\n<meta name=\"twitter:label1\" content=\"Escrito por\" \/>\n\t<meta name=\"twitter:data1\" content=\"Redacci\u00f3n QP\" \/>\n\t<meta name=\"twitter:label2\" content=\"Tiempo de lectura\" \/>\n\t<meta name=\"twitter:data2\" content=\"3 minutos\" \/>\n<script type=\"application\/ld+json\" class=\"yoast-schema-graph\">{\"@context\":\"https:\\\/\\\/schema.org\",\"@graph\":[{\"@type\":\"Article\",\"@id\":\"https:\\\/\\\/quehacerpolitico.mx\\\/?p=93257#article\",\"isPartOf\":{\"@id\":\"https:\\\/\\\/quehacerpolitico.mx\\\/?p=93257\"},\"author\":{\"name\":\"Redacci\u00f3n QP\",\"@id\":\"https:\\\/\\\/quehacerpolitico.mx\\\/#\\\/schema\\\/person\\\/496d8ad2d1d3f8036101dca7ee39e585\"},\"headline\":\"Cerrar\u00e1n L1 del Metro en CDMX por varios meses por esta raz\u00f3n\u00a0\",\"datePublished\":\"2022-06-27T23:37:35+00:00\",\"dateModified\":\"2022-06-27T23:37:40+00:00\",\"mainEntityOfPage\":{\"@id\":\"https:\\\/\\\/quehacerpolitico.mx\\\/?p=93257\"},\"wordCount\":515,\"commentCount\":0,\"image\":{\"@id\":\"https:\\\/\\\/quehacerpolitico.mx\\\/?p=93257#primaryimage\"},\"thumbnailUrl\":\"https:\\\/\\\/quehacerpolitico.mx\\\/wp-content\\\/uploads\\\/2022\\\/06\\\/68864DE8-0FE7-4A03-B6AB-F46B9211C2D8.jpeg\",\"articleSection\":[\"CDMX\"],\"inLanguage\":\"es\",\"potentialAction\":[{\"@type\":\"CommentAction\",\"name\":\"Comment\",\"target\":[\"https:\\\/\\\/quehacerpolitico.mx\\\/?p=93257#respond\"]}]},{\"@type\":\"WebPage\",\"@id\":\"https:\\\/\\\/quehacerpolitico.mx\\\/?p=93257\",\"url\":\"https:\\\/\\\/quehacerpolitico.mx\\\/?p=93257\",\"name\":\"Cerrar\u00e1n L1 del Metro en CDMX por varios meses por esta raz\u00f3n\u00a0 -\",\"isPartOf\":{\"@id\":\"https:\\\/\\\/quehacerpolitico.mx\\\/#website\"},\"primaryImageOfPage\":{\"@id\":\"https:\\\/\\\/quehacerpolitico.mx\\\/?p=93257#primaryimage\"},\"image\":{\"@id\":\"https:\\\/\\\/quehacerpolitico.mx\\\/?p=93257#primaryimage\"},\"thumbnailUrl\":\"https:\\\/\\\/quehacerpolitico.mx\\\/wp-content\\\/uploads\\\/2022\\\/06\\\/68864DE8-0FE7-4A03-B6AB-F46B9211C2D8.jpeg\",\"datePublished\":\"2022-06-27T23:37:35+00:00\",\"dateModified\":\"2022-06-27T23:37:40+00:00\",\"author\":{\"@id\":\"https:\\\/\\\/quehacerpolitico.mx\\\/#\\\/schema\\\/person\\\/496d8ad2d1d3f8036101dca7ee39e585\"},\"breadcrumb\":{\"@id\":\"https:\\\/\\\/quehacerpolitico.mx\\\/?p=93257#breadcrumb\"},\"inLanguage\":\"es\",\"potentialAction\":[{\"@type\":\"ReadAction\",\"target\":[\"https:\\\/\\\/quehacerpolitico.mx\\\/?p=93257\"]}]},{\"@type\":\"ImageObject\",\"inLanguage\":\"es\",\"@id\":\"https:\\\/\\\/quehacerpolitico.mx\\\/?p=93257#primaryimage\",\"url\":\"https:\\\/\\\/quehacerpolitico.mx\\\/wp-content\\\/uploads\\\/2022\\\/06\\\/68864DE8-0FE7-4A03-B6AB-F46B9211C2D8.jpeg\",\"contentUrl\":\"https:\\\/\\\/quehacerpolitico.mx\\\/wp-content\\\/uploads\\\/2022\\\/06\\\/68864DE8-0FE7-4A03-B6AB-F46B9211C2D8.jpeg\",\"width\":1433,\"height\":614},{\"@type\":\"BreadcrumbList\",\"@id\":\"https:\\\/\\\/quehacerpolitico.mx\\\/?p=93257#breadcrumb\",\"itemListElement\":[{\"@type\":\"ListItem\",\"position\":1,\"name\":\"Inicio\",\"item\":\"https:\\\/\\\/quehacerpolitico.mx\\\/\"},{\"@type\":\"ListItem\",\"position\":2,\"name\":\"Cerrar\u00e1n L1 del Metro en CDMX por varios meses por esta raz\u00f3n\u00a0\"}]},{\"@type\":\"WebSite\",\"@id\":\"https:\\\/\\\/quehacerpolitico.mx\\\/#website\",\"url\":\"https:\\\/\\\/quehacerpolitico.mx\\\/\",\"name\":\"\",\"description\":\"\",\"potentialAction\":[{\"@type\":\"SearchAction\",\"target\":{\"@type\":\"EntryPoint\",\"urlTemplate\":\"https:\\\/\\\/quehacerpolitico.mx\\\/?s={search_term_string}\"},\"query-input\":{\"@type\":\"PropertyValueSpecification\",\"valueRequired\":true,\"valueName\":\"search_term_string\"}}],\"inLanguage\":\"es\"},{\"@type\":\"Person\",\"@id\":\"https:\\\/\\\/quehacerpolitico.mx\\\/#\\\/schema\\\/person\\\/496d8ad2d1d3f8036101dca7ee39e585\",\"name\":\"Redacci\u00f3n QP\",\"image\":{\"@type\":\"ImageObject\",\"inLanguage\":\"es\",\"@id\":\"https:\\\/\\\/secure.gravatar.com\\\/avatar\\\/c7164ed6fdec453195284ad24a5ae5b6e1eed2b848477fa2a4787ba9adf39a41?s=96&d=mm&r=g\",\"url\":\"https:\\\/\\\/secure.gravatar.com\\\/avatar\\\/c7164ed6fdec453195284ad24a5ae5b6e1eed2b848477fa2a4787ba9adf39a41?s=96&d=mm&r=g\",\"contentUrl\":\"https:\\\/\\\/secure.gravatar.com\\\/avatar\\\/c7164ed6fdec453195284ad24a5ae5b6e1eed2b848477fa2a4787ba9adf39a41?s=96&d=mm&r=g\",\"caption\":\"Redacci\u00f3n QP\"},\"url\":\"https:\\\/\\\/quehacerpolitico.mx\\\/?author=2\"}]}<\/script>\n<!-- \/ Yoast SEO plugin. -->","yoast_head_json":{"title":"Cerrar\u00e1n L1 del Metro en CDMX por varios meses por esta raz\u00f3n\u00a0 -","robots":{"index":"index","follow":"follow","max-snippet":"max-snippet:-1","max-image-preview":"max-image-preview:large","max-video-preview":"max-video-preview:-1"},"canonical":"https:\/\/quehacerpolitico.mx\/?p=93257","og_locale":"es_MX","og_type":"article","og_title":"Cerrar\u00e1n L1 del Metro en CDMX por varios meses por esta raz\u00f3n\u00a0 -","og_description":"Por Redacci\u00f3n QP El servicio de la L\u00ednea 1 del Metro de Ciudad de M\u00e9xico...","og_url":"https:\/\/quehacerpolitico.mx\/?p=93257","article_published_time":"2022-06-27T23:37:35+00:00","article_modified_time":"2022-06-27T23:37:40+00:00","og_image":[{"width":1433,"height":614,"url":"https:\/\/quehacerpolitico.mx\/wp-content\/uploads\/2022\/06\/68864DE8-0FE7-4A03-B6AB-F46B9211C2D8.jpeg","type":"image\/jpeg"}],"author":"Redacci\u00f3n QP","twitter_card":"summary_large_image","twitter_misc":{"Escrito por":"Redacci\u00f3n QP","Tiempo de lectura":"3 minutos"},"schema":{"@context":"https:\/\/schema.org","@graph":[{"@type":"Article","@id":"https:\/\/quehacerpolitico.mx\/?p=93257#article","isPartOf":{"@id":"https:\/\/quehacerpolitico.mx\/?p=93257"},"author":{"name":"Redacci\u00f3n QP","@id":"https:\/\/quehacerpolitico.mx\/#\/schema\/person\/496d8ad2d1d3f8036101dca7ee39e585"},"headline":"Cerrar\u00e1n L1 del Metro en CDMX por varios meses por esta raz\u00f3n\u00a0","datePublished":"2022-06-27T23:37:35+00:00","dateModified":"2022-06-27T23:37:40+00:00","mainEntityOfPage":{"@id":"https:\/\/quehacerpolitico.mx\/?p=93257"},"wordCount":515,"commentCount":0,"image":{"@id":"https:\/\/quehacerpolitico.mx\/?p=93257#primaryimage"},"thumbnailUrl":"https:\/\/quehacerpolitico.mx\/wp-content\/uploads\/2022\/06\/68864DE8-0FE7-4A03-B6AB-F46B9211C2D8.jpeg","articleSection":["CDMX"],"inLanguage":"es","potentialAction":[{"@type":"CommentAction","name":"Comment","target":["https:\/\/quehacerpolitico.mx\/?p=93257#respond"]}]},{"@type":"WebPage","@id":"https:\/\/quehacerpolitico.mx\/?p=93257","url":"https:\/\/quehacerpolitico.mx\/?p=93257","name":"Cerrar\u00e1n L1 del Metro en CDMX por varios meses por esta raz\u00f3n\u00a0 -","isPartOf":{"@id":"https:\/\/quehacerpolitico.mx\/#website"},"primaryImageOfPage":{"@id":"https:\/\/quehacerpolitico.mx\/?p=93257#primaryimage"},"image":{"@id":"https:\/\/quehacerpolitico.mx\/?p=93257#primaryimage"},"thumbnailUrl":"https:\/\/quehacerpolitico.mx\/wp-content\/uploads\/2022\/06\/68864DE8-0FE7-4A03-B6AB-F46B9211C2D8.jpeg","datePublished":"2022-06-27T23:37:35+00:00","dateModified":"2022-06-27T23:37:40+00:00","author":{"@id":"https:\/\/quehacerpolitico.mx\/#\/schema\/person\/496d8ad2d1d3f8036101dca7ee39e585"},"breadcrumb":{"@id":"https:\/\/quehacerpolitico.mx\/?p=93257#breadcrumb"},"inLanguage":"es","potentialAction":[{"@type":"ReadAction","target":["https:\/\/quehacerpolitico.mx\/?p=93257"]}]},{"@type":"ImageObject","inLanguage":"es","@id":"https:\/\/quehacerpolitico.mx\/?p=93257#primaryimage","url":"https:\/\/quehacerpolitico.mx\/wp-content\/uploads\/2022\/06\/68864DE8-0FE7-4A03-B6AB-F46B9211C2D8.jpeg","contentUrl":"https:\/\/quehacerpolitico.mx\/wp-content\/uploads\/2022\/06\/68864DE8-0FE7-4A03-B6AB-F46B9211C2D8.jpeg","width":1433,"height":614},{"@type":"BreadcrumbList","@id":"https:\/\/quehacerpolitico.mx\/?p=93257#breadcrumb","itemListElement":[{"@type":"ListItem","position":1,"name":"Inicio","item":"https:\/\/quehacerpolitico.mx\/"},{"@type":"ListItem","position":2,"name":"Cerrar\u00e1n L1 del Metro en CDMX por varios meses por esta raz\u00f3n\u00a0"}]},{"@type":"WebSite","@id":"https:\/\/quehacerpolitico.mx\/#website","url":"https:\/\/quehacerpolitico.mx\/","name":"","description":"","potentialAction":[{"@type":"SearchAction","target":{"@type":"EntryPoint","urlTemplate":"https:\/\/quehacerpolitico.mx\/?s={search_term_string}"},"query-input":{"@type":"PropertyValueSpecification","valueRequired":true,"valueName":"search_term_string"}}],"inLanguage":"es"},{"@type":"Person","@id":"https:\/\/quehacerpolitico.mx\/#\/schema\/person\/496d8ad2d1d3f8036101dca7ee39e585","name":"Redacci\u00f3n QP","image":{"@type":"ImageObject","inLanguage":"es","@id":"https:\/\/secure.gravatar.com\/avatar\/c7164ed6fdec453195284ad24a5ae5b6e1eed2b848477fa2a4787ba9adf39a41?s=96&d=mm&r=g","url":"https:\/\/secure.gravatar.com\/avatar\/c7164ed6fdec453195284ad24a5ae5b6e1eed2b848477fa2a4787ba9adf39a41?s=96&d=mm&r=g","contentUrl":"https:\/\/secure.gravatar.com\/avatar\/c7164ed6fdec453195284ad24a5ae5b6e1eed2b848477fa2a4787ba9adf39a41?s=96&d=mm&r=g","caption":"Redacci\u00f3n QP"},"url":"https:\/\/quehacerpolitico.mx\/?author=2"}]}},"featured_image_urls":{"full":["https:\/\/quehacerpolitico.mx\/wp-content\/uploads\/2022\/06\/68864DE8-0FE7-4A03-B6AB-F46B9211C2D8.jpeg",1433,614,false],"thumbnail":["https:\/\/quehacerpolitico.mx\/wp-content\/uploads\/2022\/06\/68864DE8-0FE7-4A03-B6AB-F46B9211C2D8-150x150.jpeg",150,150,true],"medium":["https:\/\/quehacerpolitico.mx\/wp-content\/uploads\/2022\/06\/68864DE8-0FE7-4A03-B6AB-F46B9211C2D8-300x129.jpeg",300,129,true],"medium_large":["https:\/\/quehacerpolitico.mx\/wp-content\/uploads\/2022\/06\/68864DE8-0FE7-4A03-B6AB-F46B9211C2D8-768x329.jpeg",640,274,true],"large":["https:\/\/quehacerpolitico.mx\/wp-content\/uploads\/2022\/06\/68864DE8-0FE7-4A03-B6AB-F46B9211C2D8-1024x439.jpeg",640,274,true],"1536x1536":["https:\/\/quehacerpolitico.mx\/wp-content\/uploads\/2022\/06\/68864DE8-0FE7-4A03-B6AB-F46B9211C2D8.jpeg",1433,614,false],"2048x2048":["https:\/\/quehacerpolitico.mx\/wp-content\/uploads\/2022\/06\/68864DE8-0FE7-4A03-B6AB-F46B9211C2D8.jpeg",1433,614,false],"covernews-featured":["https:\/\/quehacerpolitico.mx\/wp-content\/uploads\/2022\/06\/68864DE8-0FE7-4A03-B6AB-F46B9211C2D8.jpeg",1024,439,false],"covernews-medium":["https:\/\/quehacerpolitico.mx\/wp-content\/uploads\/2022\/06\/68864DE8-0FE7-4A03-B6AB-F46B9211C2D8.jpeg",540,231,false]},"author_info":{"display_name":"Redacci\u00f3n QP","author_link":"https:\/\/quehacerpolitico.mx\/?author=2"},"category_info":"<a href=\"https:\/\/quehacerpolitico.mx\/?cat=55\" rel=\"category\">CDMX<\/a>","tag_info":"CDMX","comment_count":"0","_links":{"self":[{"href":"https:\/\/quehacerpolitico.mx\/index.php?rest_route=\/wp\/v2\/posts\/93257","targetHints":{"allow":["GET"]}}],"collection":[{"href":"https:\/\/quehacerpolitico.mx\/index.php?rest_route=\/wp\/v2\/posts"}],"about":[{"href":"https:\/\/quehacerpolitico.mx\/index.php?rest_route=\/wp\/v2\/types\/post"}],"author":[{"embeddable":true,"href":"https:\/\/quehacerpolitico.mx\/index.php?rest_route=\/wp\/v2\/users\/2"}],"replies":[{"embeddable":true,"href":"https:\/\/quehacerpolitico.mx\/index.php?rest_route=%2Fwp%2Fv2%2Fcomments&post=93257"}],"version-history":[{"count":1,"href":"https:\/\/quehacerpolitico.mx\/index.php?rest_route=\/wp\/v2\/posts\/93257\/revisions"}],"predecessor-version":[{"id":93259,"href":"https:\/\/quehacerpolitico.mx\/index.php?rest_route=\/wp\/v2\/posts\/93257\/revisions\/93259"}],"wp:featuredmedia":[{"embeddable":true,"href":"https:\/\/quehacerpolitico.mx\/index.php?rest_route=\/wp\/v2\/media\/93258"}],"wp:attachment":[{"href":"https:\/\/quehacerpolitico.mx\/index.php?rest_route=%2Fwp%2Fv2%2Fmedia&parent=93257"}],"wp:term":[{"taxonomy":"category","embeddable":true,"href":"https:\/\/quehacerpolitico.mx\/index.php?rest_route=%2Fwp%2Fv2%2Fcategories&post=93257"},{"taxonomy":"post_tag","embeddable":true,"href":"https:\/\/quehacerpolitico.mx\/index.php?rest_route=%2Fwp%2Fv2%2Ftags&post=93257"}],"curies":[{"name":"wp","href":"https:\/\/api.w.org\/{rel}","templated":true}]}}