{"id":93251,"date":"2022-06-27T18:19:18","date_gmt":"2022-06-27T18:19:18","guid":{"rendered":"https:\/\/quehacerpolitico.mx\/?p=93251"},"modified":"2022-06-27T18:19:20","modified_gmt":"2022-06-27T18:19:20","slug":"faitelson-miente-para-tragar-juan-carlos-gabriel-de-anda-se-acordo-de-su-detractor","status":"publish","type":"post","link":"https:\/\/quehacerpolitico.mx\/?p=93251","title":{"rendered":"&#8216;Faitelson miente para tragar&#8217;; Juan Carlos Gabriel de Anda se acord\u00f3 de su detractor"},"content":{"rendered":"\n<p>Por Redacci\u00f3n QP<\/p>\n\n\n\n<p>El ex de ESPN y Fox Sports acus\u00f3 a Faitelson de &#8220;mentiroso&#8221; como comunicador para &#8220;poder tragar&#8221;, cuando de sus cr\u00edticas al Am\u00e9rica se trata.<\/p>\n\n\n\n<p>Por a\u00f1os fueron compa\u00f1eros en ESPN, nunca tuvieron una buena relaci\u00f3n y sus diferencias escalaron hasta temas familiares con Paco Gabriel de Anda inmiscuido. Aunque ya tiene un buen rato alejado de los medios de comunicaci\u00f3n, Juan Carlos Gabriel de Anda le tir\u00f3 dur\u00edsimo a David Faitelson, acus\u00e1ndolo de &#8220;mentiroso&#8221; en su labor como comunicador. Acompa\u00f1ado de Jorge van Rankin y \u00c1lvaro Morales, De Anda acus\u00f3 al Burro de &#8220;no haberle dicho sus verdades&#8221; a David Faitelson cuando lo tuvo en entrevista para su canal de YouTube. Con el pasado compartido en la televisora propiedad de Disney, Juan Carlos Gabriel tuvo duras palabras.<\/p>\n\n\n\n<p>&#8220;Tuviste a David Faitelson\u00a0aqu\u00ed sentado y no le dijiste nada de c\u00f3mo revienta al Am\u00e9rica. No le dijiste en ning\u00fan momento: &#8216;Mientes para tragar&#8217; porque eso es lo que hace Faitelson&#8221;, afirm\u00f3 De Anda, aunque Van Rankin le refut\u00f3 con el argumento de que s\u00ed lo hab\u00eda encarado. &#8220;Le dije:\u00a0&#8216;Eres americanista de cl\u00f3set&#8217;, me cont\u00f3 c\u00f3mo su pap\u00e1 lo llevaba al Estadio Azteca. Y si quieres se lo digo &#8216;Mientes por tragar&#8217;, aunque me cay\u00f3 muy bien&#8221;, respondi\u00f3 el Burro ante las risas de Juan Carlos Gabriel. Escucha a Juan Carlos Gabriel hablar de Faitelson en el 34:00<\/p>\n\n\n\n<figure class=\"wp-block-embed is-type-video is-provider-youtube wp-block-embed-youtube wp-embed-aspect-16-9 wp-has-aspect-ratio\"><div class=\"wp-block-embed__wrapper\">\n<iframe loading=\"lazy\" title=\"\u2018EL BRUJO\u2019 Morales viene PICANTE y dispuesto a crear POL\u00c9MICA con EL BURRO y DE ANDA\" width=\"640\" height=\"360\" src=\"https:\/\/www.youtube.com\/embed\/BNkP6DUjpls?feature=oembed\" frameborder=\"0\" allow=\"accelerometer; autoplay; clipboard-write; encrypted-media; gyroscope; picture-in-picture; web-share\" referrerpolicy=\"strict-origin-when-cross-origin\" allowfullscreen><\/iframe>\n<\/div><\/figure>\n\n\n\n<p>\u200b\u00bfQu\u00e9 fue de Juan Carlos Gabriel de Anda?\u00a0 Alejado de los medios de comunicaci\u00f3n deportivos desde hace alg\u00fan tiempo, De Anda asegur\u00f3 que aunque la gente le siga echando en cara su aparici\u00f3n en estado inconveniente, ha encontrado \u00e9xito en otras facetas y por fin tiene tiempo de atender a sus seres queridos.\u00a0 &#8220;Mientras la gente piensa que desde aquel tema hace ocho a\u00f1os no hago nada de mi vida, tengo temas con sindicatos, fideicomisos, obras de arte. Si me preguntan a qu\u00e9 me dedico te digo que a mi hijo, a tomar buen caf\u00e9, a mi madre porque en cualquier momento se va, eso es lo que ahora hago&#8221;, dijo en una reciente entrevista con el Burro van Rankin<\/p>\n\n\n\n<p>Con informaci\u00f3n de Medio Tiempo<\/p>\n","protected":false},"excerpt":{"rendered":"<p>Por Redacci\u00f3n QP El ex de ESPN y Fox Sports acus\u00f3 a Faitelson de &#8220;mentiroso&#8221;&#8230;<\/p>\n","protected":false},"author":2,"featured_media":93252,"comment_status":"open","ping_status":"open","sticky":false,"template":"","format":"standard","meta":{"_monsterinsights_skip_tracking":false,"_monsterinsights_sitenote_active":false,"_monsterinsights_sitenote_note":"","_monsterinsights_sitenote_category":0,"footnotes":""},"categories":[54],"tags":[],"class_list":["post-93251","post","type-post","status-publish","format-standard","has-post-thumbnail","hentry","category-deportes"],"yoast_head":"<!-- This site is optimized with the Yoast SEO plugin v27.3 - https:\/\/yoast.com\/product\/yoast-seo-wordpress\/ -->\n<title>&#039;Faitelson miente para tragar&#039;; Juan Carlos Gabriel de Anda se acord\u00f3 de su detractor -<\/title>\n<meta name=\"robots\" content=\"index, follow, max-snippet:-1, max-image-preview:large, max-video-preview:-1\" \/>\n<link rel=\"canonical\" href=\"https:\/\/quehacerpolitico.mx\/?p=93251\" \/>\n<meta property=\"og:locale\" content=\"es_MX\" \/>\n<meta property=\"og:type\" content=\"article\" \/>\n<meta property=\"og:title\" content=\"&#039;Faitelson miente para tragar&#039;; Juan Carlos Gabriel de Anda se acord\u00f3 de su detractor -\" \/>\n<meta property=\"og:description\" content=\"Por Redacci\u00f3n QP El ex de ESPN y Fox Sports acus\u00f3 a Faitelson de &#8220;mentiroso&#8221;...\" \/>\n<meta property=\"og:url\" content=\"https:\/\/quehacerpolitico.mx\/?p=93251\" \/>\n<meta property=\"article:published_time\" content=\"2022-06-27T18:19:18+00:00\" \/>\n<meta property=\"article:modified_time\" content=\"2022-06-27T18:19:20+00:00\" \/>\n<meta property=\"og:image\" content=\"https:\/\/quehacerpolitico.mx\/wp-content\/uploads\/2022\/06\/E23A1F35-7A54-4E93-85D9-F5FB9F7E2812.jpeg\" \/>\n\t<meta property=\"og:image:width\" content=\"739\" \/>\n\t<meta property=\"og:image:height\" content=\"415\" \/>\n\t<meta property=\"og:image:type\" content=\"image\/jpeg\" \/>\n<meta name=\"author\" content=\"Redacci\u00f3n QP\" \/>\n<meta name=\"twitter:card\" content=\"summary_large_image\" \/>\n<meta name=\"twitter:label1\" content=\"Escrito por\" \/>\n\t<meta name=\"twitter:data1\" content=\"Redacci\u00f3n QP\" \/>\n\t<meta name=\"twitter:label2\" content=\"Tiempo de lectura\" \/>\n\t<meta name=\"twitter:data2\" content=\"2 minutos\" \/>\n<script type=\"application\/ld+json\" class=\"yoast-schema-graph\">{\"@context\":\"https:\\\/\\\/schema.org\",\"@graph\":[{\"@type\":\"Article\",\"@id\":\"https:\\\/\\\/quehacerpolitico.mx\\\/?p=93251#article\",\"isPartOf\":{\"@id\":\"https:\\\/\\\/quehacerpolitico.mx\\\/?p=93251\"},\"author\":{\"name\":\"Redacci\u00f3n QP\",\"@id\":\"https:\\\/\\\/quehacerpolitico.mx\\\/#\\\/schema\\\/person\\\/496d8ad2d1d3f8036101dca7ee39e585\"},\"headline\":\"&#8216;Faitelson miente para tragar&#8217;; Juan Carlos Gabriel de Anda se acord\u00f3 de su detractor\",\"datePublished\":\"2022-06-27T18:19:18+00:00\",\"dateModified\":\"2022-06-27T18:19:20+00:00\",\"mainEntityOfPage\":{\"@id\":\"https:\\\/\\\/quehacerpolitico.mx\\\/?p=93251\"},\"wordCount\":395,\"commentCount\":0,\"image\":{\"@id\":\"https:\\\/\\\/quehacerpolitico.mx\\\/?p=93251#primaryimage\"},\"thumbnailUrl\":\"https:\\\/\\\/quehacerpolitico.mx\\\/wp-content\\\/uploads\\\/2022\\\/06\\\/E23A1F35-7A54-4E93-85D9-F5FB9F7E2812.jpeg\",\"articleSection\":[\"Deportes\"],\"inLanguage\":\"es\",\"potentialAction\":[{\"@type\":\"CommentAction\",\"name\":\"Comment\",\"target\":[\"https:\\\/\\\/quehacerpolitico.mx\\\/?p=93251#respond\"]}]},{\"@type\":\"WebPage\",\"@id\":\"https:\\\/\\\/quehacerpolitico.mx\\\/?p=93251\",\"url\":\"https:\\\/\\\/quehacerpolitico.mx\\\/?p=93251\",\"name\":\"'Faitelson miente para tragar'; Juan Carlos Gabriel de Anda se acord\u00f3 de su detractor -\",\"isPartOf\":{\"@id\":\"https:\\\/\\\/quehacerpolitico.mx\\\/#website\"},\"primaryImageOfPage\":{\"@id\":\"https:\\\/\\\/quehacerpolitico.mx\\\/?p=93251#primaryimage\"},\"image\":{\"@id\":\"https:\\\/\\\/quehacerpolitico.mx\\\/?p=93251#primaryimage\"},\"thumbnailUrl\":\"https:\\\/\\\/quehacerpolitico.mx\\\/wp-content\\\/uploads\\\/2022\\\/06\\\/E23A1F35-7A54-4E93-85D9-F5FB9F7E2812.jpeg\",\"datePublished\":\"2022-06-27T18:19:18+00:00\",\"dateModified\":\"2022-06-27T18:19:20+00:00\",\"author\":{\"@id\":\"https:\\\/\\\/quehacerpolitico.mx\\\/#\\\/schema\\\/person\\\/496d8ad2d1d3f8036101dca7ee39e585\"},\"breadcrumb\":{\"@id\":\"https:\\\/\\\/quehacerpolitico.mx\\\/?p=93251#breadcrumb\"},\"inLanguage\":\"es\",\"potentialAction\":[{\"@type\":\"ReadAction\",\"target\":[\"https:\\\/\\\/quehacerpolitico.mx\\\/?p=93251\"]}]},{\"@type\":\"ImageObject\",\"inLanguage\":\"es\",\"@id\":\"https:\\\/\\\/quehacerpolitico.mx\\\/?p=93251#primaryimage\",\"url\":\"https:\\\/\\\/quehacerpolitico.mx\\\/wp-content\\\/uploads\\\/2022\\\/06\\\/E23A1F35-7A54-4E93-85D9-F5FB9F7E2812.jpeg\",\"contentUrl\":\"https:\\\/\\\/quehacerpolitico.mx\\\/wp-content\\\/uploads\\\/2022\\\/06\\\/E23A1F35-7A54-4E93-85D9-F5FB9F7E2812.jpeg\",\"width\":739,\"height\":415},{\"@type\":\"BreadcrumbList\",\"@id\":\"https:\\\/\\\/quehacerpolitico.mx\\\/?p=93251#breadcrumb\",\"itemListElement\":[{\"@type\":\"ListItem\",\"position\":1,\"name\":\"Inicio\",\"item\":\"https:\\\/\\\/quehacerpolitico.mx\\\/\"},{\"@type\":\"ListItem\",\"position\":2,\"name\":\"&#8216;Faitelson miente para tragar&#8217;; Juan Carlos Gabriel de Anda se acord\u00f3 de su detractor\"}]},{\"@type\":\"WebSite\",\"@id\":\"https:\\\/\\\/quehacerpolitico.mx\\\/#website\",\"url\":\"https:\\\/\\\/quehacerpolitico.mx\\\/\",\"name\":\"\",\"description\":\"\",\"potentialAction\":[{\"@type\":\"SearchAction\",\"target\":{\"@type\":\"EntryPoint\",\"urlTemplate\":\"https:\\\/\\\/quehacerpolitico.mx\\\/?s={search_term_string}\"},\"query-input\":{\"@type\":\"PropertyValueSpecification\",\"valueRequired\":true,\"valueName\":\"search_term_string\"}}],\"inLanguage\":\"es\"},{\"@type\":\"Person\",\"@id\":\"https:\\\/\\\/quehacerpolitico.mx\\\/#\\\/schema\\\/person\\\/496d8ad2d1d3f8036101dca7ee39e585\",\"name\":\"Redacci\u00f3n QP\",\"image\":{\"@type\":\"ImageObject\",\"inLanguage\":\"es\",\"@id\":\"https:\\\/\\\/secure.gravatar.com\\\/avatar\\\/c7164ed6fdec453195284ad24a5ae5b6e1eed2b848477fa2a4787ba9adf39a41?s=96&d=mm&r=g\",\"url\":\"https:\\\/\\\/secure.gravatar.com\\\/avatar\\\/c7164ed6fdec453195284ad24a5ae5b6e1eed2b848477fa2a4787ba9adf39a41?s=96&d=mm&r=g\",\"contentUrl\":\"https:\\\/\\\/secure.gravatar.com\\\/avatar\\\/c7164ed6fdec453195284ad24a5ae5b6e1eed2b848477fa2a4787ba9adf39a41?s=96&d=mm&r=g\",\"caption\":\"Redacci\u00f3n QP\"},\"url\":\"https:\\\/\\\/quehacerpolitico.mx\\\/?author=2\"}]}<\/script>\n<!-- \/ Yoast SEO plugin. -->","yoast_head_json":{"title":"'Faitelson miente para tragar'; Juan Carlos Gabriel de Anda se acord\u00f3 de su detractor -","robots":{"index":"index","follow":"follow","max-snippet":"max-snippet:-1","max-image-preview":"max-image-preview:large","max-video-preview":"max-video-preview:-1"},"canonical":"https:\/\/quehacerpolitico.mx\/?p=93251","og_locale":"es_MX","og_type":"article","og_title":"'Faitelson miente para tragar'; Juan Carlos Gabriel de Anda se acord\u00f3 de su detractor -","og_description":"Por Redacci\u00f3n QP El ex de ESPN y Fox Sports acus\u00f3 a Faitelson de &#8220;mentiroso&#8221;...","og_url":"https:\/\/quehacerpolitico.mx\/?p=93251","article_published_time":"2022-06-27T18:19:18+00:00","article_modified_time":"2022-06-27T18:19:20+00:00","og_image":[{"width":739,"height":415,"url":"https:\/\/quehacerpolitico.mx\/wp-content\/uploads\/2022\/06\/E23A1F35-7A54-4E93-85D9-F5FB9F7E2812.jpeg","type":"image\/jpeg"}],"author":"Redacci\u00f3n QP","twitter_card":"summary_large_image","twitter_misc":{"Escrito por":"Redacci\u00f3n QP","Tiempo de lectura":"2 minutos"},"schema":{"@context":"https:\/\/schema.org","@graph":[{"@type":"Article","@id":"https:\/\/quehacerpolitico.mx\/?p=93251#article","isPartOf":{"@id":"https:\/\/quehacerpolitico.mx\/?p=93251"},"author":{"name":"Redacci\u00f3n QP","@id":"https:\/\/quehacerpolitico.mx\/#\/schema\/person\/496d8ad2d1d3f8036101dca7ee39e585"},"headline":"&#8216;Faitelson miente para tragar&#8217;; Juan Carlos Gabriel de Anda se acord\u00f3 de su detractor","datePublished":"2022-06-27T18:19:18+00:00","dateModified":"2022-06-27T18:19:20+00:00","mainEntityOfPage":{"@id":"https:\/\/quehacerpolitico.mx\/?p=93251"},"wordCount":395,"commentCount":0,"image":{"@id":"https:\/\/quehacerpolitico.mx\/?p=93251#primaryimage"},"thumbnailUrl":"https:\/\/quehacerpolitico.mx\/wp-content\/uploads\/2022\/06\/E23A1F35-7A54-4E93-85D9-F5FB9F7E2812.jpeg","articleSection":["Deportes"],"inLanguage":"es","potentialAction":[{"@type":"CommentAction","name":"Comment","target":["https:\/\/quehacerpolitico.mx\/?p=93251#respond"]}]},{"@type":"WebPage","@id":"https:\/\/quehacerpolitico.mx\/?p=93251","url":"https:\/\/quehacerpolitico.mx\/?p=93251","name":"'Faitelson miente para tragar'; Juan Carlos Gabriel de Anda se acord\u00f3 de su detractor -","isPartOf":{"@id":"https:\/\/quehacerpolitico.mx\/#website"},"primaryImageOfPage":{"@id":"https:\/\/quehacerpolitico.mx\/?p=93251#primaryimage"},"image":{"@id":"https:\/\/quehacerpolitico.mx\/?p=93251#primaryimage"},"thumbnailUrl":"https:\/\/quehacerpolitico.mx\/wp-content\/uploads\/2022\/06\/E23A1F35-7A54-4E93-85D9-F5FB9F7E2812.jpeg","datePublished":"2022-06-27T18:19:18+00:00","dateModified":"2022-06-27T18:19:20+00:00","author":{"@id":"https:\/\/quehacerpolitico.mx\/#\/schema\/person\/496d8ad2d1d3f8036101dca7ee39e585"},"breadcrumb":{"@id":"https:\/\/quehacerpolitico.mx\/?p=93251#breadcrumb"},"inLanguage":"es","potentialAction":[{"@type":"ReadAction","target":["https:\/\/quehacerpolitico.mx\/?p=93251"]}]},{"@type":"ImageObject","inLanguage":"es","@id":"https:\/\/quehacerpolitico.mx\/?p=93251#primaryimage","url":"https:\/\/quehacerpolitico.mx\/wp-content\/uploads\/2022\/06\/E23A1F35-7A54-4E93-85D9-F5FB9F7E2812.jpeg","contentUrl":"https:\/\/quehacerpolitico.mx\/wp-content\/uploads\/2022\/06\/E23A1F35-7A54-4E93-85D9-F5FB9F7E2812.jpeg","width":739,"height":415},{"@type":"BreadcrumbList","@id":"https:\/\/quehacerpolitico.mx\/?p=93251#breadcrumb","itemListElement":[{"@type":"ListItem","position":1,"name":"Inicio","item":"https:\/\/quehacerpolitico.mx\/"},{"@type":"ListItem","position":2,"name":"&#8216;Faitelson miente para tragar&#8217;; Juan Carlos Gabriel de Anda se acord\u00f3 de su detractor"}]},{"@type":"WebSite","@id":"https:\/\/quehacerpolitico.mx\/#website","url":"https:\/\/quehacerpolitico.mx\/","name":"","description":"","potentialAction":[{"@type":"SearchAction","target":{"@type":"EntryPoint","urlTemplate":"https:\/\/quehacerpolitico.mx\/?s={search_term_string}"},"query-input":{"@type":"PropertyValueSpecification","valueRequired":true,"valueName":"search_term_string"}}],"inLanguage":"es"},{"@type":"Person","@id":"https:\/\/quehacerpolitico.mx\/#\/schema\/person\/496d8ad2d1d3f8036101dca7ee39e585","name":"Redacci\u00f3n QP","image":{"@type":"ImageObject","inLanguage":"es","@id":"https:\/\/secure.gravatar.com\/avatar\/c7164ed6fdec453195284ad24a5ae5b6e1eed2b848477fa2a4787ba9adf39a41?s=96&d=mm&r=g","url":"https:\/\/secure.gravatar.com\/avatar\/c7164ed6fdec453195284ad24a5ae5b6e1eed2b848477fa2a4787ba9adf39a41?s=96&d=mm&r=g","contentUrl":"https:\/\/secure.gravatar.com\/avatar\/c7164ed6fdec453195284ad24a5ae5b6e1eed2b848477fa2a4787ba9adf39a41?s=96&d=mm&r=g","caption":"Redacci\u00f3n QP"},"url":"https:\/\/quehacerpolitico.mx\/?author=2"}]}},"featured_image_urls":{"full":["https:\/\/quehacerpolitico.mx\/wp-content\/uploads\/2022\/06\/E23A1F35-7A54-4E93-85D9-F5FB9F7E2812.jpeg",739,415,false],"thumbnail":["https:\/\/quehacerpolitico.mx\/wp-content\/uploads\/2022\/06\/E23A1F35-7A54-4E93-85D9-F5FB9F7E2812-150x150.jpeg",150,150,true],"medium":["https:\/\/quehacerpolitico.mx\/wp-content\/uploads\/2022\/06\/E23A1F35-7A54-4E93-85D9-F5FB9F7E2812-300x168.jpeg",300,168,true],"medium_large":["https:\/\/quehacerpolitico.mx\/wp-content\/uploads\/2022\/06\/E23A1F35-7A54-4E93-85D9-F5FB9F7E2812.jpeg",640,359,false],"large":["https:\/\/quehacerpolitico.mx\/wp-content\/uploads\/2022\/06\/E23A1F35-7A54-4E93-85D9-F5FB9F7E2812.jpeg",640,359,false],"1536x1536":["https:\/\/quehacerpolitico.mx\/wp-content\/uploads\/2022\/06\/E23A1F35-7A54-4E93-85D9-F5FB9F7E2812.jpeg",739,415,false],"2048x2048":["https:\/\/quehacerpolitico.mx\/wp-content\/uploads\/2022\/06\/E23A1F35-7A54-4E93-85D9-F5FB9F7E2812.jpeg",739,415,false],"covernews-featured":["https:\/\/quehacerpolitico.mx\/wp-content\/uploads\/2022\/06\/E23A1F35-7A54-4E93-85D9-F5FB9F7E2812.jpeg",739,415,false],"covernews-medium":["https:\/\/quehacerpolitico.mx\/wp-content\/uploads\/2022\/06\/E23A1F35-7A54-4E93-85D9-F5FB9F7E2812.jpeg",540,303,false]},"author_info":{"display_name":"Redacci\u00f3n QP","author_link":"https:\/\/quehacerpolitico.mx\/?author=2"},"category_info":"<a href=\"https:\/\/quehacerpolitico.mx\/?cat=54\" rel=\"category\">Deportes<\/a>","tag_info":"Deportes","comment_count":"0","_links":{"self":[{"href":"https:\/\/quehacerpolitico.mx\/index.php?rest_route=\/wp\/v2\/posts\/93251","targetHints":{"allow":["GET"]}}],"collection":[{"href":"https:\/\/quehacerpolitico.mx\/index.php?rest_route=\/wp\/v2\/posts"}],"about":[{"href":"https:\/\/quehacerpolitico.mx\/index.php?rest_route=\/wp\/v2\/types\/post"}],"author":[{"embeddable":true,"href":"https:\/\/quehacerpolitico.mx\/index.php?rest_route=\/wp\/v2\/users\/2"}],"replies":[{"embeddable":true,"href":"https:\/\/quehacerpolitico.mx\/index.php?rest_route=%2Fwp%2Fv2%2Fcomments&post=93251"}],"version-history":[{"count":1,"href":"https:\/\/quehacerpolitico.mx\/index.php?rest_route=\/wp\/v2\/posts\/93251\/revisions"}],"predecessor-version":[{"id":93253,"href":"https:\/\/quehacerpolitico.mx\/index.php?rest_route=\/wp\/v2\/posts\/93251\/revisions\/93253"}],"wp:featuredmedia":[{"embeddable":true,"href":"https:\/\/quehacerpolitico.mx\/index.php?rest_route=\/wp\/v2\/media\/93252"}],"wp:attachment":[{"href":"https:\/\/quehacerpolitico.mx\/index.php?rest_route=%2Fwp%2Fv2%2Fmedia&parent=93251"}],"wp:term":[{"taxonomy":"category","embeddable":true,"href":"https:\/\/quehacerpolitico.mx\/index.php?rest_route=%2Fwp%2Fv2%2Fcategories&post=93251"},{"taxonomy":"post_tag","embeddable":true,"href":"https:\/\/quehacerpolitico.mx\/index.php?rest_route=%2Fwp%2Fv2%2Ftags&post=93251"}],"curies":[{"name":"wp","href":"https:\/\/api.w.org\/{rel}","templated":true}]}}