{"id":93229,"date":"2022-06-27T15:17:10","date_gmt":"2022-06-27T15:17:10","guid":{"rendered":"https:\/\/quehacerpolitico.mx\/?p=93229"},"modified":"2022-06-27T15:17:13","modified_gmt":"2022-06-27T15:17:13","slug":"la-unam-anuncia-regreso-a-clases-presenciales-en-agosto%ef%bf%bc","status":"publish","type":"post","link":"https:\/\/quehacerpolitico.mx\/?p=93229","title":{"rendered":"La UNAM anuncia regreso a clases presenciales en agosto\ufffc"},"content":{"rendered":"\n<p>Por Redacci\u00f3n QP<\/p>\n\n\n\n<p>La Universidad Nacional Aut\u00f3noma de M\u00e9xico (UNAM) retomar\u00e1 las clases presenciales en todos sus planteles y niveles de ense\u00f1anza<\/p>\n\n\n\n<p><strong>A partir del ciclo escolar 2020-2023, que inicia el pr\u00f3ximo lunes 8 de agosto<\/strong>, la Universidad Nacional Aut\u00f3noma de M\u00e9xico (UNAM) retomar\u00e1\u00a0<strong>las clases presenciales en todos sus planteles y niveles de ense\u00f1anza<\/strong>, inform\u00f3 la M\u00e1xima casa de estudios por medio de un comunicado dirigido a la comunidad universitaria.<\/p>\n\n\n\n<p>Por medio del desplegado, la UNAM refiri\u00f3 que gracias a la inmunidad alcanzada entre la poblaci\u00f3n por el efecto combinado de la vacunaci\u00f3n y contagios previos,<strong>\u00a0los brotes del virus SARS-CoV-2 son menos severos\u00a0<\/strong>que en meses pasados y oleadas anteriores del COVID-19 en el pa\u00eds.<\/p>\n\n\n\n<p>Por ello, &#8220;la Universidad Nacional dar\u00e1 inicio al ciclo escolar 2022-2023 con actividades presenciales en todos sus planteles y niveles de ense\u00f1anza, por lo que las y los directores de las entidades acad\u00e9micas, as\u00ed como los consejos t\u00e9cnicos respectivos, deber\u00e1n tomar las medidas pertinentes para que ello ocurra, preservando la seguridad y la salud de sus comunidades&#8221;.<\/p>\n\n\n\n<p>Sin embargo, la UNAM\u00a0<strong>enfatiz\u00f3 que seguir\u00e1 atenta a la evoluci\u00f3n de la pandemia en el pa\u00eds e hizo un llamado a la comunidad universitaria a seguir con las medidas sanitarias<\/strong>\u00a0como el uso correcto del cubrebocas, lavado de manos, mantener sana distancia, espacios bien ventilados, evitar aglomeraciones y reforzar la vacunaci\u00f3n.<\/p>\n\n\n\n<p>Con base en el reporte de la Secretar\u00eda de Salud sobre la situaci\u00f3n del COVID-19 en el pa\u00eds,\u00a0<strong>al corte del 26 de junio M\u00e9xico registr\u00f3 5 mil 883 nuevos contagios, en el \u00faltimo d\u00eda<\/strong>, cifra con la que el pa\u00eds suma 5 millones 962 mil 615 casos totales.<\/p>\n\n\n\n<p><strong>La dependencia inform\u00f3 de cuatro decesos por la enfermedad en las \u00faltimas 24 horas<\/strong>, con lo que el pa\u00eds ya acumula 325 mil 580 fallecidos a causa de la pandemia.<\/p>\n\n\n\n<p>Si bien la cifra de contagios ha ido en aumento respecto a meses anteriores,&nbsp;<strong>destaca que el n\u00famero de decesos y hospitalizaciones se mantiene a la baja<\/strong>, lo cual atribuyen las autoridades de salud a la vacunaci\u00f3n anticovid.<\/p>\n\n\n\n<p>De hecho, este lunes 27 de junio inici\u00f3 en la Ciudad de M\u00e9xico\u00a0la vacunaci\u00f3n para menores\u00a0de entre 5 a 11 a\u00f1os de edad; sin embargo, primero se inmunizar\u00e1 a ni\u00f1os de 11 a\u00f1os de edad y aquellos que cumplan 11 a\u00f1os durante 2022.<\/p>\n\n\n\n<p>El gobierno de la Ciudad de M\u00e9xico dio a conocer en su p\u00e1gina web que conforme vayan llegando las vacunas a la Ciudad anunciar\u00e1n las fechas para vacunar contra el virus al resto de los ni\u00f1os de 5 a 10 a\u00f1os de edad.<\/p>\n\n\n\n<p>Con informaci\u00f3n de SUN<\/p>\n","protected":false},"excerpt":{"rendered":"<p>Por Redacci\u00f3n QP La Universidad Nacional Aut\u00f3noma de M\u00e9xico (UNAM) retomar\u00e1 las clases presenciales en&#8230;<\/p>\n","protected":false},"author":2,"featured_media":93230,"comment_status":"open","ping_status":"open","sticky":false,"template":"","format":"standard","meta":{"_monsterinsights_skip_tracking":false,"_monsterinsights_sitenote_active":false,"_monsterinsights_sitenote_note":"","_monsterinsights_sitenote_category":0,"footnotes":""},"categories":[2],"tags":[],"class_list":["post-93229","post","type-post","status-publish","format-standard","has-post-thumbnail","hentry","category-noticias"],"yoast_head":"<!-- This site is optimized with the Yoast SEO plugin v27.3 - https:\/\/yoast.com\/product\/yoast-seo-wordpress\/ -->\n<title>La UNAM anuncia regreso a clases presenciales en agosto\ufffc -<\/title>\n<meta name=\"robots\" content=\"index, follow, max-snippet:-1, max-image-preview:large, max-video-preview:-1\" \/>\n<link rel=\"canonical\" href=\"https:\/\/quehacerpolitico.mx\/?p=93229\" \/>\n<meta property=\"og:locale\" content=\"es_MX\" \/>\n<meta property=\"og:type\" content=\"article\" \/>\n<meta property=\"og:title\" content=\"La UNAM anuncia regreso a clases presenciales en agosto\ufffc -\" \/>\n<meta property=\"og:description\" content=\"Por Redacci\u00f3n QP La Universidad Nacional Aut\u00f3noma de M\u00e9xico (UNAM) retomar\u00e1 las clases presenciales en...\" \/>\n<meta property=\"og:url\" content=\"https:\/\/quehacerpolitico.mx\/?p=93229\" \/>\n<meta property=\"article:published_time\" content=\"2022-06-27T15:17:10+00:00\" \/>\n<meta property=\"article:modified_time\" content=\"2022-06-27T15:17:13+00:00\" \/>\n<meta property=\"og:image\" content=\"https:\/\/quehacerpolitico.mx\/wp-content\/uploads\/2022\/06\/4567D5A2-B9CE-4212-B871-271406FB1A95.jpeg\" \/>\n\t<meta property=\"og:image:width\" content=\"701\" \/>\n\t<meta property=\"og:image:height\" content=\"438\" \/>\n\t<meta property=\"og:image:type\" content=\"image\/jpeg\" \/>\n<meta name=\"author\" content=\"Redacci\u00f3n QP\" \/>\n<meta name=\"twitter:card\" content=\"summary_large_image\" \/>\n<meta name=\"twitter:label1\" content=\"Escrito por\" \/>\n\t<meta name=\"twitter:data1\" content=\"Redacci\u00f3n QP\" \/>\n\t<meta name=\"twitter:label2\" content=\"Tiempo de lectura\" \/>\n\t<meta name=\"twitter:data2\" content=\"2 minutos\" \/>\n<script type=\"application\/ld+json\" class=\"yoast-schema-graph\">{\"@context\":\"https:\\\/\\\/schema.org\",\"@graph\":[{\"@type\":\"Article\",\"@id\":\"https:\\\/\\\/quehacerpolitico.mx\\\/?p=93229#article\",\"isPartOf\":{\"@id\":\"https:\\\/\\\/quehacerpolitico.mx\\\/?p=93229\"},\"author\":{\"name\":\"Redacci\u00f3n QP\",\"@id\":\"https:\\\/\\\/quehacerpolitico.mx\\\/#\\\/schema\\\/person\\\/496d8ad2d1d3f8036101dca7ee39e585\"},\"headline\":\"La UNAM anuncia regreso a clases presenciales en agosto\ufffc\",\"datePublished\":\"2022-06-27T15:17:10+00:00\",\"dateModified\":\"2022-06-27T15:17:13+00:00\",\"mainEntityOfPage\":{\"@id\":\"https:\\\/\\\/quehacerpolitico.mx\\\/?p=93229\"},\"wordCount\":467,\"commentCount\":0,\"image\":{\"@id\":\"https:\\\/\\\/quehacerpolitico.mx\\\/?p=93229#primaryimage\"},\"thumbnailUrl\":\"https:\\\/\\\/quehacerpolitico.mx\\\/wp-content\\\/uploads\\\/2022\\\/06\\\/4567D5A2-B9CE-4212-B871-271406FB1A95.jpeg\",\"articleSection\":[\"Noticias\"],\"inLanguage\":\"es\",\"potentialAction\":[{\"@type\":\"CommentAction\",\"name\":\"Comment\",\"target\":[\"https:\\\/\\\/quehacerpolitico.mx\\\/?p=93229#respond\"]}]},{\"@type\":\"WebPage\",\"@id\":\"https:\\\/\\\/quehacerpolitico.mx\\\/?p=93229\",\"url\":\"https:\\\/\\\/quehacerpolitico.mx\\\/?p=93229\",\"name\":\"La UNAM anuncia regreso a clases presenciales en agosto\ufffc -\",\"isPartOf\":{\"@id\":\"https:\\\/\\\/quehacerpolitico.mx\\\/#website\"},\"primaryImageOfPage\":{\"@id\":\"https:\\\/\\\/quehacerpolitico.mx\\\/?p=93229#primaryimage\"},\"image\":{\"@id\":\"https:\\\/\\\/quehacerpolitico.mx\\\/?p=93229#primaryimage\"},\"thumbnailUrl\":\"https:\\\/\\\/quehacerpolitico.mx\\\/wp-content\\\/uploads\\\/2022\\\/06\\\/4567D5A2-B9CE-4212-B871-271406FB1A95.jpeg\",\"datePublished\":\"2022-06-27T15:17:10+00:00\",\"dateModified\":\"2022-06-27T15:17:13+00:00\",\"author\":{\"@id\":\"https:\\\/\\\/quehacerpolitico.mx\\\/#\\\/schema\\\/person\\\/496d8ad2d1d3f8036101dca7ee39e585\"},\"breadcrumb\":{\"@id\":\"https:\\\/\\\/quehacerpolitico.mx\\\/?p=93229#breadcrumb\"},\"inLanguage\":\"es\",\"potentialAction\":[{\"@type\":\"ReadAction\",\"target\":[\"https:\\\/\\\/quehacerpolitico.mx\\\/?p=93229\"]}]},{\"@type\":\"ImageObject\",\"inLanguage\":\"es\",\"@id\":\"https:\\\/\\\/quehacerpolitico.mx\\\/?p=93229#primaryimage\",\"url\":\"https:\\\/\\\/quehacerpolitico.mx\\\/wp-content\\\/uploads\\\/2022\\\/06\\\/4567D5A2-B9CE-4212-B871-271406FB1A95.jpeg\",\"contentUrl\":\"https:\\\/\\\/quehacerpolitico.mx\\\/wp-content\\\/uploads\\\/2022\\\/06\\\/4567D5A2-B9CE-4212-B871-271406FB1A95.jpeg\",\"width\":701,\"height\":438},{\"@type\":\"BreadcrumbList\",\"@id\":\"https:\\\/\\\/quehacerpolitico.mx\\\/?p=93229#breadcrumb\",\"itemListElement\":[{\"@type\":\"ListItem\",\"position\":1,\"name\":\"Inicio\",\"item\":\"https:\\\/\\\/quehacerpolitico.mx\\\/\"},{\"@type\":\"ListItem\",\"position\":2,\"name\":\"La UNAM anuncia regreso a clases presenciales en agosto\ufffc\"}]},{\"@type\":\"WebSite\",\"@id\":\"https:\\\/\\\/quehacerpolitico.mx\\\/#website\",\"url\":\"https:\\\/\\\/quehacerpolitico.mx\\\/\",\"name\":\"\",\"description\":\"\",\"potentialAction\":[{\"@type\":\"SearchAction\",\"target\":{\"@type\":\"EntryPoint\",\"urlTemplate\":\"https:\\\/\\\/quehacerpolitico.mx\\\/?s={search_term_string}\"},\"query-input\":{\"@type\":\"PropertyValueSpecification\",\"valueRequired\":true,\"valueName\":\"search_term_string\"}}],\"inLanguage\":\"es\"},{\"@type\":\"Person\",\"@id\":\"https:\\\/\\\/quehacerpolitico.mx\\\/#\\\/schema\\\/person\\\/496d8ad2d1d3f8036101dca7ee39e585\",\"name\":\"Redacci\u00f3n QP\",\"image\":{\"@type\":\"ImageObject\",\"inLanguage\":\"es\",\"@id\":\"https:\\\/\\\/secure.gravatar.com\\\/avatar\\\/c7164ed6fdec453195284ad24a5ae5b6e1eed2b848477fa2a4787ba9adf39a41?s=96&d=mm&r=g\",\"url\":\"https:\\\/\\\/secure.gravatar.com\\\/avatar\\\/c7164ed6fdec453195284ad24a5ae5b6e1eed2b848477fa2a4787ba9adf39a41?s=96&d=mm&r=g\",\"contentUrl\":\"https:\\\/\\\/secure.gravatar.com\\\/avatar\\\/c7164ed6fdec453195284ad24a5ae5b6e1eed2b848477fa2a4787ba9adf39a41?s=96&d=mm&r=g\",\"caption\":\"Redacci\u00f3n QP\"},\"url\":\"https:\\\/\\\/quehacerpolitico.mx\\\/?author=2\"}]}<\/script>\n<!-- \/ Yoast SEO plugin. -->","yoast_head_json":{"title":"La UNAM anuncia regreso a clases presenciales en agosto\ufffc -","robots":{"index":"index","follow":"follow","max-snippet":"max-snippet:-1","max-image-preview":"max-image-preview:large","max-video-preview":"max-video-preview:-1"},"canonical":"https:\/\/quehacerpolitico.mx\/?p=93229","og_locale":"es_MX","og_type":"article","og_title":"La UNAM anuncia regreso a clases presenciales en agosto\ufffc -","og_description":"Por Redacci\u00f3n QP La Universidad Nacional Aut\u00f3noma de M\u00e9xico (UNAM) retomar\u00e1 las clases presenciales en...","og_url":"https:\/\/quehacerpolitico.mx\/?p=93229","article_published_time":"2022-06-27T15:17:10+00:00","article_modified_time":"2022-06-27T15:17:13+00:00","og_image":[{"width":701,"height":438,"url":"https:\/\/quehacerpolitico.mx\/wp-content\/uploads\/2022\/06\/4567D5A2-B9CE-4212-B871-271406FB1A95.jpeg","type":"image\/jpeg"}],"author":"Redacci\u00f3n QP","twitter_card":"summary_large_image","twitter_misc":{"Escrito por":"Redacci\u00f3n QP","Tiempo de lectura":"2 minutos"},"schema":{"@context":"https:\/\/schema.org","@graph":[{"@type":"Article","@id":"https:\/\/quehacerpolitico.mx\/?p=93229#article","isPartOf":{"@id":"https:\/\/quehacerpolitico.mx\/?p=93229"},"author":{"name":"Redacci\u00f3n QP","@id":"https:\/\/quehacerpolitico.mx\/#\/schema\/person\/496d8ad2d1d3f8036101dca7ee39e585"},"headline":"La UNAM anuncia regreso a clases presenciales en agosto\ufffc","datePublished":"2022-06-27T15:17:10+00:00","dateModified":"2022-06-27T15:17:13+00:00","mainEntityOfPage":{"@id":"https:\/\/quehacerpolitico.mx\/?p=93229"},"wordCount":467,"commentCount":0,"image":{"@id":"https:\/\/quehacerpolitico.mx\/?p=93229#primaryimage"},"thumbnailUrl":"https:\/\/quehacerpolitico.mx\/wp-content\/uploads\/2022\/06\/4567D5A2-B9CE-4212-B871-271406FB1A95.jpeg","articleSection":["Noticias"],"inLanguage":"es","potentialAction":[{"@type":"CommentAction","name":"Comment","target":["https:\/\/quehacerpolitico.mx\/?p=93229#respond"]}]},{"@type":"WebPage","@id":"https:\/\/quehacerpolitico.mx\/?p=93229","url":"https:\/\/quehacerpolitico.mx\/?p=93229","name":"La UNAM anuncia regreso a clases presenciales en agosto\ufffc -","isPartOf":{"@id":"https:\/\/quehacerpolitico.mx\/#website"},"primaryImageOfPage":{"@id":"https:\/\/quehacerpolitico.mx\/?p=93229#primaryimage"},"image":{"@id":"https:\/\/quehacerpolitico.mx\/?p=93229#primaryimage"},"thumbnailUrl":"https:\/\/quehacerpolitico.mx\/wp-content\/uploads\/2022\/06\/4567D5A2-B9CE-4212-B871-271406FB1A95.jpeg","datePublished":"2022-06-27T15:17:10+00:00","dateModified":"2022-06-27T15:17:13+00:00","author":{"@id":"https:\/\/quehacerpolitico.mx\/#\/schema\/person\/496d8ad2d1d3f8036101dca7ee39e585"},"breadcrumb":{"@id":"https:\/\/quehacerpolitico.mx\/?p=93229#breadcrumb"},"inLanguage":"es","potentialAction":[{"@type":"ReadAction","target":["https:\/\/quehacerpolitico.mx\/?p=93229"]}]},{"@type":"ImageObject","inLanguage":"es","@id":"https:\/\/quehacerpolitico.mx\/?p=93229#primaryimage","url":"https:\/\/quehacerpolitico.mx\/wp-content\/uploads\/2022\/06\/4567D5A2-B9CE-4212-B871-271406FB1A95.jpeg","contentUrl":"https:\/\/quehacerpolitico.mx\/wp-content\/uploads\/2022\/06\/4567D5A2-B9CE-4212-B871-271406FB1A95.jpeg","width":701,"height":438},{"@type":"BreadcrumbList","@id":"https:\/\/quehacerpolitico.mx\/?p=93229#breadcrumb","itemListElement":[{"@type":"ListItem","position":1,"name":"Inicio","item":"https:\/\/quehacerpolitico.mx\/"},{"@type":"ListItem","position":2,"name":"La UNAM anuncia regreso a clases presenciales en agosto\ufffc"}]},{"@type":"WebSite","@id":"https:\/\/quehacerpolitico.mx\/#website","url":"https:\/\/quehacerpolitico.mx\/","name":"","description":"","potentialAction":[{"@type":"SearchAction","target":{"@type":"EntryPoint","urlTemplate":"https:\/\/quehacerpolitico.mx\/?s={search_term_string}"},"query-input":{"@type":"PropertyValueSpecification","valueRequired":true,"valueName":"search_term_string"}}],"inLanguage":"es"},{"@type":"Person","@id":"https:\/\/quehacerpolitico.mx\/#\/schema\/person\/496d8ad2d1d3f8036101dca7ee39e585","name":"Redacci\u00f3n QP","image":{"@type":"ImageObject","inLanguage":"es","@id":"https:\/\/secure.gravatar.com\/avatar\/c7164ed6fdec453195284ad24a5ae5b6e1eed2b848477fa2a4787ba9adf39a41?s=96&d=mm&r=g","url":"https:\/\/secure.gravatar.com\/avatar\/c7164ed6fdec453195284ad24a5ae5b6e1eed2b848477fa2a4787ba9adf39a41?s=96&d=mm&r=g","contentUrl":"https:\/\/secure.gravatar.com\/avatar\/c7164ed6fdec453195284ad24a5ae5b6e1eed2b848477fa2a4787ba9adf39a41?s=96&d=mm&r=g","caption":"Redacci\u00f3n QP"},"url":"https:\/\/quehacerpolitico.mx\/?author=2"}]}},"featured_image_urls":{"full":["https:\/\/quehacerpolitico.mx\/wp-content\/uploads\/2022\/06\/4567D5A2-B9CE-4212-B871-271406FB1A95.jpeg",701,438,false],"thumbnail":["https:\/\/quehacerpolitico.mx\/wp-content\/uploads\/2022\/06\/4567D5A2-B9CE-4212-B871-271406FB1A95-150x150.jpeg",150,150,true],"medium":["https:\/\/quehacerpolitico.mx\/wp-content\/uploads\/2022\/06\/4567D5A2-B9CE-4212-B871-271406FB1A95-300x187.jpeg",300,187,true],"medium_large":["https:\/\/quehacerpolitico.mx\/wp-content\/uploads\/2022\/06\/4567D5A2-B9CE-4212-B871-271406FB1A95.jpeg",640,400,false],"large":["https:\/\/quehacerpolitico.mx\/wp-content\/uploads\/2022\/06\/4567D5A2-B9CE-4212-B871-271406FB1A95.jpeg",640,400,false],"1536x1536":["https:\/\/quehacerpolitico.mx\/wp-content\/uploads\/2022\/06\/4567D5A2-B9CE-4212-B871-271406FB1A95.jpeg",701,438,false],"2048x2048":["https:\/\/quehacerpolitico.mx\/wp-content\/uploads\/2022\/06\/4567D5A2-B9CE-4212-B871-271406FB1A95.jpeg",701,438,false],"covernews-featured":["https:\/\/quehacerpolitico.mx\/wp-content\/uploads\/2022\/06\/4567D5A2-B9CE-4212-B871-271406FB1A95.jpeg",701,438,false],"covernews-medium":["https:\/\/quehacerpolitico.mx\/wp-content\/uploads\/2022\/06\/4567D5A2-B9CE-4212-B871-271406FB1A95.jpeg",540,337,false]},"author_info":{"display_name":"Redacci\u00f3n QP","author_link":"https:\/\/quehacerpolitico.mx\/?author=2"},"category_info":"<a href=\"https:\/\/quehacerpolitico.mx\/?cat=2\" rel=\"category\">Noticias<\/a>","tag_info":"Noticias","comment_count":"0","_links":{"self":[{"href":"https:\/\/quehacerpolitico.mx\/index.php?rest_route=\/wp\/v2\/posts\/93229","targetHints":{"allow":["GET"]}}],"collection":[{"href":"https:\/\/quehacerpolitico.mx\/index.php?rest_route=\/wp\/v2\/posts"}],"about":[{"href":"https:\/\/quehacerpolitico.mx\/index.php?rest_route=\/wp\/v2\/types\/post"}],"author":[{"embeddable":true,"href":"https:\/\/quehacerpolitico.mx\/index.php?rest_route=\/wp\/v2\/users\/2"}],"replies":[{"embeddable":true,"href":"https:\/\/quehacerpolitico.mx\/index.php?rest_route=%2Fwp%2Fv2%2Fcomments&post=93229"}],"version-history":[{"count":1,"href":"https:\/\/quehacerpolitico.mx\/index.php?rest_route=\/wp\/v2\/posts\/93229\/revisions"}],"predecessor-version":[{"id":93231,"href":"https:\/\/quehacerpolitico.mx\/index.php?rest_route=\/wp\/v2\/posts\/93229\/revisions\/93231"}],"wp:featuredmedia":[{"embeddable":true,"href":"https:\/\/quehacerpolitico.mx\/index.php?rest_route=\/wp\/v2\/media\/93230"}],"wp:attachment":[{"href":"https:\/\/quehacerpolitico.mx\/index.php?rest_route=%2Fwp%2Fv2%2Fmedia&parent=93229"}],"wp:term":[{"taxonomy":"category","embeddable":true,"href":"https:\/\/quehacerpolitico.mx\/index.php?rest_route=%2Fwp%2Fv2%2Fcategories&post=93229"},{"taxonomy":"post_tag","embeddable":true,"href":"https:\/\/quehacerpolitico.mx\/index.php?rest_route=%2Fwp%2Fv2%2Ftags&post=93229"}],"curies":[{"name":"wp","href":"https:\/\/api.w.org\/{rel}","templated":true}]}}