{"id":93223,"date":"2022-06-27T13:15:51","date_gmt":"2022-06-27T13:15:51","guid":{"rendered":"https:\/\/quehacerpolitico.mx\/?p=93223"},"modified":"2022-06-27T13:15:52","modified_gmt":"2022-06-27T13:15:52","slug":"las-marchas-para-este-27-de-junio-en-la-cdmx","status":"publish","type":"post","link":"https:\/\/quehacerpolitico.mx\/?p=93223","title":{"rendered":"Las marchas para este 27 de junio en la CDMX"},"content":{"rendered":"\n<p>Por Redacci\u00f3n QP<\/p>\n\n\n\n<p>Este lunes se tiene previsto que las concentraciones se desarrollen en la alcald\u00eda Cuauht\u00e9moc.<\/p>\n\n\n\n<p>De acuerdo con el<strong>&nbsp;Centro de Comando, Control, C\u00f3mputo, Comunicaciones y Contacto Ciudadano de la Ciudad de M\u00e9xico&nbsp;<\/strong>(C5), se prev\u00e9n cinco marchas y manifestaciones a lo largo del d\u00eda, lo que podr\u00eda afectar vialidades de la capital a lo largo de este 27 de junio.<\/p>\n\n\n\n<p>El centro de control detall\u00f3 que las manifestaciones se concentrar\u00e1n todas en la alcald\u00eda Cuauht\u00e9moc, ubicada en el centro de la ciudad.<\/p>\n\n\n\n<figure class=\"wp-block-embed is-type-rich is-provider-twitter wp-block-embed-twitter\"><div class=\"wp-block-embed__wrapper\">\n<blockquote class=\"twitter-tweet\" data-width=\"550\" data-dnt=\"true\"><p lang=\"es\" dir=\"ltr\">\u26a0\ufe0f\ud83d\udce2Te compartimos las movilizaciones sociales previstas para este d\u00eda en la CDMX.<a href=\"https:\/\/twitter.com\/hashtag\/MovilidadCDMX?src=hash&amp;ref_src=twsrc%5Etfw\">#MovilidadCDMX<\/a> <a href=\"https:\/\/twitter.com\/hashtag\/C5?src=hash&amp;ref_src=twsrc%5Etfw\">#C5<\/a> <a href=\"https:\/\/t.co\/IDVthPIgM9\">pic.twitter.com\/IDVthPIgM9<\/a><\/p>&mdash; C5 CDMX (@C5_CDMX) <a href=\"https:\/\/twitter.com\/C5_CDMX\/status\/1541364014130892800?ref_src=twsrc%5Etfw\">June 27, 2022<\/a><\/blockquote><script async src=\"https:\/\/platform.twitter.com\/widgets.js\" charset=\"utf-8\"><\/script>\n<\/div><\/figure>\n\n\n\n<h2 class=\"wp-block-heading\">Alcald\u00eda Cuauht\u00e9moc<\/h2>\n\n\n\n<p><strong>08:30 horas.&nbsp;<\/strong>Concentraci\u00f3n en Plaza de la Constituci\u00f3n s\/n, colonia Centro Hist\u00f3rico<\/p>\n\n\n\n<p><strong>10:00 horas.\u00a0<\/strong>Concentraci\u00f3n en Plaza de la Constituci\u00f3n 2, colonia Centro Hist\u00f3rico<\/p>\n\n\n\n<p><strong>10:00 horas.<\/strong>&nbsp;Concentraci\u00f3n en Eje 1 Norte Mosqueta 140, colonia Guerrero.<\/p>\n\n\n\n<p><strong>15:00 horas.<\/strong>&nbsp;Concentraci\u00f3n en Avenida Insurgentes Sur s\/n, colonia Ju\u00e1rez.&nbsp;<\/p>\n\n\n\n<p><strong>Durante el d\u00eda.\u00a0<\/strong>Concentraci\u00f3n en Plaza de la Constituci\u00f3n, n\u00famero 1, colonia Centro Hist\u00f3rico.<\/p>\n\n\n\n<p><strong>El programa Hoy No Circula determina que este lunes 27 de junio<\/strong>no podr\u00e1n circular en las 16 alcald\u00edas de la Ciudad de M\u00e9xico los autos que cuenten con el engomado amarillo, que la terminaci\u00f3n de su placa termine en 5 y 6, y que cuenten con el holograma 1 y 2 de verificaci\u00f3n, esto con la finalidad de reducir la emisi\u00f3n de part\u00edculas contaminantes en la capital del pa\u00eds.<\/p>\n\n\n\n<p>La medida no aplica para autos con holograma de verificaci\u00f3n 0 y 00, al igual que los autom\u00f3viles h\u00edbridos o el\u00e9ctricos, con matr\u00edcula de auto antiguo o que porten pase tur\u00edstico, as\u00ed como para motocicletas y de servicios de emergencia.<\/p>\n\n\n\n<p>Los automovilistas que ignoren el programa, o simplemente se confundan y saquen su veh\u00edculo a las calles de la capital, podr\u00e1n ser acreedores a una multa de hasta 2 mil 264 pesos, m\u00e1s el traslado del veh\u00edculo al corral\u00f3n.<\/p>\n","protected":false},"excerpt":{"rendered":"<p>Por Redacci\u00f3n QP Este lunes se tiene previsto que las concentraciones se desarrollen en la&#8230;<\/p>\n","protected":false},"author":2,"featured_media":93224,"comment_status":"open","ping_status":"open","sticky":false,"template":"","format":"standard","meta":{"_monsterinsights_skip_tracking":false,"_monsterinsights_sitenote_active":false,"_monsterinsights_sitenote_note":"","_monsterinsights_sitenote_category":0,"footnotes":""},"categories":[55],"tags":[],"class_list":["post-93223","post","type-post","status-publish","format-standard","has-post-thumbnail","hentry","category-cdmx"],"yoast_head":"<!-- This site is optimized with the Yoast SEO plugin v27.3 - https:\/\/yoast.com\/product\/yoast-seo-wordpress\/ -->\n<title>Las marchas para este 27 de junio en la CDMX -<\/title>\n<meta name=\"robots\" content=\"index, follow, max-snippet:-1, max-image-preview:large, max-video-preview:-1\" \/>\n<link rel=\"canonical\" href=\"https:\/\/quehacerpolitico.mx\/?p=93223\" \/>\n<meta property=\"og:locale\" content=\"es_MX\" \/>\n<meta property=\"og:type\" content=\"article\" \/>\n<meta property=\"og:title\" content=\"Las marchas para este 27 de junio en la CDMX -\" \/>\n<meta property=\"og:description\" content=\"Por Redacci\u00f3n QP Este lunes se tiene previsto que las concentraciones se desarrollen en la...\" \/>\n<meta property=\"og:url\" content=\"https:\/\/quehacerpolitico.mx\/?p=93223\" \/>\n<meta property=\"article:published_time\" content=\"2022-06-27T13:15:51+00:00\" \/>\n<meta property=\"article:modified_time\" content=\"2022-06-27T13:15:52+00:00\" \/>\n<meta property=\"og:image\" content=\"https:\/\/quehacerpolitico.mx\/wp-content\/uploads\/2022\/06\/C59C5BEB-398F-4989-BED5-E8B0CD8C54B0.jpeg\" \/>\n\t<meta property=\"og:image:width\" content=\"738\" \/>\n\t<meta property=\"og:image:height\" content=\"416\" \/>\n\t<meta property=\"og:image:type\" content=\"image\/jpeg\" \/>\n<meta name=\"author\" content=\"Redacci\u00f3n QP\" \/>\n<meta name=\"twitter:card\" content=\"summary_large_image\" \/>\n<meta name=\"twitter:label1\" content=\"Escrito por\" \/>\n\t<meta name=\"twitter:data1\" content=\"Redacci\u00f3n QP\" \/>\n\t<meta name=\"twitter:label2\" content=\"Tiempo de lectura\" \/>\n\t<meta name=\"twitter:data2\" content=\"2 minutos\" \/>\n<script type=\"application\/ld+json\" class=\"yoast-schema-graph\">{\"@context\":\"https:\\\/\\\/schema.org\",\"@graph\":[{\"@type\":\"Article\",\"@id\":\"https:\\\/\\\/quehacerpolitico.mx\\\/?p=93223#article\",\"isPartOf\":{\"@id\":\"https:\\\/\\\/quehacerpolitico.mx\\\/?p=93223\"},\"author\":{\"name\":\"Redacci\u00f3n QP\",\"@id\":\"https:\\\/\\\/quehacerpolitico.mx\\\/#\\\/schema\\\/person\\\/496d8ad2d1d3f8036101dca7ee39e585\"},\"headline\":\"Las marchas para este 27 de junio en la CDMX\",\"datePublished\":\"2022-06-27T13:15:51+00:00\",\"dateModified\":\"2022-06-27T13:15:52+00:00\",\"mainEntityOfPage\":{\"@id\":\"https:\\\/\\\/quehacerpolitico.mx\\\/?p=93223\"},\"wordCount\":349,\"commentCount\":0,\"image\":{\"@id\":\"https:\\\/\\\/quehacerpolitico.mx\\\/?p=93223#primaryimage\"},\"thumbnailUrl\":\"https:\\\/\\\/quehacerpolitico.mx\\\/wp-content\\\/uploads\\\/2022\\\/06\\\/C59C5BEB-398F-4989-BED5-E8B0CD8C54B0.jpeg\",\"articleSection\":[\"CDMX\"],\"inLanguage\":\"es\",\"potentialAction\":[{\"@type\":\"CommentAction\",\"name\":\"Comment\",\"target\":[\"https:\\\/\\\/quehacerpolitico.mx\\\/?p=93223#respond\"]}]},{\"@type\":\"WebPage\",\"@id\":\"https:\\\/\\\/quehacerpolitico.mx\\\/?p=93223\",\"url\":\"https:\\\/\\\/quehacerpolitico.mx\\\/?p=93223\",\"name\":\"Las marchas para este 27 de junio en la CDMX -\",\"isPartOf\":{\"@id\":\"https:\\\/\\\/quehacerpolitico.mx\\\/#website\"},\"primaryImageOfPage\":{\"@id\":\"https:\\\/\\\/quehacerpolitico.mx\\\/?p=93223#primaryimage\"},\"image\":{\"@id\":\"https:\\\/\\\/quehacerpolitico.mx\\\/?p=93223#primaryimage\"},\"thumbnailUrl\":\"https:\\\/\\\/quehacerpolitico.mx\\\/wp-content\\\/uploads\\\/2022\\\/06\\\/C59C5BEB-398F-4989-BED5-E8B0CD8C54B0.jpeg\",\"datePublished\":\"2022-06-27T13:15:51+00:00\",\"dateModified\":\"2022-06-27T13:15:52+00:00\",\"author\":{\"@id\":\"https:\\\/\\\/quehacerpolitico.mx\\\/#\\\/schema\\\/person\\\/496d8ad2d1d3f8036101dca7ee39e585\"},\"breadcrumb\":{\"@id\":\"https:\\\/\\\/quehacerpolitico.mx\\\/?p=93223#breadcrumb\"},\"inLanguage\":\"es\",\"potentialAction\":[{\"@type\":\"ReadAction\",\"target\":[\"https:\\\/\\\/quehacerpolitico.mx\\\/?p=93223\"]}]},{\"@type\":\"ImageObject\",\"inLanguage\":\"es\",\"@id\":\"https:\\\/\\\/quehacerpolitico.mx\\\/?p=93223#primaryimage\",\"url\":\"https:\\\/\\\/quehacerpolitico.mx\\\/wp-content\\\/uploads\\\/2022\\\/06\\\/C59C5BEB-398F-4989-BED5-E8B0CD8C54B0.jpeg\",\"contentUrl\":\"https:\\\/\\\/quehacerpolitico.mx\\\/wp-content\\\/uploads\\\/2022\\\/06\\\/C59C5BEB-398F-4989-BED5-E8B0CD8C54B0.jpeg\",\"width\":738,\"height\":416},{\"@type\":\"BreadcrumbList\",\"@id\":\"https:\\\/\\\/quehacerpolitico.mx\\\/?p=93223#breadcrumb\",\"itemListElement\":[{\"@type\":\"ListItem\",\"position\":1,\"name\":\"Inicio\",\"item\":\"https:\\\/\\\/quehacerpolitico.mx\\\/\"},{\"@type\":\"ListItem\",\"position\":2,\"name\":\"Las marchas para este 27 de junio en la CDMX\"}]},{\"@type\":\"WebSite\",\"@id\":\"https:\\\/\\\/quehacerpolitico.mx\\\/#website\",\"url\":\"https:\\\/\\\/quehacerpolitico.mx\\\/\",\"name\":\"\",\"description\":\"\",\"potentialAction\":[{\"@type\":\"SearchAction\",\"target\":{\"@type\":\"EntryPoint\",\"urlTemplate\":\"https:\\\/\\\/quehacerpolitico.mx\\\/?s={search_term_string}\"},\"query-input\":{\"@type\":\"PropertyValueSpecification\",\"valueRequired\":true,\"valueName\":\"search_term_string\"}}],\"inLanguage\":\"es\"},{\"@type\":\"Person\",\"@id\":\"https:\\\/\\\/quehacerpolitico.mx\\\/#\\\/schema\\\/person\\\/496d8ad2d1d3f8036101dca7ee39e585\",\"name\":\"Redacci\u00f3n QP\",\"image\":{\"@type\":\"ImageObject\",\"inLanguage\":\"es\",\"@id\":\"https:\\\/\\\/secure.gravatar.com\\\/avatar\\\/c7164ed6fdec453195284ad24a5ae5b6e1eed2b848477fa2a4787ba9adf39a41?s=96&d=mm&r=g\",\"url\":\"https:\\\/\\\/secure.gravatar.com\\\/avatar\\\/c7164ed6fdec453195284ad24a5ae5b6e1eed2b848477fa2a4787ba9adf39a41?s=96&d=mm&r=g\",\"contentUrl\":\"https:\\\/\\\/secure.gravatar.com\\\/avatar\\\/c7164ed6fdec453195284ad24a5ae5b6e1eed2b848477fa2a4787ba9adf39a41?s=96&d=mm&r=g\",\"caption\":\"Redacci\u00f3n QP\"},\"url\":\"https:\\\/\\\/quehacerpolitico.mx\\\/?author=2\"}]}<\/script>\n<!-- \/ Yoast SEO plugin. -->","yoast_head_json":{"title":"Las marchas para este 27 de junio en la CDMX -","robots":{"index":"index","follow":"follow","max-snippet":"max-snippet:-1","max-image-preview":"max-image-preview:large","max-video-preview":"max-video-preview:-1"},"canonical":"https:\/\/quehacerpolitico.mx\/?p=93223","og_locale":"es_MX","og_type":"article","og_title":"Las marchas para este 27 de junio en la CDMX -","og_description":"Por Redacci\u00f3n QP Este lunes se tiene previsto que las concentraciones se desarrollen en la...","og_url":"https:\/\/quehacerpolitico.mx\/?p=93223","article_published_time":"2022-06-27T13:15:51+00:00","article_modified_time":"2022-06-27T13:15:52+00:00","og_image":[{"width":738,"height":416,"url":"https:\/\/quehacerpolitico.mx\/wp-content\/uploads\/2022\/06\/C59C5BEB-398F-4989-BED5-E8B0CD8C54B0.jpeg","type":"image\/jpeg"}],"author":"Redacci\u00f3n QP","twitter_card":"summary_large_image","twitter_misc":{"Escrito por":"Redacci\u00f3n QP","Tiempo de lectura":"2 minutos"},"schema":{"@context":"https:\/\/schema.org","@graph":[{"@type":"Article","@id":"https:\/\/quehacerpolitico.mx\/?p=93223#article","isPartOf":{"@id":"https:\/\/quehacerpolitico.mx\/?p=93223"},"author":{"name":"Redacci\u00f3n QP","@id":"https:\/\/quehacerpolitico.mx\/#\/schema\/person\/496d8ad2d1d3f8036101dca7ee39e585"},"headline":"Las marchas para este 27 de junio en la CDMX","datePublished":"2022-06-27T13:15:51+00:00","dateModified":"2022-06-27T13:15:52+00:00","mainEntityOfPage":{"@id":"https:\/\/quehacerpolitico.mx\/?p=93223"},"wordCount":349,"commentCount":0,"image":{"@id":"https:\/\/quehacerpolitico.mx\/?p=93223#primaryimage"},"thumbnailUrl":"https:\/\/quehacerpolitico.mx\/wp-content\/uploads\/2022\/06\/C59C5BEB-398F-4989-BED5-E8B0CD8C54B0.jpeg","articleSection":["CDMX"],"inLanguage":"es","potentialAction":[{"@type":"CommentAction","name":"Comment","target":["https:\/\/quehacerpolitico.mx\/?p=93223#respond"]}]},{"@type":"WebPage","@id":"https:\/\/quehacerpolitico.mx\/?p=93223","url":"https:\/\/quehacerpolitico.mx\/?p=93223","name":"Las marchas para este 27 de junio en la CDMX -","isPartOf":{"@id":"https:\/\/quehacerpolitico.mx\/#website"},"primaryImageOfPage":{"@id":"https:\/\/quehacerpolitico.mx\/?p=93223#primaryimage"},"image":{"@id":"https:\/\/quehacerpolitico.mx\/?p=93223#primaryimage"},"thumbnailUrl":"https:\/\/quehacerpolitico.mx\/wp-content\/uploads\/2022\/06\/C59C5BEB-398F-4989-BED5-E8B0CD8C54B0.jpeg","datePublished":"2022-06-27T13:15:51+00:00","dateModified":"2022-06-27T13:15:52+00:00","author":{"@id":"https:\/\/quehacerpolitico.mx\/#\/schema\/person\/496d8ad2d1d3f8036101dca7ee39e585"},"breadcrumb":{"@id":"https:\/\/quehacerpolitico.mx\/?p=93223#breadcrumb"},"inLanguage":"es","potentialAction":[{"@type":"ReadAction","target":["https:\/\/quehacerpolitico.mx\/?p=93223"]}]},{"@type":"ImageObject","inLanguage":"es","@id":"https:\/\/quehacerpolitico.mx\/?p=93223#primaryimage","url":"https:\/\/quehacerpolitico.mx\/wp-content\/uploads\/2022\/06\/C59C5BEB-398F-4989-BED5-E8B0CD8C54B0.jpeg","contentUrl":"https:\/\/quehacerpolitico.mx\/wp-content\/uploads\/2022\/06\/C59C5BEB-398F-4989-BED5-E8B0CD8C54B0.jpeg","width":738,"height":416},{"@type":"BreadcrumbList","@id":"https:\/\/quehacerpolitico.mx\/?p=93223#breadcrumb","itemListElement":[{"@type":"ListItem","position":1,"name":"Inicio","item":"https:\/\/quehacerpolitico.mx\/"},{"@type":"ListItem","position":2,"name":"Las marchas para este 27 de junio en la CDMX"}]},{"@type":"WebSite","@id":"https:\/\/quehacerpolitico.mx\/#website","url":"https:\/\/quehacerpolitico.mx\/","name":"","description":"","potentialAction":[{"@type":"SearchAction","target":{"@type":"EntryPoint","urlTemplate":"https:\/\/quehacerpolitico.mx\/?s={search_term_string}"},"query-input":{"@type":"PropertyValueSpecification","valueRequired":true,"valueName":"search_term_string"}}],"inLanguage":"es"},{"@type":"Person","@id":"https:\/\/quehacerpolitico.mx\/#\/schema\/person\/496d8ad2d1d3f8036101dca7ee39e585","name":"Redacci\u00f3n QP","image":{"@type":"ImageObject","inLanguage":"es","@id":"https:\/\/secure.gravatar.com\/avatar\/c7164ed6fdec453195284ad24a5ae5b6e1eed2b848477fa2a4787ba9adf39a41?s=96&d=mm&r=g","url":"https:\/\/secure.gravatar.com\/avatar\/c7164ed6fdec453195284ad24a5ae5b6e1eed2b848477fa2a4787ba9adf39a41?s=96&d=mm&r=g","contentUrl":"https:\/\/secure.gravatar.com\/avatar\/c7164ed6fdec453195284ad24a5ae5b6e1eed2b848477fa2a4787ba9adf39a41?s=96&d=mm&r=g","caption":"Redacci\u00f3n QP"},"url":"https:\/\/quehacerpolitico.mx\/?author=2"}]}},"featured_image_urls":{"full":["https:\/\/quehacerpolitico.mx\/wp-content\/uploads\/2022\/06\/C59C5BEB-398F-4989-BED5-E8B0CD8C54B0.jpeg",738,416,false],"thumbnail":["https:\/\/quehacerpolitico.mx\/wp-content\/uploads\/2022\/06\/C59C5BEB-398F-4989-BED5-E8B0CD8C54B0-150x150.jpeg",150,150,true],"medium":["https:\/\/quehacerpolitico.mx\/wp-content\/uploads\/2022\/06\/C59C5BEB-398F-4989-BED5-E8B0CD8C54B0-300x169.jpeg",300,169,true],"medium_large":["https:\/\/quehacerpolitico.mx\/wp-content\/uploads\/2022\/06\/C59C5BEB-398F-4989-BED5-E8B0CD8C54B0.jpeg",640,361,false],"large":["https:\/\/quehacerpolitico.mx\/wp-content\/uploads\/2022\/06\/C59C5BEB-398F-4989-BED5-E8B0CD8C54B0.jpeg",640,361,false],"1536x1536":["https:\/\/quehacerpolitico.mx\/wp-content\/uploads\/2022\/06\/C59C5BEB-398F-4989-BED5-E8B0CD8C54B0.jpeg",738,416,false],"2048x2048":["https:\/\/quehacerpolitico.mx\/wp-content\/uploads\/2022\/06\/C59C5BEB-398F-4989-BED5-E8B0CD8C54B0.jpeg",738,416,false],"covernews-featured":["https:\/\/quehacerpolitico.mx\/wp-content\/uploads\/2022\/06\/C59C5BEB-398F-4989-BED5-E8B0CD8C54B0.jpeg",738,416,false],"covernews-medium":["https:\/\/quehacerpolitico.mx\/wp-content\/uploads\/2022\/06\/C59C5BEB-398F-4989-BED5-E8B0CD8C54B0.jpeg",540,304,false]},"author_info":{"display_name":"Redacci\u00f3n QP","author_link":"https:\/\/quehacerpolitico.mx\/?author=2"},"category_info":"<a href=\"https:\/\/quehacerpolitico.mx\/?cat=55\" rel=\"category\">CDMX<\/a>","tag_info":"CDMX","comment_count":"0","_links":{"self":[{"href":"https:\/\/quehacerpolitico.mx\/index.php?rest_route=\/wp\/v2\/posts\/93223","targetHints":{"allow":["GET"]}}],"collection":[{"href":"https:\/\/quehacerpolitico.mx\/index.php?rest_route=\/wp\/v2\/posts"}],"about":[{"href":"https:\/\/quehacerpolitico.mx\/index.php?rest_route=\/wp\/v2\/types\/post"}],"author":[{"embeddable":true,"href":"https:\/\/quehacerpolitico.mx\/index.php?rest_route=\/wp\/v2\/users\/2"}],"replies":[{"embeddable":true,"href":"https:\/\/quehacerpolitico.mx\/index.php?rest_route=%2Fwp%2Fv2%2Fcomments&post=93223"}],"version-history":[{"count":1,"href":"https:\/\/quehacerpolitico.mx\/index.php?rest_route=\/wp\/v2\/posts\/93223\/revisions"}],"predecessor-version":[{"id":93225,"href":"https:\/\/quehacerpolitico.mx\/index.php?rest_route=\/wp\/v2\/posts\/93223\/revisions\/93225"}],"wp:featuredmedia":[{"embeddable":true,"href":"https:\/\/quehacerpolitico.mx\/index.php?rest_route=\/wp\/v2\/media\/93224"}],"wp:attachment":[{"href":"https:\/\/quehacerpolitico.mx\/index.php?rest_route=%2Fwp%2Fv2%2Fmedia&parent=93223"}],"wp:term":[{"taxonomy":"category","embeddable":true,"href":"https:\/\/quehacerpolitico.mx\/index.php?rest_route=%2Fwp%2Fv2%2Fcategories&post=93223"},{"taxonomy":"post_tag","embeddable":true,"href":"https:\/\/quehacerpolitico.mx\/index.php?rest_route=%2Fwp%2Fv2%2Ftags&post=93223"}],"curies":[{"name":"wp","href":"https:\/\/api.w.org\/{rel}","templated":true}]}}