{"id":93213,"date":"2022-06-24T23:22:29","date_gmt":"2022-06-24T23:22:29","guid":{"rendered":"https:\/\/quehacerpolitico.mx\/?p=93213"},"modified":"2022-06-24T23:22:30","modified_gmt":"2022-06-24T23:22:30","slug":"yrma-lydia-y-su-esposo-discutian-sobre-su-separacion-cuando-el-disparo-fiscalia","status":"publish","type":"post","link":"https:\/\/quehacerpolitico.mx\/?p=93213","title":{"rendered":"Yrma Lydia y su esposo discut\u00edan sobre su separaci\u00f3n cuando \u00e9l dispar\u00f3: Fiscal\u00eda\u00a0"},"content":{"rendered":"\n<p>Por Redacci\u00f3n QP<\/p>\n\n\n\n<p>Autoridades capitalinas detallan que el arma de fuego con la que el abogado Jes\u00fas Hern\u00e1ndez atac\u00f3 a su esposa no ha sido asegurada<\/p>\n\n\n\n<p>Los avances en las indagatorias tras el feminicidio de la cantante Yrma Lydia, registrado la noche de este jueves, revelaron que\u00a0<strong>ella y su esposo, el abogado Jes\u00fas Hern\u00e1ndez Alcocer, trataban temas sobre su separaci\u00f3n cuando comenzaron a discutir<\/strong>. Fue en ese momento cuando el agresor dispar\u00f3 en reiteradas ocasiones en contra de ella<\/p>\n\n\n\n<figure class=\"wp-block-embed is-type-video is-provider-youtube wp-block-embed-youtube wp-embed-aspect-16-9 wp-has-aspect-ratio\"><div class=\"wp-block-embed__wrapper\">\n<iframe loading=\"lazy\" title=\"\u00c9l es Jes\u00fas \u201cN\u201d, detenido por dispararle a Yrma Lydya, su esposa\" width=\"640\" height=\"360\" src=\"https:\/\/www.youtube.com\/embed\/ydl1gYwiwRg?feature=oembed\" frameborder=\"0\" allow=\"accelerometer; autoplay; clipboard-write; encrypted-media; gyroscope; picture-in-picture; web-share\" referrerpolicy=\"strict-origin-when-cross-origin\" allowfullscreen><\/iframe>\n<\/div><figcaption><br><\/figcaption><\/figure>\n\n\n\n<p>Lo anterior qued\u00f3 asentado en la carpeta de investigaci\u00f3n abierta por el delito de feminicidio, se\u00f1alaron fuentes de la Fiscal\u00eda de la Ciudad de M\u00e9xico.<\/p>\n\n\n\n<figure class=\"wp-block-embed is-type-rich is-provider-twitter wp-block-embed-twitter\"><div class=\"wp-block-embed__wrapper\">\n<blockquote class=\"twitter-tweet\" data-width=\"550\" data-dnt=\"true\"><p lang=\"es\" dir=\"ltr\">La <a href=\"https:\/\/twitter.com\/hashtag\/FGJCDMX?src=hash&amp;ref_src=twsrc%5Etfw\">#FGJCDMX<\/a> integra una carpeta de investigaci\u00f3n, bajo el protocolo de feminicidio, tras los hechos ocurridos al interior de un restaurante ubicado en la alcald\u00eda Benito Ju\u00e1rez, donde una mujer falleci\u00f3 por disparos de arma de fuego.<\/p>&mdash; Fiscal\u00eda CDMX (@FiscaliaCDMX) <a href=\"https:\/\/twitter.com\/FiscaliaCDMX\/status\/1540376263717789698?ref_src=twsrc%5Etfw\">June 24, 2022<\/a><\/blockquote><script async src=\"https:\/\/platform.twitter.com\/widgets.js\" charset=\"utf-8\"><\/script>\n<\/div><\/figure>\n\n\n\n<figure class=\"wp-block-embed is-type-rich is-provider-twitter wp-block-embed-twitter\"><div class=\"wp-block-embed__wrapper\">\n<blockquote class=\"twitter-tweet\" data-width=\"550\" data-dnt=\"true\"><p lang=\"es\" dir=\"ltr\">La <a href=\"https:\/\/twitter.com\/hashtag\/FGJCDMX?src=hash&amp;ref_src=twsrc%5Etfw\">#FGJCDMX<\/a>, en apego a sus funciones y atribuciones como \u00e1rea esencial, contin\u00faa todos los d\u00edas sus tareas de investigaci\u00f3n para combatir la impunidad y pone a disposici\u00f3n de la ciudadan\u00eda los n\u00fameros telef\u00f3nicos (55) 5200 9000 y 800 745 2369 para orientaci\u00f3n jur\u00eddica gratuita.<\/p>&mdash; Fiscal\u00eda CDMX (@FiscaliaCDMX) <a href=\"https:\/\/twitter.com\/FiscaliaCDMX\/status\/1540376805667921921?ref_src=twsrc%5Etfw\">June 24, 2022<\/a><\/blockquote><script async src=\"https:\/\/platform.twitter.com\/widgets.js\" charset=\"utf-8\"><\/script>\n<\/div><\/figure>\n\n\n\n<p>El arma de fuego con la que el abogado Jes\u00fas Hern\u00e1ndez Alcocer asesin\u00f3 a su esposa, la cantante Yrma Lydia, no fue presentada ante el Ministerio P\u00fablico de la Fiscal\u00eda capitalina, por lo que<strong>\u00a0se investiga su paradero.<\/strong><\/p>\n\n\n\n<p>Fuentes policiales consultadas refirieron que el jueves pasado, tras la detenci\u00f3n del individuo y su escolta,<strong>\u00a0no fue presentado el objeto con el que consum\u00f3 la agresi\u00f3n<\/strong>, es decir, el arma de fuego que se accion\u00f3 al interior del restaurante Suntory.<\/p>\n\n\n\n<figure class=\"wp-block-embed is-type-rich is-provider-twitter wp-block-embed-twitter\"><div class=\"wp-block-embed__wrapper\">\nhttps:\/\/twitter.com\/c4jimenez\/status\/1540357193219940355?s=21&#038;t=s0HpR6sH0B9RuYos0KSJFg\n<\/div><\/figure>\n\n\n\n<figure class=\"wp-block-embed is-type-rich is-provider-twitter wp-block-embed-twitter\"><div class=\"wp-block-embed__wrapper\">\nhttps:\/\/twitter.com\/c4jimenez\/status\/1540469989509156865?s=21&#038;t=s0HpR6sH0B9RuYos0KSJFg\n<\/div><\/figure>\n\n\n\n<p>Y es que de acuerdo con la informaci\u00f3n consultada, en la escena del crimen no fue identificada, por lo que se cree que pudo ser extra\u00edda.<\/p>\n\n\n\n<p>El jueves, tras dar a conocer la detenci\u00f3n del sujeto de 79 a\u00f1os de edad, la polic\u00eda capitalina no precis\u00f3 haber sido decomisado y presentado el arma y presentada al Ministerio P\u00fablico junto con el agresor.<\/p>\n\n\n\n<p>Con informaci\u00f3n de SUN<\/p>\n","protected":false},"excerpt":{"rendered":"<p>Por Redacci\u00f3n QP Autoridades capitalinas detallan que el arma de fuego con la que el&#8230;<\/p>\n","protected":false},"author":2,"featured_media":93215,"comment_status":"open","ping_status":"open","sticky":false,"template":"","format":"standard","meta":{"_monsterinsights_skip_tracking":false,"_monsterinsights_sitenote_active":false,"_monsterinsights_sitenote_note":"","_monsterinsights_sitenote_category":0,"footnotes":""},"categories":[55],"tags":[],"class_list":["post-93213","post","type-post","status-publish","format-standard","has-post-thumbnail","hentry","category-cdmx"],"yoast_head":"<!-- This site is optimized with the Yoast SEO plugin v27.3 - https:\/\/yoast.com\/product\/yoast-seo-wordpress\/ -->\n<title>Yrma Lydia y su esposo discut\u00edan sobre su separaci\u00f3n cuando \u00e9l dispar\u00f3: Fiscal\u00eda\u00a0 -<\/title>\n<meta name=\"robots\" content=\"index, follow, max-snippet:-1, max-image-preview:large, max-video-preview:-1\" \/>\n<link rel=\"canonical\" href=\"https:\/\/quehacerpolitico.mx\/?p=93213\" \/>\n<meta property=\"og:locale\" content=\"es_MX\" \/>\n<meta property=\"og:type\" content=\"article\" \/>\n<meta property=\"og:title\" content=\"Yrma Lydia y su esposo discut\u00edan sobre su separaci\u00f3n cuando \u00e9l dispar\u00f3: Fiscal\u00eda\u00a0 -\" \/>\n<meta property=\"og:description\" content=\"Por Redacci\u00f3n QP Autoridades capitalinas detallan que el arma de fuego con la que el...\" \/>\n<meta property=\"og:url\" content=\"https:\/\/quehacerpolitico.mx\/?p=93213\" \/>\n<meta property=\"article:published_time\" content=\"2022-06-24T23:22:29+00:00\" \/>\n<meta property=\"article:modified_time\" content=\"2022-06-24T23:22:30+00:00\" \/>\n<meta property=\"og:image\" content=\"https:\/\/quehacerpolitico.mx\/wp-content\/uploads\/2022\/06\/75ABAE37-E13B-44C8-A725-58F465CCC93F.jpeg\" \/>\n\t<meta property=\"og:image:width\" content=\"1280\" \/>\n\t<meta property=\"og:image:height\" content=\"719\" \/>\n\t<meta property=\"og:image:type\" content=\"image\/jpeg\" \/>\n<meta name=\"author\" content=\"Redacci\u00f3n QP\" \/>\n<meta name=\"twitter:card\" content=\"summary_large_image\" \/>\n<meta name=\"twitter:label1\" content=\"Escrito por\" \/>\n\t<meta name=\"twitter:data1\" content=\"Redacci\u00f3n QP\" \/>\n\t<meta name=\"twitter:label2\" content=\"Tiempo de lectura\" \/>\n\t<meta name=\"twitter:data2\" content=\"2 minutos\" \/>\n<script type=\"application\/ld+json\" class=\"yoast-schema-graph\">{\"@context\":\"https:\\\/\\\/schema.org\",\"@graph\":[{\"@type\":\"Article\",\"@id\":\"https:\\\/\\\/quehacerpolitico.mx\\\/?p=93213#article\",\"isPartOf\":{\"@id\":\"https:\\\/\\\/quehacerpolitico.mx\\\/?p=93213\"},\"author\":{\"name\":\"Redacci\u00f3n QP\",\"@id\":\"https:\\\/\\\/quehacerpolitico.mx\\\/#\\\/schema\\\/person\\\/496d8ad2d1d3f8036101dca7ee39e585\"},\"headline\":\"Yrma Lydia y su esposo discut\u00edan sobre su separaci\u00f3n cuando \u00e9l dispar\u00f3: Fiscal\u00eda\u00a0\",\"datePublished\":\"2022-06-24T23:22:29+00:00\",\"dateModified\":\"2022-06-24T23:22:30+00:00\",\"mainEntityOfPage\":{\"@id\":\"https:\\\/\\\/quehacerpolitico.mx\\\/?p=93213\"},\"wordCount\":351,\"commentCount\":0,\"image\":{\"@id\":\"https:\\\/\\\/quehacerpolitico.mx\\\/?p=93213#primaryimage\"},\"thumbnailUrl\":\"https:\\\/\\\/quehacerpolitico.mx\\\/wp-content\\\/uploads\\\/2022\\\/06\\\/75ABAE37-E13B-44C8-A725-58F465CCC93F.jpeg\",\"articleSection\":[\"CDMX\"],\"inLanguage\":\"es\",\"potentialAction\":[{\"@type\":\"CommentAction\",\"name\":\"Comment\",\"target\":[\"https:\\\/\\\/quehacerpolitico.mx\\\/?p=93213#respond\"]}]},{\"@type\":\"WebPage\",\"@id\":\"https:\\\/\\\/quehacerpolitico.mx\\\/?p=93213\",\"url\":\"https:\\\/\\\/quehacerpolitico.mx\\\/?p=93213\",\"name\":\"Yrma Lydia y su esposo discut\u00edan sobre su separaci\u00f3n cuando \u00e9l dispar\u00f3: Fiscal\u00eda\u00a0 -\",\"isPartOf\":{\"@id\":\"https:\\\/\\\/quehacerpolitico.mx\\\/#website\"},\"primaryImageOfPage\":{\"@id\":\"https:\\\/\\\/quehacerpolitico.mx\\\/?p=93213#primaryimage\"},\"image\":{\"@id\":\"https:\\\/\\\/quehacerpolitico.mx\\\/?p=93213#primaryimage\"},\"thumbnailUrl\":\"https:\\\/\\\/quehacerpolitico.mx\\\/wp-content\\\/uploads\\\/2022\\\/06\\\/75ABAE37-E13B-44C8-A725-58F465CCC93F.jpeg\",\"datePublished\":\"2022-06-24T23:22:29+00:00\",\"dateModified\":\"2022-06-24T23:22:30+00:00\",\"author\":{\"@id\":\"https:\\\/\\\/quehacerpolitico.mx\\\/#\\\/schema\\\/person\\\/496d8ad2d1d3f8036101dca7ee39e585\"},\"breadcrumb\":{\"@id\":\"https:\\\/\\\/quehacerpolitico.mx\\\/?p=93213#breadcrumb\"},\"inLanguage\":\"es\",\"potentialAction\":[{\"@type\":\"ReadAction\",\"target\":[\"https:\\\/\\\/quehacerpolitico.mx\\\/?p=93213\"]}]},{\"@type\":\"ImageObject\",\"inLanguage\":\"es\",\"@id\":\"https:\\\/\\\/quehacerpolitico.mx\\\/?p=93213#primaryimage\",\"url\":\"https:\\\/\\\/quehacerpolitico.mx\\\/wp-content\\\/uploads\\\/2022\\\/06\\\/75ABAE37-E13B-44C8-A725-58F465CCC93F.jpeg\",\"contentUrl\":\"https:\\\/\\\/quehacerpolitico.mx\\\/wp-content\\\/uploads\\\/2022\\\/06\\\/75ABAE37-E13B-44C8-A725-58F465CCC93F.jpeg\",\"width\":1280,\"height\":719},{\"@type\":\"BreadcrumbList\",\"@id\":\"https:\\\/\\\/quehacerpolitico.mx\\\/?p=93213#breadcrumb\",\"itemListElement\":[{\"@type\":\"ListItem\",\"position\":1,\"name\":\"Inicio\",\"item\":\"https:\\\/\\\/quehacerpolitico.mx\\\/\"},{\"@type\":\"ListItem\",\"position\":2,\"name\":\"Yrma Lydia y su esposo discut\u00edan sobre su separaci\u00f3n cuando \u00e9l dispar\u00f3: Fiscal\u00eda\u00a0\"}]},{\"@type\":\"WebSite\",\"@id\":\"https:\\\/\\\/quehacerpolitico.mx\\\/#website\",\"url\":\"https:\\\/\\\/quehacerpolitico.mx\\\/\",\"name\":\"\",\"description\":\"\",\"potentialAction\":[{\"@type\":\"SearchAction\",\"target\":{\"@type\":\"EntryPoint\",\"urlTemplate\":\"https:\\\/\\\/quehacerpolitico.mx\\\/?s={search_term_string}\"},\"query-input\":{\"@type\":\"PropertyValueSpecification\",\"valueRequired\":true,\"valueName\":\"search_term_string\"}}],\"inLanguage\":\"es\"},{\"@type\":\"Person\",\"@id\":\"https:\\\/\\\/quehacerpolitico.mx\\\/#\\\/schema\\\/person\\\/496d8ad2d1d3f8036101dca7ee39e585\",\"name\":\"Redacci\u00f3n QP\",\"image\":{\"@type\":\"ImageObject\",\"inLanguage\":\"es\",\"@id\":\"https:\\\/\\\/secure.gravatar.com\\\/avatar\\\/c7164ed6fdec453195284ad24a5ae5b6e1eed2b848477fa2a4787ba9adf39a41?s=96&d=mm&r=g\",\"url\":\"https:\\\/\\\/secure.gravatar.com\\\/avatar\\\/c7164ed6fdec453195284ad24a5ae5b6e1eed2b848477fa2a4787ba9adf39a41?s=96&d=mm&r=g\",\"contentUrl\":\"https:\\\/\\\/secure.gravatar.com\\\/avatar\\\/c7164ed6fdec453195284ad24a5ae5b6e1eed2b848477fa2a4787ba9adf39a41?s=96&d=mm&r=g\",\"caption\":\"Redacci\u00f3n QP\"},\"url\":\"https:\\\/\\\/quehacerpolitico.mx\\\/?author=2\"}]}<\/script>\n<!-- \/ Yoast SEO plugin. -->","yoast_head_json":{"title":"Yrma Lydia y su esposo discut\u00edan sobre su separaci\u00f3n cuando \u00e9l dispar\u00f3: Fiscal\u00eda\u00a0 -","robots":{"index":"index","follow":"follow","max-snippet":"max-snippet:-1","max-image-preview":"max-image-preview:large","max-video-preview":"max-video-preview:-1"},"canonical":"https:\/\/quehacerpolitico.mx\/?p=93213","og_locale":"es_MX","og_type":"article","og_title":"Yrma Lydia y su esposo discut\u00edan sobre su separaci\u00f3n cuando \u00e9l dispar\u00f3: Fiscal\u00eda\u00a0 -","og_description":"Por Redacci\u00f3n QP Autoridades capitalinas detallan que el arma de fuego con la que el...","og_url":"https:\/\/quehacerpolitico.mx\/?p=93213","article_published_time":"2022-06-24T23:22:29+00:00","article_modified_time":"2022-06-24T23:22:30+00:00","og_image":[{"width":1280,"height":719,"url":"https:\/\/quehacerpolitico.mx\/wp-content\/uploads\/2022\/06\/75ABAE37-E13B-44C8-A725-58F465CCC93F.jpeg","type":"image\/jpeg"}],"author":"Redacci\u00f3n QP","twitter_card":"summary_large_image","twitter_misc":{"Escrito por":"Redacci\u00f3n QP","Tiempo de lectura":"2 minutos"},"schema":{"@context":"https:\/\/schema.org","@graph":[{"@type":"Article","@id":"https:\/\/quehacerpolitico.mx\/?p=93213#article","isPartOf":{"@id":"https:\/\/quehacerpolitico.mx\/?p=93213"},"author":{"name":"Redacci\u00f3n QP","@id":"https:\/\/quehacerpolitico.mx\/#\/schema\/person\/496d8ad2d1d3f8036101dca7ee39e585"},"headline":"Yrma Lydia y su esposo discut\u00edan sobre su separaci\u00f3n cuando \u00e9l dispar\u00f3: Fiscal\u00eda\u00a0","datePublished":"2022-06-24T23:22:29+00:00","dateModified":"2022-06-24T23:22:30+00:00","mainEntityOfPage":{"@id":"https:\/\/quehacerpolitico.mx\/?p=93213"},"wordCount":351,"commentCount":0,"image":{"@id":"https:\/\/quehacerpolitico.mx\/?p=93213#primaryimage"},"thumbnailUrl":"https:\/\/quehacerpolitico.mx\/wp-content\/uploads\/2022\/06\/75ABAE37-E13B-44C8-A725-58F465CCC93F.jpeg","articleSection":["CDMX"],"inLanguage":"es","potentialAction":[{"@type":"CommentAction","name":"Comment","target":["https:\/\/quehacerpolitico.mx\/?p=93213#respond"]}]},{"@type":"WebPage","@id":"https:\/\/quehacerpolitico.mx\/?p=93213","url":"https:\/\/quehacerpolitico.mx\/?p=93213","name":"Yrma Lydia y su esposo discut\u00edan sobre su separaci\u00f3n cuando \u00e9l dispar\u00f3: Fiscal\u00eda\u00a0 -","isPartOf":{"@id":"https:\/\/quehacerpolitico.mx\/#website"},"primaryImageOfPage":{"@id":"https:\/\/quehacerpolitico.mx\/?p=93213#primaryimage"},"image":{"@id":"https:\/\/quehacerpolitico.mx\/?p=93213#primaryimage"},"thumbnailUrl":"https:\/\/quehacerpolitico.mx\/wp-content\/uploads\/2022\/06\/75ABAE37-E13B-44C8-A725-58F465CCC93F.jpeg","datePublished":"2022-06-24T23:22:29+00:00","dateModified":"2022-06-24T23:22:30+00:00","author":{"@id":"https:\/\/quehacerpolitico.mx\/#\/schema\/person\/496d8ad2d1d3f8036101dca7ee39e585"},"breadcrumb":{"@id":"https:\/\/quehacerpolitico.mx\/?p=93213#breadcrumb"},"inLanguage":"es","potentialAction":[{"@type":"ReadAction","target":["https:\/\/quehacerpolitico.mx\/?p=93213"]}]},{"@type":"ImageObject","inLanguage":"es","@id":"https:\/\/quehacerpolitico.mx\/?p=93213#primaryimage","url":"https:\/\/quehacerpolitico.mx\/wp-content\/uploads\/2022\/06\/75ABAE37-E13B-44C8-A725-58F465CCC93F.jpeg","contentUrl":"https:\/\/quehacerpolitico.mx\/wp-content\/uploads\/2022\/06\/75ABAE37-E13B-44C8-A725-58F465CCC93F.jpeg","width":1280,"height":719},{"@type":"BreadcrumbList","@id":"https:\/\/quehacerpolitico.mx\/?p=93213#breadcrumb","itemListElement":[{"@type":"ListItem","position":1,"name":"Inicio","item":"https:\/\/quehacerpolitico.mx\/"},{"@type":"ListItem","position":2,"name":"Yrma Lydia y su esposo discut\u00edan sobre su separaci\u00f3n cuando \u00e9l dispar\u00f3: Fiscal\u00eda\u00a0"}]},{"@type":"WebSite","@id":"https:\/\/quehacerpolitico.mx\/#website","url":"https:\/\/quehacerpolitico.mx\/","name":"","description":"","potentialAction":[{"@type":"SearchAction","target":{"@type":"EntryPoint","urlTemplate":"https:\/\/quehacerpolitico.mx\/?s={search_term_string}"},"query-input":{"@type":"PropertyValueSpecification","valueRequired":true,"valueName":"search_term_string"}}],"inLanguage":"es"},{"@type":"Person","@id":"https:\/\/quehacerpolitico.mx\/#\/schema\/person\/496d8ad2d1d3f8036101dca7ee39e585","name":"Redacci\u00f3n QP","image":{"@type":"ImageObject","inLanguage":"es","@id":"https:\/\/secure.gravatar.com\/avatar\/c7164ed6fdec453195284ad24a5ae5b6e1eed2b848477fa2a4787ba9adf39a41?s=96&d=mm&r=g","url":"https:\/\/secure.gravatar.com\/avatar\/c7164ed6fdec453195284ad24a5ae5b6e1eed2b848477fa2a4787ba9adf39a41?s=96&d=mm&r=g","contentUrl":"https:\/\/secure.gravatar.com\/avatar\/c7164ed6fdec453195284ad24a5ae5b6e1eed2b848477fa2a4787ba9adf39a41?s=96&d=mm&r=g","caption":"Redacci\u00f3n QP"},"url":"https:\/\/quehacerpolitico.mx\/?author=2"}]}},"featured_image_urls":{"full":["https:\/\/quehacerpolitico.mx\/wp-content\/uploads\/2022\/06\/75ABAE37-E13B-44C8-A725-58F465CCC93F.jpeg",1280,719,false],"thumbnail":["https:\/\/quehacerpolitico.mx\/wp-content\/uploads\/2022\/06\/75ABAE37-E13B-44C8-A725-58F465CCC93F-150x150.jpeg",150,150,true],"medium":["https:\/\/quehacerpolitico.mx\/wp-content\/uploads\/2022\/06\/75ABAE37-E13B-44C8-A725-58F465CCC93F-300x169.jpeg",300,169,true],"medium_large":["https:\/\/quehacerpolitico.mx\/wp-content\/uploads\/2022\/06\/75ABAE37-E13B-44C8-A725-58F465CCC93F-768x431.jpeg",640,359,true],"large":["https:\/\/quehacerpolitico.mx\/wp-content\/uploads\/2022\/06\/75ABAE37-E13B-44C8-A725-58F465CCC93F-1024x575.jpeg",640,359,true],"1536x1536":["https:\/\/quehacerpolitico.mx\/wp-content\/uploads\/2022\/06\/75ABAE37-E13B-44C8-A725-58F465CCC93F.jpeg",1280,719,false],"2048x2048":["https:\/\/quehacerpolitico.mx\/wp-content\/uploads\/2022\/06\/75ABAE37-E13B-44C8-A725-58F465CCC93F.jpeg",1280,719,false],"covernews-featured":["https:\/\/quehacerpolitico.mx\/wp-content\/uploads\/2022\/06\/75ABAE37-E13B-44C8-A725-58F465CCC93F.jpeg",1024,575,false],"covernews-medium":["https:\/\/quehacerpolitico.mx\/wp-content\/uploads\/2022\/06\/75ABAE37-E13B-44C8-A725-58F465CCC93F.jpeg",540,303,false]},"author_info":{"display_name":"Redacci\u00f3n QP","author_link":"https:\/\/quehacerpolitico.mx\/?author=2"},"category_info":"<a href=\"https:\/\/quehacerpolitico.mx\/?cat=55\" rel=\"category\">CDMX<\/a>","tag_info":"CDMX","comment_count":"0","_links":{"self":[{"href":"https:\/\/quehacerpolitico.mx\/index.php?rest_route=\/wp\/v2\/posts\/93213","targetHints":{"allow":["GET"]}}],"collection":[{"href":"https:\/\/quehacerpolitico.mx\/index.php?rest_route=\/wp\/v2\/posts"}],"about":[{"href":"https:\/\/quehacerpolitico.mx\/index.php?rest_route=\/wp\/v2\/types\/post"}],"author":[{"embeddable":true,"href":"https:\/\/quehacerpolitico.mx\/index.php?rest_route=\/wp\/v2\/users\/2"}],"replies":[{"embeddable":true,"href":"https:\/\/quehacerpolitico.mx\/index.php?rest_route=%2Fwp%2Fv2%2Fcomments&post=93213"}],"version-history":[{"count":1,"href":"https:\/\/quehacerpolitico.mx\/index.php?rest_route=\/wp\/v2\/posts\/93213\/revisions"}],"predecessor-version":[{"id":93216,"href":"https:\/\/quehacerpolitico.mx\/index.php?rest_route=\/wp\/v2\/posts\/93213\/revisions\/93216"}],"wp:featuredmedia":[{"embeddable":true,"href":"https:\/\/quehacerpolitico.mx\/index.php?rest_route=\/wp\/v2\/media\/93215"}],"wp:attachment":[{"href":"https:\/\/quehacerpolitico.mx\/index.php?rest_route=%2Fwp%2Fv2%2Fmedia&parent=93213"}],"wp:term":[{"taxonomy":"category","embeddable":true,"href":"https:\/\/quehacerpolitico.mx\/index.php?rest_route=%2Fwp%2Fv2%2Fcategories&post=93213"},{"taxonomy":"post_tag","embeddable":true,"href":"https:\/\/quehacerpolitico.mx\/index.php?rest_route=%2Fwp%2Fv2%2Ftags&post=93213"}],"curies":[{"name":"wp","href":"https:\/\/api.w.org\/{rel}","templated":true}]}}