{"id":93209,"date":"2022-06-24T22:47:57","date_gmt":"2022-06-24T22:47:57","guid":{"rendered":"https:\/\/quehacerpolitico.mx\/?p=93209"},"modified":"2022-06-24T22:47:58","modified_gmt":"2022-06-24T22:47:58","slug":"cooperan-o-cuello-advierte-samuel-garcia-a-empresarios","status":"publish","type":"post","link":"https:\/\/quehacerpolitico.mx\/?p=93209","title":{"rendered":"&#8220;Cooperan o cuello&#8221;, advierte Samuel Garc\u00eda a empresarios\u00a0"},"content":{"rendered":"\n<p>Por Redacci\u00f3n QP<\/p>\n\n\n\n<p>El gobernador, Samuel Garc\u00eda Sep\u00falveda, pide\u00a0a los empresarios de Nuevo Le\u00f3n que recapaciten y sean m\u00e1s solidarios con la poblaci\u00f3n<\/p>\n\n\n\n<p>El gobernador, Samuel Garc\u00eda Sep\u00falveda,&nbsp;<strong>pidi\u00f3 a los empresarios de Nuevo Le\u00f3n que recapaciten y sean m\u00e1s solidarios con la poblaci\u00f3n<\/strong>, aportando m\u00e1s agua para el abastecimiento de la zona metropolitana, pues advirti\u00f3 que ya la Comisi\u00f3n Nacional del Agua (Conagua) se puso en un plan m\u00e1s firme, as\u00ed que &#8220;cooperan o cuello&#8221;.<\/p>\n\n\n\n<p><strong>Garc\u00eda Sep\u00falveda se\u00f1al\u00f3 &#8220;espero profundamente que la industria recapacite<\/strong>, porque no queremos\u00a0papel, queremos agua, ya es la cuarta vez que les llamo la atenci\u00f3n, porque ya CNA se puso en un plan m\u00e1s firme&#8221;, y les advirti\u00f3 que<strong>\u00a0&#8220;o cooperan, o cuello, entonces esperamos que la industria tambi\u00e9n ayude&#8221;<\/strong>.<\/p>\n\n\n\n<figure class=\"wp-block-embed is-type-video is-provider-youtube wp-block-embed-youtube wp-embed-aspect-16-9 wp-has-aspect-ratio\"><div class=\"wp-block-embed__wrapper\">\n<iframe loading=\"lazy\" title=\"Samuel Garc\u00eda pide debatir autonom\u00eda de poderes en nueva Constituci\u00f3n\" width=\"640\" height=\"360\" src=\"https:\/\/www.youtube.com\/embed\/js2rJnMLKf8?feature=oembed\" frameborder=\"0\" allow=\"accelerometer; autoplay; clipboard-write; encrypted-media; gyroscope; picture-in-picture; web-share\" referrerpolicy=\"strict-origin-when-cross-origin\" allowfullscreen><\/iframe>\n<\/div><\/figure>\n\n\n\n<p>El director de Agua y Drenaje, Juan Ignacio Barrag\u00e1n, afirm\u00f3 que actualmente\u00a0<strong>el sector empresarial est\u00e1 otorgando 300 litros por segundo que ya est\u00e1n en las redes de distribuci\u00f3n<\/strong>, e incorporar otros 200 y pico de litros en pozos que est\u00e1n operando, pero faltan detalles como instalaci\u00f3n de tuber\u00edas para conectarlos a la red general.<\/p>\n\n\n\n<p>En el papel, dijo Barrag\u00e1n &#8220;nos han otorgado muchos derechos, como otros 600, 700 litros, pero no queremos derechos en papel, queremos agua&#8221;.<\/p>\n\n\n\n<p>El mandatario estatal coment\u00f3 que gracias a las lluvias intensas de 96 mil\u00edmetros que se registraron el mi\u00e9rcoles durante tres horas sobre el vaso de la presa Cerro Prieto,\u00a0<strong>a partir de hoy se increment\u00f3 el abastecimiento de 11 mil a 13 mil litros por segundo a la poblaci\u00f3n metropolitana<\/strong>, aunque la meta para normalizar el servicio es abastecer con 16 mil litros por segundo.<\/p>\n\n\n\n<figure class=\"wp-block-image size-large\"><img loading=\"lazy\" decoding=\"async\" width=\"1024\" height=\"561\" src=\"https:\/\/quehacerpolitico.mx\/wp-content\/uploads\/2022\/06\/image-31-1024x561.jpeg\" alt=\"\" class=\"wp-image-93210\" srcset=\"https:\/\/quehacerpolitico.mx\/wp-content\/uploads\/2022\/06\/image-31-1024x561.jpeg 1024w, https:\/\/quehacerpolitico.mx\/wp-content\/uploads\/2022\/06\/image-31-300x164.jpeg 300w, https:\/\/quehacerpolitico.mx\/wp-content\/uploads\/2022\/06\/image-31-768x420.jpeg 768w, https:\/\/quehacerpolitico.mx\/wp-content\/uploads\/2022\/06\/image-31-260x142.jpeg 260w, https:\/\/quehacerpolitico.mx\/wp-content\/uploads\/2022\/06\/image-31-50x27.jpeg 50w, https:\/\/quehacerpolitico.mx\/wp-content\/uploads\/2022\/06\/image-31-137x75.jpeg 137w, https:\/\/quehacerpolitico.mx\/wp-content\/uploads\/2022\/06\/image-31-1280x703.jpeg 1280w, https:\/\/quehacerpolitico.mx\/wp-content\/uploads\/2022\/06\/image-31.jpeg 1284w\" sizes=\"auto, (max-width: 1024px) 100vw, 1024px\" \/><\/figure>\n\n\n\n<p>Con el mayor almacenamiento de Cerro Prieto, declar\u00f3 el gobernador, en lugar de brindar el servicio de cuatro a diez o cuatro a once de la ma\u00f1ana, ser\u00e1 posible el abastecimiento para la mitad de la ciudad, hasta las dos o tres de la tarde, para que con agua de las llaves las familias puedan llegar hasta la hora de la comida.<\/p>\n\n\n\n<p><strong>El problema seguir\u00eda present\u00e1ndose en la parte norte y noroeste del \u00e1rea conurbada<\/strong>: Norte de Monterrey, Garc\u00eda, Escobedo y San Nicol\u00e1s, admiti\u00f3 el mandatario.<\/p>\n\n\n\n<p>El director de la empresa Servicios de Agua y Drenaje, Juan Ignacio Barrag\u00e1n Villarreal, afirm\u00f3 que de los 1.5 metros c\u00fabicos que se estaban extrayendo de Cerro Prieto, pasaron a extraer 2.5 metros c\u00fabicos en promedio, pues a ciertas horas suben hasta tres y luego bajan hasta dos metros c\u00fabicos.<\/p>\n\n\n\n<p>Doroteo Trevi\u00f1o, asesor en meteorolog\u00eda de Servicios de Agua y Drenaje, se\u00f1al\u00f3 que solamente por las precipitaciones que cayeron sobre el embalse de Cerro Prieto se captaron 3.5 millones de metros c\u00fabicos, que permiten prolongar hasta el 16 de julio las extracciones para abastecer a la ciudad, considerando que no hubiera m\u00e1s lluvias hasta esa fecha.<\/p>\n\n\n\n<p>Pero adem\u00e1s,\u00a0<strong>hay pron\u00f3sticos de condiciones favorables de nubosidad entre el lunes y viernes de la pr\u00f3xima semana<\/strong>, adem\u00e1s de que sobre el Oc\u00e9ano Atl\u00e1ntico hay una onda tropical en desarrollo con una probabilidad de 40 por ciento de convertirse en cicl\u00f3n, el cual que en tres o cuatro semanas podr\u00eda estar cerca de las costas de Tamaulipas, mientras las primeras bandas de nubosidad estar\u00edan entrando a\u00a0Nuevo Le\u00f3n<\/p>\n\n\n\n<p>Con informaci\u00f3n de SUN<\/p>\n","protected":false},"excerpt":{"rendered":"<p>Por Redacci\u00f3n QP El gobernador, Samuel Garc\u00eda Sep\u00falveda, pide\u00a0a los empresarios de Nuevo Le\u00f3n que&#8230;<\/p>\n","protected":false},"author":2,"featured_media":93211,"comment_status":"open","ping_status":"open","sticky":false,"template":"","format":"standard","meta":{"_monsterinsights_skip_tracking":false,"_monsterinsights_sitenote_active":false,"_monsterinsights_sitenote_note":"","_monsterinsights_sitenote_category":0,"footnotes":""},"categories":[2],"tags":[],"class_list":["post-93209","post","type-post","status-publish","format-standard","has-post-thumbnail","hentry","category-noticias"],"yoast_head":"<!-- This site is optimized with the Yoast SEO plugin v27.3 - https:\/\/yoast.com\/product\/yoast-seo-wordpress\/ -->\n<title>&quot;Cooperan o cuello&quot;, advierte Samuel Garc\u00eda a empresarios\u00a0 -<\/title>\n<meta name=\"robots\" content=\"index, follow, max-snippet:-1, max-image-preview:large, max-video-preview:-1\" \/>\n<link rel=\"canonical\" href=\"https:\/\/quehacerpolitico.mx\/?p=93209\" \/>\n<meta property=\"og:locale\" content=\"es_MX\" \/>\n<meta property=\"og:type\" content=\"article\" \/>\n<meta property=\"og:title\" content=\"&quot;Cooperan o cuello&quot;, advierte Samuel Garc\u00eda a empresarios\u00a0 -\" \/>\n<meta property=\"og:description\" content=\"Por Redacci\u00f3n QP El gobernador, Samuel Garc\u00eda Sep\u00falveda, pide\u00a0a los empresarios de Nuevo Le\u00f3n que...\" \/>\n<meta property=\"og:url\" content=\"https:\/\/quehacerpolitico.mx\/?p=93209\" \/>\n<meta property=\"article:published_time\" content=\"2022-06-24T22:47:57+00:00\" \/>\n<meta property=\"article:modified_time\" content=\"2022-06-24T22:47:58+00:00\" \/>\n<meta property=\"og:image\" content=\"https:\/\/quehacerpolitico.mx\/wp-content\/uploads\/2022\/06\/6E26F15A-22FB-4245-8592-372F9C633812.jpeg\" \/>\n\t<meta property=\"og:image:width\" content=\"1284\" \/>\n\t<meta property=\"og:image:height\" content=\"835\" \/>\n\t<meta property=\"og:image:type\" content=\"image\/jpeg\" \/>\n<meta name=\"author\" content=\"Redacci\u00f3n QP\" \/>\n<meta name=\"twitter:card\" content=\"summary_large_image\" \/>\n<meta name=\"twitter:label1\" content=\"Escrito por\" \/>\n\t<meta name=\"twitter:data1\" content=\"Redacci\u00f3n QP\" \/>\n\t<meta name=\"twitter:label2\" content=\"Tiempo de lectura\" \/>\n\t<meta name=\"twitter:data2\" content=\"3 minutos\" \/>\n<script type=\"application\/ld+json\" class=\"yoast-schema-graph\">{\"@context\":\"https:\\\/\\\/schema.org\",\"@graph\":[{\"@type\":\"Article\",\"@id\":\"https:\\\/\\\/quehacerpolitico.mx\\\/?p=93209#article\",\"isPartOf\":{\"@id\":\"https:\\\/\\\/quehacerpolitico.mx\\\/?p=93209\"},\"author\":{\"name\":\"Redacci\u00f3n QP\",\"@id\":\"https:\\\/\\\/quehacerpolitico.mx\\\/#\\\/schema\\\/person\\\/496d8ad2d1d3f8036101dca7ee39e585\"},\"headline\":\"&#8220;Cooperan o cuello&#8221;, advierte Samuel Garc\u00eda a empresarios\u00a0\",\"datePublished\":\"2022-06-24T22:47:57+00:00\",\"dateModified\":\"2022-06-24T22:47:58+00:00\",\"mainEntityOfPage\":{\"@id\":\"https:\\\/\\\/quehacerpolitico.mx\\\/?p=93209\"},\"wordCount\":592,\"commentCount\":0,\"image\":{\"@id\":\"https:\\\/\\\/quehacerpolitico.mx\\\/?p=93209#primaryimage\"},\"thumbnailUrl\":\"https:\\\/\\\/quehacerpolitico.mx\\\/wp-content\\\/uploads\\\/2022\\\/06\\\/6E26F15A-22FB-4245-8592-372F9C633812.jpeg\",\"articleSection\":[\"Noticias\"],\"inLanguage\":\"es\",\"potentialAction\":[{\"@type\":\"CommentAction\",\"name\":\"Comment\",\"target\":[\"https:\\\/\\\/quehacerpolitico.mx\\\/?p=93209#respond\"]}]},{\"@type\":\"WebPage\",\"@id\":\"https:\\\/\\\/quehacerpolitico.mx\\\/?p=93209\",\"url\":\"https:\\\/\\\/quehacerpolitico.mx\\\/?p=93209\",\"name\":\"\\\"Cooperan o cuello\\\", advierte Samuel Garc\u00eda a empresarios\u00a0 -\",\"isPartOf\":{\"@id\":\"https:\\\/\\\/quehacerpolitico.mx\\\/#website\"},\"primaryImageOfPage\":{\"@id\":\"https:\\\/\\\/quehacerpolitico.mx\\\/?p=93209#primaryimage\"},\"image\":{\"@id\":\"https:\\\/\\\/quehacerpolitico.mx\\\/?p=93209#primaryimage\"},\"thumbnailUrl\":\"https:\\\/\\\/quehacerpolitico.mx\\\/wp-content\\\/uploads\\\/2022\\\/06\\\/6E26F15A-22FB-4245-8592-372F9C633812.jpeg\",\"datePublished\":\"2022-06-24T22:47:57+00:00\",\"dateModified\":\"2022-06-24T22:47:58+00:00\",\"author\":{\"@id\":\"https:\\\/\\\/quehacerpolitico.mx\\\/#\\\/schema\\\/person\\\/496d8ad2d1d3f8036101dca7ee39e585\"},\"breadcrumb\":{\"@id\":\"https:\\\/\\\/quehacerpolitico.mx\\\/?p=93209#breadcrumb\"},\"inLanguage\":\"es\",\"potentialAction\":[{\"@type\":\"ReadAction\",\"target\":[\"https:\\\/\\\/quehacerpolitico.mx\\\/?p=93209\"]}]},{\"@type\":\"ImageObject\",\"inLanguage\":\"es\",\"@id\":\"https:\\\/\\\/quehacerpolitico.mx\\\/?p=93209#primaryimage\",\"url\":\"https:\\\/\\\/quehacerpolitico.mx\\\/wp-content\\\/uploads\\\/2022\\\/06\\\/6E26F15A-22FB-4245-8592-372F9C633812.jpeg\",\"contentUrl\":\"https:\\\/\\\/quehacerpolitico.mx\\\/wp-content\\\/uploads\\\/2022\\\/06\\\/6E26F15A-22FB-4245-8592-372F9C633812.jpeg\",\"width\":1284,\"height\":835},{\"@type\":\"BreadcrumbList\",\"@id\":\"https:\\\/\\\/quehacerpolitico.mx\\\/?p=93209#breadcrumb\",\"itemListElement\":[{\"@type\":\"ListItem\",\"position\":1,\"name\":\"Inicio\",\"item\":\"https:\\\/\\\/quehacerpolitico.mx\\\/\"},{\"@type\":\"ListItem\",\"position\":2,\"name\":\"&#8220;Cooperan o cuello&#8221;, advierte Samuel Garc\u00eda a empresarios\u00a0\"}]},{\"@type\":\"WebSite\",\"@id\":\"https:\\\/\\\/quehacerpolitico.mx\\\/#website\",\"url\":\"https:\\\/\\\/quehacerpolitico.mx\\\/\",\"name\":\"\",\"description\":\"\",\"potentialAction\":[{\"@type\":\"SearchAction\",\"target\":{\"@type\":\"EntryPoint\",\"urlTemplate\":\"https:\\\/\\\/quehacerpolitico.mx\\\/?s={search_term_string}\"},\"query-input\":{\"@type\":\"PropertyValueSpecification\",\"valueRequired\":true,\"valueName\":\"search_term_string\"}}],\"inLanguage\":\"es\"},{\"@type\":\"Person\",\"@id\":\"https:\\\/\\\/quehacerpolitico.mx\\\/#\\\/schema\\\/person\\\/496d8ad2d1d3f8036101dca7ee39e585\",\"name\":\"Redacci\u00f3n QP\",\"image\":{\"@type\":\"ImageObject\",\"inLanguage\":\"es\",\"@id\":\"https:\\\/\\\/secure.gravatar.com\\\/avatar\\\/c7164ed6fdec453195284ad24a5ae5b6e1eed2b848477fa2a4787ba9adf39a41?s=96&d=mm&r=g\",\"url\":\"https:\\\/\\\/secure.gravatar.com\\\/avatar\\\/c7164ed6fdec453195284ad24a5ae5b6e1eed2b848477fa2a4787ba9adf39a41?s=96&d=mm&r=g\",\"contentUrl\":\"https:\\\/\\\/secure.gravatar.com\\\/avatar\\\/c7164ed6fdec453195284ad24a5ae5b6e1eed2b848477fa2a4787ba9adf39a41?s=96&d=mm&r=g\",\"caption\":\"Redacci\u00f3n QP\"},\"url\":\"https:\\\/\\\/quehacerpolitico.mx\\\/?author=2\"}]}<\/script>\n<!-- \/ Yoast SEO plugin. -->","yoast_head_json":{"title":"\"Cooperan o cuello\", advierte Samuel Garc\u00eda a empresarios\u00a0 -","robots":{"index":"index","follow":"follow","max-snippet":"max-snippet:-1","max-image-preview":"max-image-preview:large","max-video-preview":"max-video-preview:-1"},"canonical":"https:\/\/quehacerpolitico.mx\/?p=93209","og_locale":"es_MX","og_type":"article","og_title":"\"Cooperan o cuello\", advierte Samuel Garc\u00eda a empresarios\u00a0 -","og_description":"Por Redacci\u00f3n QP El gobernador, Samuel Garc\u00eda Sep\u00falveda, pide\u00a0a los empresarios de Nuevo Le\u00f3n que...","og_url":"https:\/\/quehacerpolitico.mx\/?p=93209","article_published_time":"2022-06-24T22:47:57+00:00","article_modified_time":"2022-06-24T22:47:58+00:00","og_image":[{"width":1284,"height":835,"url":"https:\/\/quehacerpolitico.mx\/wp-content\/uploads\/2022\/06\/6E26F15A-22FB-4245-8592-372F9C633812.jpeg","type":"image\/jpeg"}],"author":"Redacci\u00f3n QP","twitter_card":"summary_large_image","twitter_misc":{"Escrito por":"Redacci\u00f3n QP","Tiempo de lectura":"3 minutos"},"schema":{"@context":"https:\/\/schema.org","@graph":[{"@type":"Article","@id":"https:\/\/quehacerpolitico.mx\/?p=93209#article","isPartOf":{"@id":"https:\/\/quehacerpolitico.mx\/?p=93209"},"author":{"name":"Redacci\u00f3n QP","@id":"https:\/\/quehacerpolitico.mx\/#\/schema\/person\/496d8ad2d1d3f8036101dca7ee39e585"},"headline":"&#8220;Cooperan o cuello&#8221;, advierte Samuel Garc\u00eda a empresarios\u00a0","datePublished":"2022-06-24T22:47:57+00:00","dateModified":"2022-06-24T22:47:58+00:00","mainEntityOfPage":{"@id":"https:\/\/quehacerpolitico.mx\/?p=93209"},"wordCount":592,"commentCount":0,"image":{"@id":"https:\/\/quehacerpolitico.mx\/?p=93209#primaryimage"},"thumbnailUrl":"https:\/\/quehacerpolitico.mx\/wp-content\/uploads\/2022\/06\/6E26F15A-22FB-4245-8592-372F9C633812.jpeg","articleSection":["Noticias"],"inLanguage":"es","potentialAction":[{"@type":"CommentAction","name":"Comment","target":["https:\/\/quehacerpolitico.mx\/?p=93209#respond"]}]},{"@type":"WebPage","@id":"https:\/\/quehacerpolitico.mx\/?p=93209","url":"https:\/\/quehacerpolitico.mx\/?p=93209","name":"\"Cooperan o cuello\", advierte Samuel Garc\u00eda a empresarios\u00a0 -","isPartOf":{"@id":"https:\/\/quehacerpolitico.mx\/#website"},"primaryImageOfPage":{"@id":"https:\/\/quehacerpolitico.mx\/?p=93209#primaryimage"},"image":{"@id":"https:\/\/quehacerpolitico.mx\/?p=93209#primaryimage"},"thumbnailUrl":"https:\/\/quehacerpolitico.mx\/wp-content\/uploads\/2022\/06\/6E26F15A-22FB-4245-8592-372F9C633812.jpeg","datePublished":"2022-06-24T22:47:57+00:00","dateModified":"2022-06-24T22:47:58+00:00","author":{"@id":"https:\/\/quehacerpolitico.mx\/#\/schema\/person\/496d8ad2d1d3f8036101dca7ee39e585"},"breadcrumb":{"@id":"https:\/\/quehacerpolitico.mx\/?p=93209#breadcrumb"},"inLanguage":"es","potentialAction":[{"@type":"ReadAction","target":["https:\/\/quehacerpolitico.mx\/?p=93209"]}]},{"@type":"ImageObject","inLanguage":"es","@id":"https:\/\/quehacerpolitico.mx\/?p=93209#primaryimage","url":"https:\/\/quehacerpolitico.mx\/wp-content\/uploads\/2022\/06\/6E26F15A-22FB-4245-8592-372F9C633812.jpeg","contentUrl":"https:\/\/quehacerpolitico.mx\/wp-content\/uploads\/2022\/06\/6E26F15A-22FB-4245-8592-372F9C633812.jpeg","width":1284,"height":835},{"@type":"BreadcrumbList","@id":"https:\/\/quehacerpolitico.mx\/?p=93209#breadcrumb","itemListElement":[{"@type":"ListItem","position":1,"name":"Inicio","item":"https:\/\/quehacerpolitico.mx\/"},{"@type":"ListItem","position":2,"name":"&#8220;Cooperan o cuello&#8221;, advierte Samuel Garc\u00eda a empresarios\u00a0"}]},{"@type":"WebSite","@id":"https:\/\/quehacerpolitico.mx\/#website","url":"https:\/\/quehacerpolitico.mx\/","name":"","description":"","potentialAction":[{"@type":"SearchAction","target":{"@type":"EntryPoint","urlTemplate":"https:\/\/quehacerpolitico.mx\/?s={search_term_string}"},"query-input":{"@type":"PropertyValueSpecification","valueRequired":true,"valueName":"search_term_string"}}],"inLanguage":"es"},{"@type":"Person","@id":"https:\/\/quehacerpolitico.mx\/#\/schema\/person\/496d8ad2d1d3f8036101dca7ee39e585","name":"Redacci\u00f3n QP","image":{"@type":"ImageObject","inLanguage":"es","@id":"https:\/\/secure.gravatar.com\/avatar\/c7164ed6fdec453195284ad24a5ae5b6e1eed2b848477fa2a4787ba9adf39a41?s=96&d=mm&r=g","url":"https:\/\/secure.gravatar.com\/avatar\/c7164ed6fdec453195284ad24a5ae5b6e1eed2b848477fa2a4787ba9adf39a41?s=96&d=mm&r=g","contentUrl":"https:\/\/secure.gravatar.com\/avatar\/c7164ed6fdec453195284ad24a5ae5b6e1eed2b848477fa2a4787ba9adf39a41?s=96&d=mm&r=g","caption":"Redacci\u00f3n QP"},"url":"https:\/\/quehacerpolitico.mx\/?author=2"}]}},"featured_image_urls":{"full":["https:\/\/quehacerpolitico.mx\/wp-content\/uploads\/2022\/06\/6E26F15A-22FB-4245-8592-372F9C633812.jpeg",1284,835,false],"thumbnail":["https:\/\/quehacerpolitico.mx\/wp-content\/uploads\/2022\/06\/6E26F15A-22FB-4245-8592-372F9C633812-150x150.jpeg",150,150,true],"medium":["https:\/\/quehacerpolitico.mx\/wp-content\/uploads\/2022\/06\/6E26F15A-22FB-4245-8592-372F9C633812-300x195.jpeg",300,195,true],"medium_large":["https:\/\/quehacerpolitico.mx\/wp-content\/uploads\/2022\/06\/6E26F15A-22FB-4245-8592-372F9C633812-768x499.jpeg",640,416,true],"large":["https:\/\/quehacerpolitico.mx\/wp-content\/uploads\/2022\/06\/6E26F15A-22FB-4245-8592-372F9C633812-1024x666.jpeg",640,416,true],"1536x1536":["https:\/\/quehacerpolitico.mx\/wp-content\/uploads\/2022\/06\/6E26F15A-22FB-4245-8592-372F9C633812.jpeg",1284,835,false],"2048x2048":["https:\/\/quehacerpolitico.mx\/wp-content\/uploads\/2022\/06\/6E26F15A-22FB-4245-8592-372F9C633812.jpeg",1284,835,false],"covernews-featured":["https:\/\/quehacerpolitico.mx\/wp-content\/uploads\/2022\/06\/6E26F15A-22FB-4245-8592-372F9C633812.jpeg",1024,666,false],"covernews-medium":["https:\/\/quehacerpolitico.mx\/wp-content\/uploads\/2022\/06\/6E26F15A-22FB-4245-8592-372F9C633812.jpeg",523,340,false]},"author_info":{"display_name":"Redacci\u00f3n QP","author_link":"https:\/\/quehacerpolitico.mx\/?author=2"},"category_info":"<a href=\"https:\/\/quehacerpolitico.mx\/?cat=2\" rel=\"category\">Noticias<\/a>","tag_info":"Noticias","comment_count":"0","_links":{"self":[{"href":"https:\/\/quehacerpolitico.mx\/index.php?rest_route=\/wp\/v2\/posts\/93209","targetHints":{"allow":["GET"]}}],"collection":[{"href":"https:\/\/quehacerpolitico.mx\/index.php?rest_route=\/wp\/v2\/posts"}],"about":[{"href":"https:\/\/quehacerpolitico.mx\/index.php?rest_route=\/wp\/v2\/types\/post"}],"author":[{"embeddable":true,"href":"https:\/\/quehacerpolitico.mx\/index.php?rest_route=\/wp\/v2\/users\/2"}],"replies":[{"embeddable":true,"href":"https:\/\/quehacerpolitico.mx\/index.php?rest_route=%2Fwp%2Fv2%2Fcomments&post=93209"}],"version-history":[{"count":1,"href":"https:\/\/quehacerpolitico.mx\/index.php?rest_route=\/wp\/v2\/posts\/93209\/revisions"}],"predecessor-version":[{"id":93212,"href":"https:\/\/quehacerpolitico.mx\/index.php?rest_route=\/wp\/v2\/posts\/93209\/revisions\/93212"}],"wp:featuredmedia":[{"embeddable":true,"href":"https:\/\/quehacerpolitico.mx\/index.php?rest_route=\/wp\/v2\/media\/93211"}],"wp:attachment":[{"href":"https:\/\/quehacerpolitico.mx\/index.php?rest_route=%2Fwp%2Fv2%2Fmedia&parent=93209"}],"wp:term":[{"taxonomy":"category","embeddable":true,"href":"https:\/\/quehacerpolitico.mx\/index.php?rest_route=%2Fwp%2Fv2%2Fcategories&post=93209"},{"taxonomy":"post_tag","embeddable":true,"href":"https:\/\/quehacerpolitico.mx\/index.php?rest_route=%2Fwp%2Fv2%2Ftags&post=93209"}],"curies":[{"name":"wp","href":"https:\/\/api.w.org\/{rel}","templated":true}]}}