{"id":9317,"date":"2018-11-15T01:53:02","date_gmt":"2018-11-15T01:53:02","guid":{"rendered":"http:\/\/quehacerpolitico.mx\/el-rey-zambada-senala-a-el-chapo-con-el-dedo-como-jefe-del-cartel-de-sinaloa-y-el-le-lanza-una-mirada-fria\/"},"modified":"2018-11-15T01:53:02","modified_gmt":"2018-11-15T01:53:02","slug":"el-rey-zambada-senala-a-el-chapo-con-el-dedo-como-jefe-del-cartel-de-sinaloa-y-el-le-lanza-una-mirada-fria","status":"publish","type":"post","link":"https:\/\/quehacerpolitico.mx\/?p=9317","title":{"rendered":"\u201cEl Rey\u201d Zambada se\u00f1ala a \u201cEl Chapo\u201d con el dedo como jefe del C\u00e1rtel de Sinaloa, y \u00e9l le lanza una mirada fr\u00eda"},"content":{"rendered":"<h1>\u201cEl Rey\u201d Zambada se\u00f1ala a \u201cEl Chapo\u201d con el dedo como jefe del C\u00e1rtel de Sinaloa, y \u00e9l le lanza una mirada fr\u00eda<\/h1>\n<p>Por Redacci\u00f3n QP<\/p>\n<p>El narcotraficante<strong> Jes\u00fas \u201cel Rey\u201d Zambada Garc\u00eda<\/strong> testific\u00f3 hoy en el juicio en Nueva York contra <strong>Joaqu\u00edn \u201cel Chapo\u201d Guzm\u00e1n<\/strong>, al que se\u00f1al\u00f3 como uno de los l\u00edderes principales del <strong>C\u00e1rtel de Sinaloa<\/strong> y explic\u00f3 c\u00f3mo en una ocasi\u00f3n le ayud\u00f3 a escapar de las autoridades mexicanas.<\/p>\n<p>\u201cEl Rey\u201d, que fue detenido en M\u00e9xico en 2008 y posteriormente <strong>extraditado a Estados Unidos<\/strong>, es hermano de <strong>Ismael \u201cel Mayo\u201d Zambada<\/strong>, a quien la defensa de Guzm\u00e1n se\u00f1ala como el verdadero cabecilla del C\u00e1rtel de Sinaloa.<\/p>\n<p>Seg\u00fan Zambada Garc\u00eda, \u201cel Chapo\u201d y \u201cel Mayo\u201d eran \u201csocios\u201d y dirigentes principales de la organizaci\u00f3n, de la que \u00e9l mismo fue un \u201csubl\u00edder\u201d y principal responsable en Ciudad de M\u00e9xico.<\/p>\n<p>De acuerdo con Alan Feuer, periodista de <em>The New York Times<\/em>, Zambada, ex jefe de operaciones del C\u00e1rtel de Sinaloa, habl\u00f3 durante tres horas sobre el funcionamiento interno de la organizaci\u00f3n.<\/p>\n<p>Se refiri\u00f3, por ejemplo, a las ganancias estratosf\u00e9ricas de ese c\u00e1rtel, que es considerado el m\u00e1s vetusto en M\u00e9xico, y Feuer lo describi\u00f3 en su cuenta de Twitter.<\/p>\n<blockquote>\n<p>\u201cLas ganancias eran enormes. Una inversi\u00f3n de 9 millones de d\u00f3lares por 15 toneladas de coca podr\u00eda dejar 39 millones de d\u00f3lares en LA [Los \u00c1ngeles]. En Chicago, donde los precios son m\u00e1s altos, los inversionistas del c\u00e1rtel hac\u00edan 48 millones de d\u00f3lares por cada embarque, dijo [Zambada]. En Nueva York, era de 78 millones de d\u00f3lares\u201d.<\/p>\n<\/blockquote>\n<div id=\"attachment_3497909\" class=\"wp-caption aligncenter\"><a href=\"https:\/\/www.sinembargo.mx\/wp-content\/uploads\/2018\/11\/image-2018-11-14-183817.jpg\" data-src=\"https:\/\/www.sinembargo.mx\/wp-content\/uploads\/2018\/11\/image-2018-11-14-183817.jpg\" data-thumb=\"https:\/\/www.sinembargo.mx\/wp-content\/uploads\/2018\/11\/image-2018-11-14-183817.jpg\" class=\"ml-lightbox-enabled\"><img loading=\"lazy\" decoding=\"async\" class=\"size-full wp-image-3497909\" src=\"https:\/\/www.sinembargo.mx\/wp-content\/uploads\/2018\/11\/image-2018-11-14-183817.jpg\" sizes=\"auto, (max-width: 700px) 100vw, 700px\" srcset=\"https:\/\/www.sinembargo.mx\/wp-content\/uploads\/2018\/11\/image-2018-11-14-183817.jpg 700w, https:\/\/www.sinembargo.mx\/wp-content\/uploads\/2018\/11\/image-2018-11-14-183817-232x300.jpg 232w\" alt=\"\" width=\"700\" height=\"904\" \/><\/a><\/p>\n<p class=\"wp-caption-text\">El 22 de octubre de 2008, Jes\u00fas Reynaldo Zambada \u2013hermano de Ismael Zambada, \u201cEl Mayo\u201d\u2013 fue detenido por elementos de la PGR en M\u00e9xico. El 4 de abril de 2012 fue extraditado a Estados Unidos. Foto: Julieta Mora, Cuartoscuro<\/p>\n<\/div>\n<p>De acuerdo con el periodista del <em>Times<\/em>, Zambada describi\u00f3 como el c\u00e1rtel trasladaba la coca de Colombia a Canc\u00fan en lanchas r\u00e1pidas, y de ah\u00ed la llevaba a sus almacenes en la Ciudad de M\u00e9xico y, luego, a las ciudades fronterizas para contrabandearla a Estados Unidos.<\/p>\n<p>El hombre, describi\u00f3 el reportero, \u201ces calvo, llevaba ropa de prisi\u00f3n y elegantes anteojos te\u00f1idos\u201d.<\/p>\n<p>En un momento de su testimonio se puso de pie y se\u00f1al\u00f3 a Joaqu\u00edn Guzm\u00e1n Loera, \u201cEl Chapo\u201d, y lo identific\u00f3 como \u201cuno de los narcotraficantes m\u00e1s poderosos\u201d en M\u00e9xico.<\/p>\n<blockquote>\n<p>\u201cEl capo [Guzm\u00e1n Loera], con los brazos cruzados en el pecho, hizo poco y fr\u00edamente se encontr\u00f3 con su mirada\u201d, describi\u00f3 Alan Feuer.<\/p>\n<\/blockquote>\n<p><strong>UN CAPO ESCURRIDIZO<\/strong><\/p>\n<p>Guzm\u00e1n Loera comenz\u00f3 en el negocio del narcotr\u00e1fico en la d\u00e9cada de los a\u00f1os setenta. Entonces era lugarteniente de Miguel \u00c1ngel F\u00e9lix Gallardo, llamado entonces El Jefe de Jefes, responsable del dise\u00f1o horizontal de los c\u00e1rteles; fue detenido en 1993, en Guatemala, por a\u00f1os su refugio, y encerrado en La Palma, primero, despu\u00e9s en Puente Grande, donde permaneci\u00f3 siete a\u00f1os. Oper\u00f3 el negocio del narcotr\u00e1fico de 2001 a 2014 y un a\u00f1o despu\u00e9s, en abril de 2015, se fug\u00f3 del penal del Altiplano mediante una confabulaci\u00f3n con altos funcionarios del sistema penitenciario y cuya historia sigue sin conocerse con todos sus detalles.<\/p>\n<p>En ninguna de sus capturas a \u201cEl Chapo\u201d Guzm\u00e1n se le ha decomisado su fortuna: siempre ha estado f\u00edsicamente preso, pero financieramente libre, lo que le ha permitido operar lo que mejor sabe hacer: corromper autoridades para mantenerse libre.<\/p>\n<p>Hoy, un juez federal estadounidense amonest\u00f3 al defensor del narcotraficante mexicano\u00a0<strong>Joaqu\u00edn \u201cEl Chapo\u201d Guzm\u00e1n<\/strong>, tras un alegato inicial en el que se acus\u00f3 a dos<strong>\u00a0presidentes mexicanos<\/strong>\u00a0de aceptar sobornos.<\/p>\n<p>Los fiscales en el juicio al solicitaron al juez Brian Cogan que desestimara el alegato inicial en el juicio a Guzm\u00e1n por estar \u201cimbuido de argumentos indebidos, defensas afirmativas inadvertidas y habladur\u00edas inadmisibles\u201d.<\/p>\n<p>El juez Cogan se abstuvo de desestimar el alegato, pero amonest\u00f3 al abogado Jeffrey Lichtman por haberse \u201capartado de pruebas directas o indiciarias\u201d. Dijo que dar\u00e1 instrucciones al jurado para que se concentre en las pruebas. \u201cSu alegato inicial emiti\u00f3 un pagar\u00e9 que su caso no va a cobrar\u201d, dijo el juez y calific\u00f3 el argumento de enga\u00f1oso.<\/p>\n<p>En su alegato el martes, Lichtman dijo al jurado que los fiscales estadounidenses so\u00f1aban desde \u201chace d\u00e9cadas\u201d con condenar a Guzm\u00e1n y a\u00f1adi\u00f3 que \u201cel mundo se enfoca en esta figura m\u00edtica de \u2018El Chapo\u2019\u201d.<\/p>\n<p>Lichtman asegur\u00f3 que su defendido no era el verdadero l\u00edder de un C\u00e1rtel que enviaba toneladas de coca\u00edna a Estados Unidos. Trat\u00f3 de echar la culpa a\u00a0<strong>Ismael \u201cEl Mayo\u201d Zambada,<\/strong>\u00a0otro notorio jerarca del C\u00e1rtel de Sinaloa. Zambada est\u00e1 pr\u00f3fugo en M\u00e9xico, agreg\u00f3 Lichtman, gracias a sobornos que \u201cllegan hasta lo m\u00e1s alto\u201d, con cientos de millones de d\u00f3lares pagados al presidente actual de M\u00e9xico y algunos de sus predecesores.<\/p>\n<p><em>-Con informaci\u00f3n de EFE<\/em><\/p>\n","protected":false},"excerpt":{"rendered":"<p>\u201cEl Rey\u201d Zambada se\u00f1ala a \u201cEl Chapo\u201d con el dedo como jefe del C\u00e1rtel de Sinaloa, y \u00e9l le lanza una mirada fr\u00eda<br \/>\nPor Redacci\u00f3n QP<\/p>\n","protected":false},"author":2,"featured_media":9316,"comment_status":"open","ping_status":"open","sticky":false,"template":"","format":"standard","meta":{"_monsterinsights_skip_tracking":false,"_monsterinsights_sitenote_active":false,"_monsterinsights_sitenote_note":"","_monsterinsights_sitenote_category":0,"footnotes":""},"categories":[2],"tags":[],"class_list":["post-9317","post","type-post","status-publish","format-standard","has-post-thumbnail","hentry","category-noticias"],"yoast_head":"<!-- This site is optimized with the Yoast SEO plugin v27.3 - https:\/\/yoast.com\/product\/yoast-seo-wordpress\/ -->\n<title>\u201cEl Rey\u201d Zambada se\u00f1ala a \u201cEl Chapo\u201d con el dedo como jefe del C\u00e1rtel de Sinaloa, y \u00e9l le lanza una mirada fr\u00eda -<\/title>\n<meta name=\"robots\" content=\"index, follow, max-snippet:-1, max-image-preview:large, max-video-preview:-1\" \/>\n<link rel=\"canonical\" href=\"https:\/\/quehacerpolitico.mx\/?p=9317\" \/>\n<meta property=\"og:locale\" content=\"es_MX\" \/>\n<meta property=\"og:type\" content=\"article\" \/>\n<meta property=\"og:title\" content=\"\u201cEl Rey\u201d Zambada se\u00f1ala a \u201cEl Chapo\u201d con el dedo como jefe del C\u00e1rtel de Sinaloa, y \u00e9l le lanza una mirada fr\u00eda -\" \/>\n<meta property=\"og:description\" content=\"\u201cEl Rey\u201d Zambada se\u00f1ala a \u201cEl Chapo\u201d con el dedo como jefe del C\u00e1rtel de Sinaloa, y \u00e9l le lanza una mirada fr\u00eda Por Redacci\u00f3n QP\" \/>\n<meta property=\"og:url\" content=\"https:\/\/quehacerpolitico.mx\/?p=9317\" \/>\n<meta property=\"article:published_time\" content=\"2018-11-15T01:53:02+00:00\" \/>\n<meta name=\"author\" content=\"Redacci\u00f3n QP\" \/>\n<meta name=\"twitter:card\" content=\"summary_large_image\" \/>\n<meta name=\"twitter:label1\" content=\"Escrito por\" \/>\n\t<meta name=\"twitter:data1\" content=\"Redacci\u00f3n QP\" \/>\n\t<meta name=\"twitter:label2\" content=\"Tiempo de lectura\" \/>\n\t<meta name=\"twitter:data2\" content=\"4 minutos\" \/>\n<script type=\"application\/ld+json\" class=\"yoast-schema-graph\">{\"@context\":\"https:\\\/\\\/schema.org\",\"@graph\":[{\"@type\":\"Article\",\"@id\":\"https:\\\/\\\/quehacerpolitico.mx\\\/?p=9317#article\",\"isPartOf\":{\"@id\":\"https:\\\/\\\/quehacerpolitico.mx\\\/?p=9317\"},\"author\":{\"name\":\"Redacci\u00f3n QP\",\"@id\":\"https:\\\/\\\/quehacerpolitico.mx\\\/#\\\/schema\\\/person\\\/496d8ad2d1d3f8036101dca7ee39e585\"},\"headline\":\"\u201cEl Rey\u201d Zambada se\u00f1ala a \u201cEl Chapo\u201d con el dedo como jefe del C\u00e1rtel de Sinaloa, y \u00e9l le lanza una mirada fr\u00eda\",\"datePublished\":\"2018-11-15T01:53:02+00:00\",\"mainEntityOfPage\":{\"@id\":\"https:\\\/\\\/quehacerpolitico.mx\\\/?p=9317\"},\"wordCount\":886,\"commentCount\":0,\"image\":{\"@id\":\"https:\\\/\\\/quehacerpolitico.mx\\\/?p=9317#primaryimage\"},\"thumbnailUrl\":\"\",\"articleSection\":[\"Noticias\"],\"inLanguage\":\"es\",\"potentialAction\":[{\"@type\":\"CommentAction\",\"name\":\"Comment\",\"target\":[\"https:\\\/\\\/quehacerpolitico.mx\\\/?p=9317#respond\"]}]},{\"@type\":\"WebPage\",\"@id\":\"https:\\\/\\\/quehacerpolitico.mx\\\/?p=9317\",\"url\":\"https:\\\/\\\/quehacerpolitico.mx\\\/?p=9317\",\"name\":\"\u201cEl Rey\u201d Zambada se\u00f1ala a \u201cEl Chapo\u201d con el dedo como jefe del C\u00e1rtel de Sinaloa, y \u00e9l le lanza una mirada fr\u00eda -\",\"isPartOf\":{\"@id\":\"https:\\\/\\\/quehacerpolitico.mx\\\/#website\"},\"primaryImageOfPage\":{\"@id\":\"https:\\\/\\\/quehacerpolitico.mx\\\/?p=9317#primaryimage\"},\"image\":{\"@id\":\"https:\\\/\\\/quehacerpolitico.mx\\\/?p=9317#primaryimage\"},\"thumbnailUrl\":\"\",\"datePublished\":\"2018-11-15T01:53:02+00:00\",\"author\":{\"@id\":\"https:\\\/\\\/quehacerpolitico.mx\\\/#\\\/schema\\\/person\\\/496d8ad2d1d3f8036101dca7ee39e585\"},\"breadcrumb\":{\"@id\":\"https:\\\/\\\/quehacerpolitico.mx\\\/?p=9317#breadcrumb\"},\"inLanguage\":\"es\",\"potentialAction\":[{\"@type\":\"ReadAction\",\"target\":[\"https:\\\/\\\/quehacerpolitico.mx\\\/?p=9317\"]}]},{\"@type\":\"ImageObject\",\"inLanguage\":\"es\",\"@id\":\"https:\\\/\\\/quehacerpolitico.mx\\\/?p=9317#primaryimage\",\"url\":\"\",\"contentUrl\":\"\"},{\"@type\":\"BreadcrumbList\",\"@id\":\"https:\\\/\\\/quehacerpolitico.mx\\\/?p=9317#breadcrumb\",\"itemListElement\":[{\"@type\":\"ListItem\",\"position\":1,\"name\":\"Inicio\",\"item\":\"https:\\\/\\\/quehacerpolitico.mx\\\/\"},{\"@type\":\"ListItem\",\"position\":2,\"name\":\"\u201cEl Rey\u201d Zambada se\u00f1ala a \u201cEl Chapo\u201d con el dedo como jefe del C\u00e1rtel de Sinaloa, y \u00e9l le lanza una mirada fr\u00eda\"}]},{\"@type\":\"WebSite\",\"@id\":\"https:\\\/\\\/quehacerpolitico.mx\\\/#website\",\"url\":\"https:\\\/\\\/quehacerpolitico.mx\\\/\",\"name\":\"\",\"description\":\"\",\"potentialAction\":[{\"@type\":\"SearchAction\",\"target\":{\"@type\":\"EntryPoint\",\"urlTemplate\":\"https:\\\/\\\/quehacerpolitico.mx\\\/?s={search_term_string}\"},\"query-input\":{\"@type\":\"PropertyValueSpecification\",\"valueRequired\":true,\"valueName\":\"search_term_string\"}}],\"inLanguage\":\"es\"},{\"@type\":\"Person\",\"@id\":\"https:\\\/\\\/quehacerpolitico.mx\\\/#\\\/schema\\\/person\\\/496d8ad2d1d3f8036101dca7ee39e585\",\"name\":\"Redacci\u00f3n QP\",\"image\":{\"@type\":\"ImageObject\",\"inLanguage\":\"es\",\"@id\":\"https:\\\/\\\/secure.gravatar.com\\\/avatar\\\/c7164ed6fdec453195284ad24a5ae5b6e1eed2b848477fa2a4787ba9adf39a41?s=96&d=mm&r=g\",\"url\":\"https:\\\/\\\/secure.gravatar.com\\\/avatar\\\/c7164ed6fdec453195284ad24a5ae5b6e1eed2b848477fa2a4787ba9adf39a41?s=96&d=mm&r=g\",\"contentUrl\":\"https:\\\/\\\/secure.gravatar.com\\\/avatar\\\/c7164ed6fdec453195284ad24a5ae5b6e1eed2b848477fa2a4787ba9adf39a41?s=96&d=mm&r=g\",\"caption\":\"Redacci\u00f3n QP\"},\"url\":\"https:\\\/\\\/quehacerpolitico.mx\\\/?author=2\"}]}<\/script>\n<!-- \/ Yoast SEO plugin. -->","yoast_head_json":{"title":"\u201cEl Rey\u201d Zambada se\u00f1ala a \u201cEl Chapo\u201d con el dedo como jefe del C\u00e1rtel de Sinaloa, y \u00e9l le lanza una mirada fr\u00eda -","robots":{"index":"index","follow":"follow","max-snippet":"max-snippet:-1","max-image-preview":"max-image-preview:large","max-video-preview":"max-video-preview:-1"},"canonical":"https:\/\/quehacerpolitico.mx\/?p=9317","og_locale":"es_MX","og_type":"article","og_title":"\u201cEl Rey\u201d Zambada se\u00f1ala a \u201cEl Chapo\u201d con el dedo como jefe del C\u00e1rtel de Sinaloa, y \u00e9l le lanza una mirada fr\u00eda -","og_description":"\u201cEl Rey\u201d Zambada se\u00f1ala a \u201cEl Chapo\u201d con el dedo como jefe del C\u00e1rtel de Sinaloa, y \u00e9l le lanza una mirada fr\u00eda Por Redacci\u00f3n QP","og_url":"https:\/\/quehacerpolitico.mx\/?p=9317","article_published_time":"2018-11-15T01:53:02+00:00","author":"Redacci\u00f3n QP","twitter_card":"summary_large_image","twitter_misc":{"Escrito por":"Redacci\u00f3n QP","Tiempo de lectura":"4 minutos"},"schema":{"@context":"https:\/\/schema.org","@graph":[{"@type":"Article","@id":"https:\/\/quehacerpolitico.mx\/?p=9317#article","isPartOf":{"@id":"https:\/\/quehacerpolitico.mx\/?p=9317"},"author":{"name":"Redacci\u00f3n QP","@id":"https:\/\/quehacerpolitico.mx\/#\/schema\/person\/496d8ad2d1d3f8036101dca7ee39e585"},"headline":"\u201cEl Rey\u201d Zambada se\u00f1ala a \u201cEl Chapo\u201d con el dedo como jefe del C\u00e1rtel de Sinaloa, y \u00e9l le lanza una mirada fr\u00eda","datePublished":"2018-11-15T01:53:02+00:00","mainEntityOfPage":{"@id":"https:\/\/quehacerpolitico.mx\/?p=9317"},"wordCount":886,"commentCount":0,"image":{"@id":"https:\/\/quehacerpolitico.mx\/?p=9317#primaryimage"},"thumbnailUrl":"","articleSection":["Noticias"],"inLanguage":"es","potentialAction":[{"@type":"CommentAction","name":"Comment","target":["https:\/\/quehacerpolitico.mx\/?p=9317#respond"]}]},{"@type":"WebPage","@id":"https:\/\/quehacerpolitico.mx\/?p=9317","url":"https:\/\/quehacerpolitico.mx\/?p=9317","name":"\u201cEl Rey\u201d Zambada se\u00f1ala a \u201cEl Chapo\u201d con el dedo como jefe del C\u00e1rtel de Sinaloa, y \u00e9l le lanza una mirada fr\u00eda -","isPartOf":{"@id":"https:\/\/quehacerpolitico.mx\/#website"},"primaryImageOfPage":{"@id":"https:\/\/quehacerpolitico.mx\/?p=9317#primaryimage"},"image":{"@id":"https:\/\/quehacerpolitico.mx\/?p=9317#primaryimage"},"thumbnailUrl":"","datePublished":"2018-11-15T01:53:02+00:00","author":{"@id":"https:\/\/quehacerpolitico.mx\/#\/schema\/person\/496d8ad2d1d3f8036101dca7ee39e585"},"breadcrumb":{"@id":"https:\/\/quehacerpolitico.mx\/?p=9317#breadcrumb"},"inLanguage":"es","potentialAction":[{"@type":"ReadAction","target":["https:\/\/quehacerpolitico.mx\/?p=9317"]}]},{"@type":"ImageObject","inLanguage":"es","@id":"https:\/\/quehacerpolitico.mx\/?p=9317#primaryimage","url":"","contentUrl":""},{"@type":"BreadcrumbList","@id":"https:\/\/quehacerpolitico.mx\/?p=9317#breadcrumb","itemListElement":[{"@type":"ListItem","position":1,"name":"Inicio","item":"https:\/\/quehacerpolitico.mx\/"},{"@type":"ListItem","position":2,"name":"\u201cEl Rey\u201d Zambada se\u00f1ala a \u201cEl Chapo\u201d con el dedo como jefe del C\u00e1rtel de Sinaloa, y \u00e9l le lanza una mirada fr\u00eda"}]},{"@type":"WebSite","@id":"https:\/\/quehacerpolitico.mx\/#website","url":"https:\/\/quehacerpolitico.mx\/","name":"","description":"","potentialAction":[{"@type":"SearchAction","target":{"@type":"EntryPoint","urlTemplate":"https:\/\/quehacerpolitico.mx\/?s={search_term_string}"},"query-input":{"@type":"PropertyValueSpecification","valueRequired":true,"valueName":"search_term_string"}}],"inLanguage":"es"},{"@type":"Person","@id":"https:\/\/quehacerpolitico.mx\/#\/schema\/person\/496d8ad2d1d3f8036101dca7ee39e585","name":"Redacci\u00f3n QP","image":{"@type":"ImageObject","inLanguage":"es","@id":"https:\/\/secure.gravatar.com\/avatar\/c7164ed6fdec453195284ad24a5ae5b6e1eed2b848477fa2a4787ba9adf39a41?s=96&d=mm&r=g","url":"https:\/\/secure.gravatar.com\/avatar\/c7164ed6fdec453195284ad24a5ae5b6e1eed2b848477fa2a4787ba9adf39a41?s=96&d=mm&r=g","contentUrl":"https:\/\/secure.gravatar.com\/avatar\/c7164ed6fdec453195284ad24a5ae5b6e1eed2b848477fa2a4787ba9adf39a41?s=96&d=mm&r=g","caption":"Redacci\u00f3n QP"},"url":"https:\/\/quehacerpolitico.mx\/?author=2"}]}},"featured_image_urls":{"full":"","thumbnail":"","medium":"","medium_large":"","large":"","1536x1536":"","2048x2048":"","covernews-featured":"","covernews-medium":""},"author_info":{"display_name":"Redacci\u00f3n QP","author_link":"https:\/\/quehacerpolitico.mx\/?author=2"},"category_info":"<a href=\"https:\/\/quehacerpolitico.mx\/?cat=2\" rel=\"category\">Noticias<\/a>","tag_info":"Noticias","comment_count":"0","_links":{"self":[{"href":"https:\/\/quehacerpolitico.mx\/index.php?rest_route=\/wp\/v2\/posts\/9317","targetHints":{"allow":["GET"]}}],"collection":[{"href":"https:\/\/quehacerpolitico.mx\/index.php?rest_route=\/wp\/v2\/posts"}],"about":[{"href":"https:\/\/quehacerpolitico.mx\/index.php?rest_route=\/wp\/v2\/types\/post"}],"author":[{"embeddable":true,"href":"https:\/\/quehacerpolitico.mx\/index.php?rest_route=\/wp\/v2\/users\/2"}],"replies":[{"embeddable":true,"href":"https:\/\/quehacerpolitico.mx\/index.php?rest_route=%2Fwp%2Fv2%2Fcomments&post=9317"}],"version-history":[{"count":0,"href":"https:\/\/quehacerpolitico.mx\/index.php?rest_route=\/wp\/v2\/posts\/9317\/revisions"}],"wp:featuredmedia":[{"embeddable":true,"href":"https:\/\/quehacerpolitico.mx\/index.php?rest_route=\/"}],"wp:attachment":[{"href":"https:\/\/quehacerpolitico.mx\/index.php?rest_route=%2Fwp%2Fv2%2Fmedia&parent=9317"}],"wp:term":[{"taxonomy":"category","embeddable":true,"href":"https:\/\/quehacerpolitico.mx\/index.php?rest_route=%2Fwp%2Fv2%2Fcategories&post=9317"},{"taxonomy":"post_tag","embeddable":true,"href":"https:\/\/quehacerpolitico.mx\/index.php?rest_route=%2Fwp%2Fv2%2Ftags&post=9317"}],"curies":[{"name":"wp","href":"https:\/\/api.w.org\/{rel}","templated":true}]}}