{"id":9311,"date":"2018-11-15T01:30:11","date_gmt":"2018-11-15T01:30:11","guid":{"rendered":"http:\/\/quehacerpolitico.mx\/abogado-de-moreira-dice-que-los-testigos-de-fiscalia-espanola-son-villarreal-y-gonzalez-trevino\/"},"modified":"2018-11-15T01:30:11","modified_gmt":"2018-11-15T01:30:11","slug":"abogado-de-moreira-dice-que-los-testigos-de-fiscalia-espanola-son-villarreal-y-gonzalez-trevino","status":"publish","type":"post","link":"https:\/\/quehacerpolitico.mx\/?p=9311","title":{"rendered":"Abogado de Moreira dice que los testigos de Fiscal\u00eda espa\u00f1ola son Villarreal y Gonz\u00e1lez Trevi\u00f1o"},"content":{"rendered":"<h1>Abogado de Moreira dice que los testigos de Fiscal\u00eda espa\u00f1ola son Villarreal y Gonz\u00e1lez Trevi\u00f1o<\/h1>\n<p>Por Redacci\u00f3n QP<\/p>\n<p>El abogado de <strong>Humberto Moreira Vald\u00e9s<\/strong>, <strong>Manuel Oll\u00e9 Ses\u00e9<\/strong>, dijo este d\u00eda que la reapertura del caso en contra su cliente tiene que ver con nuevos testimonios brindados por <strong>H\u00e9ctor Javier Villareal<\/strong> y <strong>Rolando Gonz\u00e1lez Trevi\u00f1o<\/strong> ante la <strong>Fiscal\u00eda de Espa\u00f1a<\/strong>.<\/p>\n<p>Moreira es ex Gobernador de Coahuila y ex presidente nacional del PRI, partido de mandatario mexicano Enrique Pe\u00f1a Nieto. Oll\u00e9 Ses\u00e9 es uno de los m\u00e1s prestigiados y caros abogados de Espa\u00f1a.<\/p>\n<p>Javier Villarreal es el ex Tesorero de Coahuila en tiempos de Moreira, un individuo acusado de desviar del erario miles de millones de pesos. Gonz\u00e1lez Trevi\u00f1o es un empresario de telecomunicaciones que fue se\u00f1alado y conmdenado por transferir recursos p\u00fablicos de los coahuilenses hacia Texas.<\/p>\n<p>Hoy, un juez espa\u00f1ol reabri\u00f3 la investigaci\u00f3n por lavado de dinero a Moreira ante las revelaciones realizadas por dos testigos a la Fiscal\u00eda Anticorrupci\u00f3n. El magistrado Santiago Pedraz archiv\u00f3 la investigaci\u00f3n a Moreira en 2016, en contra del criterio de la Fiscal\u00eda, al no hallar indicios de que lavara en Espa\u00f1a dinero procedente del narcotr\u00e1fico o de la corrupci\u00f3n, decisi\u00f3n que fue despu\u00e9s confirmada por la Audiencia Nacional espa\u00f1ola.<\/p>\n<p>Pese a ello, los fiscales del caso continuaron investigando y recientemente recabaron el testimonio de dos personas residentes en Texas que aportaron m\u00e1s datos sobre las presuntas actividades de lavado de Moreira, que tras ser detenido en Espa\u00f1a el 15 de enero de 2016 qued\u00f3 poco despu\u00e9s en libertad al archivarse la causa.<\/p>\n<p>Rub\u00e9n Moreira aument\u00f3 la deuda que dej\u00f3 Humberto, pero en el PRI, reino de ciegos, \u00e9l es rey Pedraz archiv\u00f3 la causa contra Moreira despu\u00e9s de que este justificara la procedencia de los 200 mil euros que se le atribuye haber blanqueado en Espa\u00f1a, dinero que aleg\u00f3 haber obtenido de sus retribuciones en M\u00e9xico.<\/p>\n<p>El abogado dijo en un comunicado que las diligencias practicadas contra Moreira Vald\u00e9s \u201cno se ajustan a derecho y son una grave violaci\u00f3n a sus garant\u00edas\u201d.<\/p>\n<blockquote>\n<p>\u201cEn relaci\u00f3n con la noticia referida a la reapertura a instancias de la fiscal\u00eda espa\u00f1ola del procedimiento que respecto de Humberto Moreira existi\u00f3 en ese pa\u00eds debemos informar de que estamos ante un mecanismo habitual siempre que alg\u00fan elemento nuevo llega a disposici\u00f3n de la Administraci\u00f3n de Justicia espa\u00f1ola\u201d, se\u00f1al\u00f3.<\/p>\n<p>Agreg\u00f3 que las diligencias que solicita la investigaci\u00f3n de la Fiscal\u00eda \u201cconsisten en la ratificaci\u00f3n de los testimonios que H\u00e9ctor Javier Villareal y Rolando Gonz\u00e1lez Trevi\u00f1o habr\u00edan prestado en San Antonio (Texas) y que se habr\u00edan producido sin intervenci\u00f3n de la defensa del se\u00f1or Moreira. Del mismo modo, la defensa del se\u00f1or Moreira quiere poner de manifiesto que \u2018no ten\u00eda conocimiento de que esta toma de declaraciones por parte de la fiscal\u00eda espa\u00f1ola se hubieran producido, lo que representa una irregularidad procesal muy grave y una violaci\u00f3n de las m\u00e1s elementales garant\u00edas para el afectado\u2019\u201d.<\/p>\n<p>As\u00ed mismo, agreg\u00f3 Oll\u00e9 Ses\u00e9, \u201cdebe resaltarse que se trata de dos testimonios sospechosamente producidos por personas que est\u00e1n siendo incentivadas en sus declaraciones como consecuencia de acuerdos espurios con la fiscal\u00eda norteamericana. Estos testimonios no pueden producir efecto en Espa\u00f1a y son tan solo una clara provocaci\u00f3n con el fin de inculpar al se\u00f1or Humberto Moreira, con los mismos elementos que ya se valoraron y fueron desestimados en su momento y que sirvieron para decretar el sobreseimiento de la causa que el se\u00f1or Moreira tuvo abierta en Espa\u00f1a\u201d.<\/p>\n<blockquote>\n<p>\u201cLa defensa del Moreira informa de que recurrir\u00e1 esta decisi\u00f3n al basarse en una actuaci\u00f3n m\u00e1s que dudosa e irregular por parte de la fiscal\u00eda espa\u00f1ola que, a espaldas de la autoridad judicial, ha practicado actuaciones secretas, fuera del procedimiento judicial y con el fin de que su defensa no pudiera concretar sus actuaciones\u201d, dijo.<\/p>\n<\/blockquote>\n<p>\u201cPor lo dem\u00e1s, el hecho de que se trate de testimonios \u2018ad hominem\u2019 buscados por la investigaci\u00f3n de la fiscal\u00eda espa\u00f1ola que el fiscal norteamericano Russel Leachman no ha utilizado contra Humberto Moreira en la jurisdicci\u00f3n de ese pa\u00eds, evidencia la falta de credibilidad de los mismos. La defensa de Moreira quiere hacer constar \u2018la inmensidad de los da\u00f1os y perjuicios que la fiscal\u00eda produce con esta actuaci\u00f3n carente de toda credibilidad\u2019\u201d, agreg\u00f3.<\/p>\n<p>Dijo que \u201cno obstante, y como ya hiciera en su momento, el se\u00f1or Moreira demostrar\u00e1 la inconsistencia de la solicitud e imputaciones de supuesto delito de blanqueo de capitales, acreditando hasta el \u00faltimo peso de sus cuentas y el origen l\u00edcito del mismo\u201d.<\/p>\n<\/blockquote>\n","protected":false},"excerpt":{"rendered":"<p>Abogado de Moreira dice que los testigos de Fiscal\u00eda espa\u00f1ola son Villarreal y Gonz\u00e1lez Trevi\u00f1o<br \/>\nPor Redacci\u00f3n QP<\/p>\n","protected":false},"author":2,"featured_media":9310,"comment_status":"open","ping_status":"open","sticky":false,"template":"","format":"standard","meta":{"_monsterinsights_skip_tracking":false,"_monsterinsights_sitenote_active":false,"_monsterinsights_sitenote_note":"","_monsterinsights_sitenote_category":0,"footnotes":""},"categories":[2],"tags":[],"class_list":["post-9311","post","type-post","status-publish","format-standard","has-post-thumbnail","hentry","category-noticias"],"yoast_head":"<!-- This site is optimized with the Yoast SEO plugin v27.3 - https:\/\/yoast.com\/product\/yoast-seo-wordpress\/ -->\n<title>Abogado de Moreira dice que los testigos de Fiscal\u00eda espa\u00f1ola son Villarreal y Gonz\u00e1lez Trevi\u00f1o -<\/title>\n<meta name=\"robots\" content=\"index, follow, max-snippet:-1, max-image-preview:large, max-video-preview:-1\" \/>\n<link rel=\"canonical\" href=\"https:\/\/quehacerpolitico.mx\/?p=9311\" \/>\n<meta property=\"og:locale\" content=\"es_MX\" \/>\n<meta property=\"og:type\" content=\"article\" \/>\n<meta property=\"og:title\" content=\"Abogado de Moreira dice que los testigos de Fiscal\u00eda espa\u00f1ola son Villarreal y Gonz\u00e1lez Trevi\u00f1o -\" \/>\n<meta property=\"og:description\" content=\"Abogado de Moreira dice que los testigos de Fiscal\u00eda espa\u00f1ola son Villarreal y Gonz\u00e1lez Trevi\u00f1o Por Redacci\u00f3n QP\" \/>\n<meta property=\"og:url\" content=\"https:\/\/quehacerpolitico.mx\/?p=9311\" \/>\n<meta property=\"article:published_time\" content=\"2018-11-15T01:30:11+00:00\" \/>\n<meta name=\"author\" content=\"Redacci\u00f3n QP\" \/>\n<meta name=\"twitter:card\" content=\"summary_large_image\" \/>\n<meta name=\"twitter:label1\" content=\"Escrito por\" \/>\n\t<meta name=\"twitter:data1\" content=\"Redacci\u00f3n QP\" \/>\n\t<meta name=\"twitter:label2\" content=\"Tiempo de lectura\" \/>\n\t<meta name=\"twitter:data2\" content=\"4 minutos\" \/>\n<script type=\"application\/ld+json\" class=\"yoast-schema-graph\">{\"@context\":\"https:\\\/\\\/schema.org\",\"@graph\":[{\"@type\":\"Article\",\"@id\":\"https:\\\/\\\/quehacerpolitico.mx\\\/?p=9311#article\",\"isPartOf\":{\"@id\":\"https:\\\/\\\/quehacerpolitico.mx\\\/?p=9311\"},\"author\":{\"name\":\"Redacci\u00f3n QP\",\"@id\":\"https:\\\/\\\/quehacerpolitico.mx\\\/#\\\/schema\\\/person\\\/496d8ad2d1d3f8036101dca7ee39e585\"},\"headline\":\"Abogado de Moreira dice que los testigos de Fiscal\u00eda espa\u00f1ola son Villarreal y Gonz\u00e1lez Trevi\u00f1o\",\"datePublished\":\"2018-11-15T01:30:11+00:00\",\"mainEntityOfPage\":{\"@id\":\"https:\\\/\\\/quehacerpolitico.mx\\\/?p=9311\"},\"wordCount\":848,\"commentCount\":0,\"image\":{\"@id\":\"https:\\\/\\\/quehacerpolitico.mx\\\/?p=9311#primaryimage\"},\"thumbnailUrl\":\"\",\"articleSection\":[\"Noticias\"],\"inLanguage\":\"es\",\"potentialAction\":[{\"@type\":\"CommentAction\",\"name\":\"Comment\",\"target\":[\"https:\\\/\\\/quehacerpolitico.mx\\\/?p=9311#respond\"]}]},{\"@type\":\"WebPage\",\"@id\":\"https:\\\/\\\/quehacerpolitico.mx\\\/?p=9311\",\"url\":\"https:\\\/\\\/quehacerpolitico.mx\\\/?p=9311\",\"name\":\"Abogado de Moreira dice que los testigos de Fiscal\u00eda espa\u00f1ola son Villarreal y Gonz\u00e1lez Trevi\u00f1o -\",\"isPartOf\":{\"@id\":\"https:\\\/\\\/quehacerpolitico.mx\\\/#website\"},\"primaryImageOfPage\":{\"@id\":\"https:\\\/\\\/quehacerpolitico.mx\\\/?p=9311#primaryimage\"},\"image\":{\"@id\":\"https:\\\/\\\/quehacerpolitico.mx\\\/?p=9311#primaryimage\"},\"thumbnailUrl\":\"\",\"datePublished\":\"2018-11-15T01:30:11+00:00\",\"author\":{\"@id\":\"https:\\\/\\\/quehacerpolitico.mx\\\/#\\\/schema\\\/person\\\/496d8ad2d1d3f8036101dca7ee39e585\"},\"breadcrumb\":{\"@id\":\"https:\\\/\\\/quehacerpolitico.mx\\\/?p=9311#breadcrumb\"},\"inLanguage\":\"es\",\"potentialAction\":[{\"@type\":\"ReadAction\",\"target\":[\"https:\\\/\\\/quehacerpolitico.mx\\\/?p=9311\"]}]},{\"@type\":\"ImageObject\",\"inLanguage\":\"es\",\"@id\":\"https:\\\/\\\/quehacerpolitico.mx\\\/?p=9311#primaryimage\",\"url\":\"\",\"contentUrl\":\"\"},{\"@type\":\"BreadcrumbList\",\"@id\":\"https:\\\/\\\/quehacerpolitico.mx\\\/?p=9311#breadcrumb\",\"itemListElement\":[{\"@type\":\"ListItem\",\"position\":1,\"name\":\"Inicio\",\"item\":\"https:\\\/\\\/quehacerpolitico.mx\\\/\"},{\"@type\":\"ListItem\",\"position\":2,\"name\":\"Abogado de Moreira dice que los testigos de Fiscal\u00eda espa\u00f1ola son Villarreal y Gonz\u00e1lez Trevi\u00f1o\"}]},{\"@type\":\"WebSite\",\"@id\":\"https:\\\/\\\/quehacerpolitico.mx\\\/#website\",\"url\":\"https:\\\/\\\/quehacerpolitico.mx\\\/\",\"name\":\"\",\"description\":\"\",\"potentialAction\":[{\"@type\":\"SearchAction\",\"target\":{\"@type\":\"EntryPoint\",\"urlTemplate\":\"https:\\\/\\\/quehacerpolitico.mx\\\/?s={search_term_string}\"},\"query-input\":{\"@type\":\"PropertyValueSpecification\",\"valueRequired\":true,\"valueName\":\"search_term_string\"}}],\"inLanguage\":\"es\"},{\"@type\":\"Person\",\"@id\":\"https:\\\/\\\/quehacerpolitico.mx\\\/#\\\/schema\\\/person\\\/496d8ad2d1d3f8036101dca7ee39e585\",\"name\":\"Redacci\u00f3n QP\",\"image\":{\"@type\":\"ImageObject\",\"inLanguage\":\"es\",\"@id\":\"https:\\\/\\\/secure.gravatar.com\\\/avatar\\\/c7164ed6fdec453195284ad24a5ae5b6e1eed2b848477fa2a4787ba9adf39a41?s=96&d=mm&r=g\",\"url\":\"https:\\\/\\\/secure.gravatar.com\\\/avatar\\\/c7164ed6fdec453195284ad24a5ae5b6e1eed2b848477fa2a4787ba9adf39a41?s=96&d=mm&r=g\",\"contentUrl\":\"https:\\\/\\\/secure.gravatar.com\\\/avatar\\\/c7164ed6fdec453195284ad24a5ae5b6e1eed2b848477fa2a4787ba9adf39a41?s=96&d=mm&r=g\",\"caption\":\"Redacci\u00f3n QP\"},\"url\":\"https:\\\/\\\/quehacerpolitico.mx\\\/?author=2\"}]}<\/script>\n<!-- \/ Yoast SEO plugin. -->","yoast_head_json":{"title":"Abogado de Moreira dice que los testigos de Fiscal\u00eda espa\u00f1ola son Villarreal y Gonz\u00e1lez Trevi\u00f1o -","robots":{"index":"index","follow":"follow","max-snippet":"max-snippet:-1","max-image-preview":"max-image-preview:large","max-video-preview":"max-video-preview:-1"},"canonical":"https:\/\/quehacerpolitico.mx\/?p=9311","og_locale":"es_MX","og_type":"article","og_title":"Abogado de Moreira dice que los testigos de Fiscal\u00eda espa\u00f1ola son Villarreal y Gonz\u00e1lez Trevi\u00f1o -","og_description":"Abogado de Moreira dice que los testigos de Fiscal\u00eda espa\u00f1ola son Villarreal y Gonz\u00e1lez Trevi\u00f1o Por Redacci\u00f3n QP","og_url":"https:\/\/quehacerpolitico.mx\/?p=9311","article_published_time":"2018-11-15T01:30:11+00:00","author":"Redacci\u00f3n QP","twitter_card":"summary_large_image","twitter_misc":{"Escrito por":"Redacci\u00f3n QP","Tiempo de lectura":"4 minutos"},"schema":{"@context":"https:\/\/schema.org","@graph":[{"@type":"Article","@id":"https:\/\/quehacerpolitico.mx\/?p=9311#article","isPartOf":{"@id":"https:\/\/quehacerpolitico.mx\/?p=9311"},"author":{"name":"Redacci\u00f3n QP","@id":"https:\/\/quehacerpolitico.mx\/#\/schema\/person\/496d8ad2d1d3f8036101dca7ee39e585"},"headline":"Abogado de Moreira dice que los testigos de Fiscal\u00eda espa\u00f1ola son Villarreal y Gonz\u00e1lez Trevi\u00f1o","datePublished":"2018-11-15T01:30:11+00:00","mainEntityOfPage":{"@id":"https:\/\/quehacerpolitico.mx\/?p=9311"},"wordCount":848,"commentCount":0,"image":{"@id":"https:\/\/quehacerpolitico.mx\/?p=9311#primaryimage"},"thumbnailUrl":"","articleSection":["Noticias"],"inLanguage":"es","potentialAction":[{"@type":"CommentAction","name":"Comment","target":["https:\/\/quehacerpolitico.mx\/?p=9311#respond"]}]},{"@type":"WebPage","@id":"https:\/\/quehacerpolitico.mx\/?p=9311","url":"https:\/\/quehacerpolitico.mx\/?p=9311","name":"Abogado de Moreira dice que los testigos de Fiscal\u00eda espa\u00f1ola son Villarreal y Gonz\u00e1lez Trevi\u00f1o -","isPartOf":{"@id":"https:\/\/quehacerpolitico.mx\/#website"},"primaryImageOfPage":{"@id":"https:\/\/quehacerpolitico.mx\/?p=9311#primaryimage"},"image":{"@id":"https:\/\/quehacerpolitico.mx\/?p=9311#primaryimage"},"thumbnailUrl":"","datePublished":"2018-11-15T01:30:11+00:00","author":{"@id":"https:\/\/quehacerpolitico.mx\/#\/schema\/person\/496d8ad2d1d3f8036101dca7ee39e585"},"breadcrumb":{"@id":"https:\/\/quehacerpolitico.mx\/?p=9311#breadcrumb"},"inLanguage":"es","potentialAction":[{"@type":"ReadAction","target":["https:\/\/quehacerpolitico.mx\/?p=9311"]}]},{"@type":"ImageObject","inLanguage":"es","@id":"https:\/\/quehacerpolitico.mx\/?p=9311#primaryimage","url":"","contentUrl":""},{"@type":"BreadcrumbList","@id":"https:\/\/quehacerpolitico.mx\/?p=9311#breadcrumb","itemListElement":[{"@type":"ListItem","position":1,"name":"Inicio","item":"https:\/\/quehacerpolitico.mx\/"},{"@type":"ListItem","position":2,"name":"Abogado de Moreira dice que los testigos de Fiscal\u00eda espa\u00f1ola son Villarreal y Gonz\u00e1lez Trevi\u00f1o"}]},{"@type":"WebSite","@id":"https:\/\/quehacerpolitico.mx\/#website","url":"https:\/\/quehacerpolitico.mx\/","name":"","description":"","potentialAction":[{"@type":"SearchAction","target":{"@type":"EntryPoint","urlTemplate":"https:\/\/quehacerpolitico.mx\/?s={search_term_string}"},"query-input":{"@type":"PropertyValueSpecification","valueRequired":true,"valueName":"search_term_string"}}],"inLanguage":"es"},{"@type":"Person","@id":"https:\/\/quehacerpolitico.mx\/#\/schema\/person\/496d8ad2d1d3f8036101dca7ee39e585","name":"Redacci\u00f3n QP","image":{"@type":"ImageObject","inLanguage":"es","@id":"https:\/\/secure.gravatar.com\/avatar\/c7164ed6fdec453195284ad24a5ae5b6e1eed2b848477fa2a4787ba9adf39a41?s=96&d=mm&r=g","url":"https:\/\/secure.gravatar.com\/avatar\/c7164ed6fdec453195284ad24a5ae5b6e1eed2b848477fa2a4787ba9adf39a41?s=96&d=mm&r=g","contentUrl":"https:\/\/secure.gravatar.com\/avatar\/c7164ed6fdec453195284ad24a5ae5b6e1eed2b848477fa2a4787ba9adf39a41?s=96&d=mm&r=g","caption":"Redacci\u00f3n QP"},"url":"https:\/\/quehacerpolitico.mx\/?author=2"}]}},"featured_image_urls":{"full":"","thumbnail":"","medium":"","medium_large":"","large":"","1536x1536":"","2048x2048":"","covernews-featured":"","covernews-medium":""},"author_info":{"display_name":"Redacci\u00f3n QP","author_link":"https:\/\/quehacerpolitico.mx\/?author=2"},"category_info":"<a href=\"https:\/\/quehacerpolitico.mx\/?cat=2\" rel=\"category\">Noticias<\/a>","tag_info":"Noticias","comment_count":"0","_links":{"self":[{"href":"https:\/\/quehacerpolitico.mx\/index.php?rest_route=\/wp\/v2\/posts\/9311","targetHints":{"allow":["GET"]}}],"collection":[{"href":"https:\/\/quehacerpolitico.mx\/index.php?rest_route=\/wp\/v2\/posts"}],"about":[{"href":"https:\/\/quehacerpolitico.mx\/index.php?rest_route=\/wp\/v2\/types\/post"}],"author":[{"embeddable":true,"href":"https:\/\/quehacerpolitico.mx\/index.php?rest_route=\/wp\/v2\/users\/2"}],"replies":[{"embeddable":true,"href":"https:\/\/quehacerpolitico.mx\/index.php?rest_route=%2Fwp%2Fv2%2Fcomments&post=9311"}],"version-history":[{"count":0,"href":"https:\/\/quehacerpolitico.mx\/index.php?rest_route=\/wp\/v2\/posts\/9311\/revisions"}],"wp:featuredmedia":[{"embeddable":true,"href":"https:\/\/quehacerpolitico.mx\/index.php?rest_route=\/"}],"wp:attachment":[{"href":"https:\/\/quehacerpolitico.mx\/index.php?rest_route=%2Fwp%2Fv2%2Fmedia&parent=9311"}],"wp:term":[{"taxonomy":"category","embeddable":true,"href":"https:\/\/quehacerpolitico.mx\/index.php?rest_route=%2Fwp%2Fv2%2Fcategories&post=9311"},{"taxonomy":"post_tag","embeddable":true,"href":"https:\/\/quehacerpolitico.mx\/index.php?rest_route=%2Fwp%2Fv2%2Ftags&post=9311"}],"curies":[{"name":"wp","href":"https:\/\/api.w.org\/{rel}","templated":true}]}}