{"id":9307,"date":"2018-11-15T00:12:34","date_gmt":"2018-11-15T00:12:34","guid":{"rendered":"http:\/\/quehacerpolitico.mx\/una-mujer-de-22-anos-es-buscada-por-el-asesinato-de-ingrid-la-menor-hallada-dentro-de-maleta-en-tlatelolco\/"},"modified":"2018-11-15T00:12:34","modified_gmt":"2018-11-15T00:12:34","slug":"una-mujer-de-22-anos-es-buscada-por-el-asesinato-de-ingrid-la-menor-hallada-dentro-de-maleta-en-tlatelolco","status":"publish","type":"post","link":"https:\/\/quehacerpolitico.mx\/?p=9307","title":{"rendered":"Una mujer de 22 a\u00f1os es buscada por el asesinato de Ingrid, la menor hallada dentro de maleta en Tlatelolco"},"content":{"rendered":"<h1>Una mujer de 22 a\u00f1os es buscada por el asesinato de Ingrid, la menor hallada dentro de maleta en Tlatelolco<\/h1>\n<p>Por Redacci\u00f3n QP<\/p>\n<p class=\"p1\"><span class=\"s1\"><strong>Melisa N<\/strong>, de 22 a\u00f1os, es la principal sospechosa en el <strong>asesinato de Ingrid Alison<\/strong>, la menor de edad que fue hallada sin vida dentro de una maleta en <strong>Tlatelolco, en la Ciudad de M\u00e9xico<\/strong>.\u00a0<\/span><\/p>\n<blockquote>\n<p class=\"p1\"><span class=\"s1\">De acuerdo con informaci\u00f3n de medios nacionales, la v\u00edctima habr\u00eda conocido a la presunta asesina.\u00a0<\/span><span class=\"s1\">En el departamento en el que viv\u00eda Melisa fueron halladas evidencias que la ponen bajo los reflectores de la autoridad, entre las que se destacan manchas de sangre.\u00a0<\/span><\/p>\n<\/blockquote>\n<p>Las autoridades tambi\u00e9n buscan un veh\u00edculo que habr\u00eda sido utilizado para cometer el crimen.<\/p>\n<p>Ayer, la Procuradur\u00eda General de Justicia de la Ciudad de M\u00e9xico inform\u00f3 que investigaba la muerte de una menor de 14 a\u00f1os, hallada en el interior de una maleta en inmediaciones de Tlatelolco, en la alcald\u00eda de Cuauht\u00e9moc.<\/p>\n<blockquote>\n<p>Aproximadamente a las 09:00 horas, el agente del Ministerio P\u00fablico tuvo conocimiento del il\u00edcito y orden\u00f3 la intervenci\u00f3n de peritos, as\u00ed como de elementos de la Polic\u00eda de Investigaci\u00f3n para recabar indicios, obtener datos con posibles testigos y ubicar c\u00e1maras de videovigilancia que hayan registrado la identidad del o los responsables.<\/p>\n<\/blockquote>\n<p>Mientras se realizaban las diligencias en la zona, la v\u00edctima fue identificada por un familiar, quien manifest\u00f3 que la adolescente hab\u00eda sido reportada como desaparecida durante las primeras horas de ayer en la Coordinaci\u00f3n Territorial Cuauht\u00e9moc Uno, tras desconocerse su paradero desde las 23:00 horas de un d\u00eda antes, cuando no lleg\u00f3 a su domicilio en la colonia Santa Mar\u00eda la Ribera.<\/p>\n<p>Como parte de las investigaciones para esclarecer este il\u00edcito, autoridades activaron el protocolo para feminicidios.<\/p>\n","protected":false},"excerpt":{"rendered":"<p>Una mujer de 22 a\u00f1os es buscada por el asesinato de Ingrid, la menor hallada dentro de maleta en Tlatelolco<br \/>\nPor Redacci\u00f3n QP<\/p>\n","protected":false},"author":2,"featured_media":9306,"comment_status":"open","ping_status":"open","sticky":false,"template":"","format":"standard","meta":{"_monsterinsights_skip_tracking":false,"_monsterinsights_sitenote_active":false,"_monsterinsights_sitenote_note":"","_monsterinsights_sitenote_category":0,"footnotes":""},"categories":[55],"tags":[],"class_list":["post-9307","post","type-post","status-publish","format-standard","has-post-thumbnail","hentry","category-cdmx"],"yoast_head":"<!-- This site is optimized with the Yoast SEO plugin v27.3 - https:\/\/yoast.com\/product\/yoast-seo-wordpress\/ -->\n<title>Una mujer de 22 a\u00f1os es buscada por el asesinato de Ingrid, la menor hallada dentro de maleta en Tlatelolco -<\/title>\n<meta name=\"robots\" content=\"index, follow, max-snippet:-1, max-image-preview:large, max-video-preview:-1\" \/>\n<link rel=\"canonical\" href=\"https:\/\/quehacerpolitico.mx\/?p=9307\" \/>\n<meta property=\"og:locale\" content=\"es_MX\" \/>\n<meta property=\"og:type\" content=\"article\" \/>\n<meta property=\"og:title\" content=\"Una mujer de 22 a\u00f1os es buscada por el asesinato de Ingrid, la menor hallada dentro de maleta en Tlatelolco -\" \/>\n<meta property=\"og:description\" content=\"Una mujer de 22 a\u00f1os es buscada por el asesinato de Ingrid, la menor hallada dentro de maleta en Tlatelolco Por Redacci\u00f3n QP\" \/>\n<meta property=\"og:url\" content=\"https:\/\/quehacerpolitico.mx\/?p=9307\" \/>\n<meta property=\"article:published_time\" content=\"2018-11-15T00:12:34+00:00\" \/>\n<meta name=\"author\" content=\"Redacci\u00f3n QP\" \/>\n<meta name=\"twitter:card\" content=\"summary_large_image\" \/>\n<meta name=\"twitter:label1\" content=\"Escrito por\" \/>\n\t<meta name=\"twitter:data1\" content=\"Redacci\u00f3n QP\" \/>\n\t<meta name=\"twitter:label2\" content=\"Tiempo de lectura\" \/>\n\t<meta name=\"twitter:data2\" content=\"2 minutos\" \/>\n<script type=\"application\/ld+json\" class=\"yoast-schema-graph\">{\"@context\":\"https:\\\/\\\/schema.org\",\"@graph\":[{\"@type\":\"Article\",\"@id\":\"https:\\\/\\\/quehacerpolitico.mx\\\/?p=9307#article\",\"isPartOf\":{\"@id\":\"https:\\\/\\\/quehacerpolitico.mx\\\/?p=9307\"},\"author\":{\"name\":\"Redacci\u00f3n QP\",\"@id\":\"https:\\\/\\\/quehacerpolitico.mx\\\/#\\\/schema\\\/person\\\/496d8ad2d1d3f8036101dca7ee39e585\"},\"headline\":\"Una mujer de 22 a\u00f1os es buscada por el asesinato de Ingrid, la menor hallada dentro de maleta en Tlatelolco\",\"datePublished\":\"2018-11-15T00:12:34+00:00\",\"mainEntityOfPage\":{\"@id\":\"https:\\\/\\\/quehacerpolitico.mx\\\/?p=9307\"},\"wordCount\":325,\"commentCount\":0,\"image\":{\"@id\":\"https:\\\/\\\/quehacerpolitico.mx\\\/?p=9307#primaryimage\"},\"thumbnailUrl\":\"\",\"articleSection\":[\"CDMX\"],\"inLanguage\":\"es\",\"potentialAction\":[{\"@type\":\"CommentAction\",\"name\":\"Comment\",\"target\":[\"https:\\\/\\\/quehacerpolitico.mx\\\/?p=9307#respond\"]}]},{\"@type\":\"WebPage\",\"@id\":\"https:\\\/\\\/quehacerpolitico.mx\\\/?p=9307\",\"url\":\"https:\\\/\\\/quehacerpolitico.mx\\\/?p=9307\",\"name\":\"Una mujer de 22 a\u00f1os es buscada por el asesinato de Ingrid, la menor hallada dentro de maleta en Tlatelolco -\",\"isPartOf\":{\"@id\":\"https:\\\/\\\/quehacerpolitico.mx\\\/#website\"},\"primaryImageOfPage\":{\"@id\":\"https:\\\/\\\/quehacerpolitico.mx\\\/?p=9307#primaryimage\"},\"image\":{\"@id\":\"https:\\\/\\\/quehacerpolitico.mx\\\/?p=9307#primaryimage\"},\"thumbnailUrl\":\"\",\"datePublished\":\"2018-11-15T00:12:34+00:00\",\"author\":{\"@id\":\"https:\\\/\\\/quehacerpolitico.mx\\\/#\\\/schema\\\/person\\\/496d8ad2d1d3f8036101dca7ee39e585\"},\"breadcrumb\":{\"@id\":\"https:\\\/\\\/quehacerpolitico.mx\\\/?p=9307#breadcrumb\"},\"inLanguage\":\"es\",\"potentialAction\":[{\"@type\":\"ReadAction\",\"target\":[\"https:\\\/\\\/quehacerpolitico.mx\\\/?p=9307\"]}]},{\"@type\":\"ImageObject\",\"inLanguage\":\"es\",\"@id\":\"https:\\\/\\\/quehacerpolitico.mx\\\/?p=9307#primaryimage\",\"url\":\"\",\"contentUrl\":\"\"},{\"@type\":\"BreadcrumbList\",\"@id\":\"https:\\\/\\\/quehacerpolitico.mx\\\/?p=9307#breadcrumb\",\"itemListElement\":[{\"@type\":\"ListItem\",\"position\":1,\"name\":\"Inicio\",\"item\":\"https:\\\/\\\/quehacerpolitico.mx\\\/\"},{\"@type\":\"ListItem\",\"position\":2,\"name\":\"Una mujer de 22 a\u00f1os es buscada por el asesinato de Ingrid, la menor hallada dentro de maleta en Tlatelolco\"}]},{\"@type\":\"WebSite\",\"@id\":\"https:\\\/\\\/quehacerpolitico.mx\\\/#website\",\"url\":\"https:\\\/\\\/quehacerpolitico.mx\\\/\",\"name\":\"\",\"description\":\"\",\"potentialAction\":[{\"@type\":\"SearchAction\",\"target\":{\"@type\":\"EntryPoint\",\"urlTemplate\":\"https:\\\/\\\/quehacerpolitico.mx\\\/?s={search_term_string}\"},\"query-input\":{\"@type\":\"PropertyValueSpecification\",\"valueRequired\":true,\"valueName\":\"search_term_string\"}}],\"inLanguage\":\"es\"},{\"@type\":\"Person\",\"@id\":\"https:\\\/\\\/quehacerpolitico.mx\\\/#\\\/schema\\\/person\\\/496d8ad2d1d3f8036101dca7ee39e585\",\"name\":\"Redacci\u00f3n QP\",\"image\":{\"@type\":\"ImageObject\",\"inLanguage\":\"es\",\"@id\":\"https:\\\/\\\/secure.gravatar.com\\\/avatar\\\/c7164ed6fdec453195284ad24a5ae5b6e1eed2b848477fa2a4787ba9adf39a41?s=96&d=mm&r=g\",\"url\":\"https:\\\/\\\/secure.gravatar.com\\\/avatar\\\/c7164ed6fdec453195284ad24a5ae5b6e1eed2b848477fa2a4787ba9adf39a41?s=96&d=mm&r=g\",\"contentUrl\":\"https:\\\/\\\/secure.gravatar.com\\\/avatar\\\/c7164ed6fdec453195284ad24a5ae5b6e1eed2b848477fa2a4787ba9adf39a41?s=96&d=mm&r=g\",\"caption\":\"Redacci\u00f3n QP\"},\"url\":\"https:\\\/\\\/quehacerpolitico.mx\\\/?author=2\"}]}<\/script>\n<!-- \/ Yoast SEO plugin. -->","yoast_head_json":{"title":"Una mujer de 22 a\u00f1os es buscada por el asesinato de Ingrid, la menor hallada dentro de maleta en Tlatelolco -","robots":{"index":"index","follow":"follow","max-snippet":"max-snippet:-1","max-image-preview":"max-image-preview:large","max-video-preview":"max-video-preview:-1"},"canonical":"https:\/\/quehacerpolitico.mx\/?p=9307","og_locale":"es_MX","og_type":"article","og_title":"Una mujer de 22 a\u00f1os es buscada por el asesinato de Ingrid, la menor hallada dentro de maleta en Tlatelolco -","og_description":"Una mujer de 22 a\u00f1os es buscada por el asesinato de Ingrid, la menor hallada dentro de maleta en Tlatelolco Por Redacci\u00f3n QP","og_url":"https:\/\/quehacerpolitico.mx\/?p=9307","article_published_time":"2018-11-15T00:12:34+00:00","author":"Redacci\u00f3n QP","twitter_card":"summary_large_image","twitter_misc":{"Escrito por":"Redacci\u00f3n QP","Tiempo de lectura":"2 minutos"},"schema":{"@context":"https:\/\/schema.org","@graph":[{"@type":"Article","@id":"https:\/\/quehacerpolitico.mx\/?p=9307#article","isPartOf":{"@id":"https:\/\/quehacerpolitico.mx\/?p=9307"},"author":{"name":"Redacci\u00f3n QP","@id":"https:\/\/quehacerpolitico.mx\/#\/schema\/person\/496d8ad2d1d3f8036101dca7ee39e585"},"headline":"Una mujer de 22 a\u00f1os es buscada por el asesinato de Ingrid, la menor hallada dentro de maleta en Tlatelolco","datePublished":"2018-11-15T00:12:34+00:00","mainEntityOfPage":{"@id":"https:\/\/quehacerpolitico.mx\/?p=9307"},"wordCount":325,"commentCount":0,"image":{"@id":"https:\/\/quehacerpolitico.mx\/?p=9307#primaryimage"},"thumbnailUrl":"","articleSection":["CDMX"],"inLanguage":"es","potentialAction":[{"@type":"CommentAction","name":"Comment","target":["https:\/\/quehacerpolitico.mx\/?p=9307#respond"]}]},{"@type":"WebPage","@id":"https:\/\/quehacerpolitico.mx\/?p=9307","url":"https:\/\/quehacerpolitico.mx\/?p=9307","name":"Una mujer de 22 a\u00f1os es buscada por el asesinato de Ingrid, la menor hallada dentro de maleta en Tlatelolco -","isPartOf":{"@id":"https:\/\/quehacerpolitico.mx\/#website"},"primaryImageOfPage":{"@id":"https:\/\/quehacerpolitico.mx\/?p=9307#primaryimage"},"image":{"@id":"https:\/\/quehacerpolitico.mx\/?p=9307#primaryimage"},"thumbnailUrl":"","datePublished":"2018-11-15T00:12:34+00:00","author":{"@id":"https:\/\/quehacerpolitico.mx\/#\/schema\/person\/496d8ad2d1d3f8036101dca7ee39e585"},"breadcrumb":{"@id":"https:\/\/quehacerpolitico.mx\/?p=9307#breadcrumb"},"inLanguage":"es","potentialAction":[{"@type":"ReadAction","target":["https:\/\/quehacerpolitico.mx\/?p=9307"]}]},{"@type":"ImageObject","inLanguage":"es","@id":"https:\/\/quehacerpolitico.mx\/?p=9307#primaryimage","url":"","contentUrl":""},{"@type":"BreadcrumbList","@id":"https:\/\/quehacerpolitico.mx\/?p=9307#breadcrumb","itemListElement":[{"@type":"ListItem","position":1,"name":"Inicio","item":"https:\/\/quehacerpolitico.mx\/"},{"@type":"ListItem","position":2,"name":"Una mujer de 22 a\u00f1os es buscada por el asesinato de Ingrid, la menor hallada dentro de maleta en Tlatelolco"}]},{"@type":"WebSite","@id":"https:\/\/quehacerpolitico.mx\/#website","url":"https:\/\/quehacerpolitico.mx\/","name":"","description":"","potentialAction":[{"@type":"SearchAction","target":{"@type":"EntryPoint","urlTemplate":"https:\/\/quehacerpolitico.mx\/?s={search_term_string}"},"query-input":{"@type":"PropertyValueSpecification","valueRequired":true,"valueName":"search_term_string"}}],"inLanguage":"es"},{"@type":"Person","@id":"https:\/\/quehacerpolitico.mx\/#\/schema\/person\/496d8ad2d1d3f8036101dca7ee39e585","name":"Redacci\u00f3n QP","image":{"@type":"ImageObject","inLanguage":"es","@id":"https:\/\/secure.gravatar.com\/avatar\/c7164ed6fdec453195284ad24a5ae5b6e1eed2b848477fa2a4787ba9adf39a41?s=96&d=mm&r=g","url":"https:\/\/secure.gravatar.com\/avatar\/c7164ed6fdec453195284ad24a5ae5b6e1eed2b848477fa2a4787ba9adf39a41?s=96&d=mm&r=g","contentUrl":"https:\/\/secure.gravatar.com\/avatar\/c7164ed6fdec453195284ad24a5ae5b6e1eed2b848477fa2a4787ba9adf39a41?s=96&d=mm&r=g","caption":"Redacci\u00f3n QP"},"url":"https:\/\/quehacerpolitico.mx\/?author=2"}]}},"featured_image_urls":{"full":"","thumbnail":"","medium":"","medium_large":"","large":"","1536x1536":"","2048x2048":"","covernews-featured":"","covernews-medium":""},"author_info":{"display_name":"Redacci\u00f3n QP","author_link":"https:\/\/quehacerpolitico.mx\/?author=2"},"category_info":"<a href=\"https:\/\/quehacerpolitico.mx\/?cat=55\" rel=\"category\">CDMX<\/a>","tag_info":"CDMX","comment_count":"0","_links":{"self":[{"href":"https:\/\/quehacerpolitico.mx\/index.php?rest_route=\/wp\/v2\/posts\/9307","targetHints":{"allow":["GET"]}}],"collection":[{"href":"https:\/\/quehacerpolitico.mx\/index.php?rest_route=\/wp\/v2\/posts"}],"about":[{"href":"https:\/\/quehacerpolitico.mx\/index.php?rest_route=\/wp\/v2\/types\/post"}],"author":[{"embeddable":true,"href":"https:\/\/quehacerpolitico.mx\/index.php?rest_route=\/wp\/v2\/users\/2"}],"replies":[{"embeddable":true,"href":"https:\/\/quehacerpolitico.mx\/index.php?rest_route=%2Fwp%2Fv2%2Fcomments&post=9307"}],"version-history":[{"count":0,"href":"https:\/\/quehacerpolitico.mx\/index.php?rest_route=\/wp\/v2\/posts\/9307\/revisions"}],"wp:featuredmedia":[{"embeddable":true,"href":"https:\/\/quehacerpolitico.mx\/index.php?rest_route=\/"}],"wp:attachment":[{"href":"https:\/\/quehacerpolitico.mx\/index.php?rest_route=%2Fwp%2Fv2%2Fmedia&parent=9307"}],"wp:term":[{"taxonomy":"category","embeddable":true,"href":"https:\/\/quehacerpolitico.mx\/index.php?rest_route=%2Fwp%2Fv2%2Fcategories&post=9307"},{"taxonomy":"post_tag","embeddable":true,"href":"https:\/\/quehacerpolitico.mx\/index.php?rest_route=%2Fwp%2Fv2%2Ftags&post=9307"}],"curies":[{"name":"wp","href":"https:\/\/api.w.org\/{rel}","templated":true}]}}