{"id":9305,"date":"2018-11-15T00:06:30","date_gmt":"2018-11-15T00:06:30","guid":{"rendered":"http:\/\/quehacerpolitico.mx\/juez-amonesta-a-abogado-de-el-chapo-por-acusaciones-contra-epn-y-fch-pero-no-las-desestima\/"},"modified":"2018-11-15T00:06:30","modified_gmt":"2018-11-15T00:06:30","slug":"juez-amonesta-a-abogado-de-el-chapo-por-acusaciones-contra-epn-y-fch-pero-no-las-desestima","status":"publish","type":"post","link":"https:\/\/quehacerpolitico.mx\/?p=9305","title":{"rendered":"Juez amonesta a abogado de \u201cEl Chapo\u201d por acusaciones contra EPN y FCH, pero no las desestima"},"content":{"rendered":"<h1>Juez amonesta a abogado de \u201cEl Chapo\u201d por acusaciones contra EPN y FCH, pero no las desestima<\/h1>\n<p>Por Redacci\u00f3n QP<\/p>\n<p>Un juez federal estadounidense amonest\u00f3 al defensor del narcotraficante mexicano <strong>Joaqu\u00edn \u201cEl Chapo\u201d Guzm\u00e1<\/strong>n, tras un alegato inicial en el que se acus\u00f3 a dos<strong> presidentes mexicanos<\/strong> de aceptar sobornos.<\/p>\n<p>Los fiscales en el juicio al solicitaron al juez Brian Cogan que desestimara el alegato inicial en el juicio a Guzm\u00e1n por estar \u201cimbuido de argumentos indebidos, defensas afirmativas inadvertidas y habladur\u00edas inadmisibles\u201d.<\/p>\n<p>El juez Cogan se abstuvo de desestimar el alegato, pero amonest\u00f3 al abogado Jeffrey Lichtman por haberse \u201capartado de pruebas directas o indiciarias\u201d. Dijo que dar\u00e1 instrucciones al jurado para que se concentre en las pruebas. \u201cSu alegato inicial emiti\u00f3 un pagar\u00e9 que su caso no va a cobrar\u201d, dijo el juez y calific\u00f3 el argumento de enga\u00f1oso.<\/p>\n<p>En su alegato el martes, Lichtman dijo al jurado que los fiscales estadounidenses so\u00f1aban desde \u201chace d\u00e9cadas\u201d con condenar a Guzm\u00e1n y a\u00f1adi\u00f3 que \u201cel mundo se enfoca en esta figura m\u00edtica de \u2018El Chapo\u2019\u201d.<\/p>\n<p>Lichtman asegur\u00f3 que su defendido no era el verdadero l\u00edder de un cartel que enviaba toneladas de coca\u00edna a Estados Unidos. Trat\u00f3 de echar la culpa a <strong>Ismael \u201cEl Mayo\u201d Zambada,<\/strong> otro notorio jerarca del cartel de Sinaloa. Zambada est\u00e1 pr\u00f3fugo en M\u00e9xico, agreg\u00f3 Lichtman, gracias a sobornos que \u201cllegan hasta lo m\u00e1s alto\u201d, con cientos de millones de d\u00f3lares pagados al presidente actual de M\u00e9xico y algunos de sus predecesores.<\/p>\n<p>\u201cEste caso les obligar\u00e1 a descartar muchas de las cosas que les ense\u00f1aron acerca de c\u00f3mo funcionan los gobiernos y c\u00f3mo se comportan, los gobiernos en Am\u00e9rica del Sur y Central y M\u00e9xico e incluso Estados Unidos\u201d, dijo Lichtman.<\/p>\n<blockquote>\n<p>\u201cEste caso les obligar\u00e1 a abrir sus mentes a la posibilidad de que los funcionarios de gobierno en los m\u00e1s altos niveles pueden ser sobornados, pueden conjurar para cometer cr\u00edmenes horribles\u2026 y que los agentes de La ley en Estados Unidos tambi\u00e9n pueden ser corruptos\u201d.<\/p>\n<p>Un vocero del Presidente mexicano Enrique Pe\u00f1a Nieto calific\u00f3 las denuncias de \u201ccompletamente falsas y difamatorias\u201d. El ex Presidente Felipe Calder\u00f3n dijo que eran \u201cabsolutamente falsas y temerarias\u201d.<\/p>\n<p>Guzm\u00e1n, que se encuentra en encierro solitario desde su extradici\u00f3n a Estados Unidos a principios del a\u00f1o pasado, se declar\u00f3 inocente de amasar una fortuna enorme mediante el contrabando de toneladas de coca\u00edna y otras drogas en una enorme cadena de suministro que llegaba hasta muy al norte de Estados Unidos.<\/p>\n<p>Guzm\u00e1n era una figura m\u00edtica en M\u00e9xico que ha sido comparado con Al Capone y Robin Hood y es festejado en baladas conocidas como narcocorridos. Es de baja estatura y su apodo significa corto de estatura.<\/p>\n<p>Lichtman reanud\u00f3 su alegato el mi\u00e9rcoles diciendo que \u201cel mito de El Chapo\u201d es \u201cmuy fuerte\u201d. Dijo que los polic\u00edas que lo arrestaron le pidieron su aut\u00f3grafo en billetes de 100 d\u00f3lares.<\/p>\n<p>\u201cEl se\u00f1or Guzm\u00e1n disfrutaba de la publicidad\u201d, dijo Lichtman. \u201cDisfrutaba de la notoriedad\u201d.<\/p>\n<p>El abogado defensor dijo que los testigos de cargo eran mentirosos que buscaban reducir sus propias condenas. \u201cSon gente que ha mentido a diario\u201d, dijo. \u201cEst\u00e1n aqu\u00ed porque quieren salir de la c\u00e1rcel como sea\u201d.<\/p>\n<p>Los fiscales mostraron el video de un t\u00fanel que va de M\u00e9xico a un dep\u00f3sito en Arizona, presuntamente utilizado por Guzm\u00e1n para acelerar las entregas de droga. El dep\u00f3sito estaba apenas a dos cuadras de una oficina de la Aduana estadounidense.<\/p>\n<p>El t\u00fanel ten\u00eda unos 50 metros (yardas) de longitud y era suficientemente grande como para que un hombre de 1,70 (5 pies, 8 pulgadas) de estatura pudiera recorrerlo casi sin inclinar la cabeza. Estaba equipado con luz el\u00e9ctrica y un elevador hidr\u00e1ulico de un piso disimulado por una mesa de pool.<\/p>\n<p>El primer testigo, el agente de aduana retirado Carlos Salazar, dijo que la complejidad del t\u00fanel sorprendi\u00f3 a los agentes. Usaron herramientas pesadas para atravesar el hormig\u00f3n, y solo despu\u00e9s se dieron cuenta que pod\u00edan abrirlo del lado mexicano con solo girar una llave de agua.<\/p>\n<p>\u201cNo sab\u00edamos que hab\u00eda un sistema hidr\u00e1ulico\u201d, dijo. \u201cNo sab\u00edamos que se elevaba el piso\u201d.<\/p>\n<p><strong>DECLARAR\u00c1 \u201cEL LICENCIADO\u201d<\/strong><\/p>\n<p>Salazar fue llamado a declarar inmediatamente despu\u00e9s de que el abogado de Guzm\u00e1n, Jeffrey Lichtman, terminara su alegato inicial, en el que trat\u00f3 de minar la credibilidad de algunos de los testigos que planean usar las autoridades.<\/p>\n<p>Lichtman adelant\u00f3 que los fiscales van a llamar a declarar a varios narcotraficantes que han decidido colaborar para tratar de ver reducidas sus penas de c\u00e1rcel.<\/p>\n<p>El abogado dibuj\u00f3 a esos narcotraficantes como \u201cgente que miente cada d\u00eda\u201d y cuya \u00fanica motivaci\u00f3n para cooperar es lograr la libertad.<\/p>\n<p>Entre ellos, destac\u00f3 por ejemplo a un testigo llamado Miguel \u00c1ngel Mart\u00ednez, que casi habr\u00eda perdido la nariz tras \u201cesnifar cuatro gramos diarios de coca\u00edna\u201d durante a\u00f1os, seg\u00fan Lichtman.<\/p>\n<p>Tambi\u00e9n asegur\u00f3 que la Fiscal\u00eda prev\u00e9 llamar a declarar a C\u00e9sar Gastelum, supuesta \u201cmano derecha\u201d de Guzm\u00e1n, y a D\u00e1maso L\u00f3pez N\u00fa\u00f1ez, conocido como \u201cEl Licenciado\u201d, considerado sucesor de Guzm\u00e1n en el Cartel de Sinaloa y que fue extraditado este a\u00f1o a EU desde M\u00e9xico.<\/p>\n<p>Lichtman insisti\u00f3 en que todo el caso contra su cliente est\u00e1 \u201cconstruido sobre una base de mentiras\u201d y pidi\u00f3 a los miembros del jurado que mantengan una \u201cmentalidad abierta\u201d pese al \u201cpoderoso\u201d nombre del \u201cChapo\u201d.<\/p>\n<p>Con Informaci\u00f3n de AP\/EFE<\/p>\n<\/blockquote>\n","protected":false},"excerpt":{"rendered":"<p>Juez amonesta a abogado de \u201cEl Chapo\u201d por acusaciones contra EPN y FCH, pero no las desestima<br \/>\nPor Redacci\u00f3n QP<\/p>\n","protected":false},"author":2,"featured_media":9304,"comment_status":"open","ping_status":"open","sticky":false,"template":"","format":"standard","meta":{"_monsterinsights_skip_tracking":false,"_monsterinsights_sitenote_active":false,"_monsterinsights_sitenote_note":"","_monsterinsights_sitenote_category":0,"footnotes":""},"categories":[2],"tags":[],"class_list":["post-9305","post","type-post","status-publish","format-standard","has-post-thumbnail","hentry","category-noticias"],"yoast_head":"<!-- This site is optimized with the Yoast SEO plugin v27.3 - https:\/\/yoast.com\/product\/yoast-seo-wordpress\/ -->\n<title>Juez amonesta a abogado de \u201cEl Chapo\u201d por acusaciones contra EPN y FCH, pero no las desestima -<\/title>\n<meta name=\"robots\" content=\"index, follow, max-snippet:-1, max-image-preview:large, max-video-preview:-1\" \/>\n<link rel=\"canonical\" href=\"https:\/\/quehacerpolitico.mx\/?p=9305\" \/>\n<meta property=\"og:locale\" content=\"es_MX\" \/>\n<meta property=\"og:type\" content=\"article\" \/>\n<meta property=\"og:title\" content=\"Juez amonesta a abogado de \u201cEl Chapo\u201d por acusaciones contra EPN y FCH, pero no las desestima -\" \/>\n<meta property=\"og:description\" content=\"Juez amonesta a abogado de \u201cEl Chapo\u201d por acusaciones contra EPN y FCH, pero no las desestima Por Redacci\u00f3n QP\" \/>\n<meta property=\"og:url\" content=\"https:\/\/quehacerpolitico.mx\/?p=9305\" \/>\n<meta property=\"article:published_time\" content=\"2018-11-15T00:06:30+00:00\" \/>\n<meta name=\"author\" content=\"Redacci\u00f3n QP\" \/>\n<meta name=\"twitter:card\" content=\"summary_large_image\" \/>\n<meta name=\"twitter:label1\" content=\"Escrito por\" \/>\n\t<meta name=\"twitter:data1\" content=\"Redacci\u00f3n QP\" \/>\n\t<meta name=\"twitter:label2\" content=\"Tiempo de lectura\" \/>\n\t<meta name=\"twitter:data2\" content=\"5 minutos\" \/>\n<script type=\"application\/ld+json\" class=\"yoast-schema-graph\">{\"@context\":\"https:\\\/\\\/schema.org\",\"@graph\":[{\"@type\":\"Article\",\"@id\":\"https:\\\/\\\/quehacerpolitico.mx\\\/?p=9305#article\",\"isPartOf\":{\"@id\":\"https:\\\/\\\/quehacerpolitico.mx\\\/?p=9305\"},\"author\":{\"name\":\"Redacci\u00f3n QP\",\"@id\":\"https:\\\/\\\/quehacerpolitico.mx\\\/#\\\/schema\\\/person\\\/496d8ad2d1d3f8036101dca7ee39e585\"},\"headline\":\"Juez amonesta a abogado de \u201cEl Chapo\u201d por acusaciones contra EPN y FCH, pero no las desestima\",\"datePublished\":\"2018-11-15T00:06:30+00:00\",\"mainEntityOfPage\":{\"@id\":\"https:\\\/\\\/quehacerpolitico.mx\\\/?p=9305\"},\"wordCount\":974,\"commentCount\":0,\"image\":{\"@id\":\"https:\\\/\\\/quehacerpolitico.mx\\\/?p=9305#primaryimage\"},\"thumbnailUrl\":\"\",\"articleSection\":[\"Noticias\"],\"inLanguage\":\"es\",\"potentialAction\":[{\"@type\":\"CommentAction\",\"name\":\"Comment\",\"target\":[\"https:\\\/\\\/quehacerpolitico.mx\\\/?p=9305#respond\"]}]},{\"@type\":\"WebPage\",\"@id\":\"https:\\\/\\\/quehacerpolitico.mx\\\/?p=9305\",\"url\":\"https:\\\/\\\/quehacerpolitico.mx\\\/?p=9305\",\"name\":\"Juez amonesta a abogado de \u201cEl Chapo\u201d por acusaciones contra EPN y FCH, pero no las desestima -\",\"isPartOf\":{\"@id\":\"https:\\\/\\\/quehacerpolitico.mx\\\/#website\"},\"primaryImageOfPage\":{\"@id\":\"https:\\\/\\\/quehacerpolitico.mx\\\/?p=9305#primaryimage\"},\"image\":{\"@id\":\"https:\\\/\\\/quehacerpolitico.mx\\\/?p=9305#primaryimage\"},\"thumbnailUrl\":\"\",\"datePublished\":\"2018-11-15T00:06:30+00:00\",\"author\":{\"@id\":\"https:\\\/\\\/quehacerpolitico.mx\\\/#\\\/schema\\\/person\\\/496d8ad2d1d3f8036101dca7ee39e585\"},\"breadcrumb\":{\"@id\":\"https:\\\/\\\/quehacerpolitico.mx\\\/?p=9305#breadcrumb\"},\"inLanguage\":\"es\",\"potentialAction\":[{\"@type\":\"ReadAction\",\"target\":[\"https:\\\/\\\/quehacerpolitico.mx\\\/?p=9305\"]}]},{\"@type\":\"ImageObject\",\"inLanguage\":\"es\",\"@id\":\"https:\\\/\\\/quehacerpolitico.mx\\\/?p=9305#primaryimage\",\"url\":\"\",\"contentUrl\":\"\"},{\"@type\":\"BreadcrumbList\",\"@id\":\"https:\\\/\\\/quehacerpolitico.mx\\\/?p=9305#breadcrumb\",\"itemListElement\":[{\"@type\":\"ListItem\",\"position\":1,\"name\":\"Inicio\",\"item\":\"https:\\\/\\\/quehacerpolitico.mx\\\/\"},{\"@type\":\"ListItem\",\"position\":2,\"name\":\"Juez amonesta a abogado de \u201cEl Chapo\u201d por acusaciones contra EPN y FCH, pero no las desestima\"}]},{\"@type\":\"WebSite\",\"@id\":\"https:\\\/\\\/quehacerpolitico.mx\\\/#website\",\"url\":\"https:\\\/\\\/quehacerpolitico.mx\\\/\",\"name\":\"\",\"description\":\"\",\"potentialAction\":[{\"@type\":\"SearchAction\",\"target\":{\"@type\":\"EntryPoint\",\"urlTemplate\":\"https:\\\/\\\/quehacerpolitico.mx\\\/?s={search_term_string}\"},\"query-input\":{\"@type\":\"PropertyValueSpecification\",\"valueRequired\":true,\"valueName\":\"search_term_string\"}}],\"inLanguage\":\"es\"},{\"@type\":\"Person\",\"@id\":\"https:\\\/\\\/quehacerpolitico.mx\\\/#\\\/schema\\\/person\\\/496d8ad2d1d3f8036101dca7ee39e585\",\"name\":\"Redacci\u00f3n QP\",\"image\":{\"@type\":\"ImageObject\",\"inLanguage\":\"es\",\"@id\":\"https:\\\/\\\/secure.gravatar.com\\\/avatar\\\/c7164ed6fdec453195284ad24a5ae5b6e1eed2b848477fa2a4787ba9adf39a41?s=96&d=mm&r=g\",\"url\":\"https:\\\/\\\/secure.gravatar.com\\\/avatar\\\/c7164ed6fdec453195284ad24a5ae5b6e1eed2b848477fa2a4787ba9adf39a41?s=96&d=mm&r=g\",\"contentUrl\":\"https:\\\/\\\/secure.gravatar.com\\\/avatar\\\/c7164ed6fdec453195284ad24a5ae5b6e1eed2b848477fa2a4787ba9adf39a41?s=96&d=mm&r=g\",\"caption\":\"Redacci\u00f3n QP\"},\"url\":\"https:\\\/\\\/quehacerpolitico.mx\\\/?author=2\"}]}<\/script>\n<!-- \/ Yoast SEO plugin. -->","yoast_head_json":{"title":"Juez amonesta a abogado de \u201cEl Chapo\u201d por acusaciones contra EPN y FCH, pero no las desestima -","robots":{"index":"index","follow":"follow","max-snippet":"max-snippet:-1","max-image-preview":"max-image-preview:large","max-video-preview":"max-video-preview:-1"},"canonical":"https:\/\/quehacerpolitico.mx\/?p=9305","og_locale":"es_MX","og_type":"article","og_title":"Juez amonesta a abogado de \u201cEl Chapo\u201d por acusaciones contra EPN y FCH, pero no las desestima -","og_description":"Juez amonesta a abogado de \u201cEl Chapo\u201d por acusaciones contra EPN y FCH, pero no las desestima Por Redacci\u00f3n QP","og_url":"https:\/\/quehacerpolitico.mx\/?p=9305","article_published_time":"2018-11-15T00:06:30+00:00","author":"Redacci\u00f3n QP","twitter_card":"summary_large_image","twitter_misc":{"Escrito por":"Redacci\u00f3n QP","Tiempo de lectura":"5 minutos"},"schema":{"@context":"https:\/\/schema.org","@graph":[{"@type":"Article","@id":"https:\/\/quehacerpolitico.mx\/?p=9305#article","isPartOf":{"@id":"https:\/\/quehacerpolitico.mx\/?p=9305"},"author":{"name":"Redacci\u00f3n QP","@id":"https:\/\/quehacerpolitico.mx\/#\/schema\/person\/496d8ad2d1d3f8036101dca7ee39e585"},"headline":"Juez amonesta a abogado de \u201cEl Chapo\u201d por acusaciones contra EPN y FCH, pero no las desestima","datePublished":"2018-11-15T00:06:30+00:00","mainEntityOfPage":{"@id":"https:\/\/quehacerpolitico.mx\/?p=9305"},"wordCount":974,"commentCount":0,"image":{"@id":"https:\/\/quehacerpolitico.mx\/?p=9305#primaryimage"},"thumbnailUrl":"","articleSection":["Noticias"],"inLanguage":"es","potentialAction":[{"@type":"CommentAction","name":"Comment","target":["https:\/\/quehacerpolitico.mx\/?p=9305#respond"]}]},{"@type":"WebPage","@id":"https:\/\/quehacerpolitico.mx\/?p=9305","url":"https:\/\/quehacerpolitico.mx\/?p=9305","name":"Juez amonesta a abogado de \u201cEl Chapo\u201d por acusaciones contra EPN y FCH, pero no las desestima -","isPartOf":{"@id":"https:\/\/quehacerpolitico.mx\/#website"},"primaryImageOfPage":{"@id":"https:\/\/quehacerpolitico.mx\/?p=9305#primaryimage"},"image":{"@id":"https:\/\/quehacerpolitico.mx\/?p=9305#primaryimage"},"thumbnailUrl":"","datePublished":"2018-11-15T00:06:30+00:00","author":{"@id":"https:\/\/quehacerpolitico.mx\/#\/schema\/person\/496d8ad2d1d3f8036101dca7ee39e585"},"breadcrumb":{"@id":"https:\/\/quehacerpolitico.mx\/?p=9305#breadcrumb"},"inLanguage":"es","potentialAction":[{"@type":"ReadAction","target":["https:\/\/quehacerpolitico.mx\/?p=9305"]}]},{"@type":"ImageObject","inLanguage":"es","@id":"https:\/\/quehacerpolitico.mx\/?p=9305#primaryimage","url":"","contentUrl":""},{"@type":"BreadcrumbList","@id":"https:\/\/quehacerpolitico.mx\/?p=9305#breadcrumb","itemListElement":[{"@type":"ListItem","position":1,"name":"Inicio","item":"https:\/\/quehacerpolitico.mx\/"},{"@type":"ListItem","position":2,"name":"Juez amonesta a abogado de \u201cEl Chapo\u201d por acusaciones contra EPN y FCH, pero no las desestima"}]},{"@type":"WebSite","@id":"https:\/\/quehacerpolitico.mx\/#website","url":"https:\/\/quehacerpolitico.mx\/","name":"","description":"","potentialAction":[{"@type":"SearchAction","target":{"@type":"EntryPoint","urlTemplate":"https:\/\/quehacerpolitico.mx\/?s={search_term_string}"},"query-input":{"@type":"PropertyValueSpecification","valueRequired":true,"valueName":"search_term_string"}}],"inLanguage":"es"},{"@type":"Person","@id":"https:\/\/quehacerpolitico.mx\/#\/schema\/person\/496d8ad2d1d3f8036101dca7ee39e585","name":"Redacci\u00f3n QP","image":{"@type":"ImageObject","inLanguage":"es","@id":"https:\/\/secure.gravatar.com\/avatar\/c7164ed6fdec453195284ad24a5ae5b6e1eed2b848477fa2a4787ba9adf39a41?s=96&d=mm&r=g","url":"https:\/\/secure.gravatar.com\/avatar\/c7164ed6fdec453195284ad24a5ae5b6e1eed2b848477fa2a4787ba9adf39a41?s=96&d=mm&r=g","contentUrl":"https:\/\/secure.gravatar.com\/avatar\/c7164ed6fdec453195284ad24a5ae5b6e1eed2b848477fa2a4787ba9adf39a41?s=96&d=mm&r=g","caption":"Redacci\u00f3n QP"},"url":"https:\/\/quehacerpolitico.mx\/?author=2"}]}},"featured_image_urls":{"full":"","thumbnail":"","medium":"","medium_large":"","large":"","1536x1536":"","2048x2048":"","covernews-featured":"","covernews-medium":""},"author_info":{"display_name":"Redacci\u00f3n QP","author_link":"https:\/\/quehacerpolitico.mx\/?author=2"},"category_info":"<a href=\"https:\/\/quehacerpolitico.mx\/?cat=2\" rel=\"category\">Noticias<\/a>","tag_info":"Noticias","comment_count":"0","_links":{"self":[{"href":"https:\/\/quehacerpolitico.mx\/index.php?rest_route=\/wp\/v2\/posts\/9305","targetHints":{"allow":["GET"]}}],"collection":[{"href":"https:\/\/quehacerpolitico.mx\/index.php?rest_route=\/wp\/v2\/posts"}],"about":[{"href":"https:\/\/quehacerpolitico.mx\/index.php?rest_route=\/wp\/v2\/types\/post"}],"author":[{"embeddable":true,"href":"https:\/\/quehacerpolitico.mx\/index.php?rest_route=\/wp\/v2\/users\/2"}],"replies":[{"embeddable":true,"href":"https:\/\/quehacerpolitico.mx\/index.php?rest_route=%2Fwp%2Fv2%2Fcomments&post=9305"}],"version-history":[{"count":0,"href":"https:\/\/quehacerpolitico.mx\/index.php?rest_route=\/wp\/v2\/posts\/9305\/revisions"}],"wp:featuredmedia":[{"embeddable":true,"href":"https:\/\/quehacerpolitico.mx\/index.php?rest_route=\/"}],"wp:attachment":[{"href":"https:\/\/quehacerpolitico.mx\/index.php?rest_route=%2Fwp%2Fv2%2Fmedia&parent=9305"}],"wp:term":[{"taxonomy":"category","embeddable":true,"href":"https:\/\/quehacerpolitico.mx\/index.php?rest_route=%2Fwp%2Fv2%2Fcategories&post=9305"},{"taxonomy":"post_tag","embeddable":true,"href":"https:\/\/quehacerpolitico.mx\/index.php?rest_route=%2Fwp%2Fv2%2Ftags&post=9305"}],"curies":[{"name":"wp","href":"https:\/\/api.w.org\/{rel}","templated":true}]}}