{"id":93015,"date":"2022-06-17T15:55:22","date_gmt":"2022-06-17T15:55:22","guid":{"rendered":"https:\/\/quehacerpolitico.mx\/?p=93015"},"modified":"2022-06-17T15:55:25","modified_gmt":"2022-06-17T15:55:25","slug":"lopez-obrador-propondra-que-empresarios-participen-en-reunion-con-biden","status":"publish","type":"post","link":"https:\/\/quehacerpolitico.mx\/?p=93015","title":{"rendered":"L\u00f3pez Obrador propondr\u00e1 que empresarios participen en reuni\u00f3n con Biden"},"content":{"rendered":"\n<p>Por Redacci\u00f3n QP<\/p>\n\n\n\n<p>El Mandatario de M\u00e9xico dijo que el encuentro fue planteado por empresarios en su reuni\u00f3n de ayer jueves con el Consejo Mexicano de Negocios<\/p>\n\n\n\n<p>El Presidente de M\u00e9xico, Andr\u00e9s Manuel L\u00f3pez Obrador, inform\u00f3 que en su pr\u00f3ximo encuentro con su hom\u00f3logo de Estados Unidos, Joe Biden, propondr\u00e1 que participen empresarios de ambos pa\u00edses.<\/p>\n\n\n\n<p>&#8220;<strong>Vamos a tratar asuntos con la cooperaci\u00f3n econ\u00f3mica, con el apoyo a los pa\u00edses de Centroam\u00e9rica y el flujo migratorio<\/strong>, me importa mucho hablar de las visas temporales de trabajo&#8221;, dijo L\u00f3pez Obrador sobre su pr\u00f3xima reuni\u00f3n con Biden.<\/p>\n\n\n\n<figure class=\"wp-block-embed is-type-video is-provider-youtube wp-block-embed-youtube wp-embed-aspect-16-9 wp-has-aspect-ratio\"><div class=\"wp-block-embed__wrapper\">\n<iframe loading=\"lazy\" title=\"Propondr\u00e1 AMLO que participen empresarios en su encuentro con Joe Biden\" width=\"640\" height=\"360\" src=\"https:\/\/www.youtube.com\/embed\/ynwjFZ8S6Is?feature=oembed\" frameborder=\"0\" allow=\"accelerometer; autoplay; clipboard-write; encrypted-media; gyroscope; picture-in-picture; web-share\" referrerpolicy=\"strict-origin-when-cross-origin\" allowfullscreen><\/iframe>\n<\/div><\/figure>\n\n\n\n<p>Durante la &#8220;ma\u00f1anera&#8221; de hoy, el Mandatario mexicano dijo que el encuentro fue planteado por empresarios en su reuni\u00f3n de ayer jueves con el Consejo Mexicano de Negocios.<\/p>\n\n\n\n<p>Sin precisar fecha, L\u00f3pez Obrador detall\u00f3 que seguramente su encuentro con el presidente Biden en Washington ser\u00e1 a partir del 15 de julio.<\/p>\n\n\n\n<h4 class=\"wp-block-heading\">Enfrentar la inflaci\u00f3n<\/h4>\n\n\n\n<p>Luego de que el presidente de Estados Unidos, Joe Biden coment\u00f3 que un escenario de recesi\u00f3n &#8220;no es inevitable&#8221;, L\u00f3pez Obrador asegur\u00f3 que la f\u00f3rmula para enfrentarla es producir lo que consumimos y continuar con la pol\u00edtica de subsidiarios a los combustibles.<\/p>\n\n\n\n<p>&#8220;<strong>En M\u00e9xico estamos haciendo lo que consideramos ayuda para enfrentar el problema de la inflaci\u00f3n mundial<\/strong>. Lo principal es producir, no puede enfrentarse ning\u00fan problema econ\u00f3mico, ninguna crisis si no se tiene una actividad productiva fuerte&#8221;.<\/p>\n\n\n\n<p>Con informaci\u00f3n de SUN<\/p>\n","protected":false},"excerpt":{"rendered":"<p>Por Redacci\u00f3n QP El Mandatario de M\u00e9xico dijo que el encuentro fue planteado por empresarios&#8230;<\/p>\n","protected":false},"author":2,"featured_media":93016,"comment_status":"open","ping_status":"open","sticky":false,"template":"","format":"standard","meta":{"_monsterinsights_skip_tracking":false,"_monsterinsights_sitenote_active":false,"_monsterinsights_sitenote_note":"","_monsterinsights_sitenote_category":0,"footnotes":""},"categories":[2],"tags":[],"class_list":["post-93015","post","type-post","status-publish","format-standard","has-post-thumbnail","hentry","category-noticias"],"yoast_head":"<!-- This site is optimized with the Yoast SEO plugin v27.3 - https:\/\/yoast.com\/product\/yoast-seo-wordpress\/ -->\n<title>L\u00f3pez Obrador propondr\u00e1 que empresarios participen en reuni\u00f3n con Biden -<\/title>\n<meta name=\"robots\" content=\"index, follow, max-snippet:-1, max-image-preview:large, max-video-preview:-1\" \/>\n<link rel=\"canonical\" href=\"https:\/\/quehacerpolitico.mx\/?p=93015\" \/>\n<meta property=\"og:locale\" content=\"es_MX\" \/>\n<meta property=\"og:type\" content=\"article\" \/>\n<meta property=\"og:title\" content=\"L\u00f3pez Obrador propondr\u00e1 que empresarios participen en reuni\u00f3n con Biden -\" \/>\n<meta property=\"og:description\" content=\"Por Redacci\u00f3n QP El Mandatario de M\u00e9xico dijo que el encuentro fue planteado por empresarios...\" \/>\n<meta property=\"og:url\" content=\"https:\/\/quehacerpolitico.mx\/?p=93015\" \/>\n<meta property=\"article:published_time\" content=\"2022-06-17T15:55:22+00:00\" \/>\n<meta property=\"article:modified_time\" content=\"2022-06-17T15:55:25+00:00\" \/>\n<meta property=\"og:image\" content=\"https:\/\/quehacerpolitico.mx\/wp-content\/uploads\/2022\/06\/F2FB1BE2-81FE-47FF-B201-C22A9668D11C.jpeg\" \/>\n\t<meta property=\"og:image:width\" content=\"945\" \/>\n\t<meta property=\"og:image:height\" content=\"710\" \/>\n\t<meta property=\"og:image:type\" content=\"image\/jpeg\" \/>\n<meta name=\"author\" content=\"Redacci\u00f3n QP\" \/>\n<meta name=\"twitter:card\" content=\"summary_large_image\" \/>\n<meta name=\"twitter:label1\" content=\"Escrito por\" \/>\n\t<meta name=\"twitter:data1\" content=\"Redacci\u00f3n QP\" \/>\n\t<meta name=\"twitter:label2\" content=\"Tiempo de lectura\" \/>\n\t<meta name=\"twitter:data2\" content=\"1 minuto\" \/>\n<script type=\"application\/ld+json\" class=\"yoast-schema-graph\">{\"@context\":\"https:\\\/\\\/schema.org\",\"@graph\":[{\"@type\":\"Article\",\"@id\":\"https:\\\/\\\/quehacerpolitico.mx\\\/?p=93015#article\",\"isPartOf\":{\"@id\":\"https:\\\/\\\/quehacerpolitico.mx\\\/?p=93015\"},\"author\":{\"name\":\"Redacci\u00f3n QP\",\"@id\":\"https:\\\/\\\/quehacerpolitico.mx\\\/#\\\/schema\\\/person\\\/496d8ad2d1d3f8036101dca7ee39e585\"},\"headline\":\"L\u00f3pez Obrador propondr\u00e1 que empresarios participen en reuni\u00f3n con Biden\",\"datePublished\":\"2022-06-17T15:55:22+00:00\",\"dateModified\":\"2022-06-17T15:55:25+00:00\",\"mainEntityOfPage\":{\"@id\":\"https:\\\/\\\/quehacerpolitico.mx\\\/?p=93015\"},\"wordCount\":277,\"commentCount\":0,\"image\":{\"@id\":\"https:\\\/\\\/quehacerpolitico.mx\\\/?p=93015#primaryimage\"},\"thumbnailUrl\":\"https:\\\/\\\/quehacerpolitico.mx\\\/wp-content\\\/uploads\\\/2022\\\/06\\\/F2FB1BE2-81FE-47FF-B201-C22A9668D11C.jpeg\",\"articleSection\":[\"Noticias\"],\"inLanguage\":\"es\",\"potentialAction\":[{\"@type\":\"CommentAction\",\"name\":\"Comment\",\"target\":[\"https:\\\/\\\/quehacerpolitico.mx\\\/?p=93015#respond\"]}]},{\"@type\":\"WebPage\",\"@id\":\"https:\\\/\\\/quehacerpolitico.mx\\\/?p=93015\",\"url\":\"https:\\\/\\\/quehacerpolitico.mx\\\/?p=93015\",\"name\":\"L\u00f3pez Obrador propondr\u00e1 que empresarios participen en reuni\u00f3n con Biden -\",\"isPartOf\":{\"@id\":\"https:\\\/\\\/quehacerpolitico.mx\\\/#website\"},\"primaryImageOfPage\":{\"@id\":\"https:\\\/\\\/quehacerpolitico.mx\\\/?p=93015#primaryimage\"},\"image\":{\"@id\":\"https:\\\/\\\/quehacerpolitico.mx\\\/?p=93015#primaryimage\"},\"thumbnailUrl\":\"https:\\\/\\\/quehacerpolitico.mx\\\/wp-content\\\/uploads\\\/2022\\\/06\\\/F2FB1BE2-81FE-47FF-B201-C22A9668D11C.jpeg\",\"datePublished\":\"2022-06-17T15:55:22+00:00\",\"dateModified\":\"2022-06-17T15:55:25+00:00\",\"author\":{\"@id\":\"https:\\\/\\\/quehacerpolitico.mx\\\/#\\\/schema\\\/person\\\/496d8ad2d1d3f8036101dca7ee39e585\"},\"breadcrumb\":{\"@id\":\"https:\\\/\\\/quehacerpolitico.mx\\\/?p=93015#breadcrumb\"},\"inLanguage\":\"es\",\"potentialAction\":[{\"@type\":\"ReadAction\",\"target\":[\"https:\\\/\\\/quehacerpolitico.mx\\\/?p=93015\"]}]},{\"@type\":\"ImageObject\",\"inLanguage\":\"es\",\"@id\":\"https:\\\/\\\/quehacerpolitico.mx\\\/?p=93015#primaryimage\",\"url\":\"https:\\\/\\\/quehacerpolitico.mx\\\/wp-content\\\/uploads\\\/2022\\\/06\\\/F2FB1BE2-81FE-47FF-B201-C22A9668D11C.jpeg\",\"contentUrl\":\"https:\\\/\\\/quehacerpolitico.mx\\\/wp-content\\\/uploads\\\/2022\\\/06\\\/F2FB1BE2-81FE-47FF-B201-C22A9668D11C.jpeg\",\"width\":945,\"height\":710},{\"@type\":\"BreadcrumbList\",\"@id\":\"https:\\\/\\\/quehacerpolitico.mx\\\/?p=93015#breadcrumb\",\"itemListElement\":[{\"@type\":\"ListItem\",\"position\":1,\"name\":\"Inicio\",\"item\":\"https:\\\/\\\/quehacerpolitico.mx\\\/\"},{\"@type\":\"ListItem\",\"position\":2,\"name\":\"L\u00f3pez Obrador propondr\u00e1 que empresarios participen en reuni\u00f3n con Biden\"}]},{\"@type\":\"WebSite\",\"@id\":\"https:\\\/\\\/quehacerpolitico.mx\\\/#website\",\"url\":\"https:\\\/\\\/quehacerpolitico.mx\\\/\",\"name\":\"\",\"description\":\"\",\"potentialAction\":[{\"@type\":\"SearchAction\",\"target\":{\"@type\":\"EntryPoint\",\"urlTemplate\":\"https:\\\/\\\/quehacerpolitico.mx\\\/?s={search_term_string}\"},\"query-input\":{\"@type\":\"PropertyValueSpecification\",\"valueRequired\":true,\"valueName\":\"search_term_string\"}}],\"inLanguage\":\"es\"},{\"@type\":\"Person\",\"@id\":\"https:\\\/\\\/quehacerpolitico.mx\\\/#\\\/schema\\\/person\\\/496d8ad2d1d3f8036101dca7ee39e585\",\"name\":\"Redacci\u00f3n QP\",\"image\":{\"@type\":\"ImageObject\",\"inLanguage\":\"es\",\"@id\":\"https:\\\/\\\/secure.gravatar.com\\\/avatar\\\/c7164ed6fdec453195284ad24a5ae5b6e1eed2b848477fa2a4787ba9adf39a41?s=96&d=mm&r=g\",\"url\":\"https:\\\/\\\/secure.gravatar.com\\\/avatar\\\/c7164ed6fdec453195284ad24a5ae5b6e1eed2b848477fa2a4787ba9adf39a41?s=96&d=mm&r=g\",\"contentUrl\":\"https:\\\/\\\/secure.gravatar.com\\\/avatar\\\/c7164ed6fdec453195284ad24a5ae5b6e1eed2b848477fa2a4787ba9adf39a41?s=96&d=mm&r=g\",\"caption\":\"Redacci\u00f3n QP\"},\"url\":\"https:\\\/\\\/quehacerpolitico.mx\\\/?author=2\"}]}<\/script>\n<!-- \/ Yoast SEO plugin. -->","yoast_head_json":{"title":"L\u00f3pez Obrador propondr\u00e1 que empresarios participen en reuni\u00f3n con Biden -","robots":{"index":"index","follow":"follow","max-snippet":"max-snippet:-1","max-image-preview":"max-image-preview:large","max-video-preview":"max-video-preview:-1"},"canonical":"https:\/\/quehacerpolitico.mx\/?p=93015","og_locale":"es_MX","og_type":"article","og_title":"L\u00f3pez Obrador propondr\u00e1 que empresarios participen en reuni\u00f3n con Biden -","og_description":"Por Redacci\u00f3n QP El Mandatario de M\u00e9xico dijo que el encuentro fue planteado por empresarios...","og_url":"https:\/\/quehacerpolitico.mx\/?p=93015","article_published_time":"2022-06-17T15:55:22+00:00","article_modified_time":"2022-06-17T15:55:25+00:00","og_image":[{"width":945,"height":710,"url":"https:\/\/quehacerpolitico.mx\/wp-content\/uploads\/2022\/06\/F2FB1BE2-81FE-47FF-B201-C22A9668D11C.jpeg","type":"image\/jpeg"}],"author":"Redacci\u00f3n QP","twitter_card":"summary_large_image","twitter_misc":{"Escrito por":"Redacci\u00f3n QP","Tiempo de lectura":"1 minuto"},"schema":{"@context":"https:\/\/schema.org","@graph":[{"@type":"Article","@id":"https:\/\/quehacerpolitico.mx\/?p=93015#article","isPartOf":{"@id":"https:\/\/quehacerpolitico.mx\/?p=93015"},"author":{"name":"Redacci\u00f3n QP","@id":"https:\/\/quehacerpolitico.mx\/#\/schema\/person\/496d8ad2d1d3f8036101dca7ee39e585"},"headline":"L\u00f3pez Obrador propondr\u00e1 que empresarios participen en reuni\u00f3n con Biden","datePublished":"2022-06-17T15:55:22+00:00","dateModified":"2022-06-17T15:55:25+00:00","mainEntityOfPage":{"@id":"https:\/\/quehacerpolitico.mx\/?p=93015"},"wordCount":277,"commentCount":0,"image":{"@id":"https:\/\/quehacerpolitico.mx\/?p=93015#primaryimage"},"thumbnailUrl":"https:\/\/quehacerpolitico.mx\/wp-content\/uploads\/2022\/06\/F2FB1BE2-81FE-47FF-B201-C22A9668D11C.jpeg","articleSection":["Noticias"],"inLanguage":"es","potentialAction":[{"@type":"CommentAction","name":"Comment","target":["https:\/\/quehacerpolitico.mx\/?p=93015#respond"]}]},{"@type":"WebPage","@id":"https:\/\/quehacerpolitico.mx\/?p=93015","url":"https:\/\/quehacerpolitico.mx\/?p=93015","name":"L\u00f3pez Obrador propondr\u00e1 que empresarios participen en reuni\u00f3n con Biden -","isPartOf":{"@id":"https:\/\/quehacerpolitico.mx\/#website"},"primaryImageOfPage":{"@id":"https:\/\/quehacerpolitico.mx\/?p=93015#primaryimage"},"image":{"@id":"https:\/\/quehacerpolitico.mx\/?p=93015#primaryimage"},"thumbnailUrl":"https:\/\/quehacerpolitico.mx\/wp-content\/uploads\/2022\/06\/F2FB1BE2-81FE-47FF-B201-C22A9668D11C.jpeg","datePublished":"2022-06-17T15:55:22+00:00","dateModified":"2022-06-17T15:55:25+00:00","author":{"@id":"https:\/\/quehacerpolitico.mx\/#\/schema\/person\/496d8ad2d1d3f8036101dca7ee39e585"},"breadcrumb":{"@id":"https:\/\/quehacerpolitico.mx\/?p=93015#breadcrumb"},"inLanguage":"es","potentialAction":[{"@type":"ReadAction","target":["https:\/\/quehacerpolitico.mx\/?p=93015"]}]},{"@type":"ImageObject","inLanguage":"es","@id":"https:\/\/quehacerpolitico.mx\/?p=93015#primaryimage","url":"https:\/\/quehacerpolitico.mx\/wp-content\/uploads\/2022\/06\/F2FB1BE2-81FE-47FF-B201-C22A9668D11C.jpeg","contentUrl":"https:\/\/quehacerpolitico.mx\/wp-content\/uploads\/2022\/06\/F2FB1BE2-81FE-47FF-B201-C22A9668D11C.jpeg","width":945,"height":710},{"@type":"BreadcrumbList","@id":"https:\/\/quehacerpolitico.mx\/?p=93015#breadcrumb","itemListElement":[{"@type":"ListItem","position":1,"name":"Inicio","item":"https:\/\/quehacerpolitico.mx\/"},{"@type":"ListItem","position":2,"name":"L\u00f3pez Obrador propondr\u00e1 que empresarios participen en reuni\u00f3n con Biden"}]},{"@type":"WebSite","@id":"https:\/\/quehacerpolitico.mx\/#website","url":"https:\/\/quehacerpolitico.mx\/","name":"","description":"","potentialAction":[{"@type":"SearchAction","target":{"@type":"EntryPoint","urlTemplate":"https:\/\/quehacerpolitico.mx\/?s={search_term_string}"},"query-input":{"@type":"PropertyValueSpecification","valueRequired":true,"valueName":"search_term_string"}}],"inLanguage":"es"},{"@type":"Person","@id":"https:\/\/quehacerpolitico.mx\/#\/schema\/person\/496d8ad2d1d3f8036101dca7ee39e585","name":"Redacci\u00f3n QP","image":{"@type":"ImageObject","inLanguage":"es","@id":"https:\/\/secure.gravatar.com\/avatar\/c7164ed6fdec453195284ad24a5ae5b6e1eed2b848477fa2a4787ba9adf39a41?s=96&d=mm&r=g","url":"https:\/\/secure.gravatar.com\/avatar\/c7164ed6fdec453195284ad24a5ae5b6e1eed2b848477fa2a4787ba9adf39a41?s=96&d=mm&r=g","contentUrl":"https:\/\/secure.gravatar.com\/avatar\/c7164ed6fdec453195284ad24a5ae5b6e1eed2b848477fa2a4787ba9adf39a41?s=96&d=mm&r=g","caption":"Redacci\u00f3n QP"},"url":"https:\/\/quehacerpolitico.mx\/?author=2"}]}},"featured_image_urls":{"full":["https:\/\/quehacerpolitico.mx\/wp-content\/uploads\/2022\/06\/F2FB1BE2-81FE-47FF-B201-C22A9668D11C.jpeg",945,710,false],"thumbnail":["https:\/\/quehacerpolitico.mx\/wp-content\/uploads\/2022\/06\/F2FB1BE2-81FE-47FF-B201-C22A9668D11C-150x150.jpeg",150,150,true],"medium":["https:\/\/quehacerpolitico.mx\/wp-content\/uploads\/2022\/06\/F2FB1BE2-81FE-47FF-B201-C22A9668D11C-300x225.jpeg",300,225,true],"medium_large":["https:\/\/quehacerpolitico.mx\/wp-content\/uploads\/2022\/06\/F2FB1BE2-81FE-47FF-B201-C22A9668D11C-768x577.jpeg",640,481,true],"large":["https:\/\/quehacerpolitico.mx\/wp-content\/uploads\/2022\/06\/F2FB1BE2-81FE-47FF-B201-C22A9668D11C.jpeg",640,481,false],"1536x1536":["https:\/\/quehacerpolitico.mx\/wp-content\/uploads\/2022\/06\/F2FB1BE2-81FE-47FF-B201-C22A9668D11C.jpeg",945,710,false],"2048x2048":["https:\/\/quehacerpolitico.mx\/wp-content\/uploads\/2022\/06\/F2FB1BE2-81FE-47FF-B201-C22A9668D11C.jpeg",945,710,false],"covernews-featured":["https:\/\/quehacerpolitico.mx\/wp-content\/uploads\/2022\/06\/F2FB1BE2-81FE-47FF-B201-C22A9668D11C.jpeg",945,710,false],"covernews-medium":["https:\/\/quehacerpolitico.mx\/wp-content\/uploads\/2022\/06\/F2FB1BE2-81FE-47FF-B201-C22A9668D11C.jpeg",453,340,false]},"author_info":{"display_name":"Redacci\u00f3n QP","author_link":"https:\/\/quehacerpolitico.mx\/?author=2"},"category_info":"<a href=\"https:\/\/quehacerpolitico.mx\/?cat=2\" rel=\"category\">Noticias<\/a>","tag_info":"Noticias","comment_count":"0","_links":{"self":[{"href":"https:\/\/quehacerpolitico.mx\/index.php?rest_route=\/wp\/v2\/posts\/93015","targetHints":{"allow":["GET"]}}],"collection":[{"href":"https:\/\/quehacerpolitico.mx\/index.php?rest_route=\/wp\/v2\/posts"}],"about":[{"href":"https:\/\/quehacerpolitico.mx\/index.php?rest_route=\/wp\/v2\/types\/post"}],"author":[{"embeddable":true,"href":"https:\/\/quehacerpolitico.mx\/index.php?rest_route=\/wp\/v2\/users\/2"}],"replies":[{"embeddable":true,"href":"https:\/\/quehacerpolitico.mx\/index.php?rest_route=%2Fwp%2Fv2%2Fcomments&post=93015"}],"version-history":[{"count":1,"href":"https:\/\/quehacerpolitico.mx\/index.php?rest_route=\/wp\/v2\/posts\/93015\/revisions"}],"predecessor-version":[{"id":93017,"href":"https:\/\/quehacerpolitico.mx\/index.php?rest_route=\/wp\/v2\/posts\/93015\/revisions\/93017"}],"wp:featuredmedia":[{"embeddable":true,"href":"https:\/\/quehacerpolitico.mx\/index.php?rest_route=\/wp\/v2\/media\/93016"}],"wp:attachment":[{"href":"https:\/\/quehacerpolitico.mx\/index.php?rest_route=%2Fwp%2Fv2%2Fmedia&parent=93015"}],"wp:term":[{"taxonomy":"category","embeddable":true,"href":"https:\/\/quehacerpolitico.mx\/index.php?rest_route=%2Fwp%2Fv2%2Fcategories&post=93015"},{"taxonomy":"post_tag","embeddable":true,"href":"https:\/\/quehacerpolitico.mx\/index.php?rest_route=%2Fwp%2Fv2%2Ftags&post=93015"}],"curies":[{"name":"wp","href":"https:\/\/api.w.org\/{rel}","templated":true}]}}