{"id":93012,"date":"2022-06-17T15:43:36","date_gmt":"2022-06-17T15:43:36","guid":{"rendered":"https:\/\/quehacerpolitico.mx\/?p=93012"},"modified":"2022-06-17T15:43:40","modified_gmt":"2022-06-17T15:43:40","slug":"la-mejor-recomendacion-de-peliculas-padre-e-hijo-para-ver-este-dia-del-padre","status":"publish","type":"post","link":"https:\/\/quehacerpolitico.mx\/?p=93012","title":{"rendered":"La mejor recomendaci\u00f3n de pel\u00edculas padre e hijo para ver este d\u00eda del padre"},"content":{"rendered":"\n<p>Por Redacci\u00f3n QP<\/p>\n\n\n\n<p>Se acerca el D\u00eda de Padre para festejar, por eso te dejamos 10 pel\u00edculas para que puedas ver en familia y disfrutar de todas estas diferentes historias<\/p>\n\n\n\n<p>Como todos los a\u00f1os el tercer domingo del<strong>\u00a0mes de junio<\/strong>\u00a0en M\u00e9xico\u00a0se celebra el d\u00eda del padre fecha la cual pasamos el d\u00eda a su lado para agradecer todo lo que hacen por nosotros, la relaci\u00f3n que tenemos con ellos y que siempre dan lo mejor para que estemos bien.\u00a0<\/p>\n\n\n\n<p>Existen variedad de regalos para darle a pap\u00e1 en su d\u00eda, en caso de no tener idea alguna de que puedas regalarle, una tarde de pel\u00edculas con palomitas, botana y su bebida favorita es una buena opci\u00f3n.<\/p>\n\n\n\n<p>Tambi\u00e9n en el mundo del cine\u00a0<strong>existen pel\u00edculas que cuentan historias sobre la relaci\u00f3n entre padre e hijo, ya sean tr\u00e1gicas, protecci\u00f3n, amor, complicadas, entre otras, y que muchas veces nos relacionamos con ellas.<\/strong><\/p>\n\n\n\n<p>A continuaci\u00f3n te dejamos 10 pel\u00edculas para ver el D\u00eda del Padre:\u00a0<\/p>\n\n\n\n<h2 class=\"wp-block-heading\">En Busca de la Felicidad<\/h2>\n\n\n\n<p>Esta pel\u00edcula es un gran ejemplo de la relaci\u00f3n entre un padre e hijo, Will Smith narra la vida de Chris Gardner, quien busca salir adelante junto al peque\u00f1o de cinco a\u00f1os Christopher, quien es interpretado por Jaden Smith, hijo del actor, por lo que eso hace m\u00e1s especial esta pel\u00edcula.<\/p>\n\n\n\n<p>Chris busca trabajo por todas partes para darle una mejor vida a su ni\u00f1o y durante todo ese tiempo, ambos se apoyan mutuamente para sobrevivir y algo incre\u00edble el amor entre pap\u00e1 e hijo.<\/p>\n\n\n\n<figure class=\"wp-block-embed is-type-video is-provider-youtube wp-block-embed-youtube wp-embed-aspect-16-9 wp-has-aspect-ratio\"><div class=\"wp-block-embed__wrapper\">\n<iframe loading=\"lazy\" title=\"Resumen De En Busca De La Felicidad (The Pursuit of Happyness 2006) Resumida Para Botanear\" width=\"640\" height=\"360\" src=\"https:\/\/www.youtube.com\/embed\/rw8OzwyXzx4?feature=oembed\" frameborder=\"0\" allow=\"accelerometer; autoplay; clipboard-write; encrypted-media; gyroscope; picture-in-picture; web-share\" referrerpolicy=\"strict-origin-when-cross-origin\" allowfullscreen><\/iframe>\n<\/div><\/figure>\n\n\n\n<h2 class=\"wp-block-heading\">La vida es bella<\/h2>\n\n\n\n<p>Esta pel\u00edcula es muy tr\u00e1gica y a la vez tierna, Guido y su familia tienen que pasar el terrible momento de la Segunda Guerra Mundial.&nbsp;<\/p>\n\n\n\n<p>Guido y su peque\u00f1o se encuentran en una c\u00e1rcel luego de ser detenidos por lo nazis y para que su hijo no viva con un recuerdo tan aterrador, durante ese tiempo le crea una historia de fantas\u00eda.<\/p>\n\n\n\n<figure class=\"wp-block-embed is-type-video is-provider-youtube wp-block-embed-youtube wp-embed-aspect-16-9 wp-has-aspect-ratio\"><div class=\"wp-block-embed__wrapper\">\n<iframe loading=\"lazy\" title=\"LA VIDA ES BELLA: Resumen\" width=\"640\" height=\"360\" src=\"https:\/\/www.youtube.com\/embed\/LwhXNOk75Zo?feature=oembed\" frameborder=\"0\" allow=\"accelerometer; autoplay; clipboard-write; encrypted-media; gyroscope; picture-in-picture; web-share\" referrerpolicy=\"strict-origin-when-cross-origin\" allowfullscreen><\/iframe>\n<\/div><\/figure>\n\n\n\n<h2 class=\"wp-block-heading\">Billy Elliot&nbsp;<\/h2>\n\n\n\n<p>Una historia distinta a las dem\u00e1s, pero que muchas veces en la vida real ocurre. Billy un ni\u00f1o de tan solo 11 a\u00f1os vive con su hermano y con su padre que es viudo, ambos son mineros.<\/p>\n\n\n\n<p>Billy asiste a clases de boxeo para que en futuro no tenga que sufrir, pero su sue\u00f1o es otro, pues le agrada el ballet, por lo que todo comienza a salirse un poco de control.&nbsp;<\/p>\n\n\n\n<p>Esta historia deja ver como la relaci\u00f3n entre padre e hijo es complicada por el sue\u00f1o del ni\u00f1o.<\/p>\n\n\n\n<figure class=\"wp-block-embed is-type-video is-provider-youtube wp-block-embed-youtube wp-embed-aspect-16-9 wp-has-aspect-ratio\"><div class=\"wp-block-embed__wrapper\">\n<iframe loading=\"lazy\" title=\"Cine - Billy Elliot - Trailer oficial v\u00eda Joinnus.com\" width=\"640\" height=\"360\" src=\"https:\/\/www.youtube.com\/embed\/F0HDWfw4bh0?feature=oembed\" frameborder=\"0\" allow=\"accelerometer; autoplay; clipboard-write; encrypted-media; gyroscope; picture-in-picture; web-share\" referrerpolicy=\"strict-origin-when-cross-origin\" allowfullscreen><\/iframe>\n<\/div><\/figure>\n\n\n\n<h2 class=\"wp-block-heading\">Buscando a Nemo<\/h2>\n\n\n\n<p>Buscando a Nemo, una de las pel\u00edculas sobre el amor que le tiene un padre a su hijo.&nbsp;<\/p>\n\n\n\n<p>Marlin tiene que viajar miles de kil\u00f3metros en el oc\u00e9ano para encontrar a su \u00fanico hijo, Nemo, luego que un buzo se lo captur\u00f3,<\/p>\n\n\n\n<p>Adem\u00e1s se enfrenta a muchas complicaciones, pero deja en claro que no le importa lo que tenga que sufrir, pues quiere estar de vuelta con su peque\u00f1o.<\/p>\n\n\n\n<figure class=\"wp-block-embed is-type-video is-provider-youtube wp-block-embed-youtube wp-embed-aspect-16-9 wp-has-aspect-ratio\"><div class=\"wp-block-embed__wrapper\">\n<iframe loading=\"lazy\" title=\"Finding Nemo 3D Trailer\" width=\"640\" height=\"360\" src=\"https:\/\/www.youtube.com\/embed\/SPHfeNgogVs?feature=oembed\" frameborder=\"0\" allow=\"accelerometer; autoplay; clipboard-write; encrypted-media; gyroscope; picture-in-picture; web-share\" referrerpolicy=\"strict-origin-when-cross-origin\" allowfullscreen><\/iframe>\n<\/div><\/figure>\n\n\n\n<h2 class=\"wp-block-heading\">Nosotros los nobles<\/h2>\n\n\n\n<p>La pel\u00edcula mexicana, &#8220;Nosotros los nobles&#8221;, es una historia diferente a otros, en esta ocasi\u00f3n el padre German Noble busca darles una lecci\u00f3n a sus tres hijos Javier, B\u00e1rbara y Charlie, quienes se gastan el dinero de su padre.&nbsp;<\/p>\n\n\n\n<p>Tras todo esto, German no puede m\u00e1s al ver c\u00f3mo su vida va hacia el fondo y les da una gran lecci\u00f3n dej\u00e1ndolos sin un peso, por lo que tienen que comenzar a trabajar para que comiencen a valorar lo que ganarse la vida a base de esfuerzo y trabajo.<\/p>\n\n\n\n<figure class=\"wp-block-embed is-type-video is-provider-youtube wp-block-embed-youtube wp-embed-aspect-16-9 wp-has-aspect-ratio\"><div class=\"wp-block-embed__wrapper\">\nhttps:\/\/youtu.be\/ChlQQb49Xf0\n<\/div><\/figure>\n\n\n\n<h2 class=\"wp-block-heading\">L\u00ednea de Fuego<\/h2>\n\n\n\n<p>No pod\u00eda faltar la pel\u00edcula de acci\u00f3n, la historia de Phil Broker, un ex polic\u00eda viudo que se muda a un peque\u00f1o pueblo&nbsp; junto con su peque\u00f1a hija Maddy, para as\u00ed comenzar una nueva vida tras la muerte de su madre.&nbsp;<\/p>\n\n\n\n<p>Sin embargo, en ese pueblo se esconde un trasfondo de violencia y drogas, por lo que corre peligro la vida de su peque\u00f1a y tiene que volver a mostrar sus habilidades de polic\u00eda para salvarla.<\/p>\n\n\n\n<figure class=\"wp-block-embed is-type-video is-provider-youtube wp-block-embed-youtube wp-embed-aspect-16-9 wp-has-aspect-ratio\"><div class=\"wp-block-embed__wrapper\">\nhttps:\/\/youtu.be\/9vrG0HR117E\n<\/div><\/figure>\n\n\n\n<h2 class=\"wp-block-heading\">Yo soy Sam<\/h2>\n\n\n\n<p>Una pel\u00edcula emotiva por la historia que cuenta,&nbsp; Sam Dawson tiene una discapacidad intelectual por lo que el Estado quiere alejar a su hija de \u00e9l, ya que consideran que no tiene la capacidad de hacerse cargo.&nbsp;<\/p>\n\n\n\n<p>Tras todo esto, la abogada Rita Harrison ser\u00e1 quien se haga cargo de ayudarle, en un principio no muestra inter\u00e9s en ayudarlo, pero con el paso del tiempo que lo va conociendo se da cuenta del amor que le tiene Sam a su hija.<\/p>\n\n\n\n<figure class=\"wp-block-embed is-type-video is-provider-youtube wp-block-embed-youtube wp-embed-aspect-4-3 wp-has-aspect-ratio\"><div class=\"wp-block-embed__wrapper\">\n<iframe loading=\"lazy\" title=\"Yo Soy Sam - Trailer Espa\u00f1ol HD\" width=\"640\" height=\"480\" src=\"https:\/\/www.youtube.com\/embed\/jxfOB3iiHZc?feature=oembed\" frameborder=\"0\" allow=\"accelerometer; autoplay; clipboard-write; encrypted-media; gyroscope; picture-in-picture; web-share\" referrerpolicy=\"strict-origin-when-cross-origin\" allowfullscreen><\/iframe>\n<\/div><\/figure>\n\n\n\n<h2 class=\"wp-block-heading\">Un pap\u00e1 genial<\/h2>\n\n\n\n<p>Adam Sandler te har\u00e1 re\u00edr y a la vez llorar con esta historia,\u00a0 Sonny Koufaxes un hombre inmaduro en su vida, pero cambiar\u00e1 en un instante, pues tendr\u00e1 que hacer se cargo del peque\u00f1o Julian de cinco a\u00f1os y que como pasa el tiempo le va tomando cari\u00f1o como si fuera su hijo.<\/p>\n\n\n\n<figure class=\"wp-block-embed is-type-video is-provider-youtube wp-block-embed-youtube wp-embed-aspect-16-9 wp-has-aspect-ratio\"><div class=\"wp-block-embed__wrapper\">\n<iframe loading=\"lazy\" title=\"Un Pap\u00e1 Genial (Trailer espa\u00f1ol)\" width=\"640\" height=\"360\" src=\"https:\/\/www.youtube.com\/embed\/nUIb7nEl4Zo?feature=oembed\" frameborder=\"0\" allow=\"accelerometer; autoplay; clipboard-write; encrypted-media; gyroscope; picture-in-picture; web-share\" referrerpolicy=\"strict-origin-when-cross-origin\" allowfullscreen><\/iframe>\n<\/div><\/figure>\n\n\n\n<h2 class=\"wp-block-heading\">Chef a Domicilio&nbsp;<\/h2>\n\n\n\n<p>Una historia dentro del mundo de la cocina, Casper es un chef que ama demasiado la comida que incluso le gusta hacer todo a la perfecci\u00f3n, sin embargo no lleva una muy buena relaci\u00f3n con su hijo Percy, esto tras separarse de su pareja.&nbsp;<\/p>\n\n\n\n<p>Padre e hijo comienzan una aventura dentro de la cocina y poco a poco comienza a prender esa chispa de amor entre ambos.<\/p>\n\n\n\n<figure class=\"wp-block-embed is-type-video is-provider-youtube wp-block-embed-youtube wp-embed-aspect-16-9 wp-has-aspect-ratio\"><div class=\"wp-block-embed__wrapper\">\nhttps:\/\/youtu.be\/9rCr1gw_g_k\n<\/div><\/figure>\n\n\n\n<h2 class=\"wp-block-heading\">Big Fish&nbsp;<\/h2>\n\n\n\n<p>La historia de esta pel\u00edcula es muy triste, William Bloom (Billy Crudup) no lleva una muy buena relaci\u00f3n con su padre, sin embargo llega una mala noticia para \u00e9l, pues quien le dio la vida padece una enfermedad terminal, por lo que regresa a cuidarlo mientras que le cuenta historias de su juventud.<\/p>\n\n\n\n<figure class=\"wp-block-embed is-type-video is-provider-youtube wp-block-embed-youtube wp-embed-aspect-16-9 wp-has-aspect-ratio\"><div class=\"wp-block-embed__wrapper\">\n<iframe loading=\"lazy\" title=\"El gran pez - Trailer Espa\u00f1ol\" width=\"640\" height=\"360\" src=\"https:\/\/www.youtube.com\/embed\/JZTE078OmZg?feature=oembed\" frameborder=\"0\" allow=\"accelerometer; autoplay; clipboard-write; encrypted-media; gyroscope; picture-in-picture; web-share\" referrerpolicy=\"strict-origin-when-cross-origin\" allowfullscreen><\/iframe>\n<\/div><\/figure>\n\n\n\n<p><br><\/p>\n","protected":false},"excerpt":{"rendered":"<p>Por Redacci\u00f3n QP Se acerca el D\u00eda de Padre para festejar, por eso te dejamos&#8230;<\/p>\n","protected":false},"author":2,"featured_media":93013,"comment_status":"open","ping_status":"open","sticky":false,"template":"","format":"standard","meta":{"_monsterinsights_skip_tracking":false,"_monsterinsights_sitenote_active":false,"_monsterinsights_sitenote_note":"","_monsterinsights_sitenote_category":0,"footnotes":""},"categories":[58],"tags":[],"class_list":["post-93012","post","type-post","status-publish","format-standard","has-post-thumbnail","hentry","category-cultura"],"yoast_head":"<!-- This site is optimized with the Yoast SEO plugin v27.3 - https:\/\/yoast.com\/product\/yoast-seo-wordpress\/ -->\n<title>La mejor recomendaci\u00f3n de pel\u00edculas padre e hijo para ver este d\u00eda del padre -<\/title>\n<meta name=\"robots\" content=\"index, follow, max-snippet:-1, max-image-preview:large, max-video-preview:-1\" \/>\n<link rel=\"canonical\" href=\"https:\/\/quehacerpolitico.mx\/?p=93012\" \/>\n<meta property=\"og:locale\" content=\"es_MX\" \/>\n<meta property=\"og:type\" content=\"article\" \/>\n<meta property=\"og:title\" content=\"La mejor recomendaci\u00f3n de pel\u00edculas padre e hijo para ver este d\u00eda del padre -\" \/>\n<meta property=\"og:description\" content=\"Por Redacci\u00f3n QP Se acerca el D\u00eda de Padre para festejar, por eso te dejamos...\" \/>\n<meta property=\"og:url\" content=\"https:\/\/quehacerpolitico.mx\/?p=93012\" \/>\n<meta property=\"article:published_time\" content=\"2022-06-17T15:43:36+00:00\" \/>\n<meta property=\"article:modified_time\" content=\"2022-06-17T15:43:40+00:00\" \/>\n<meta property=\"og:image\" content=\"https:\/\/quehacerpolitico.mx\/wp-content\/uploads\/2022\/06\/A152EA87-2545-4483-92CD-2A38483A4BBD.jpeg\" \/>\n\t<meta property=\"og:image:width\" content=\"731\" \/>\n\t<meta property=\"og:image:height\" content=\"419\" \/>\n\t<meta property=\"og:image:type\" content=\"image\/jpeg\" \/>\n<meta name=\"author\" content=\"Redacci\u00f3n QP\" \/>\n<meta name=\"twitter:card\" content=\"summary_large_image\" \/>\n<meta name=\"twitter:label1\" content=\"Escrito por\" \/>\n\t<meta name=\"twitter:data1\" content=\"Redacci\u00f3n QP\" \/>\n\t<meta name=\"twitter:label2\" content=\"Tiempo de lectura\" \/>\n\t<meta name=\"twitter:data2\" content=\"5 minutos\" \/>\n<script type=\"application\/ld+json\" class=\"yoast-schema-graph\">{\"@context\":\"https:\\\/\\\/schema.org\",\"@graph\":[{\"@type\":\"Article\",\"@id\":\"https:\\\/\\\/quehacerpolitico.mx\\\/?p=93012#article\",\"isPartOf\":{\"@id\":\"https:\\\/\\\/quehacerpolitico.mx\\\/?p=93012\"},\"author\":{\"name\":\"Redacci\u00f3n QP\",\"@id\":\"https:\\\/\\\/quehacerpolitico.mx\\\/#\\\/schema\\\/person\\\/496d8ad2d1d3f8036101dca7ee39e585\"},\"headline\":\"La mejor recomendaci\u00f3n de pel\u00edculas padre e hijo para ver este d\u00eda del padre\",\"datePublished\":\"2022-06-17T15:43:36+00:00\",\"dateModified\":\"2022-06-17T15:43:40+00:00\",\"mainEntityOfPage\":{\"@id\":\"https:\\\/\\\/quehacerpolitico.mx\\\/?p=93012\"},\"wordCount\":1072,\"commentCount\":0,\"image\":{\"@id\":\"https:\\\/\\\/quehacerpolitico.mx\\\/?p=93012#primaryimage\"},\"thumbnailUrl\":\"https:\\\/\\\/quehacerpolitico.mx\\\/wp-content\\\/uploads\\\/2022\\\/06\\\/A152EA87-2545-4483-92CD-2A38483A4BBD.jpeg\",\"articleSection\":[\"Cultura y Entretenimiento\"],\"inLanguage\":\"es\",\"potentialAction\":[{\"@type\":\"CommentAction\",\"name\":\"Comment\",\"target\":[\"https:\\\/\\\/quehacerpolitico.mx\\\/?p=93012#respond\"]}]},{\"@type\":\"WebPage\",\"@id\":\"https:\\\/\\\/quehacerpolitico.mx\\\/?p=93012\",\"url\":\"https:\\\/\\\/quehacerpolitico.mx\\\/?p=93012\",\"name\":\"La mejor recomendaci\u00f3n de pel\u00edculas padre e hijo para ver este d\u00eda del padre -\",\"isPartOf\":{\"@id\":\"https:\\\/\\\/quehacerpolitico.mx\\\/#website\"},\"primaryImageOfPage\":{\"@id\":\"https:\\\/\\\/quehacerpolitico.mx\\\/?p=93012#primaryimage\"},\"image\":{\"@id\":\"https:\\\/\\\/quehacerpolitico.mx\\\/?p=93012#primaryimage\"},\"thumbnailUrl\":\"https:\\\/\\\/quehacerpolitico.mx\\\/wp-content\\\/uploads\\\/2022\\\/06\\\/A152EA87-2545-4483-92CD-2A38483A4BBD.jpeg\",\"datePublished\":\"2022-06-17T15:43:36+00:00\",\"dateModified\":\"2022-06-17T15:43:40+00:00\",\"author\":{\"@id\":\"https:\\\/\\\/quehacerpolitico.mx\\\/#\\\/schema\\\/person\\\/496d8ad2d1d3f8036101dca7ee39e585\"},\"breadcrumb\":{\"@id\":\"https:\\\/\\\/quehacerpolitico.mx\\\/?p=93012#breadcrumb\"},\"inLanguage\":\"es\",\"potentialAction\":[{\"@type\":\"ReadAction\",\"target\":[\"https:\\\/\\\/quehacerpolitico.mx\\\/?p=93012\"]}]},{\"@type\":\"ImageObject\",\"inLanguage\":\"es\",\"@id\":\"https:\\\/\\\/quehacerpolitico.mx\\\/?p=93012#primaryimage\",\"url\":\"https:\\\/\\\/quehacerpolitico.mx\\\/wp-content\\\/uploads\\\/2022\\\/06\\\/A152EA87-2545-4483-92CD-2A38483A4BBD.jpeg\",\"contentUrl\":\"https:\\\/\\\/quehacerpolitico.mx\\\/wp-content\\\/uploads\\\/2022\\\/06\\\/A152EA87-2545-4483-92CD-2A38483A4BBD.jpeg\",\"width\":731,\"height\":419},{\"@type\":\"BreadcrumbList\",\"@id\":\"https:\\\/\\\/quehacerpolitico.mx\\\/?p=93012#breadcrumb\",\"itemListElement\":[{\"@type\":\"ListItem\",\"position\":1,\"name\":\"Inicio\",\"item\":\"https:\\\/\\\/quehacerpolitico.mx\\\/\"},{\"@type\":\"ListItem\",\"position\":2,\"name\":\"La mejor recomendaci\u00f3n de pel\u00edculas padre e hijo para ver este d\u00eda del padre\"}]},{\"@type\":\"WebSite\",\"@id\":\"https:\\\/\\\/quehacerpolitico.mx\\\/#website\",\"url\":\"https:\\\/\\\/quehacerpolitico.mx\\\/\",\"name\":\"\",\"description\":\"\",\"potentialAction\":[{\"@type\":\"SearchAction\",\"target\":{\"@type\":\"EntryPoint\",\"urlTemplate\":\"https:\\\/\\\/quehacerpolitico.mx\\\/?s={search_term_string}\"},\"query-input\":{\"@type\":\"PropertyValueSpecification\",\"valueRequired\":true,\"valueName\":\"search_term_string\"}}],\"inLanguage\":\"es\"},{\"@type\":\"Person\",\"@id\":\"https:\\\/\\\/quehacerpolitico.mx\\\/#\\\/schema\\\/person\\\/496d8ad2d1d3f8036101dca7ee39e585\",\"name\":\"Redacci\u00f3n QP\",\"image\":{\"@type\":\"ImageObject\",\"inLanguage\":\"es\",\"@id\":\"https:\\\/\\\/secure.gravatar.com\\\/avatar\\\/c7164ed6fdec453195284ad24a5ae5b6e1eed2b848477fa2a4787ba9adf39a41?s=96&d=mm&r=g\",\"url\":\"https:\\\/\\\/secure.gravatar.com\\\/avatar\\\/c7164ed6fdec453195284ad24a5ae5b6e1eed2b848477fa2a4787ba9adf39a41?s=96&d=mm&r=g\",\"contentUrl\":\"https:\\\/\\\/secure.gravatar.com\\\/avatar\\\/c7164ed6fdec453195284ad24a5ae5b6e1eed2b848477fa2a4787ba9adf39a41?s=96&d=mm&r=g\",\"caption\":\"Redacci\u00f3n QP\"},\"url\":\"https:\\\/\\\/quehacerpolitico.mx\\\/?author=2\"}]}<\/script>\n<!-- \/ Yoast SEO plugin. -->","yoast_head_json":{"title":"La mejor recomendaci\u00f3n de pel\u00edculas padre e hijo para ver este d\u00eda del padre -","robots":{"index":"index","follow":"follow","max-snippet":"max-snippet:-1","max-image-preview":"max-image-preview:large","max-video-preview":"max-video-preview:-1"},"canonical":"https:\/\/quehacerpolitico.mx\/?p=93012","og_locale":"es_MX","og_type":"article","og_title":"La mejor recomendaci\u00f3n de pel\u00edculas padre e hijo para ver este d\u00eda del padre -","og_description":"Por Redacci\u00f3n QP Se acerca el D\u00eda de Padre para festejar, por eso te dejamos...","og_url":"https:\/\/quehacerpolitico.mx\/?p=93012","article_published_time":"2022-06-17T15:43:36+00:00","article_modified_time":"2022-06-17T15:43:40+00:00","og_image":[{"width":731,"height":419,"url":"https:\/\/quehacerpolitico.mx\/wp-content\/uploads\/2022\/06\/A152EA87-2545-4483-92CD-2A38483A4BBD.jpeg","type":"image\/jpeg"}],"author":"Redacci\u00f3n QP","twitter_card":"summary_large_image","twitter_misc":{"Escrito por":"Redacci\u00f3n QP","Tiempo de lectura":"5 minutos"},"schema":{"@context":"https:\/\/schema.org","@graph":[{"@type":"Article","@id":"https:\/\/quehacerpolitico.mx\/?p=93012#article","isPartOf":{"@id":"https:\/\/quehacerpolitico.mx\/?p=93012"},"author":{"name":"Redacci\u00f3n QP","@id":"https:\/\/quehacerpolitico.mx\/#\/schema\/person\/496d8ad2d1d3f8036101dca7ee39e585"},"headline":"La mejor recomendaci\u00f3n de pel\u00edculas padre e hijo para ver este d\u00eda del padre","datePublished":"2022-06-17T15:43:36+00:00","dateModified":"2022-06-17T15:43:40+00:00","mainEntityOfPage":{"@id":"https:\/\/quehacerpolitico.mx\/?p=93012"},"wordCount":1072,"commentCount":0,"image":{"@id":"https:\/\/quehacerpolitico.mx\/?p=93012#primaryimage"},"thumbnailUrl":"https:\/\/quehacerpolitico.mx\/wp-content\/uploads\/2022\/06\/A152EA87-2545-4483-92CD-2A38483A4BBD.jpeg","articleSection":["Cultura y Entretenimiento"],"inLanguage":"es","potentialAction":[{"@type":"CommentAction","name":"Comment","target":["https:\/\/quehacerpolitico.mx\/?p=93012#respond"]}]},{"@type":"WebPage","@id":"https:\/\/quehacerpolitico.mx\/?p=93012","url":"https:\/\/quehacerpolitico.mx\/?p=93012","name":"La mejor recomendaci\u00f3n de pel\u00edculas padre e hijo para ver este d\u00eda del padre -","isPartOf":{"@id":"https:\/\/quehacerpolitico.mx\/#website"},"primaryImageOfPage":{"@id":"https:\/\/quehacerpolitico.mx\/?p=93012#primaryimage"},"image":{"@id":"https:\/\/quehacerpolitico.mx\/?p=93012#primaryimage"},"thumbnailUrl":"https:\/\/quehacerpolitico.mx\/wp-content\/uploads\/2022\/06\/A152EA87-2545-4483-92CD-2A38483A4BBD.jpeg","datePublished":"2022-06-17T15:43:36+00:00","dateModified":"2022-06-17T15:43:40+00:00","author":{"@id":"https:\/\/quehacerpolitico.mx\/#\/schema\/person\/496d8ad2d1d3f8036101dca7ee39e585"},"breadcrumb":{"@id":"https:\/\/quehacerpolitico.mx\/?p=93012#breadcrumb"},"inLanguage":"es","potentialAction":[{"@type":"ReadAction","target":["https:\/\/quehacerpolitico.mx\/?p=93012"]}]},{"@type":"ImageObject","inLanguage":"es","@id":"https:\/\/quehacerpolitico.mx\/?p=93012#primaryimage","url":"https:\/\/quehacerpolitico.mx\/wp-content\/uploads\/2022\/06\/A152EA87-2545-4483-92CD-2A38483A4BBD.jpeg","contentUrl":"https:\/\/quehacerpolitico.mx\/wp-content\/uploads\/2022\/06\/A152EA87-2545-4483-92CD-2A38483A4BBD.jpeg","width":731,"height":419},{"@type":"BreadcrumbList","@id":"https:\/\/quehacerpolitico.mx\/?p=93012#breadcrumb","itemListElement":[{"@type":"ListItem","position":1,"name":"Inicio","item":"https:\/\/quehacerpolitico.mx\/"},{"@type":"ListItem","position":2,"name":"La mejor recomendaci\u00f3n de pel\u00edculas padre e hijo para ver este d\u00eda del padre"}]},{"@type":"WebSite","@id":"https:\/\/quehacerpolitico.mx\/#website","url":"https:\/\/quehacerpolitico.mx\/","name":"","description":"","potentialAction":[{"@type":"SearchAction","target":{"@type":"EntryPoint","urlTemplate":"https:\/\/quehacerpolitico.mx\/?s={search_term_string}"},"query-input":{"@type":"PropertyValueSpecification","valueRequired":true,"valueName":"search_term_string"}}],"inLanguage":"es"},{"@type":"Person","@id":"https:\/\/quehacerpolitico.mx\/#\/schema\/person\/496d8ad2d1d3f8036101dca7ee39e585","name":"Redacci\u00f3n QP","image":{"@type":"ImageObject","inLanguage":"es","@id":"https:\/\/secure.gravatar.com\/avatar\/c7164ed6fdec453195284ad24a5ae5b6e1eed2b848477fa2a4787ba9adf39a41?s=96&d=mm&r=g","url":"https:\/\/secure.gravatar.com\/avatar\/c7164ed6fdec453195284ad24a5ae5b6e1eed2b848477fa2a4787ba9adf39a41?s=96&d=mm&r=g","contentUrl":"https:\/\/secure.gravatar.com\/avatar\/c7164ed6fdec453195284ad24a5ae5b6e1eed2b848477fa2a4787ba9adf39a41?s=96&d=mm&r=g","caption":"Redacci\u00f3n QP"},"url":"https:\/\/quehacerpolitico.mx\/?author=2"}]}},"featured_image_urls":{"full":["https:\/\/quehacerpolitico.mx\/wp-content\/uploads\/2022\/06\/A152EA87-2545-4483-92CD-2A38483A4BBD.jpeg",731,419,false],"thumbnail":["https:\/\/quehacerpolitico.mx\/wp-content\/uploads\/2022\/06\/A152EA87-2545-4483-92CD-2A38483A4BBD-150x150.jpeg",150,150,true],"medium":["https:\/\/quehacerpolitico.mx\/wp-content\/uploads\/2022\/06\/A152EA87-2545-4483-92CD-2A38483A4BBD-300x172.jpeg",300,172,true],"medium_large":["https:\/\/quehacerpolitico.mx\/wp-content\/uploads\/2022\/06\/A152EA87-2545-4483-92CD-2A38483A4BBD.jpeg",640,367,false],"large":["https:\/\/quehacerpolitico.mx\/wp-content\/uploads\/2022\/06\/A152EA87-2545-4483-92CD-2A38483A4BBD.jpeg",640,367,false],"1536x1536":["https:\/\/quehacerpolitico.mx\/wp-content\/uploads\/2022\/06\/A152EA87-2545-4483-92CD-2A38483A4BBD.jpeg",731,419,false],"2048x2048":["https:\/\/quehacerpolitico.mx\/wp-content\/uploads\/2022\/06\/A152EA87-2545-4483-92CD-2A38483A4BBD.jpeg",731,419,false],"covernews-featured":["https:\/\/quehacerpolitico.mx\/wp-content\/uploads\/2022\/06\/A152EA87-2545-4483-92CD-2A38483A4BBD.jpeg",731,419,false],"covernews-medium":["https:\/\/quehacerpolitico.mx\/wp-content\/uploads\/2022\/06\/A152EA87-2545-4483-92CD-2A38483A4BBD.jpeg",540,310,false]},"author_info":{"display_name":"Redacci\u00f3n QP","author_link":"https:\/\/quehacerpolitico.mx\/?author=2"},"category_info":"<a href=\"https:\/\/quehacerpolitico.mx\/?cat=58\" rel=\"category\">Cultura y Entretenimiento<\/a>","tag_info":"Cultura y Entretenimiento","comment_count":"0","_links":{"self":[{"href":"https:\/\/quehacerpolitico.mx\/index.php?rest_route=\/wp\/v2\/posts\/93012","targetHints":{"allow":["GET"]}}],"collection":[{"href":"https:\/\/quehacerpolitico.mx\/index.php?rest_route=\/wp\/v2\/posts"}],"about":[{"href":"https:\/\/quehacerpolitico.mx\/index.php?rest_route=\/wp\/v2\/types\/post"}],"author":[{"embeddable":true,"href":"https:\/\/quehacerpolitico.mx\/index.php?rest_route=\/wp\/v2\/users\/2"}],"replies":[{"embeddable":true,"href":"https:\/\/quehacerpolitico.mx\/index.php?rest_route=%2Fwp%2Fv2%2Fcomments&post=93012"}],"version-history":[{"count":1,"href":"https:\/\/quehacerpolitico.mx\/index.php?rest_route=\/wp\/v2\/posts\/93012\/revisions"}],"predecessor-version":[{"id":93014,"href":"https:\/\/quehacerpolitico.mx\/index.php?rest_route=\/wp\/v2\/posts\/93012\/revisions\/93014"}],"wp:featuredmedia":[{"embeddable":true,"href":"https:\/\/quehacerpolitico.mx\/index.php?rest_route=\/wp\/v2\/media\/93013"}],"wp:attachment":[{"href":"https:\/\/quehacerpolitico.mx\/index.php?rest_route=%2Fwp%2Fv2%2Fmedia&parent=93012"}],"wp:term":[{"taxonomy":"category","embeddable":true,"href":"https:\/\/quehacerpolitico.mx\/index.php?rest_route=%2Fwp%2Fv2%2Fcategories&post=93012"},{"taxonomy":"post_tag","embeddable":true,"href":"https:\/\/quehacerpolitico.mx\/index.php?rest_route=%2Fwp%2Fv2%2Ftags&post=93012"}],"curies":[{"name":"wp","href":"https:\/\/api.w.org\/{rel}","templated":true}]}}