{"id":92839,"date":"2022-06-07T22:46:53","date_gmt":"2022-06-07T22:46:53","guid":{"rendered":"https:\/\/quehacerpolitico.mx\/?p=92839"},"modified":"2022-06-07T22:46:56","modified_gmt":"2022-06-07T22:46:56","slug":"internacionales-carolina-alonso-romei-boris-johnson-pidio-a-sus-ministros-pasar-pagina-tras-superar-el-lunes-la-mocion-de-censura","status":"publish","type":"post","link":"https:\/\/quehacerpolitico.mx\/?p=92839","title":{"rendered":"Internacionales\/\/\/Carolina Alonso Romei\/\/\/Boris Johnson, pidi\u00f3 a sus ministros \u201cpasar p\u00e1gina\u201d tras superar el lunes la moci\u00f3n de censura"},"content":{"rendered":"\n<p>El primer ministro brit\u00e1nico,\u00a0<strong>Boris Johnson<\/strong>, trat\u00f3 este martes de dar un\u00a0<strong>nuevo impulso a su Gobierno<\/strong>\u00a0al pedir a sus\u00a0<strong>ministros<\/strong>\u201c<strong>pasar p\u00e1gina<\/strong>\u201d y centrarse en el trabajo tras haber superado ayer, lunes, una moci\u00f3n de censura dentro de su propio g<strong>rupo parlamentario conservador<\/strong>.<\/p>\n\n\n\n<p>En una reuni\u00f3n con su gabinete, el l\u00edder \u201c<strong>tory<\/strong>\u201d les agradeci\u00f3 el apoyo y urgi\u00f3 a dejar atr\u00e1s el tumultuoso periodo reciente, marcado por las&nbsp;<strong>fiestas ilegales<\/strong>&nbsp;en&nbsp;<strong>Downing Street<\/strong>&nbsp;durante la&nbsp;<strong>pandemia<\/strong>, a fin de impulsar iniciativas innovadoras para el&nbsp;<strong>Reino Unido<\/strong>.<\/p>\n\n\n\n<p>Sin embargo, su victoria por poco margen en la moci\u00f3n interna del lunes deja a Johnson en una posici\u00f3n debilitada, con un 41 por ciento de sus diputados en contra, y lo hace susceptible a nuevas presiones en los pr\u00f3ximos meses.<\/p>\n\n\n\n<p>El jefe del Ejecutivo afronta una investigaci\u00f3n parlamentaria sobre si minti\u00f3 a la&nbsp;<strong>C\u00e1mara de los Comunes<\/strong>&nbsp;durante el esc\u00e1ndalo de los festejos, que podr\u00eda amenazar su puesto si concluye que fue as\u00ed.<\/p>\n\n\n\n<p>Adem\u00e1s, el 23 de junio hay dos elecciones parciales en Inglaterra -en las circunscripciones de Wakefield, que los \u201ctories\u201d ganaron contra pron\u00f3stico en 2019, y Tiverton y Honiton, tradicionalmente conservadora-, cuyos resultados se interpretar\u00e1n como una medida del respaldo del electorado.<\/p>\n\n\n\n<h3 class=\"wp-block-heading\">Ministros leales a Johnson<\/h3>\n\n\n\n<p>Johnson super\u00f3 el desaf\u00edo a su liderazgo gracias al voto a favor de 211 diputados conservadores (un 59 por ciento) frente a 148 que le penalizaron, con el respaldo p\u00fablico de la mayor\u00eda de sus ministros.<\/p>\n\n\n\n<p>La victoria significa que sus colegas no pueden convocar otra moci\u00f3n de censura por un periodo de doce meses, si bien hay rumores de que algunos urden un cambio en las normas para poder revisar la situaci\u00f3n en seis meses.<\/p>\n\n\n\n<figure class=\"wp-block-embed is-type-rich is-provider-twitter wp-block-embed-twitter\"><div class=\"wp-block-embed__wrapper\">\n<blockquote class=\"twitter-tweet\" data-width=\"550\" data-dnt=\"true\"><p lang=\"en\" dir=\"ltr\">This is a government that delivers on what the people of this country care about most.<br> <br>We are focused on uniting and levelling up across the country and unleashing the potential of the whole United Kingdom. <a href=\"https:\/\/t.co\/r85ZrFhJNc\">pic.twitter.com\/r85ZrFhJNc<\/a><\/p>&mdash; Boris Johnson (@BorisJohnson) <a href=\"https:\/\/twitter.com\/BorisJohnson\/status\/1534153856489234432?ref_src=twsrc%5Etfw\">June 7, 2022<\/a><\/blockquote><script async src=\"https:\/\/platform.twitter.com\/widgets.js\" charset=\"utf-8\"><\/script>\n<\/div><\/figure>\n\n\n\n<p>Un portavoz del primer ministro neg\u00f3 que este \u201ctenga planes\u201d de remodelar su equipo de gobierno, aunque esto no se descarta en un futuro a fin de sustituir a parlamentarios con cargos intermedios que se perciben como menos leales al jefe.<\/p>\n\n\n\n<p>En su intervenci\u00f3n ante el gabinete, retransmitida parcialmente por televisi\u00f3n, Johnson pidi\u00f3 concentrarse en cumplir con las promesas electorales que le dieron la mayor\u00eda absoluta en los comicios del 12 de diciembre de 2019.<\/p>\n\n\n\n<p>\u201cEste es un Gobierno que cumple con lo que m\u00e1s le importa a la gente de este pa\u00eds\u201d, afirm\u00f3, para destacar la gesti\u00f3n gubernamental durante la crisis sanitaria y para paliar los efectos de la alta inflaci\u00f3n.<\/p>\n\n\n\n<p>Hoy, me comprometo a continuar cumpliendo con estas prioridades. Estamos del lado de los brit\u00e1nicos trabajadores y vamos a seguir adelante con la tarea\u201d, declar\u00f3.<\/p>\n\n\n\n<p>El jefe del Ejecutivo conservador pidi\u00f3 a los ministros que \u201creduzcan costes\u201d, al tiempo que se mantendr\u00e1 la inversi\u00f3n a fin de eventualmente rebajar los impuestos.<\/p>\n\n\n\n<p>\u201cY de esta manera, creo que podremos continuar con nuestra agenda, haciendo de esta la econom\u00eda m\u00e1s pr\u00f3spera y exitosa de Europa\u201d, mantuvo.<\/p>\n\n\n\n<h3 class=\"wp-block-heading\">Un partido tocado<\/h3>\n\n\n\n<p>Aunque algunos conservadores, partidarios y detractores de Johnson pidieron aceptar sin rencor el resultado de la moci\u00f3n, otros alertan de que, aunque superara esa prueba, el primer ministro tiene los d\u00edas contados.<\/p>\n\n\n\n<p>El antiguo dirigente \u201ctory\u201d&nbsp;<strong>William Hague<\/strong>&nbsp;se\u00f1ala en \u201cThe Times\u201d que \u201cha experimentado un nivel m\u00e1s alto de rechazo\u201d que cualquier predecesor y le inst\u00f3 a \u201creconocer esto\u201d y dejar el cargo.<\/p>\n\n\n\n<p>El diputado&nbsp;<strong>Roger Gale<\/strong>, un cr\u00edtico habitual, pronostic\u00f3 que el l\u00edder \u201cno durar\u00e1 m\u00e1s all\u00e1 de oto\u00f1o\u201d, debido a los retos pol\u00edticos y electorales que afronta, y consider\u00f3 inconcebible que encabece el Partido Conservador en las elecciones generales de 2024.<\/p>\n\n\n\n<p>Su correligionario&nbsp;<strong>Andrew Bridgen<\/strong>&nbsp;pidi\u00f3 a Johnson \u201cque se vaya ahora con honor\u201d y advirti\u00f3 de que \u201clas preocupaciones del partido no desaparecer\u00e1n\u201d, mientras que el exsecretario de Estado<strong>&nbsp;Tobias Ellwood<\/strong>&nbsp;augur\u00f3 que \u201ccaer\u00e1 antes del congreso\u201d anual de la formaci\u00f3n en octubre.<\/p>\n\n\n\n<p>Dado que Boris Johnson ha rechazado dimitir y sus colegas han perdido de momento la posibilidad de expulsarle, en principio la \u00fanica manera de destituirle ser\u00eda si sus ministros le dieran la espalda, lo que por ahora parece improbable.<\/p>\n\n\n\n<p>Esto podr\u00eda cambiar si, por ejemplo, surgiera un potencial sustituto capaz de negociar el recambio.<\/p>\n\n\n\n<p>Con informaci\u00f3n de EFE<\/p>\n","protected":false},"excerpt":{"rendered":"<p>El primer ministro brit\u00e1nico,\u00a0Boris Johnson, trat\u00f3 este martes de dar un\u00a0nuevo impulso a su Gobierno\u00a0al&#8230;<\/p>\n","protected":false},"author":2,"featured_media":92840,"comment_status":"open","ping_status":"open","sticky":false,"template":"","format":"standard","meta":{"_monsterinsights_skip_tracking":false,"_monsterinsights_sitenote_active":false,"_monsterinsights_sitenote_note":"","_monsterinsights_sitenote_category":0,"footnotes":""},"categories":[1],"tags":[],"class_list":["post-92839","post","type-post","status-publish","format-standard","has-post-thumbnail","hentry","category-sin-categoria"],"yoast_head":"<!-- This site is optimized with the Yoast SEO plugin v27.3 - https:\/\/yoast.com\/product\/yoast-seo-wordpress\/ -->\n<title>Internacionales\/\/\/Carolina Alonso Romei\/\/\/Boris Johnson, pidi\u00f3 a sus ministros \u201cpasar p\u00e1gina\u201d tras superar el lunes la moci\u00f3n de censura -<\/title>\n<meta name=\"robots\" content=\"index, follow, max-snippet:-1, max-image-preview:large, max-video-preview:-1\" \/>\n<link rel=\"canonical\" href=\"https:\/\/quehacerpolitico.mx\/?p=92839\" \/>\n<meta property=\"og:locale\" content=\"es_MX\" \/>\n<meta property=\"og:type\" content=\"article\" \/>\n<meta property=\"og:title\" content=\"Internacionales\/\/\/Carolina Alonso Romei\/\/\/Boris Johnson, pidi\u00f3 a sus ministros \u201cpasar p\u00e1gina\u201d tras superar el lunes la moci\u00f3n de censura -\" \/>\n<meta property=\"og:description\" content=\"El primer ministro brit\u00e1nico,\u00a0Boris Johnson, trat\u00f3 este martes de dar un\u00a0nuevo impulso a su Gobierno\u00a0al...\" \/>\n<meta property=\"og:url\" content=\"https:\/\/quehacerpolitico.mx\/?p=92839\" \/>\n<meta property=\"article:published_time\" content=\"2022-06-07T22:46:53+00:00\" \/>\n<meta property=\"article:modified_time\" content=\"2022-06-07T22:46:56+00:00\" \/>\n<meta property=\"og:image\" content=\"https:\/\/quehacerpolitico.mx\/wp-content\/uploads\/2022\/06\/0BE6F240-5C4D-48BB-A897-E09FE37BE44B.jpeg\" \/>\n\t<meta property=\"og:image:width\" content=\"755\" \/>\n\t<meta property=\"og:image:height\" content=\"406\" \/>\n\t<meta property=\"og:image:type\" content=\"image\/jpeg\" \/>\n<meta name=\"author\" content=\"Redacci\u00f3n QP\" \/>\n<meta name=\"twitter:card\" content=\"summary_large_image\" \/>\n<meta name=\"twitter:label1\" content=\"Escrito por\" \/>\n\t<meta name=\"twitter:data1\" content=\"Redacci\u00f3n QP\" \/>\n\t<meta name=\"twitter:label2\" content=\"Tiempo de lectura\" \/>\n\t<meta name=\"twitter:data2\" content=\"4 minutos\" \/>\n<script type=\"application\/ld+json\" class=\"yoast-schema-graph\">{\"@context\":\"https:\\\/\\\/schema.org\",\"@graph\":[{\"@type\":\"Article\",\"@id\":\"https:\\\/\\\/quehacerpolitico.mx\\\/?p=92839#article\",\"isPartOf\":{\"@id\":\"https:\\\/\\\/quehacerpolitico.mx\\\/?p=92839\"},\"author\":{\"name\":\"Redacci\u00f3n QP\",\"@id\":\"https:\\\/\\\/quehacerpolitico.mx\\\/#\\\/schema\\\/person\\\/496d8ad2d1d3f8036101dca7ee39e585\"},\"headline\":\"Internacionales\\\/\\\/\\\/Carolina Alonso Romei\\\/\\\/\\\/Boris Johnson, pidi\u00f3 a sus ministros \u201cpasar p\u00e1gina\u201d tras superar el lunes la moci\u00f3n de censura\",\"datePublished\":\"2022-06-07T22:46:53+00:00\",\"dateModified\":\"2022-06-07T22:46:56+00:00\",\"mainEntityOfPage\":{\"@id\":\"https:\\\/\\\/quehacerpolitico.mx\\\/?p=92839\"},\"wordCount\":764,\"commentCount\":0,\"image\":{\"@id\":\"https:\\\/\\\/quehacerpolitico.mx\\\/?p=92839#primaryimage\"},\"thumbnailUrl\":\"https:\\\/\\\/quehacerpolitico.mx\\\/wp-content\\\/uploads\\\/2022\\\/06\\\/0BE6F240-5C4D-48BB-A897-E09FE37BE44B.jpeg\",\"articleSection\":[\"Internacionales\"],\"inLanguage\":\"es\",\"potentialAction\":[{\"@type\":\"CommentAction\",\"name\":\"Comment\",\"target\":[\"https:\\\/\\\/quehacerpolitico.mx\\\/?p=92839#respond\"]}]},{\"@type\":\"WebPage\",\"@id\":\"https:\\\/\\\/quehacerpolitico.mx\\\/?p=92839\",\"url\":\"https:\\\/\\\/quehacerpolitico.mx\\\/?p=92839\",\"name\":\"Internacionales\\\/\\\/\\\/Carolina Alonso Romei\\\/\\\/\\\/Boris Johnson, pidi\u00f3 a sus ministros \u201cpasar p\u00e1gina\u201d tras superar el lunes la moci\u00f3n de censura -\",\"isPartOf\":{\"@id\":\"https:\\\/\\\/quehacerpolitico.mx\\\/#website\"},\"primaryImageOfPage\":{\"@id\":\"https:\\\/\\\/quehacerpolitico.mx\\\/?p=92839#primaryimage\"},\"image\":{\"@id\":\"https:\\\/\\\/quehacerpolitico.mx\\\/?p=92839#primaryimage\"},\"thumbnailUrl\":\"https:\\\/\\\/quehacerpolitico.mx\\\/wp-content\\\/uploads\\\/2022\\\/06\\\/0BE6F240-5C4D-48BB-A897-E09FE37BE44B.jpeg\",\"datePublished\":\"2022-06-07T22:46:53+00:00\",\"dateModified\":\"2022-06-07T22:46:56+00:00\",\"author\":{\"@id\":\"https:\\\/\\\/quehacerpolitico.mx\\\/#\\\/schema\\\/person\\\/496d8ad2d1d3f8036101dca7ee39e585\"},\"breadcrumb\":{\"@id\":\"https:\\\/\\\/quehacerpolitico.mx\\\/?p=92839#breadcrumb\"},\"inLanguage\":\"es\",\"potentialAction\":[{\"@type\":\"ReadAction\",\"target\":[\"https:\\\/\\\/quehacerpolitico.mx\\\/?p=92839\"]}]},{\"@type\":\"ImageObject\",\"inLanguage\":\"es\",\"@id\":\"https:\\\/\\\/quehacerpolitico.mx\\\/?p=92839#primaryimage\",\"url\":\"https:\\\/\\\/quehacerpolitico.mx\\\/wp-content\\\/uploads\\\/2022\\\/06\\\/0BE6F240-5C4D-48BB-A897-E09FE37BE44B.jpeg\",\"contentUrl\":\"https:\\\/\\\/quehacerpolitico.mx\\\/wp-content\\\/uploads\\\/2022\\\/06\\\/0BE6F240-5C4D-48BB-A897-E09FE37BE44B.jpeg\",\"width\":755,\"height\":406},{\"@type\":\"BreadcrumbList\",\"@id\":\"https:\\\/\\\/quehacerpolitico.mx\\\/?p=92839#breadcrumb\",\"itemListElement\":[{\"@type\":\"ListItem\",\"position\":1,\"name\":\"Inicio\",\"item\":\"https:\\\/\\\/quehacerpolitico.mx\\\/\"},{\"@type\":\"ListItem\",\"position\":2,\"name\":\"Internacionales\\\/\\\/\\\/Carolina Alonso Romei\\\/\\\/\\\/Boris Johnson, pidi\u00f3 a sus ministros \u201cpasar p\u00e1gina\u201d tras superar el lunes la moci\u00f3n de censura\"}]},{\"@type\":\"WebSite\",\"@id\":\"https:\\\/\\\/quehacerpolitico.mx\\\/#website\",\"url\":\"https:\\\/\\\/quehacerpolitico.mx\\\/\",\"name\":\"\",\"description\":\"\",\"potentialAction\":[{\"@type\":\"SearchAction\",\"target\":{\"@type\":\"EntryPoint\",\"urlTemplate\":\"https:\\\/\\\/quehacerpolitico.mx\\\/?s={search_term_string}\"},\"query-input\":{\"@type\":\"PropertyValueSpecification\",\"valueRequired\":true,\"valueName\":\"search_term_string\"}}],\"inLanguage\":\"es\"},{\"@type\":\"Person\",\"@id\":\"https:\\\/\\\/quehacerpolitico.mx\\\/#\\\/schema\\\/person\\\/496d8ad2d1d3f8036101dca7ee39e585\",\"name\":\"Redacci\u00f3n QP\",\"image\":{\"@type\":\"ImageObject\",\"inLanguage\":\"es\",\"@id\":\"https:\\\/\\\/secure.gravatar.com\\\/avatar\\\/c7164ed6fdec453195284ad24a5ae5b6e1eed2b848477fa2a4787ba9adf39a41?s=96&d=mm&r=g\",\"url\":\"https:\\\/\\\/secure.gravatar.com\\\/avatar\\\/c7164ed6fdec453195284ad24a5ae5b6e1eed2b848477fa2a4787ba9adf39a41?s=96&d=mm&r=g\",\"contentUrl\":\"https:\\\/\\\/secure.gravatar.com\\\/avatar\\\/c7164ed6fdec453195284ad24a5ae5b6e1eed2b848477fa2a4787ba9adf39a41?s=96&d=mm&r=g\",\"caption\":\"Redacci\u00f3n QP\"},\"url\":\"https:\\\/\\\/quehacerpolitico.mx\\\/?author=2\"}]}<\/script>\n<!-- \/ Yoast SEO plugin. -->","yoast_head_json":{"title":"Internacionales\/\/\/Carolina Alonso Romei\/\/\/Boris Johnson, pidi\u00f3 a sus ministros \u201cpasar p\u00e1gina\u201d tras superar el lunes la moci\u00f3n de censura -","robots":{"index":"index","follow":"follow","max-snippet":"max-snippet:-1","max-image-preview":"max-image-preview:large","max-video-preview":"max-video-preview:-1"},"canonical":"https:\/\/quehacerpolitico.mx\/?p=92839","og_locale":"es_MX","og_type":"article","og_title":"Internacionales\/\/\/Carolina Alonso Romei\/\/\/Boris Johnson, pidi\u00f3 a sus ministros \u201cpasar p\u00e1gina\u201d tras superar el lunes la moci\u00f3n de censura -","og_description":"El primer ministro brit\u00e1nico,\u00a0Boris Johnson, trat\u00f3 este martes de dar un\u00a0nuevo impulso a su Gobierno\u00a0al...","og_url":"https:\/\/quehacerpolitico.mx\/?p=92839","article_published_time":"2022-06-07T22:46:53+00:00","article_modified_time":"2022-06-07T22:46:56+00:00","og_image":[{"width":755,"height":406,"url":"https:\/\/quehacerpolitico.mx\/wp-content\/uploads\/2022\/06\/0BE6F240-5C4D-48BB-A897-E09FE37BE44B.jpeg","type":"image\/jpeg"}],"author":"Redacci\u00f3n QP","twitter_card":"summary_large_image","twitter_misc":{"Escrito por":"Redacci\u00f3n QP","Tiempo de lectura":"4 minutos"},"schema":{"@context":"https:\/\/schema.org","@graph":[{"@type":"Article","@id":"https:\/\/quehacerpolitico.mx\/?p=92839#article","isPartOf":{"@id":"https:\/\/quehacerpolitico.mx\/?p=92839"},"author":{"name":"Redacci\u00f3n QP","@id":"https:\/\/quehacerpolitico.mx\/#\/schema\/person\/496d8ad2d1d3f8036101dca7ee39e585"},"headline":"Internacionales\/\/\/Carolina Alonso Romei\/\/\/Boris Johnson, pidi\u00f3 a sus ministros \u201cpasar p\u00e1gina\u201d tras superar el lunes la moci\u00f3n de censura","datePublished":"2022-06-07T22:46:53+00:00","dateModified":"2022-06-07T22:46:56+00:00","mainEntityOfPage":{"@id":"https:\/\/quehacerpolitico.mx\/?p=92839"},"wordCount":764,"commentCount":0,"image":{"@id":"https:\/\/quehacerpolitico.mx\/?p=92839#primaryimage"},"thumbnailUrl":"https:\/\/quehacerpolitico.mx\/wp-content\/uploads\/2022\/06\/0BE6F240-5C4D-48BB-A897-E09FE37BE44B.jpeg","articleSection":["Internacionales"],"inLanguage":"es","potentialAction":[{"@type":"CommentAction","name":"Comment","target":["https:\/\/quehacerpolitico.mx\/?p=92839#respond"]}]},{"@type":"WebPage","@id":"https:\/\/quehacerpolitico.mx\/?p=92839","url":"https:\/\/quehacerpolitico.mx\/?p=92839","name":"Internacionales\/\/\/Carolina Alonso Romei\/\/\/Boris Johnson, pidi\u00f3 a sus ministros \u201cpasar p\u00e1gina\u201d tras superar el lunes la moci\u00f3n de censura -","isPartOf":{"@id":"https:\/\/quehacerpolitico.mx\/#website"},"primaryImageOfPage":{"@id":"https:\/\/quehacerpolitico.mx\/?p=92839#primaryimage"},"image":{"@id":"https:\/\/quehacerpolitico.mx\/?p=92839#primaryimage"},"thumbnailUrl":"https:\/\/quehacerpolitico.mx\/wp-content\/uploads\/2022\/06\/0BE6F240-5C4D-48BB-A897-E09FE37BE44B.jpeg","datePublished":"2022-06-07T22:46:53+00:00","dateModified":"2022-06-07T22:46:56+00:00","author":{"@id":"https:\/\/quehacerpolitico.mx\/#\/schema\/person\/496d8ad2d1d3f8036101dca7ee39e585"},"breadcrumb":{"@id":"https:\/\/quehacerpolitico.mx\/?p=92839#breadcrumb"},"inLanguage":"es","potentialAction":[{"@type":"ReadAction","target":["https:\/\/quehacerpolitico.mx\/?p=92839"]}]},{"@type":"ImageObject","inLanguage":"es","@id":"https:\/\/quehacerpolitico.mx\/?p=92839#primaryimage","url":"https:\/\/quehacerpolitico.mx\/wp-content\/uploads\/2022\/06\/0BE6F240-5C4D-48BB-A897-E09FE37BE44B.jpeg","contentUrl":"https:\/\/quehacerpolitico.mx\/wp-content\/uploads\/2022\/06\/0BE6F240-5C4D-48BB-A897-E09FE37BE44B.jpeg","width":755,"height":406},{"@type":"BreadcrumbList","@id":"https:\/\/quehacerpolitico.mx\/?p=92839#breadcrumb","itemListElement":[{"@type":"ListItem","position":1,"name":"Inicio","item":"https:\/\/quehacerpolitico.mx\/"},{"@type":"ListItem","position":2,"name":"Internacionales\/\/\/Carolina Alonso Romei\/\/\/Boris Johnson, pidi\u00f3 a sus ministros \u201cpasar p\u00e1gina\u201d tras superar el lunes la moci\u00f3n de censura"}]},{"@type":"WebSite","@id":"https:\/\/quehacerpolitico.mx\/#website","url":"https:\/\/quehacerpolitico.mx\/","name":"","description":"","potentialAction":[{"@type":"SearchAction","target":{"@type":"EntryPoint","urlTemplate":"https:\/\/quehacerpolitico.mx\/?s={search_term_string}"},"query-input":{"@type":"PropertyValueSpecification","valueRequired":true,"valueName":"search_term_string"}}],"inLanguage":"es"},{"@type":"Person","@id":"https:\/\/quehacerpolitico.mx\/#\/schema\/person\/496d8ad2d1d3f8036101dca7ee39e585","name":"Redacci\u00f3n QP","image":{"@type":"ImageObject","inLanguage":"es","@id":"https:\/\/secure.gravatar.com\/avatar\/c7164ed6fdec453195284ad24a5ae5b6e1eed2b848477fa2a4787ba9adf39a41?s=96&d=mm&r=g","url":"https:\/\/secure.gravatar.com\/avatar\/c7164ed6fdec453195284ad24a5ae5b6e1eed2b848477fa2a4787ba9adf39a41?s=96&d=mm&r=g","contentUrl":"https:\/\/secure.gravatar.com\/avatar\/c7164ed6fdec453195284ad24a5ae5b6e1eed2b848477fa2a4787ba9adf39a41?s=96&d=mm&r=g","caption":"Redacci\u00f3n QP"},"url":"https:\/\/quehacerpolitico.mx\/?author=2"}]}},"featured_image_urls":{"full":["https:\/\/quehacerpolitico.mx\/wp-content\/uploads\/2022\/06\/0BE6F240-5C4D-48BB-A897-E09FE37BE44B.jpeg",755,406,false],"thumbnail":["https:\/\/quehacerpolitico.mx\/wp-content\/uploads\/2022\/06\/0BE6F240-5C4D-48BB-A897-E09FE37BE44B-150x150.jpeg",150,150,true],"medium":["https:\/\/quehacerpolitico.mx\/wp-content\/uploads\/2022\/06\/0BE6F240-5C4D-48BB-A897-E09FE37BE44B-300x161.jpeg",300,161,true],"medium_large":["https:\/\/quehacerpolitico.mx\/wp-content\/uploads\/2022\/06\/0BE6F240-5C4D-48BB-A897-E09FE37BE44B.jpeg",640,344,false],"large":["https:\/\/quehacerpolitico.mx\/wp-content\/uploads\/2022\/06\/0BE6F240-5C4D-48BB-A897-E09FE37BE44B.jpeg",640,344,false],"1536x1536":["https:\/\/quehacerpolitico.mx\/wp-content\/uploads\/2022\/06\/0BE6F240-5C4D-48BB-A897-E09FE37BE44B.jpeg",755,406,false],"2048x2048":["https:\/\/quehacerpolitico.mx\/wp-content\/uploads\/2022\/06\/0BE6F240-5C4D-48BB-A897-E09FE37BE44B.jpeg",755,406,false],"covernews-featured":["https:\/\/quehacerpolitico.mx\/wp-content\/uploads\/2022\/06\/0BE6F240-5C4D-48BB-A897-E09FE37BE44B.jpeg",755,406,false],"covernews-medium":["https:\/\/quehacerpolitico.mx\/wp-content\/uploads\/2022\/06\/0BE6F240-5C4D-48BB-A897-E09FE37BE44B.jpeg",540,290,false]},"author_info":{"display_name":"Redacci\u00f3n QP","author_link":"https:\/\/quehacerpolitico.mx\/?author=2"},"category_info":"<a href=\"https:\/\/quehacerpolitico.mx\/?cat=1\" rel=\"category\">Internacionales<\/a>","tag_info":"Internacionales","comment_count":"0","_links":{"self":[{"href":"https:\/\/quehacerpolitico.mx\/index.php?rest_route=\/wp\/v2\/posts\/92839","targetHints":{"allow":["GET"]}}],"collection":[{"href":"https:\/\/quehacerpolitico.mx\/index.php?rest_route=\/wp\/v2\/posts"}],"about":[{"href":"https:\/\/quehacerpolitico.mx\/index.php?rest_route=\/wp\/v2\/types\/post"}],"author":[{"embeddable":true,"href":"https:\/\/quehacerpolitico.mx\/index.php?rest_route=\/wp\/v2\/users\/2"}],"replies":[{"embeddable":true,"href":"https:\/\/quehacerpolitico.mx\/index.php?rest_route=%2Fwp%2Fv2%2Fcomments&post=92839"}],"version-history":[{"count":1,"href":"https:\/\/quehacerpolitico.mx\/index.php?rest_route=\/wp\/v2\/posts\/92839\/revisions"}],"predecessor-version":[{"id":92841,"href":"https:\/\/quehacerpolitico.mx\/index.php?rest_route=\/wp\/v2\/posts\/92839\/revisions\/92841"}],"wp:featuredmedia":[{"embeddable":true,"href":"https:\/\/quehacerpolitico.mx\/index.php?rest_route=\/wp\/v2\/media\/92840"}],"wp:attachment":[{"href":"https:\/\/quehacerpolitico.mx\/index.php?rest_route=%2Fwp%2Fv2%2Fmedia&parent=92839"}],"wp:term":[{"taxonomy":"category","embeddable":true,"href":"https:\/\/quehacerpolitico.mx\/index.php?rest_route=%2Fwp%2Fv2%2Fcategories&post=92839"},{"taxonomy":"post_tag","embeddable":true,"href":"https:\/\/quehacerpolitico.mx\/index.php?rest_route=%2Fwp%2Fv2%2Ftags&post=92839"}],"curies":[{"name":"wp","href":"https:\/\/api.w.org\/{rel}","templated":true}]}}