{"id":92830,"date":"2022-06-06T23:00:51","date_gmt":"2022-06-06T23:00:51","guid":{"rendered":"https:\/\/quehacerpolitico.mx\/?p=92830"},"modified":"2022-06-06T23:00:55","modified_gmt":"2022-06-06T23:00:55","slug":"cumbre-de-las-americas-grave-error-ausencia-de-amlo-en-el-evento-dicen-senadores","status":"publish","type":"post","link":"https:\/\/quehacerpolitico.mx\/?p=92830","title":{"rendered":"Cumbre de las Am\u00e9ricas: Grave error, ausencia de AMLO en el evento, dicen senadores\u00a0"},"content":{"rendered":"\n<p>Por Redacci\u00f3n QP<\/p>\n\n\n\n<p>Legisladores de oposici\u00f3n reprueban la conducta del Presidente, calificada de &#8220;caprichosa&#8221;<\/p>\n\n\n\n<p>Senadores de oposici\u00f3n&nbsp;<strong>reprobaron la decisi\u00f3n del Presidente Andr\u00e9s Manuel L\u00f3pez Obrador de no asistir a la Cumbre de las Am\u00e9ricas<\/strong>, que esta semana se realizar\u00e1 en la Ciudad de Los \u00c1ngeles, debido a que el gobierno de Estados Unidos no invit\u00f3 a los presidentes de Cuba, Venezuela y Nicaragua.<\/p>\n\n\n\n<p>La vicecoordinadora de la bancada panista en la C\u00e1mara Alta, Kenia L\u00f3pez Rabad\u00e1n, afirm\u00f3 que el mandatario mexicano<strong>&nbsp;se equivoca al anteponer sus caprichos y su amistad con dictadores a las relaciones diplom\u00e1ticas del pa\u00eds.<\/strong><\/p>\n\n\n\n<p>&#8220;A asistir a la Cumbre es una responsabilidad de Estado, es una responsabilidad del primer mandatario, y si lo que hace es no asistir para quedar bien con sus amigos que son violadores de Derechos Humanos y son gobiernos autoritarios es una verg\u00fcenza, porque se est\u00e1 comportando como un representante ideol\u00f3gico y no como el presidente de los mexicanos&#8221;, expres\u00f3.<\/p>\n\n\n\n<p>La senadora L\u00f3pez Rabad\u00e1n<strong>&nbsp;lament\u00f3 la situaci\u00f3n en que queda M\u00e9xico por la negativa de L\u00f3pez Obrador a participar en esta reuni\u00f3n cumbre.<\/strong><\/p>\n\n\n\n<p>&#8220;La Cumbre de las Am\u00e9ricas no es un tema social, es un espacio en el que se construye en favor de la democracia, el desarrollo de la regi\u00f3n y por supuesto, en esta cumbre lo que se busca es beneficiar a los pueblos de las Am\u00e9ricas. Lamentablemente, el Presidente no entiende esto y toma de reh\u00e9n a nuestro pa\u00eds porque no se cumplen sus caprichos&#8221;, puntualiz\u00f3 en conferencia de prensa virtual.<\/p>\n\n\n\n<p>Por su parte, la tambi\u00e9n panista Gina Andrea Cruz Blackledge, presidenta de la Comisi\u00f3n de Relaciones Exteriores Am\u00e9rica del Norte, del Senado, escribi\u00f3 en redes sociales que la negativa del Presidente L\u00f3pez Obrador a asistir a la Cumbre de las Am\u00e9ricas &#8220;es un grave error (porque) nos relega a un segundo plano en la definici\u00f3n de la agenda continental en migraci\u00f3n, seguridad, cambio clim\u00e1tico, tr\u00e1fico de armas, agua y cadenas de valor&#8221;.<\/p>\n\n\n\n<p>En tanto, tambi\u00e9n en las redes sociales, el senador Emilio \u00c1lvarez Icaza, del Grupo Plural, asegur\u00f3 que<strong>el Presidente mexicano es un incongruente<\/strong>, ya que por un lado pide que se incluyan a todos los pa\u00edses del continente para la Cumbre de la Am\u00e9ricas, y por el otro, &#8220;\u00e9l ha sido incapaz de convocar a la oposici\u00f3n del pa\u00eds para un di\u00e1logo&#8221;.<\/p>\n\n\n\n<p>&#8220;El excluyente pide inclusi\u00f3n. Desde el 2018, #AMLO no ha tenido una sola reuni\u00f3n conjunta con la oposici\u00f3n en #M\u00e9xico para escuchar e incluso corregir acciones en un espacio plural&#8221;, escribi\u00f3 en Twitter.<\/p>\n\n\n\n<p>Sin embargo, subray\u00f3, L\u00f3pez Obrador &#8220;exig\u00eda a @POTUS ser &#8216;incluyente&#8217; e invitar a gobiernos dictatoriales a la Cumbre en #LA&#8221;.<\/p>\n\n\n\n<p>Con informaci\u00f3n de SUN<\/p>\n","protected":false},"excerpt":{"rendered":"<p>Por Redacci\u00f3n QP Legisladores de oposici\u00f3n reprueban la conducta del Presidente, calificada de &#8220;caprichosa&#8221; Senadores&#8230;<\/p>\n","protected":false},"author":2,"featured_media":92831,"comment_status":"open","ping_status":"open","sticky":false,"template":"","format":"standard","meta":{"_monsterinsights_skip_tracking":false,"_monsterinsights_sitenote_active":false,"_monsterinsights_sitenote_note":"","_monsterinsights_sitenote_category":0,"footnotes":""},"categories":[2],"tags":[],"class_list":["post-92830","post","type-post","status-publish","format-standard","has-post-thumbnail","hentry","category-noticias"],"yoast_head":"<!-- This site is optimized with the Yoast SEO plugin v27.3 - https:\/\/yoast.com\/product\/yoast-seo-wordpress\/ -->\n<title>Cumbre de las Am\u00e9ricas: Grave error, ausencia de AMLO en el evento, dicen senadores\u00a0 -<\/title>\n<meta name=\"robots\" content=\"index, follow, max-snippet:-1, max-image-preview:large, max-video-preview:-1\" \/>\n<link rel=\"canonical\" href=\"https:\/\/quehacerpolitico.mx\/?p=92830\" \/>\n<meta property=\"og:locale\" content=\"es_MX\" \/>\n<meta property=\"og:type\" content=\"article\" \/>\n<meta property=\"og:title\" content=\"Cumbre de las Am\u00e9ricas: Grave error, ausencia de AMLO en el evento, dicen senadores\u00a0 -\" \/>\n<meta property=\"og:description\" content=\"Por Redacci\u00f3n QP Legisladores de oposici\u00f3n reprueban la conducta del Presidente, calificada de &#8220;caprichosa&#8221; Senadores...\" \/>\n<meta property=\"og:url\" content=\"https:\/\/quehacerpolitico.mx\/?p=92830\" \/>\n<meta property=\"article:published_time\" content=\"2022-06-06T23:00:51+00:00\" \/>\n<meta property=\"article:modified_time\" content=\"2022-06-06T23:00:55+00:00\" \/>\n<meta property=\"og:image\" content=\"https:\/\/quehacerpolitico.mx\/wp-content\/uploads\/2022\/06\/050F7296-A019-4395-98BF-A94D3C62749B.jpeg\" \/>\n\t<meta property=\"og:image:width\" content=\"1279\" \/>\n\t<meta property=\"og:image:height\" content=\"694\" \/>\n\t<meta property=\"og:image:type\" content=\"image\/jpeg\" \/>\n<meta name=\"author\" content=\"Redacci\u00f3n QP\" \/>\n<meta name=\"twitter:card\" content=\"summary_large_image\" \/>\n<meta name=\"twitter:label1\" content=\"Escrito por\" \/>\n\t<meta name=\"twitter:data1\" content=\"Redacci\u00f3n QP\" \/>\n\t<meta name=\"twitter:label2\" content=\"Tiempo de lectura\" \/>\n\t<meta name=\"twitter:data2\" content=\"2 minutos\" \/>\n<script type=\"application\/ld+json\" class=\"yoast-schema-graph\">{\"@context\":\"https:\\\/\\\/schema.org\",\"@graph\":[{\"@type\":\"Article\",\"@id\":\"https:\\\/\\\/quehacerpolitico.mx\\\/?p=92830#article\",\"isPartOf\":{\"@id\":\"https:\\\/\\\/quehacerpolitico.mx\\\/?p=92830\"},\"author\":{\"name\":\"Redacci\u00f3n QP\",\"@id\":\"https:\\\/\\\/quehacerpolitico.mx\\\/#\\\/schema\\\/person\\\/496d8ad2d1d3f8036101dca7ee39e585\"},\"headline\":\"Cumbre de las Am\u00e9ricas: Grave error, ausencia de AMLO en el evento, dicen senadores\u00a0\",\"datePublished\":\"2022-06-06T23:00:51+00:00\",\"dateModified\":\"2022-06-06T23:00:55+00:00\",\"mainEntityOfPage\":{\"@id\":\"https:\\\/\\\/quehacerpolitico.mx\\\/?p=92830\"},\"wordCount\":507,\"commentCount\":0,\"image\":{\"@id\":\"https:\\\/\\\/quehacerpolitico.mx\\\/?p=92830#primaryimage\"},\"thumbnailUrl\":\"https:\\\/\\\/quehacerpolitico.mx\\\/wp-content\\\/uploads\\\/2022\\\/06\\\/050F7296-A019-4395-98BF-A94D3C62749B.jpeg\",\"articleSection\":[\"Noticias\"],\"inLanguage\":\"es\",\"potentialAction\":[{\"@type\":\"CommentAction\",\"name\":\"Comment\",\"target\":[\"https:\\\/\\\/quehacerpolitico.mx\\\/?p=92830#respond\"]}]},{\"@type\":\"WebPage\",\"@id\":\"https:\\\/\\\/quehacerpolitico.mx\\\/?p=92830\",\"url\":\"https:\\\/\\\/quehacerpolitico.mx\\\/?p=92830\",\"name\":\"Cumbre de las Am\u00e9ricas: Grave error, ausencia de AMLO en el evento, dicen senadores\u00a0 -\",\"isPartOf\":{\"@id\":\"https:\\\/\\\/quehacerpolitico.mx\\\/#website\"},\"primaryImageOfPage\":{\"@id\":\"https:\\\/\\\/quehacerpolitico.mx\\\/?p=92830#primaryimage\"},\"image\":{\"@id\":\"https:\\\/\\\/quehacerpolitico.mx\\\/?p=92830#primaryimage\"},\"thumbnailUrl\":\"https:\\\/\\\/quehacerpolitico.mx\\\/wp-content\\\/uploads\\\/2022\\\/06\\\/050F7296-A019-4395-98BF-A94D3C62749B.jpeg\",\"datePublished\":\"2022-06-06T23:00:51+00:00\",\"dateModified\":\"2022-06-06T23:00:55+00:00\",\"author\":{\"@id\":\"https:\\\/\\\/quehacerpolitico.mx\\\/#\\\/schema\\\/person\\\/496d8ad2d1d3f8036101dca7ee39e585\"},\"breadcrumb\":{\"@id\":\"https:\\\/\\\/quehacerpolitico.mx\\\/?p=92830#breadcrumb\"},\"inLanguage\":\"es\",\"potentialAction\":[{\"@type\":\"ReadAction\",\"target\":[\"https:\\\/\\\/quehacerpolitico.mx\\\/?p=92830\"]}]},{\"@type\":\"ImageObject\",\"inLanguage\":\"es\",\"@id\":\"https:\\\/\\\/quehacerpolitico.mx\\\/?p=92830#primaryimage\",\"url\":\"https:\\\/\\\/quehacerpolitico.mx\\\/wp-content\\\/uploads\\\/2022\\\/06\\\/050F7296-A019-4395-98BF-A94D3C62749B.jpeg\",\"contentUrl\":\"https:\\\/\\\/quehacerpolitico.mx\\\/wp-content\\\/uploads\\\/2022\\\/06\\\/050F7296-A019-4395-98BF-A94D3C62749B.jpeg\",\"width\":1279,\"height\":694},{\"@type\":\"BreadcrumbList\",\"@id\":\"https:\\\/\\\/quehacerpolitico.mx\\\/?p=92830#breadcrumb\",\"itemListElement\":[{\"@type\":\"ListItem\",\"position\":1,\"name\":\"Inicio\",\"item\":\"https:\\\/\\\/quehacerpolitico.mx\\\/\"},{\"@type\":\"ListItem\",\"position\":2,\"name\":\"Cumbre de las Am\u00e9ricas: Grave error, ausencia de AMLO en el evento, dicen senadores\u00a0\"}]},{\"@type\":\"WebSite\",\"@id\":\"https:\\\/\\\/quehacerpolitico.mx\\\/#website\",\"url\":\"https:\\\/\\\/quehacerpolitico.mx\\\/\",\"name\":\"\",\"description\":\"\",\"potentialAction\":[{\"@type\":\"SearchAction\",\"target\":{\"@type\":\"EntryPoint\",\"urlTemplate\":\"https:\\\/\\\/quehacerpolitico.mx\\\/?s={search_term_string}\"},\"query-input\":{\"@type\":\"PropertyValueSpecification\",\"valueRequired\":true,\"valueName\":\"search_term_string\"}}],\"inLanguage\":\"es\"},{\"@type\":\"Person\",\"@id\":\"https:\\\/\\\/quehacerpolitico.mx\\\/#\\\/schema\\\/person\\\/496d8ad2d1d3f8036101dca7ee39e585\",\"name\":\"Redacci\u00f3n QP\",\"image\":{\"@type\":\"ImageObject\",\"inLanguage\":\"es\",\"@id\":\"https:\\\/\\\/secure.gravatar.com\\\/avatar\\\/c7164ed6fdec453195284ad24a5ae5b6e1eed2b848477fa2a4787ba9adf39a41?s=96&d=mm&r=g\",\"url\":\"https:\\\/\\\/secure.gravatar.com\\\/avatar\\\/c7164ed6fdec453195284ad24a5ae5b6e1eed2b848477fa2a4787ba9adf39a41?s=96&d=mm&r=g\",\"contentUrl\":\"https:\\\/\\\/secure.gravatar.com\\\/avatar\\\/c7164ed6fdec453195284ad24a5ae5b6e1eed2b848477fa2a4787ba9adf39a41?s=96&d=mm&r=g\",\"caption\":\"Redacci\u00f3n QP\"},\"url\":\"https:\\\/\\\/quehacerpolitico.mx\\\/?author=2\"}]}<\/script>\n<!-- \/ Yoast SEO plugin. -->","yoast_head_json":{"title":"Cumbre de las Am\u00e9ricas: Grave error, ausencia de AMLO en el evento, dicen senadores\u00a0 -","robots":{"index":"index","follow":"follow","max-snippet":"max-snippet:-1","max-image-preview":"max-image-preview:large","max-video-preview":"max-video-preview:-1"},"canonical":"https:\/\/quehacerpolitico.mx\/?p=92830","og_locale":"es_MX","og_type":"article","og_title":"Cumbre de las Am\u00e9ricas: Grave error, ausencia de AMLO en el evento, dicen senadores\u00a0 -","og_description":"Por Redacci\u00f3n QP Legisladores de oposici\u00f3n reprueban la conducta del Presidente, calificada de &#8220;caprichosa&#8221; Senadores...","og_url":"https:\/\/quehacerpolitico.mx\/?p=92830","article_published_time":"2022-06-06T23:00:51+00:00","article_modified_time":"2022-06-06T23:00:55+00:00","og_image":[{"width":1279,"height":694,"url":"https:\/\/quehacerpolitico.mx\/wp-content\/uploads\/2022\/06\/050F7296-A019-4395-98BF-A94D3C62749B.jpeg","type":"image\/jpeg"}],"author":"Redacci\u00f3n QP","twitter_card":"summary_large_image","twitter_misc":{"Escrito por":"Redacci\u00f3n QP","Tiempo de lectura":"2 minutos"},"schema":{"@context":"https:\/\/schema.org","@graph":[{"@type":"Article","@id":"https:\/\/quehacerpolitico.mx\/?p=92830#article","isPartOf":{"@id":"https:\/\/quehacerpolitico.mx\/?p=92830"},"author":{"name":"Redacci\u00f3n QP","@id":"https:\/\/quehacerpolitico.mx\/#\/schema\/person\/496d8ad2d1d3f8036101dca7ee39e585"},"headline":"Cumbre de las Am\u00e9ricas: Grave error, ausencia de AMLO en el evento, dicen senadores\u00a0","datePublished":"2022-06-06T23:00:51+00:00","dateModified":"2022-06-06T23:00:55+00:00","mainEntityOfPage":{"@id":"https:\/\/quehacerpolitico.mx\/?p=92830"},"wordCount":507,"commentCount":0,"image":{"@id":"https:\/\/quehacerpolitico.mx\/?p=92830#primaryimage"},"thumbnailUrl":"https:\/\/quehacerpolitico.mx\/wp-content\/uploads\/2022\/06\/050F7296-A019-4395-98BF-A94D3C62749B.jpeg","articleSection":["Noticias"],"inLanguage":"es","potentialAction":[{"@type":"CommentAction","name":"Comment","target":["https:\/\/quehacerpolitico.mx\/?p=92830#respond"]}]},{"@type":"WebPage","@id":"https:\/\/quehacerpolitico.mx\/?p=92830","url":"https:\/\/quehacerpolitico.mx\/?p=92830","name":"Cumbre de las Am\u00e9ricas: Grave error, ausencia de AMLO en el evento, dicen senadores\u00a0 -","isPartOf":{"@id":"https:\/\/quehacerpolitico.mx\/#website"},"primaryImageOfPage":{"@id":"https:\/\/quehacerpolitico.mx\/?p=92830#primaryimage"},"image":{"@id":"https:\/\/quehacerpolitico.mx\/?p=92830#primaryimage"},"thumbnailUrl":"https:\/\/quehacerpolitico.mx\/wp-content\/uploads\/2022\/06\/050F7296-A019-4395-98BF-A94D3C62749B.jpeg","datePublished":"2022-06-06T23:00:51+00:00","dateModified":"2022-06-06T23:00:55+00:00","author":{"@id":"https:\/\/quehacerpolitico.mx\/#\/schema\/person\/496d8ad2d1d3f8036101dca7ee39e585"},"breadcrumb":{"@id":"https:\/\/quehacerpolitico.mx\/?p=92830#breadcrumb"},"inLanguage":"es","potentialAction":[{"@type":"ReadAction","target":["https:\/\/quehacerpolitico.mx\/?p=92830"]}]},{"@type":"ImageObject","inLanguage":"es","@id":"https:\/\/quehacerpolitico.mx\/?p=92830#primaryimage","url":"https:\/\/quehacerpolitico.mx\/wp-content\/uploads\/2022\/06\/050F7296-A019-4395-98BF-A94D3C62749B.jpeg","contentUrl":"https:\/\/quehacerpolitico.mx\/wp-content\/uploads\/2022\/06\/050F7296-A019-4395-98BF-A94D3C62749B.jpeg","width":1279,"height":694},{"@type":"BreadcrumbList","@id":"https:\/\/quehacerpolitico.mx\/?p=92830#breadcrumb","itemListElement":[{"@type":"ListItem","position":1,"name":"Inicio","item":"https:\/\/quehacerpolitico.mx\/"},{"@type":"ListItem","position":2,"name":"Cumbre de las Am\u00e9ricas: Grave error, ausencia de AMLO en el evento, dicen senadores\u00a0"}]},{"@type":"WebSite","@id":"https:\/\/quehacerpolitico.mx\/#website","url":"https:\/\/quehacerpolitico.mx\/","name":"","description":"","potentialAction":[{"@type":"SearchAction","target":{"@type":"EntryPoint","urlTemplate":"https:\/\/quehacerpolitico.mx\/?s={search_term_string}"},"query-input":{"@type":"PropertyValueSpecification","valueRequired":true,"valueName":"search_term_string"}}],"inLanguage":"es"},{"@type":"Person","@id":"https:\/\/quehacerpolitico.mx\/#\/schema\/person\/496d8ad2d1d3f8036101dca7ee39e585","name":"Redacci\u00f3n QP","image":{"@type":"ImageObject","inLanguage":"es","@id":"https:\/\/secure.gravatar.com\/avatar\/c7164ed6fdec453195284ad24a5ae5b6e1eed2b848477fa2a4787ba9adf39a41?s=96&d=mm&r=g","url":"https:\/\/secure.gravatar.com\/avatar\/c7164ed6fdec453195284ad24a5ae5b6e1eed2b848477fa2a4787ba9adf39a41?s=96&d=mm&r=g","contentUrl":"https:\/\/secure.gravatar.com\/avatar\/c7164ed6fdec453195284ad24a5ae5b6e1eed2b848477fa2a4787ba9adf39a41?s=96&d=mm&r=g","caption":"Redacci\u00f3n QP"},"url":"https:\/\/quehacerpolitico.mx\/?author=2"}]}},"featured_image_urls":{"full":["https:\/\/quehacerpolitico.mx\/wp-content\/uploads\/2022\/06\/050F7296-A019-4395-98BF-A94D3C62749B.jpeg",1279,694,false],"thumbnail":["https:\/\/quehacerpolitico.mx\/wp-content\/uploads\/2022\/06\/050F7296-A019-4395-98BF-A94D3C62749B-150x150.jpeg",150,150,true],"medium":["https:\/\/quehacerpolitico.mx\/wp-content\/uploads\/2022\/06\/050F7296-A019-4395-98BF-A94D3C62749B-300x163.jpeg",300,163,true],"medium_large":["https:\/\/quehacerpolitico.mx\/wp-content\/uploads\/2022\/06\/050F7296-A019-4395-98BF-A94D3C62749B-768x417.jpeg",640,348,true],"large":["https:\/\/quehacerpolitico.mx\/wp-content\/uploads\/2022\/06\/050F7296-A019-4395-98BF-A94D3C62749B-1024x556.jpeg",640,348,true],"1536x1536":["https:\/\/quehacerpolitico.mx\/wp-content\/uploads\/2022\/06\/050F7296-A019-4395-98BF-A94D3C62749B.jpeg",1279,694,false],"2048x2048":["https:\/\/quehacerpolitico.mx\/wp-content\/uploads\/2022\/06\/050F7296-A019-4395-98BF-A94D3C62749B.jpeg",1279,694,false],"covernews-featured":["https:\/\/quehacerpolitico.mx\/wp-content\/uploads\/2022\/06\/050F7296-A019-4395-98BF-A94D3C62749B.jpeg",1024,556,false],"covernews-medium":["https:\/\/quehacerpolitico.mx\/wp-content\/uploads\/2022\/06\/050F7296-A019-4395-98BF-A94D3C62749B.jpeg",540,293,false]},"author_info":{"display_name":"Redacci\u00f3n QP","author_link":"https:\/\/quehacerpolitico.mx\/?author=2"},"category_info":"<a href=\"https:\/\/quehacerpolitico.mx\/?cat=2\" rel=\"category\">Noticias<\/a>","tag_info":"Noticias","comment_count":"0","_links":{"self":[{"href":"https:\/\/quehacerpolitico.mx\/index.php?rest_route=\/wp\/v2\/posts\/92830","targetHints":{"allow":["GET"]}}],"collection":[{"href":"https:\/\/quehacerpolitico.mx\/index.php?rest_route=\/wp\/v2\/posts"}],"about":[{"href":"https:\/\/quehacerpolitico.mx\/index.php?rest_route=\/wp\/v2\/types\/post"}],"author":[{"embeddable":true,"href":"https:\/\/quehacerpolitico.mx\/index.php?rest_route=\/wp\/v2\/users\/2"}],"replies":[{"embeddable":true,"href":"https:\/\/quehacerpolitico.mx\/index.php?rest_route=%2Fwp%2Fv2%2Fcomments&post=92830"}],"version-history":[{"count":1,"href":"https:\/\/quehacerpolitico.mx\/index.php?rest_route=\/wp\/v2\/posts\/92830\/revisions"}],"predecessor-version":[{"id":92832,"href":"https:\/\/quehacerpolitico.mx\/index.php?rest_route=\/wp\/v2\/posts\/92830\/revisions\/92832"}],"wp:featuredmedia":[{"embeddable":true,"href":"https:\/\/quehacerpolitico.mx\/index.php?rest_route=\/wp\/v2\/media\/92831"}],"wp:attachment":[{"href":"https:\/\/quehacerpolitico.mx\/index.php?rest_route=%2Fwp%2Fv2%2Fmedia&parent=92830"}],"wp:term":[{"taxonomy":"category","embeddable":true,"href":"https:\/\/quehacerpolitico.mx\/index.php?rest_route=%2Fwp%2Fv2%2Fcategories&post=92830"},{"taxonomy":"post_tag","embeddable":true,"href":"https:\/\/quehacerpolitico.mx\/index.php?rest_route=%2Fwp%2Fv2%2Ftags&post=92830"}],"curies":[{"name":"wp","href":"https:\/\/api.w.org\/{rel}","templated":true}]}}