{"id":92824,"date":"2022-06-06T22:28:36","date_gmt":"2022-06-06T22:28:36","guid":{"rendered":"https:\/\/quehacerpolitico.mx\/?p=92824"},"modified":"2022-06-06T22:28:42","modified_gmt":"2022-06-06T22:28:42","slug":"norona-se-lanza-contra-morena-les-haria-bien-un-poco-de-humildad","status":"publish","type":"post","link":"https:\/\/quehacerpolitico.mx\/?p=92824","title":{"rendered":"Noro\u00f1a se lanza contra Morena: &#8220;Les har\u00eda bien un poco de humildad&#8221;\u00a0"},"content":{"rendered":"\n<p>Por Redacci\u00f3n QP<\/p>\n\n\n\n<p>El diputado del PT, Gerardo Fern\u00e1ndez Noro\u00f1a pidi\u00f3 a los morenistas ser m\u00e1s humildes, y recordar que el triunfo en las urnas no s\u00f3lo es de ellos<\/p>\n\n\n\n<p>El diputado del Partido del Trabajo, Gerardo Fern\u00e1ndez Noro\u00f1a, se lanz\u00f3 contra los integrantes de Morena pese a que la coalici\u00f3n Juntos Hacemos Historia sali\u00f3 victoriosa tras las elecciones que se llevaron a cabo ayer domingo, donde el bloque opositor se llev\u00f3 cuatro de las seis gubernaturas en juego.\u00a0<\/p>\n\n\n\n<p>A trav\u00e9s de Twitter,<strong>\u00a0Noro\u00f1a pidi\u00f3 a los morenistas ser m\u00e1s humildes, y recordar que el triunfo en las urnas no s\u00f3lo es de ellos<\/strong>.<\/p>\n\n\n\n<p>\u201cA los compa\u00f1eros de @PartidoMorenaMx les har\u00eda bien un poco de humildad, reconociendo que gan\u00f3 la coalici\u00f3n y no s\u00f3lo el partido mayoritario\u201d, asegur\u00f3 el legislador.<\/p>\n\n\n\n<figure class=\"wp-block-embed is-type-rich is-provider-twitter wp-block-embed-twitter\"><div class=\"wp-block-embed__wrapper\">\n<blockquote class=\"twitter-tweet\" data-width=\"550\" data-dnt=\"true\"><p lang=\"es\" dir=\"ltr\">A los compa\u00f1eros de <a href=\"https:\/\/twitter.com\/PartidoMorenaMx?ref_src=twsrc%5Etfw\">@PartidoMorenaMx<\/a> les har\u00eda bien un poco de humildad, reconociendo que gan\u00f3 la coalici\u00f3n y no s\u00f3lo el partido mayoritario.<\/p>&mdash; Fern\u00e1ndez Noro\u00f1a (@fernandeznorona) <a href=\"https:\/\/twitter.com\/fernandeznorona\/status\/1533646824199729152?ref_src=twsrc%5Etfw\">June 6, 2022<\/a><\/blockquote><script async src=\"https:\/\/platform.twitter.com\/widgets.js\" charset=\"utf-8\"><\/script>\n<\/div><\/figure>\n\n\n\n<p>Cabe resaltar que la coalici\u00f3n electoral Juntos Hacemos Historia la integran los partidos Morena, Partido Verde, Partido del Trabajo y Nueva Alianza.<\/p>\n\n\n\n<p>Pese a esta dura cr\u00edtica,<strong>\u00a0Noro\u00f1a se ha dado a la tarea de mofarse de los partidos opositores, PRI, PAN, y PRD<\/strong>, que s\u00f3lo ganaron en Aguascalientes y Durango, pero perdieron dos grandes bastiones: Oaxaca e Hidalgo.<\/p>\n\n\n\n<figure class=\"wp-block-embed is-type-rich is-provider-twitter wp-block-embed-twitter\"><div class=\"wp-block-embed__wrapper\">\n<blockquote class=\"twitter-tweet\" data-width=\"550\" data-dnt=\"true\"><p lang=\"es\" dir=\"ltr\">De entrada pierden cuatro de seis gobernaturas que ten\u00edan, encima cuatro de seis con los padrones electorales m\u00e1s grandes de los seis estados en disputa. Y el gerentillo del se\u00f1orXJr <a href=\"https:\/\/twitter.com\/ClaudioXGG?ref_src=twsrc%5Etfw\">@ClaudioXGG<\/a> \u00a1celebra! \u00a1Do babes!<\/p>&mdash; Fern\u00e1ndez Noro\u00f1a (@fernandeznorona) <a href=\"https:\/\/twitter.com\/fernandeznorona\/status\/1533649836674719745?ref_src=twsrc%5Etfw\">June 6, 2022<\/a><\/blockquote><script async src=\"https:\/\/platform.twitter.com\/widgets.js\" charset=\"utf-8\"><\/script>\n<\/div><\/figure>\n","protected":false},"excerpt":{"rendered":"<p>Por Redacci\u00f3n QP El diputado del PT, Gerardo Fern\u00e1ndez Noro\u00f1a pidi\u00f3 a los morenistas ser&#8230;<\/p>\n","protected":false},"author":2,"featured_media":92825,"comment_status":"open","ping_status":"open","sticky":false,"template":"","format":"standard","meta":{"_monsterinsights_skip_tracking":false,"_monsterinsights_sitenote_active":false,"_monsterinsights_sitenote_note":"","_monsterinsights_sitenote_category":0,"footnotes":""},"categories":[2],"tags":[],"class_list":["post-92824","post","type-post","status-publish","format-standard","has-post-thumbnail","hentry","category-noticias"],"yoast_head":"<!-- This site is optimized with the Yoast SEO plugin v27.3 - https:\/\/yoast.com\/product\/yoast-seo-wordpress\/ -->\n<title>Noro\u00f1a se lanza contra Morena: &quot;Les har\u00eda bien un poco de humildad&quot;\u00a0 -<\/title>\n<meta name=\"robots\" content=\"index, follow, max-snippet:-1, max-image-preview:large, max-video-preview:-1\" \/>\n<link rel=\"canonical\" href=\"https:\/\/quehacerpolitico.mx\/?p=92824\" \/>\n<meta property=\"og:locale\" content=\"es_MX\" \/>\n<meta property=\"og:type\" content=\"article\" \/>\n<meta property=\"og:title\" content=\"Noro\u00f1a se lanza contra Morena: &quot;Les har\u00eda bien un poco de humildad&quot;\u00a0 -\" \/>\n<meta property=\"og:description\" content=\"Por Redacci\u00f3n QP El diputado del PT, Gerardo Fern\u00e1ndez Noro\u00f1a pidi\u00f3 a los morenistas ser...\" \/>\n<meta property=\"og:url\" content=\"https:\/\/quehacerpolitico.mx\/?p=92824\" \/>\n<meta property=\"article:published_time\" content=\"2022-06-06T22:28:36+00:00\" \/>\n<meta property=\"article:modified_time\" content=\"2022-06-06T22:28:42+00:00\" \/>\n<meta property=\"og:image\" content=\"https:\/\/quehacerpolitico.mx\/wp-content\/uploads\/2022\/06\/988C1DA2-820C-4AE4-A532-6F4BE1B6398E.jpeg\" \/>\n\t<meta property=\"og:image:width\" content=\"765\" \/>\n\t<meta property=\"og:image:height\" content=\"401\" \/>\n\t<meta property=\"og:image:type\" content=\"image\/jpeg\" \/>\n<meta name=\"author\" content=\"Redacci\u00f3n QP\" \/>\n<meta name=\"twitter:card\" content=\"summary_large_image\" \/>\n<meta name=\"twitter:label1\" content=\"Escrito por\" \/>\n\t<meta name=\"twitter:data1\" content=\"Redacci\u00f3n QP\" \/>\n\t<meta name=\"twitter:label2\" content=\"Tiempo de lectura\" \/>\n\t<meta name=\"twitter:data2\" content=\"1 minuto\" \/>\n<script type=\"application\/ld+json\" class=\"yoast-schema-graph\">{\"@context\":\"https:\\\/\\\/schema.org\",\"@graph\":[{\"@type\":\"Article\",\"@id\":\"https:\\\/\\\/quehacerpolitico.mx\\\/?p=92824#article\",\"isPartOf\":{\"@id\":\"https:\\\/\\\/quehacerpolitico.mx\\\/?p=92824\"},\"author\":{\"name\":\"Redacci\u00f3n QP\",\"@id\":\"https:\\\/\\\/quehacerpolitico.mx\\\/#\\\/schema\\\/person\\\/496d8ad2d1d3f8036101dca7ee39e585\"},\"headline\":\"Noro\u00f1a se lanza contra Morena: &#8220;Les har\u00eda bien un poco de humildad&#8221;\u00a0\",\"datePublished\":\"2022-06-06T22:28:36+00:00\",\"dateModified\":\"2022-06-06T22:28:42+00:00\",\"mainEntityOfPage\":{\"@id\":\"https:\\\/\\\/quehacerpolitico.mx\\\/?p=92824\"},\"wordCount\":251,\"commentCount\":0,\"image\":{\"@id\":\"https:\\\/\\\/quehacerpolitico.mx\\\/?p=92824#primaryimage\"},\"thumbnailUrl\":\"https:\\\/\\\/quehacerpolitico.mx\\\/wp-content\\\/uploads\\\/2022\\\/06\\\/988C1DA2-820C-4AE4-A532-6F4BE1B6398E.jpeg\",\"articleSection\":[\"Noticias\"],\"inLanguage\":\"es\",\"potentialAction\":[{\"@type\":\"CommentAction\",\"name\":\"Comment\",\"target\":[\"https:\\\/\\\/quehacerpolitico.mx\\\/?p=92824#respond\"]}]},{\"@type\":\"WebPage\",\"@id\":\"https:\\\/\\\/quehacerpolitico.mx\\\/?p=92824\",\"url\":\"https:\\\/\\\/quehacerpolitico.mx\\\/?p=92824\",\"name\":\"Noro\u00f1a se lanza contra Morena: \\\"Les har\u00eda bien un poco de humildad\\\"\u00a0 -\",\"isPartOf\":{\"@id\":\"https:\\\/\\\/quehacerpolitico.mx\\\/#website\"},\"primaryImageOfPage\":{\"@id\":\"https:\\\/\\\/quehacerpolitico.mx\\\/?p=92824#primaryimage\"},\"image\":{\"@id\":\"https:\\\/\\\/quehacerpolitico.mx\\\/?p=92824#primaryimage\"},\"thumbnailUrl\":\"https:\\\/\\\/quehacerpolitico.mx\\\/wp-content\\\/uploads\\\/2022\\\/06\\\/988C1DA2-820C-4AE4-A532-6F4BE1B6398E.jpeg\",\"datePublished\":\"2022-06-06T22:28:36+00:00\",\"dateModified\":\"2022-06-06T22:28:42+00:00\",\"author\":{\"@id\":\"https:\\\/\\\/quehacerpolitico.mx\\\/#\\\/schema\\\/person\\\/496d8ad2d1d3f8036101dca7ee39e585\"},\"breadcrumb\":{\"@id\":\"https:\\\/\\\/quehacerpolitico.mx\\\/?p=92824#breadcrumb\"},\"inLanguage\":\"es\",\"potentialAction\":[{\"@type\":\"ReadAction\",\"target\":[\"https:\\\/\\\/quehacerpolitico.mx\\\/?p=92824\"]}]},{\"@type\":\"ImageObject\",\"inLanguage\":\"es\",\"@id\":\"https:\\\/\\\/quehacerpolitico.mx\\\/?p=92824#primaryimage\",\"url\":\"https:\\\/\\\/quehacerpolitico.mx\\\/wp-content\\\/uploads\\\/2022\\\/06\\\/988C1DA2-820C-4AE4-A532-6F4BE1B6398E.jpeg\",\"contentUrl\":\"https:\\\/\\\/quehacerpolitico.mx\\\/wp-content\\\/uploads\\\/2022\\\/06\\\/988C1DA2-820C-4AE4-A532-6F4BE1B6398E.jpeg\",\"width\":765,\"height\":401},{\"@type\":\"BreadcrumbList\",\"@id\":\"https:\\\/\\\/quehacerpolitico.mx\\\/?p=92824#breadcrumb\",\"itemListElement\":[{\"@type\":\"ListItem\",\"position\":1,\"name\":\"Inicio\",\"item\":\"https:\\\/\\\/quehacerpolitico.mx\\\/\"},{\"@type\":\"ListItem\",\"position\":2,\"name\":\"Noro\u00f1a se lanza contra Morena: &#8220;Les har\u00eda bien un poco de humildad&#8221;\u00a0\"}]},{\"@type\":\"WebSite\",\"@id\":\"https:\\\/\\\/quehacerpolitico.mx\\\/#website\",\"url\":\"https:\\\/\\\/quehacerpolitico.mx\\\/\",\"name\":\"\",\"description\":\"\",\"potentialAction\":[{\"@type\":\"SearchAction\",\"target\":{\"@type\":\"EntryPoint\",\"urlTemplate\":\"https:\\\/\\\/quehacerpolitico.mx\\\/?s={search_term_string}\"},\"query-input\":{\"@type\":\"PropertyValueSpecification\",\"valueRequired\":true,\"valueName\":\"search_term_string\"}}],\"inLanguage\":\"es\"},{\"@type\":\"Person\",\"@id\":\"https:\\\/\\\/quehacerpolitico.mx\\\/#\\\/schema\\\/person\\\/496d8ad2d1d3f8036101dca7ee39e585\",\"name\":\"Redacci\u00f3n QP\",\"image\":{\"@type\":\"ImageObject\",\"inLanguage\":\"es\",\"@id\":\"https:\\\/\\\/secure.gravatar.com\\\/avatar\\\/c7164ed6fdec453195284ad24a5ae5b6e1eed2b848477fa2a4787ba9adf39a41?s=96&d=mm&r=g\",\"url\":\"https:\\\/\\\/secure.gravatar.com\\\/avatar\\\/c7164ed6fdec453195284ad24a5ae5b6e1eed2b848477fa2a4787ba9adf39a41?s=96&d=mm&r=g\",\"contentUrl\":\"https:\\\/\\\/secure.gravatar.com\\\/avatar\\\/c7164ed6fdec453195284ad24a5ae5b6e1eed2b848477fa2a4787ba9adf39a41?s=96&d=mm&r=g\",\"caption\":\"Redacci\u00f3n QP\"},\"url\":\"https:\\\/\\\/quehacerpolitico.mx\\\/?author=2\"}]}<\/script>\n<!-- \/ Yoast SEO plugin. -->","yoast_head_json":{"title":"Noro\u00f1a se lanza contra Morena: \"Les har\u00eda bien un poco de humildad\"\u00a0 -","robots":{"index":"index","follow":"follow","max-snippet":"max-snippet:-1","max-image-preview":"max-image-preview:large","max-video-preview":"max-video-preview:-1"},"canonical":"https:\/\/quehacerpolitico.mx\/?p=92824","og_locale":"es_MX","og_type":"article","og_title":"Noro\u00f1a se lanza contra Morena: \"Les har\u00eda bien un poco de humildad\"\u00a0 -","og_description":"Por Redacci\u00f3n QP El diputado del PT, Gerardo Fern\u00e1ndez Noro\u00f1a pidi\u00f3 a los morenistas ser...","og_url":"https:\/\/quehacerpolitico.mx\/?p=92824","article_published_time":"2022-06-06T22:28:36+00:00","article_modified_time":"2022-06-06T22:28:42+00:00","og_image":[{"width":765,"height":401,"url":"https:\/\/quehacerpolitico.mx\/wp-content\/uploads\/2022\/06\/988C1DA2-820C-4AE4-A532-6F4BE1B6398E.jpeg","type":"image\/jpeg"}],"author":"Redacci\u00f3n QP","twitter_card":"summary_large_image","twitter_misc":{"Escrito por":"Redacci\u00f3n QP","Tiempo de lectura":"1 minuto"},"schema":{"@context":"https:\/\/schema.org","@graph":[{"@type":"Article","@id":"https:\/\/quehacerpolitico.mx\/?p=92824#article","isPartOf":{"@id":"https:\/\/quehacerpolitico.mx\/?p=92824"},"author":{"name":"Redacci\u00f3n QP","@id":"https:\/\/quehacerpolitico.mx\/#\/schema\/person\/496d8ad2d1d3f8036101dca7ee39e585"},"headline":"Noro\u00f1a se lanza contra Morena: &#8220;Les har\u00eda bien un poco de humildad&#8221;\u00a0","datePublished":"2022-06-06T22:28:36+00:00","dateModified":"2022-06-06T22:28:42+00:00","mainEntityOfPage":{"@id":"https:\/\/quehacerpolitico.mx\/?p=92824"},"wordCount":251,"commentCount":0,"image":{"@id":"https:\/\/quehacerpolitico.mx\/?p=92824#primaryimage"},"thumbnailUrl":"https:\/\/quehacerpolitico.mx\/wp-content\/uploads\/2022\/06\/988C1DA2-820C-4AE4-A532-6F4BE1B6398E.jpeg","articleSection":["Noticias"],"inLanguage":"es","potentialAction":[{"@type":"CommentAction","name":"Comment","target":["https:\/\/quehacerpolitico.mx\/?p=92824#respond"]}]},{"@type":"WebPage","@id":"https:\/\/quehacerpolitico.mx\/?p=92824","url":"https:\/\/quehacerpolitico.mx\/?p=92824","name":"Noro\u00f1a se lanza contra Morena: \"Les har\u00eda bien un poco de humildad\"\u00a0 -","isPartOf":{"@id":"https:\/\/quehacerpolitico.mx\/#website"},"primaryImageOfPage":{"@id":"https:\/\/quehacerpolitico.mx\/?p=92824#primaryimage"},"image":{"@id":"https:\/\/quehacerpolitico.mx\/?p=92824#primaryimage"},"thumbnailUrl":"https:\/\/quehacerpolitico.mx\/wp-content\/uploads\/2022\/06\/988C1DA2-820C-4AE4-A532-6F4BE1B6398E.jpeg","datePublished":"2022-06-06T22:28:36+00:00","dateModified":"2022-06-06T22:28:42+00:00","author":{"@id":"https:\/\/quehacerpolitico.mx\/#\/schema\/person\/496d8ad2d1d3f8036101dca7ee39e585"},"breadcrumb":{"@id":"https:\/\/quehacerpolitico.mx\/?p=92824#breadcrumb"},"inLanguage":"es","potentialAction":[{"@type":"ReadAction","target":["https:\/\/quehacerpolitico.mx\/?p=92824"]}]},{"@type":"ImageObject","inLanguage":"es","@id":"https:\/\/quehacerpolitico.mx\/?p=92824#primaryimage","url":"https:\/\/quehacerpolitico.mx\/wp-content\/uploads\/2022\/06\/988C1DA2-820C-4AE4-A532-6F4BE1B6398E.jpeg","contentUrl":"https:\/\/quehacerpolitico.mx\/wp-content\/uploads\/2022\/06\/988C1DA2-820C-4AE4-A532-6F4BE1B6398E.jpeg","width":765,"height":401},{"@type":"BreadcrumbList","@id":"https:\/\/quehacerpolitico.mx\/?p=92824#breadcrumb","itemListElement":[{"@type":"ListItem","position":1,"name":"Inicio","item":"https:\/\/quehacerpolitico.mx\/"},{"@type":"ListItem","position":2,"name":"Noro\u00f1a se lanza contra Morena: &#8220;Les har\u00eda bien un poco de humildad&#8221;\u00a0"}]},{"@type":"WebSite","@id":"https:\/\/quehacerpolitico.mx\/#website","url":"https:\/\/quehacerpolitico.mx\/","name":"","description":"","potentialAction":[{"@type":"SearchAction","target":{"@type":"EntryPoint","urlTemplate":"https:\/\/quehacerpolitico.mx\/?s={search_term_string}"},"query-input":{"@type":"PropertyValueSpecification","valueRequired":true,"valueName":"search_term_string"}}],"inLanguage":"es"},{"@type":"Person","@id":"https:\/\/quehacerpolitico.mx\/#\/schema\/person\/496d8ad2d1d3f8036101dca7ee39e585","name":"Redacci\u00f3n QP","image":{"@type":"ImageObject","inLanguage":"es","@id":"https:\/\/secure.gravatar.com\/avatar\/c7164ed6fdec453195284ad24a5ae5b6e1eed2b848477fa2a4787ba9adf39a41?s=96&d=mm&r=g","url":"https:\/\/secure.gravatar.com\/avatar\/c7164ed6fdec453195284ad24a5ae5b6e1eed2b848477fa2a4787ba9adf39a41?s=96&d=mm&r=g","contentUrl":"https:\/\/secure.gravatar.com\/avatar\/c7164ed6fdec453195284ad24a5ae5b6e1eed2b848477fa2a4787ba9adf39a41?s=96&d=mm&r=g","caption":"Redacci\u00f3n QP"},"url":"https:\/\/quehacerpolitico.mx\/?author=2"}]}},"featured_image_urls":{"full":["https:\/\/quehacerpolitico.mx\/wp-content\/uploads\/2022\/06\/988C1DA2-820C-4AE4-A532-6F4BE1B6398E.jpeg",765,401,false],"thumbnail":["https:\/\/quehacerpolitico.mx\/wp-content\/uploads\/2022\/06\/988C1DA2-820C-4AE4-A532-6F4BE1B6398E-150x150.jpeg",150,150,true],"medium":["https:\/\/quehacerpolitico.mx\/wp-content\/uploads\/2022\/06\/988C1DA2-820C-4AE4-A532-6F4BE1B6398E-300x157.jpeg",300,157,true],"medium_large":["https:\/\/quehacerpolitico.mx\/wp-content\/uploads\/2022\/06\/988C1DA2-820C-4AE4-A532-6F4BE1B6398E.jpeg",640,335,false],"large":["https:\/\/quehacerpolitico.mx\/wp-content\/uploads\/2022\/06\/988C1DA2-820C-4AE4-A532-6F4BE1B6398E.jpeg",640,335,false],"1536x1536":["https:\/\/quehacerpolitico.mx\/wp-content\/uploads\/2022\/06\/988C1DA2-820C-4AE4-A532-6F4BE1B6398E.jpeg",765,401,false],"2048x2048":["https:\/\/quehacerpolitico.mx\/wp-content\/uploads\/2022\/06\/988C1DA2-820C-4AE4-A532-6F4BE1B6398E.jpeg",765,401,false],"covernews-featured":["https:\/\/quehacerpolitico.mx\/wp-content\/uploads\/2022\/06\/988C1DA2-820C-4AE4-A532-6F4BE1B6398E.jpeg",765,401,false],"covernews-medium":["https:\/\/quehacerpolitico.mx\/wp-content\/uploads\/2022\/06\/988C1DA2-820C-4AE4-A532-6F4BE1B6398E.jpeg",540,283,false]},"author_info":{"display_name":"Redacci\u00f3n QP","author_link":"https:\/\/quehacerpolitico.mx\/?author=2"},"category_info":"<a href=\"https:\/\/quehacerpolitico.mx\/?cat=2\" rel=\"category\">Noticias<\/a>","tag_info":"Noticias","comment_count":"0","_links":{"self":[{"href":"https:\/\/quehacerpolitico.mx\/index.php?rest_route=\/wp\/v2\/posts\/92824","targetHints":{"allow":["GET"]}}],"collection":[{"href":"https:\/\/quehacerpolitico.mx\/index.php?rest_route=\/wp\/v2\/posts"}],"about":[{"href":"https:\/\/quehacerpolitico.mx\/index.php?rest_route=\/wp\/v2\/types\/post"}],"author":[{"embeddable":true,"href":"https:\/\/quehacerpolitico.mx\/index.php?rest_route=\/wp\/v2\/users\/2"}],"replies":[{"embeddable":true,"href":"https:\/\/quehacerpolitico.mx\/index.php?rest_route=%2Fwp%2Fv2%2Fcomments&post=92824"}],"version-history":[{"count":1,"href":"https:\/\/quehacerpolitico.mx\/index.php?rest_route=\/wp\/v2\/posts\/92824\/revisions"}],"predecessor-version":[{"id":92826,"href":"https:\/\/quehacerpolitico.mx\/index.php?rest_route=\/wp\/v2\/posts\/92824\/revisions\/92826"}],"wp:featuredmedia":[{"embeddable":true,"href":"https:\/\/quehacerpolitico.mx\/index.php?rest_route=\/wp\/v2\/media\/92825"}],"wp:attachment":[{"href":"https:\/\/quehacerpolitico.mx\/index.php?rest_route=%2Fwp%2Fv2%2Fmedia&parent=92824"}],"wp:term":[{"taxonomy":"category","embeddable":true,"href":"https:\/\/quehacerpolitico.mx\/index.php?rest_route=%2Fwp%2Fv2%2Fcategories&post=92824"},{"taxonomy":"post_tag","embeddable":true,"href":"https:\/\/quehacerpolitico.mx\/index.php?rest_route=%2Fwp%2Fv2%2Ftags&post=92824"}],"curies":[{"name":"wp","href":"https:\/\/api.w.org\/{rel}","templated":true}]}}