{"id":92818,"date":"2022-06-06T21:48:36","date_gmt":"2022-06-06T21:48:36","guid":{"rendered":"https:\/\/quehacerpolitico.mx\/?p=92818"},"modified":"2022-06-06T21:48:39","modified_gmt":"2022-06-06T21:48:39","slug":"de-terror-cae-hombre-que-descuartizo-a-su-vecino","status":"publish","type":"post","link":"https:\/\/quehacerpolitico.mx\/?p=92818","title":{"rendered":"\u00a1De terror! Cae hombre que descuartiz\u00f3 a su vecino\u00a0"},"content":{"rendered":"\n<p>Por Redacci\u00f3n QP<\/p>\n\n\n\n<p>Las primeras investigaciones apuntan a que el homicidio deriv\u00f3 de una disputa entre vecinos<\/p>\n\n\n\n<p>Elementos de la Secretar\u00eda de Seguridad Ciudadana detuvieron a una persona,\u00a0<strong>sospechosa\u00a0de asesinar a uno de sus vecinos, para despu\u00e9s desmembrarlo con un serrucho de carpintero y luego, en su bicicleta, esparcir los restos de la v\u00edctima en las inmediaciones de las alcald\u00edas Coyoac\u00e1n e Iztapalapa<\/strong>.<\/p>\n\n\n\n<p><strong>Algunos de esos restos fueron encontrados ayer domingo en los alrededores del poblado de Culhuac\u00e1n<\/strong>.<\/p>\n\n\n\n<p><strong>Las primeras investigaciones apuntan a que el homicidio deriv\u00f3 de una disputa entre vecinos<\/strong>.<\/p>\n\n\n\n<p>Un seguimiento a distintas c\u00e1maras del C-5 capt\u00f3 el momento en que el agresor identificado como Carlos &#8220;N&#8221;, luego de asesinar a su vecino de nombre Jes\u00fas, se llev\u00f3 el cad\u00e1ver a su vivienda, ah\u00ed aparentemente lo desmembr\u00f3 y luego,\u00a0<strong>en una maleta coloc\u00f3 los brazos y piernas; se subi\u00f3 a su bicicleta y dej\u00f3 esos restos en la frontera entre Iztapalapa y Coyoac\u00e1n<\/strong>.<\/p>\n\n\n\n<figure class=\"wp-block-embed is-type-rich is-provider-twitter wp-block-embed-twitter\"><div class=\"wp-block-embed__wrapper\">\nhttps:\/\/twitter.com\/c4jimenez\/status\/1533832124436033539?s=21&#038;t=f9n6LzCgioX8vqUeMo_V0g\n<\/div><\/figure>\n\n\n\n<p>Luego regres\u00f3 y en otra bolsa, coloc\u00f3 la cabeza y otros restos, abord\u00f3 un taxi y estos, los dej\u00f3 en las inmediaciones de Coyoac\u00e1n.<\/p>\n\n\n\n<figure class=\"wp-block-embed is-type-rich is-provider-twitter wp-block-embed-twitter\"><div class=\"wp-block-embed__wrapper\">\nhttps:\/\/twitter.com\/c4jimenez\/status\/1533838381645447169?s=21&#038;t=f9n6LzCgioX8vqUeMo_V0g\n<\/div><\/figure>\n\n\n\n<p>Cuando los agentes de investigaci\u00f3n\u00a0<strong>inspeccionaron el domicilio del descuartizador, encontraron el torso, otros restos<\/strong>, as\u00ed como el material que utiliz\u00f3 para desmembrar a su vecino.<\/p>\n\n\n\n<p>Con informaci\u00f3n de SUN<\/p>\n","protected":false},"excerpt":{"rendered":"<p>Por Redacci\u00f3n QP Las primeras investigaciones apuntan a que el homicidio deriv\u00f3 de una disputa&#8230;<\/p>\n","protected":false},"author":2,"featured_media":92819,"comment_status":"open","ping_status":"open","sticky":false,"template":"","format":"standard","meta":{"_monsterinsights_skip_tracking":false,"_monsterinsights_sitenote_active":false,"_monsterinsights_sitenote_note":"","_monsterinsights_sitenote_category":0,"footnotes":""},"categories":[55],"tags":[],"class_list":["post-92818","post","type-post","status-publish","format-standard","has-post-thumbnail","hentry","category-cdmx"],"yoast_head":"<!-- This site is optimized with the Yoast SEO plugin v27.3 - https:\/\/yoast.com\/product\/yoast-seo-wordpress\/ -->\n<title>\u00a1De terror! Cae hombre que descuartiz\u00f3 a su vecino\u00a0 -<\/title>\n<meta name=\"robots\" content=\"index, follow, max-snippet:-1, max-image-preview:large, max-video-preview:-1\" \/>\n<link rel=\"canonical\" href=\"https:\/\/quehacerpolitico.mx\/?p=92818\" \/>\n<meta property=\"og:locale\" content=\"es_MX\" \/>\n<meta property=\"og:type\" content=\"article\" \/>\n<meta property=\"og:title\" content=\"\u00a1De terror! Cae hombre que descuartiz\u00f3 a su vecino\u00a0 -\" \/>\n<meta property=\"og:description\" content=\"Por Redacci\u00f3n QP Las primeras investigaciones apuntan a que el homicidio deriv\u00f3 de una disputa...\" \/>\n<meta property=\"og:url\" content=\"https:\/\/quehacerpolitico.mx\/?p=92818\" \/>\n<meta property=\"article:published_time\" content=\"2022-06-06T21:48:36+00:00\" \/>\n<meta property=\"article:modified_time\" content=\"2022-06-06T21:48:39+00:00\" \/>\n<meta property=\"og:image\" content=\"https:\/\/quehacerpolitico.mx\/wp-content\/uploads\/2022\/06\/B1AEA70B-951C-49C7-8A81-B33D1D44BC63.jpeg\" \/>\n\t<meta property=\"og:image:width\" content=\"1059\" \/>\n\t<meta property=\"og:image:height\" content=\"1126\" \/>\n\t<meta property=\"og:image:type\" content=\"image\/jpeg\" \/>\n<meta name=\"author\" content=\"Redacci\u00f3n QP\" \/>\n<meta name=\"twitter:card\" content=\"summary_large_image\" \/>\n<meta name=\"twitter:label1\" content=\"Escrito por\" \/>\n\t<meta name=\"twitter:data1\" content=\"Redacci\u00f3n QP\" \/>\n\t<meta name=\"twitter:label2\" content=\"Tiempo de lectura\" \/>\n\t<meta name=\"twitter:data2\" content=\"1 minuto\" \/>\n<script type=\"application\/ld+json\" class=\"yoast-schema-graph\">{\"@context\":\"https:\\\/\\\/schema.org\",\"@graph\":[{\"@type\":\"Article\",\"@id\":\"https:\\\/\\\/quehacerpolitico.mx\\\/?p=92818#article\",\"isPartOf\":{\"@id\":\"https:\\\/\\\/quehacerpolitico.mx\\\/?p=92818\"},\"author\":{\"name\":\"Redacci\u00f3n QP\",\"@id\":\"https:\\\/\\\/quehacerpolitico.mx\\\/#\\\/schema\\\/person\\\/496d8ad2d1d3f8036101dca7ee39e585\"},\"headline\":\"\u00a1De terror! Cae hombre que descuartiz\u00f3 a su vecino\u00a0\",\"datePublished\":\"2022-06-06T21:48:36+00:00\",\"dateModified\":\"2022-06-06T21:48:39+00:00\",\"mainEntityOfPage\":{\"@id\":\"https:\\\/\\\/quehacerpolitico.mx\\\/?p=92818\"},\"wordCount\":264,\"commentCount\":0,\"image\":{\"@id\":\"https:\\\/\\\/quehacerpolitico.mx\\\/?p=92818#primaryimage\"},\"thumbnailUrl\":\"https:\\\/\\\/quehacerpolitico.mx\\\/wp-content\\\/uploads\\\/2022\\\/06\\\/B1AEA70B-951C-49C7-8A81-B33D1D44BC63.jpeg\",\"articleSection\":[\"CDMX\"],\"inLanguage\":\"es\",\"potentialAction\":[{\"@type\":\"CommentAction\",\"name\":\"Comment\",\"target\":[\"https:\\\/\\\/quehacerpolitico.mx\\\/?p=92818#respond\"]}]},{\"@type\":\"WebPage\",\"@id\":\"https:\\\/\\\/quehacerpolitico.mx\\\/?p=92818\",\"url\":\"https:\\\/\\\/quehacerpolitico.mx\\\/?p=92818\",\"name\":\"\u00a1De terror! Cae hombre que descuartiz\u00f3 a su vecino\u00a0 -\",\"isPartOf\":{\"@id\":\"https:\\\/\\\/quehacerpolitico.mx\\\/#website\"},\"primaryImageOfPage\":{\"@id\":\"https:\\\/\\\/quehacerpolitico.mx\\\/?p=92818#primaryimage\"},\"image\":{\"@id\":\"https:\\\/\\\/quehacerpolitico.mx\\\/?p=92818#primaryimage\"},\"thumbnailUrl\":\"https:\\\/\\\/quehacerpolitico.mx\\\/wp-content\\\/uploads\\\/2022\\\/06\\\/B1AEA70B-951C-49C7-8A81-B33D1D44BC63.jpeg\",\"datePublished\":\"2022-06-06T21:48:36+00:00\",\"dateModified\":\"2022-06-06T21:48:39+00:00\",\"author\":{\"@id\":\"https:\\\/\\\/quehacerpolitico.mx\\\/#\\\/schema\\\/person\\\/496d8ad2d1d3f8036101dca7ee39e585\"},\"breadcrumb\":{\"@id\":\"https:\\\/\\\/quehacerpolitico.mx\\\/?p=92818#breadcrumb\"},\"inLanguage\":\"es\",\"potentialAction\":[{\"@type\":\"ReadAction\",\"target\":[\"https:\\\/\\\/quehacerpolitico.mx\\\/?p=92818\"]}]},{\"@type\":\"ImageObject\",\"inLanguage\":\"es\",\"@id\":\"https:\\\/\\\/quehacerpolitico.mx\\\/?p=92818#primaryimage\",\"url\":\"https:\\\/\\\/quehacerpolitico.mx\\\/wp-content\\\/uploads\\\/2022\\\/06\\\/B1AEA70B-951C-49C7-8A81-B33D1D44BC63.jpeg\",\"contentUrl\":\"https:\\\/\\\/quehacerpolitico.mx\\\/wp-content\\\/uploads\\\/2022\\\/06\\\/B1AEA70B-951C-49C7-8A81-B33D1D44BC63.jpeg\",\"width\":1059,\"height\":1126},{\"@type\":\"BreadcrumbList\",\"@id\":\"https:\\\/\\\/quehacerpolitico.mx\\\/?p=92818#breadcrumb\",\"itemListElement\":[{\"@type\":\"ListItem\",\"position\":1,\"name\":\"Inicio\",\"item\":\"https:\\\/\\\/quehacerpolitico.mx\\\/\"},{\"@type\":\"ListItem\",\"position\":2,\"name\":\"\u00a1De terror! Cae hombre que descuartiz\u00f3 a su vecino\u00a0\"}]},{\"@type\":\"WebSite\",\"@id\":\"https:\\\/\\\/quehacerpolitico.mx\\\/#website\",\"url\":\"https:\\\/\\\/quehacerpolitico.mx\\\/\",\"name\":\"\",\"description\":\"\",\"potentialAction\":[{\"@type\":\"SearchAction\",\"target\":{\"@type\":\"EntryPoint\",\"urlTemplate\":\"https:\\\/\\\/quehacerpolitico.mx\\\/?s={search_term_string}\"},\"query-input\":{\"@type\":\"PropertyValueSpecification\",\"valueRequired\":true,\"valueName\":\"search_term_string\"}}],\"inLanguage\":\"es\"},{\"@type\":\"Person\",\"@id\":\"https:\\\/\\\/quehacerpolitico.mx\\\/#\\\/schema\\\/person\\\/496d8ad2d1d3f8036101dca7ee39e585\",\"name\":\"Redacci\u00f3n QP\",\"image\":{\"@type\":\"ImageObject\",\"inLanguage\":\"es\",\"@id\":\"https:\\\/\\\/secure.gravatar.com\\\/avatar\\\/c7164ed6fdec453195284ad24a5ae5b6e1eed2b848477fa2a4787ba9adf39a41?s=96&d=mm&r=g\",\"url\":\"https:\\\/\\\/secure.gravatar.com\\\/avatar\\\/c7164ed6fdec453195284ad24a5ae5b6e1eed2b848477fa2a4787ba9adf39a41?s=96&d=mm&r=g\",\"contentUrl\":\"https:\\\/\\\/secure.gravatar.com\\\/avatar\\\/c7164ed6fdec453195284ad24a5ae5b6e1eed2b848477fa2a4787ba9adf39a41?s=96&d=mm&r=g\",\"caption\":\"Redacci\u00f3n QP\"},\"url\":\"https:\\\/\\\/quehacerpolitico.mx\\\/?author=2\"}]}<\/script>\n<!-- \/ Yoast SEO plugin. -->","yoast_head_json":{"title":"\u00a1De terror! Cae hombre que descuartiz\u00f3 a su vecino\u00a0 -","robots":{"index":"index","follow":"follow","max-snippet":"max-snippet:-1","max-image-preview":"max-image-preview:large","max-video-preview":"max-video-preview:-1"},"canonical":"https:\/\/quehacerpolitico.mx\/?p=92818","og_locale":"es_MX","og_type":"article","og_title":"\u00a1De terror! Cae hombre que descuartiz\u00f3 a su vecino\u00a0 -","og_description":"Por Redacci\u00f3n QP Las primeras investigaciones apuntan a que el homicidio deriv\u00f3 de una disputa...","og_url":"https:\/\/quehacerpolitico.mx\/?p=92818","article_published_time":"2022-06-06T21:48:36+00:00","article_modified_time":"2022-06-06T21:48:39+00:00","og_image":[{"width":1059,"height":1126,"url":"https:\/\/quehacerpolitico.mx\/wp-content\/uploads\/2022\/06\/B1AEA70B-951C-49C7-8A81-B33D1D44BC63.jpeg","type":"image\/jpeg"}],"author":"Redacci\u00f3n QP","twitter_card":"summary_large_image","twitter_misc":{"Escrito por":"Redacci\u00f3n QP","Tiempo de lectura":"1 minuto"},"schema":{"@context":"https:\/\/schema.org","@graph":[{"@type":"Article","@id":"https:\/\/quehacerpolitico.mx\/?p=92818#article","isPartOf":{"@id":"https:\/\/quehacerpolitico.mx\/?p=92818"},"author":{"name":"Redacci\u00f3n QP","@id":"https:\/\/quehacerpolitico.mx\/#\/schema\/person\/496d8ad2d1d3f8036101dca7ee39e585"},"headline":"\u00a1De terror! Cae hombre que descuartiz\u00f3 a su vecino\u00a0","datePublished":"2022-06-06T21:48:36+00:00","dateModified":"2022-06-06T21:48:39+00:00","mainEntityOfPage":{"@id":"https:\/\/quehacerpolitico.mx\/?p=92818"},"wordCount":264,"commentCount":0,"image":{"@id":"https:\/\/quehacerpolitico.mx\/?p=92818#primaryimage"},"thumbnailUrl":"https:\/\/quehacerpolitico.mx\/wp-content\/uploads\/2022\/06\/B1AEA70B-951C-49C7-8A81-B33D1D44BC63.jpeg","articleSection":["CDMX"],"inLanguage":"es","potentialAction":[{"@type":"CommentAction","name":"Comment","target":["https:\/\/quehacerpolitico.mx\/?p=92818#respond"]}]},{"@type":"WebPage","@id":"https:\/\/quehacerpolitico.mx\/?p=92818","url":"https:\/\/quehacerpolitico.mx\/?p=92818","name":"\u00a1De terror! Cae hombre que descuartiz\u00f3 a su vecino\u00a0 -","isPartOf":{"@id":"https:\/\/quehacerpolitico.mx\/#website"},"primaryImageOfPage":{"@id":"https:\/\/quehacerpolitico.mx\/?p=92818#primaryimage"},"image":{"@id":"https:\/\/quehacerpolitico.mx\/?p=92818#primaryimage"},"thumbnailUrl":"https:\/\/quehacerpolitico.mx\/wp-content\/uploads\/2022\/06\/B1AEA70B-951C-49C7-8A81-B33D1D44BC63.jpeg","datePublished":"2022-06-06T21:48:36+00:00","dateModified":"2022-06-06T21:48:39+00:00","author":{"@id":"https:\/\/quehacerpolitico.mx\/#\/schema\/person\/496d8ad2d1d3f8036101dca7ee39e585"},"breadcrumb":{"@id":"https:\/\/quehacerpolitico.mx\/?p=92818#breadcrumb"},"inLanguage":"es","potentialAction":[{"@type":"ReadAction","target":["https:\/\/quehacerpolitico.mx\/?p=92818"]}]},{"@type":"ImageObject","inLanguage":"es","@id":"https:\/\/quehacerpolitico.mx\/?p=92818#primaryimage","url":"https:\/\/quehacerpolitico.mx\/wp-content\/uploads\/2022\/06\/B1AEA70B-951C-49C7-8A81-B33D1D44BC63.jpeg","contentUrl":"https:\/\/quehacerpolitico.mx\/wp-content\/uploads\/2022\/06\/B1AEA70B-951C-49C7-8A81-B33D1D44BC63.jpeg","width":1059,"height":1126},{"@type":"BreadcrumbList","@id":"https:\/\/quehacerpolitico.mx\/?p=92818#breadcrumb","itemListElement":[{"@type":"ListItem","position":1,"name":"Inicio","item":"https:\/\/quehacerpolitico.mx\/"},{"@type":"ListItem","position":2,"name":"\u00a1De terror! Cae hombre que descuartiz\u00f3 a su vecino\u00a0"}]},{"@type":"WebSite","@id":"https:\/\/quehacerpolitico.mx\/#website","url":"https:\/\/quehacerpolitico.mx\/","name":"","description":"","potentialAction":[{"@type":"SearchAction","target":{"@type":"EntryPoint","urlTemplate":"https:\/\/quehacerpolitico.mx\/?s={search_term_string}"},"query-input":{"@type":"PropertyValueSpecification","valueRequired":true,"valueName":"search_term_string"}}],"inLanguage":"es"},{"@type":"Person","@id":"https:\/\/quehacerpolitico.mx\/#\/schema\/person\/496d8ad2d1d3f8036101dca7ee39e585","name":"Redacci\u00f3n QP","image":{"@type":"ImageObject","inLanguage":"es","@id":"https:\/\/secure.gravatar.com\/avatar\/c7164ed6fdec453195284ad24a5ae5b6e1eed2b848477fa2a4787ba9adf39a41?s=96&d=mm&r=g","url":"https:\/\/secure.gravatar.com\/avatar\/c7164ed6fdec453195284ad24a5ae5b6e1eed2b848477fa2a4787ba9adf39a41?s=96&d=mm&r=g","contentUrl":"https:\/\/secure.gravatar.com\/avatar\/c7164ed6fdec453195284ad24a5ae5b6e1eed2b848477fa2a4787ba9adf39a41?s=96&d=mm&r=g","caption":"Redacci\u00f3n QP"},"url":"https:\/\/quehacerpolitico.mx\/?author=2"}]}},"featured_image_urls":{"full":["https:\/\/quehacerpolitico.mx\/wp-content\/uploads\/2022\/06\/B1AEA70B-951C-49C7-8A81-B33D1D44BC63.jpeg",1059,1126,false],"thumbnail":["https:\/\/quehacerpolitico.mx\/wp-content\/uploads\/2022\/06\/B1AEA70B-951C-49C7-8A81-B33D1D44BC63-150x150.jpeg",150,150,true],"medium":["https:\/\/quehacerpolitico.mx\/wp-content\/uploads\/2022\/06\/B1AEA70B-951C-49C7-8A81-B33D1D44BC63-282x300.jpeg",282,300,true],"medium_large":["https:\/\/quehacerpolitico.mx\/wp-content\/uploads\/2022\/06\/B1AEA70B-951C-49C7-8A81-B33D1D44BC63-768x817.jpeg",640,681,true],"large":["https:\/\/quehacerpolitico.mx\/wp-content\/uploads\/2022\/06\/B1AEA70B-951C-49C7-8A81-B33D1D44BC63-963x1024.jpeg",640,681,true],"1536x1536":["https:\/\/quehacerpolitico.mx\/wp-content\/uploads\/2022\/06\/B1AEA70B-951C-49C7-8A81-B33D1D44BC63.jpeg",1059,1126,false],"2048x2048":["https:\/\/quehacerpolitico.mx\/wp-content\/uploads\/2022\/06\/B1AEA70B-951C-49C7-8A81-B33D1D44BC63.jpeg",1059,1126,false],"covernews-featured":["https:\/\/quehacerpolitico.mx\/wp-content\/uploads\/2022\/06\/B1AEA70B-951C-49C7-8A81-B33D1D44BC63.jpeg",1024,1089,false],"covernews-medium":["https:\/\/quehacerpolitico.mx\/wp-content\/uploads\/2022\/06\/B1AEA70B-951C-49C7-8A81-B33D1D44BC63.jpeg",320,340,false]},"author_info":{"display_name":"Redacci\u00f3n QP","author_link":"https:\/\/quehacerpolitico.mx\/?author=2"},"category_info":"<a href=\"https:\/\/quehacerpolitico.mx\/?cat=55\" rel=\"category\">CDMX<\/a>","tag_info":"CDMX","comment_count":"0","_links":{"self":[{"href":"https:\/\/quehacerpolitico.mx\/index.php?rest_route=\/wp\/v2\/posts\/92818","targetHints":{"allow":["GET"]}}],"collection":[{"href":"https:\/\/quehacerpolitico.mx\/index.php?rest_route=\/wp\/v2\/posts"}],"about":[{"href":"https:\/\/quehacerpolitico.mx\/index.php?rest_route=\/wp\/v2\/types\/post"}],"author":[{"embeddable":true,"href":"https:\/\/quehacerpolitico.mx\/index.php?rest_route=\/wp\/v2\/users\/2"}],"replies":[{"embeddable":true,"href":"https:\/\/quehacerpolitico.mx\/index.php?rest_route=%2Fwp%2Fv2%2Fcomments&post=92818"}],"version-history":[{"count":1,"href":"https:\/\/quehacerpolitico.mx\/index.php?rest_route=\/wp\/v2\/posts\/92818\/revisions"}],"predecessor-version":[{"id":92820,"href":"https:\/\/quehacerpolitico.mx\/index.php?rest_route=\/wp\/v2\/posts\/92818\/revisions\/92820"}],"wp:featuredmedia":[{"embeddable":true,"href":"https:\/\/quehacerpolitico.mx\/index.php?rest_route=\/wp\/v2\/media\/92819"}],"wp:attachment":[{"href":"https:\/\/quehacerpolitico.mx\/index.php?rest_route=%2Fwp%2Fv2%2Fmedia&parent=92818"}],"wp:term":[{"taxonomy":"category","embeddable":true,"href":"https:\/\/quehacerpolitico.mx\/index.php?rest_route=%2Fwp%2Fv2%2Fcategories&post=92818"},{"taxonomy":"post_tag","embeddable":true,"href":"https:\/\/quehacerpolitico.mx\/index.php?rest_route=%2Fwp%2Fv2%2Ftags&post=92818"}],"curies":[{"name":"wp","href":"https:\/\/api.w.org\/{rel}","templated":true}]}}