{"id":92800,"date":"2022-06-06T15:49:16","date_gmt":"2022-06-06T15:49:16","guid":{"rendered":"https:\/\/quehacerpolitico.mx\/?p=92800"},"modified":"2022-06-06T16:27:50","modified_gmt":"2022-06-06T16:27:50","slug":"lopez-obrador-acusa-campana-en-su-contra","status":"publish","type":"post","link":"https:\/\/quehacerpolitico.mx\/?p=92800","title":{"rendered":"L\u00f3pez Obrador acusa campa\u00f1a en su contra\u00a0"},"content":{"rendered":"\n<p>Por Redacci\u00f3n QP<\/p>\n\n\n\n<p>&#8220;Antes de la elecci\u00f3n arman una campa\u00f1a para decir que tengo v\u00ednculos con el narcotr\u00e1fico sin una sola prueba&#8221;, declara L\u00f3pez Obrador<\/p>\n\n\n\n<p>El presidente Andres Manuel Lopez Obrador acus\u00f3 una campa\u00f1a en su contra para decir que tiene v\u00ednculos con la delincuencia organizada, sin presentar &#8220;una sola prueba&#8221;.<\/p>\n\n\n\n<p>Desde Palacio Nacional, L\u00f3pez Obrador&nbsp;<strong>asegur\u00f3 que la oposici\u00f3n se ha valido de los medios de comunicaci\u00f3n<\/strong>&nbsp;para manipular informaci\u00f3n y se &#8220;van por la f\u00e1cil&#8221; pensando que el &#8220;pueblo es tonto&#8221;.<\/p>\n\n\n\n<p><strong>&#8220;Antes de la elecci\u00f3n arman una campa\u00f1a para decir que tengo v\u00ednculos con el narcotr\u00e1fico sin una sola prueba<\/strong>&nbsp;y re\u00fanen a todos porque esto va m\u00e1s all\u00e1 de los partidos en un r\u00e9gimen opresor, desde luego corrupto, injusto, que se compon\u00eda de una serie de factores&#8221;.<\/p>\n\n\n\n<p>&#8220;Hab\u00eda los hombres en el poder, pero tambi\u00e9n los paleros los que pensaban nada m\u00e1s en la llamada alternancia o en el qu\u00edtate t\u00fa porque quiero yo, no en la transformaci\u00f3n del pa\u00eds&#8221;, acus\u00f3 en conferencia de prensa \u201dma\u00f1anera\u201d de este lunes.<\/p>\n\n\n\n<p>L\u00f3pez Obrador afirm\u00f3 que lo deben tomar en consideraci\u00f3n y&nbsp;<strong>&#8220;no echarme la culpa se van por lo f\u00e1cil y absurdo&#8221;<\/strong>.<\/p>\n\n\n\n<p><strong>Argument\u00f3 que para sus opositores no existe el pueblo<\/strong>, al que, dijo, han calificado de ignorante porque apoyan a su movimiento, lo que les perjudica mucho.<\/p>\n\n\n\n<p><strong>Le han &#8220;apostado a los medios de comunicaci\u00f3n y a la manipulaci\u00f3n pensando que el pueblo es tonto<\/strong>, porque para ellos o no existe el pueblo y la pol\u00edtica es asunto de los pol\u00edticos y de las elites, o el pueblo no sabe, y se le puede dar atole con el dedo, basta con los medios de informaci\u00f3n con la griter\u00eda en los conductores de radio&#8221;.<\/p>\n\n\n\n<figure class=\"wp-block-embed is-type-video is-provider-youtube wp-block-embed-youtube wp-embed-aspect-16-9 wp-has-aspect-ratio\"><div class=\"wp-block-embed__wrapper\">\n<iframe loading=\"lazy\" title=\"AMLO acusa campa\u00f1a en su contra para decir que tiene v\u00ednculos con el narco\" width=\"640\" height=\"360\" src=\"https:\/\/www.youtube.com\/embed\/Gvty-OvcZEE?feature=oembed\" frameborder=\"0\" allow=\"accelerometer; autoplay; clipboard-write; encrypted-media; gyroscope; picture-in-picture; web-share\" referrerpolicy=\"strict-origin-when-cross-origin\" allowfullscreen><\/iframe>\n<\/div><\/figure>\n\n\n\n<p><strong>Asegur\u00f3 que movimiento no enga\u00f1a a nadie porque<\/strong>&nbsp;&#8220;nosotros hablamos de que para enfrentar la decadencia de M\u00e9xico se necesitaba una transformaci\u00f3n, lo he dicho una y mil veces que esta transformaci\u00f3n ha sido, es y ser\u00e1 pac\u00edfica, pero profunda igual que la independencia, que la reforma y la revoluci\u00f3n vamos a arrancar de ra\u00edz al r\u00e9gimen de privilegios&#8221;, indic\u00f3.<\/p>\n\n\n\n<p>Con informaci\u00f3n de SUN<\/p>\n","protected":false},"excerpt":{"rendered":"<p>Por Redacci\u00f3n QP &#8220;Antes de la elecci\u00f3n arman una campa\u00f1a para decir que tengo v\u00ednculos&#8230;<\/p>\n","protected":false},"author":2,"featured_media":92801,"comment_status":"open","ping_status":"open","sticky":false,"template":"","format":"standard","meta":{"_monsterinsights_skip_tracking":false,"_monsterinsights_sitenote_active":false,"_monsterinsights_sitenote_note":"","_monsterinsights_sitenote_category":0,"footnotes":""},"categories":[2],"tags":[],"class_list":["post-92800","post","type-post","status-publish","format-standard","has-post-thumbnail","hentry","category-noticias"],"yoast_head":"<!-- This site is optimized with the Yoast SEO plugin v27.3 - https:\/\/yoast.com\/product\/yoast-seo-wordpress\/ -->\n<title>L\u00f3pez Obrador acusa campa\u00f1a en su contra\u00a0 -<\/title>\n<meta name=\"robots\" content=\"index, follow, max-snippet:-1, max-image-preview:large, max-video-preview:-1\" \/>\n<link rel=\"canonical\" href=\"https:\/\/quehacerpolitico.mx\/?p=92800\" \/>\n<meta property=\"og:locale\" content=\"es_MX\" \/>\n<meta property=\"og:type\" content=\"article\" \/>\n<meta property=\"og:title\" content=\"L\u00f3pez Obrador acusa campa\u00f1a en su contra\u00a0 -\" \/>\n<meta property=\"og:description\" content=\"Por Redacci\u00f3n QP &#8220;Antes de la elecci\u00f3n arman una campa\u00f1a para decir que tengo v\u00ednculos...\" \/>\n<meta property=\"og:url\" content=\"https:\/\/quehacerpolitico.mx\/?p=92800\" \/>\n<meta property=\"article:published_time\" content=\"2022-06-06T15:49:16+00:00\" \/>\n<meta property=\"article:modified_time\" content=\"2022-06-06T16:27:50+00:00\" \/>\n<meta property=\"og:image\" content=\"https:\/\/quehacerpolitico.mx\/wp-content\/uploads\/2022\/06\/BC566692-02DC-4E92-A2E3-8997F19E2F96.jpeg\" \/>\n\t<meta property=\"og:image:width\" content=\"1283\" \/>\n\t<meta property=\"og:image:height\" content=\"705\" \/>\n\t<meta property=\"og:image:type\" content=\"image\/jpeg\" \/>\n<meta name=\"author\" content=\"Redacci\u00f3n QP\" \/>\n<meta name=\"twitter:card\" content=\"summary_large_image\" \/>\n<meta name=\"twitter:label1\" content=\"Escrito por\" \/>\n\t<meta name=\"twitter:data1\" content=\"Redacci\u00f3n QP\" \/>\n\t<meta name=\"twitter:label2\" content=\"Tiempo de lectura\" \/>\n\t<meta name=\"twitter:data2\" content=\"2 minutos\" \/>\n<script type=\"application\/ld+json\" class=\"yoast-schema-graph\">{\"@context\":\"https:\\\/\\\/schema.org\",\"@graph\":[{\"@type\":\"Article\",\"@id\":\"https:\\\/\\\/quehacerpolitico.mx\\\/?p=92800#article\",\"isPartOf\":{\"@id\":\"https:\\\/\\\/quehacerpolitico.mx\\\/?p=92800\"},\"author\":{\"name\":\"Redacci\u00f3n QP\",\"@id\":\"https:\\\/\\\/quehacerpolitico.mx\\\/#\\\/schema\\\/person\\\/496d8ad2d1d3f8036101dca7ee39e585\"},\"headline\":\"L\u00f3pez Obrador acusa campa\u00f1a en su contra\u00a0\",\"datePublished\":\"2022-06-06T15:49:16+00:00\",\"dateModified\":\"2022-06-06T16:27:50+00:00\",\"mainEntityOfPage\":{\"@id\":\"https:\\\/\\\/quehacerpolitico.mx\\\/?p=92800\"},\"wordCount\":413,\"commentCount\":0,\"image\":{\"@id\":\"https:\\\/\\\/quehacerpolitico.mx\\\/?p=92800#primaryimage\"},\"thumbnailUrl\":\"https:\\\/\\\/quehacerpolitico.mx\\\/wp-content\\\/uploads\\\/2022\\\/06\\\/BC566692-02DC-4E92-A2E3-8997F19E2F96.jpeg\",\"articleSection\":[\"Noticias\"],\"inLanguage\":\"es\",\"potentialAction\":[{\"@type\":\"CommentAction\",\"name\":\"Comment\",\"target\":[\"https:\\\/\\\/quehacerpolitico.mx\\\/?p=92800#respond\"]}]},{\"@type\":\"WebPage\",\"@id\":\"https:\\\/\\\/quehacerpolitico.mx\\\/?p=92800\",\"url\":\"https:\\\/\\\/quehacerpolitico.mx\\\/?p=92800\",\"name\":\"L\u00f3pez Obrador acusa campa\u00f1a en su contra\u00a0 -\",\"isPartOf\":{\"@id\":\"https:\\\/\\\/quehacerpolitico.mx\\\/#website\"},\"primaryImageOfPage\":{\"@id\":\"https:\\\/\\\/quehacerpolitico.mx\\\/?p=92800#primaryimage\"},\"image\":{\"@id\":\"https:\\\/\\\/quehacerpolitico.mx\\\/?p=92800#primaryimage\"},\"thumbnailUrl\":\"https:\\\/\\\/quehacerpolitico.mx\\\/wp-content\\\/uploads\\\/2022\\\/06\\\/BC566692-02DC-4E92-A2E3-8997F19E2F96.jpeg\",\"datePublished\":\"2022-06-06T15:49:16+00:00\",\"dateModified\":\"2022-06-06T16:27:50+00:00\",\"author\":{\"@id\":\"https:\\\/\\\/quehacerpolitico.mx\\\/#\\\/schema\\\/person\\\/496d8ad2d1d3f8036101dca7ee39e585\"},\"breadcrumb\":{\"@id\":\"https:\\\/\\\/quehacerpolitico.mx\\\/?p=92800#breadcrumb\"},\"inLanguage\":\"es\",\"potentialAction\":[{\"@type\":\"ReadAction\",\"target\":[\"https:\\\/\\\/quehacerpolitico.mx\\\/?p=92800\"]}]},{\"@type\":\"ImageObject\",\"inLanguage\":\"es\",\"@id\":\"https:\\\/\\\/quehacerpolitico.mx\\\/?p=92800#primaryimage\",\"url\":\"https:\\\/\\\/quehacerpolitico.mx\\\/wp-content\\\/uploads\\\/2022\\\/06\\\/BC566692-02DC-4E92-A2E3-8997F19E2F96.jpeg\",\"contentUrl\":\"https:\\\/\\\/quehacerpolitico.mx\\\/wp-content\\\/uploads\\\/2022\\\/06\\\/BC566692-02DC-4E92-A2E3-8997F19E2F96.jpeg\",\"width\":1283,\"height\":705},{\"@type\":\"BreadcrumbList\",\"@id\":\"https:\\\/\\\/quehacerpolitico.mx\\\/?p=92800#breadcrumb\",\"itemListElement\":[{\"@type\":\"ListItem\",\"position\":1,\"name\":\"Inicio\",\"item\":\"https:\\\/\\\/quehacerpolitico.mx\\\/\"},{\"@type\":\"ListItem\",\"position\":2,\"name\":\"L\u00f3pez Obrador acusa campa\u00f1a en su contra\u00a0\"}]},{\"@type\":\"WebSite\",\"@id\":\"https:\\\/\\\/quehacerpolitico.mx\\\/#website\",\"url\":\"https:\\\/\\\/quehacerpolitico.mx\\\/\",\"name\":\"\",\"description\":\"\",\"potentialAction\":[{\"@type\":\"SearchAction\",\"target\":{\"@type\":\"EntryPoint\",\"urlTemplate\":\"https:\\\/\\\/quehacerpolitico.mx\\\/?s={search_term_string}\"},\"query-input\":{\"@type\":\"PropertyValueSpecification\",\"valueRequired\":true,\"valueName\":\"search_term_string\"}}],\"inLanguage\":\"es\"},{\"@type\":\"Person\",\"@id\":\"https:\\\/\\\/quehacerpolitico.mx\\\/#\\\/schema\\\/person\\\/496d8ad2d1d3f8036101dca7ee39e585\",\"name\":\"Redacci\u00f3n QP\",\"image\":{\"@type\":\"ImageObject\",\"inLanguage\":\"es\",\"@id\":\"https:\\\/\\\/secure.gravatar.com\\\/avatar\\\/c7164ed6fdec453195284ad24a5ae5b6e1eed2b848477fa2a4787ba9adf39a41?s=96&d=mm&r=g\",\"url\":\"https:\\\/\\\/secure.gravatar.com\\\/avatar\\\/c7164ed6fdec453195284ad24a5ae5b6e1eed2b848477fa2a4787ba9adf39a41?s=96&d=mm&r=g\",\"contentUrl\":\"https:\\\/\\\/secure.gravatar.com\\\/avatar\\\/c7164ed6fdec453195284ad24a5ae5b6e1eed2b848477fa2a4787ba9adf39a41?s=96&d=mm&r=g\",\"caption\":\"Redacci\u00f3n QP\"},\"url\":\"https:\\\/\\\/quehacerpolitico.mx\\\/?author=2\"}]}<\/script>\n<!-- \/ Yoast SEO plugin. -->","yoast_head_json":{"title":"L\u00f3pez Obrador acusa campa\u00f1a en su contra\u00a0 -","robots":{"index":"index","follow":"follow","max-snippet":"max-snippet:-1","max-image-preview":"max-image-preview:large","max-video-preview":"max-video-preview:-1"},"canonical":"https:\/\/quehacerpolitico.mx\/?p=92800","og_locale":"es_MX","og_type":"article","og_title":"L\u00f3pez Obrador acusa campa\u00f1a en su contra\u00a0 -","og_description":"Por Redacci\u00f3n QP &#8220;Antes de la elecci\u00f3n arman una campa\u00f1a para decir que tengo v\u00ednculos...","og_url":"https:\/\/quehacerpolitico.mx\/?p=92800","article_published_time":"2022-06-06T15:49:16+00:00","article_modified_time":"2022-06-06T16:27:50+00:00","og_image":[{"width":1283,"height":705,"url":"https:\/\/quehacerpolitico.mx\/wp-content\/uploads\/2022\/06\/BC566692-02DC-4E92-A2E3-8997F19E2F96.jpeg","type":"image\/jpeg"}],"author":"Redacci\u00f3n QP","twitter_card":"summary_large_image","twitter_misc":{"Escrito por":"Redacci\u00f3n QP","Tiempo de lectura":"2 minutos"},"schema":{"@context":"https:\/\/schema.org","@graph":[{"@type":"Article","@id":"https:\/\/quehacerpolitico.mx\/?p=92800#article","isPartOf":{"@id":"https:\/\/quehacerpolitico.mx\/?p=92800"},"author":{"name":"Redacci\u00f3n QP","@id":"https:\/\/quehacerpolitico.mx\/#\/schema\/person\/496d8ad2d1d3f8036101dca7ee39e585"},"headline":"L\u00f3pez Obrador acusa campa\u00f1a en su contra\u00a0","datePublished":"2022-06-06T15:49:16+00:00","dateModified":"2022-06-06T16:27:50+00:00","mainEntityOfPage":{"@id":"https:\/\/quehacerpolitico.mx\/?p=92800"},"wordCount":413,"commentCount":0,"image":{"@id":"https:\/\/quehacerpolitico.mx\/?p=92800#primaryimage"},"thumbnailUrl":"https:\/\/quehacerpolitico.mx\/wp-content\/uploads\/2022\/06\/BC566692-02DC-4E92-A2E3-8997F19E2F96.jpeg","articleSection":["Noticias"],"inLanguage":"es","potentialAction":[{"@type":"CommentAction","name":"Comment","target":["https:\/\/quehacerpolitico.mx\/?p=92800#respond"]}]},{"@type":"WebPage","@id":"https:\/\/quehacerpolitico.mx\/?p=92800","url":"https:\/\/quehacerpolitico.mx\/?p=92800","name":"L\u00f3pez Obrador acusa campa\u00f1a en su contra\u00a0 -","isPartOf":{"@id":"https:\/\/quehacerpolitico.mx\/#website"},"primaryImageOfPage":{"@id":"https:\/\/quehacerpolitico.mx\/?p=92800#primaryimage"},"image":{"@id":"https:\/\/quehacerpolitico.mx\/?p=92800#primaryimage"},"thumbnailUrl":"https:\/\/quehacerpolitico.mx\/wp-content\/uploads\/2022\/06\/BC566692-02DC-4E92-A2E3-8997F19E2F96.jpeg","datePublished":"2022-06-06T15:49:16+00:00","dateModified":"2022-06-06T16:27:50+00:00","author":{"@id":"https:\/\/quehacerpolitico.mx\/#\/schema\/person\/496d8ad2d1d3f8036101dca7ee39e585"},"breadcrumb":{"@id":"https:\/\/quehacerpolitico.mx\/?p=92800#breadcrumb"},"inLanguage":"es","potentialAction":[{"@type":"ReadAction","target":["https:\/\/quehacerpolitico.mx\/?p=92800"]}]},{"@type":"ImageObject","inLanguage":"es","@id":"https:\/\/quehacerpolitico.mx\/?p=92800#primaryimage","url":"https:\/\/quehacerpolitico.mx\/wp-content\/uploads\/2022\/06\/BC566692-02DC-4E92-A2E3-8997F19E2F96.jpeg","contentUrl":"https:\/\/quehacerpolitico.mx\/wp-content\/uploads\/2022\/06\/BC566692-02DC-4E92-A2E3-8997F19E2F96.jpeg","width":1283,"height":705},{"@type":"BreadcrumbList","@id":"https:\/\/quehacerpolitico.mx\/?p=92800#breadcrumb","itemListElement":[{"@type":"ListItem","position":1,"name":"Inicio","item":"https:\/\/quehacerpolitico.mx\/"},{"@type":"ListItem","position":2,"name":"L\u00f3pez Obrador acusa campa\u00f1a en su contra\u00a0"}]},{"@type":"WebSite","@id":"https:\/\/quehacerpolitico.mx\/#website","url":"https:\/\/quehacerpolitico.mx\/","name":"","description":"","potentialAction":[{"@type":"SearchAction","target":{"@type":"EntryPoint","urlTemplate":"https:\/\/quehacerpolitico.mx\/?s={search_term_string}"},"query-input":{"@type":"PropertyValueSpecification","valueRequired":true,"valueName":"search_term_string"}}],"inLanguage":"es"},{"@type":"Person","@id":"https:\/\/quehacerpolitico.mx\/#\/schema\/person\/496d8ad2d1d3f8036101dca7ee39e585","name":"Redacci\u00f3n QP","image":{"@type":"ImageObject","inLanguage":"es","@id":"https:\/\/secure.gravatar.com\/avatar\/c7164ed6fdec453195284ad24a5ae5b6e1eed2b848477fa2a4787ba9adf39a41?s=96&d=mm&r=g","url":"https:\/\/secure.gravatar.com\/avatar\/c7164ed6fdec453195284ad24a5ae5b6e1eed2b848477fa2a4787ba9adf39a41?s=96&d=mm&r=g","contentUrl":"https:\/\/secure.gravatar.com\/avatar\/c7164ed6fdec453195284ad24a5ae5b6e1eed2b848477fa2a4787ba9adf39a41?s=96&d=mm&r=g","caption":"Redacci\u00f3n QP"},"url":"https:\/\/quehacerpolitico.mx\/?author=2"}]}},"featured_image_urls":{"full":["https:\/\/quehacerpolitico.mx\/wp-content\/uploads\/2022\/06\/BC566692-02DC-4E92-A2E3-8997F19E2F96.jpeg",1283,705,false],"thumbnail":["https:\/\/quehacerpolitico.mx\/wp-content\/uploads\/2022\/06\/BC566692-02DC-4E92-A2E3-8997F19E2F96-150x150.jpeg",150,150,true],"medium":["https:\/\/quehacerpolitico.mx\/wp-content\/uploads\/2022\/06\/BC566692-02DC-4E92-A2E3-8997F19E2F96-300x165.jpeg",300,165,true],"medium_large":["https:\/\/quehacerpolitico.mx\/wp-content\/uploads\/2022\/06\/BC566692-02DC-4E92-A2E3-8997F19E2F96-768x422.jpeg",640,352,true],"large":["https:\/\/quehacerpolitico.mx\/wp-content\/uploads\/2022\/06\/BC566692-02DC-4E92-A2E3-8997F19E2F96-1024x563.jpeg",640,352,true],"1536x1536":["https:\/\/quehacerpolitico.mx\/wp-content\/uploads\/2022\/06\/BC566692-02DC-4E92-A2E3-8997F19E2F96.jpeg",1283,705,false],"2048x2048":["https:\/\/quehacerpolitico.mx\/wp-content\/uploads\/2022\/06\/BC566692-02DC-4E92-A2E3-8997F19E2F96.jpeg",1283,705,false],"covernews-featured":["https:\/\/quehacerpolitico.mx\/wp-content\/uploads\/2022\/06\/BC566692-02DC-4E92-A2E3-8997F19E2F96.jpeg",1024,563,false],"covernews-medium":["https:\/\/quehacerpolitico.mx\/wp-content\/uploads\/2022\/06\/BC566692-02DC-4E92-A2E3-8997F19E2F96.jpeg",540,297,false]},"author_info":{"display_name":"Redacci\u00f3n QP","author_link":"https:\/\/quehacerpolitico.mx\/?author=2"},"category_info":"<a href=\"https:\/\/quehacerpolitico.mx\/?cat=2\" rel=\"category\">Noticias<\/a>","tag_info":"Noticias","comment_count":"0","_links":{"self":[{"href":"https:\/\/quehacerpolitico.mx\/index.php?rest_route=\/wp\/v2\/posts\/92800","targetHints":{"allow":["GET"]}}],"collection":[{"href":"https:\/\/quehacerpolitico.mx\/index.php?rest_route=\/wp\/v2\/posts"}],"about":[{"href":"https:\/\/quehacerpolitico.mx\/index.php?rest_route=\/wp\/v2\/types\/post"}],"author":[{"embeddable":true,"href":"https:\/\/quehacerpolitico.mx\/index.php?rest_route=\/wp\/v2\/users\/2"}],"replies":[{"embeddable":true,"href":"https:\/\/quehacerpolitico.mx\/index.php?rest_route=%2Fwp%2Fv2%2Fcomments&post=92800"}],"version-history":[{"count":2,"href":"https:\/\/quehacerpolitico.mx\/index.php?rest_route=\/wp\/v2\/posts\/92800\/revisions"}],"predecessor-version":[{"id":92810,"href":"https:\/\/quehacerpolitico.mx\/index.php?rest_route=\/wp\/v2\/posts\/92800\/revisions\/92810"}],"wp:featuredmedia":[{"embeddable":true,"href":"https:\/\/quehacerpolitico.mx\/index.php?rest_route=\/wp\/v2\/media\/92801"}],"wp:attachment":[{"href":"https:\/\/quehacerpolitico.mx\/index.php?rest_route=%2Fwp%2Fv2%2Fmedia&parent=92800"}],"wp:term":[{"taxonomy":"category","embeddable":true,"href":"https:\/\/quehacerpolitico.mx\/index.php?rest_route=%2Fwp%2Fv2%2Fcategories&post=92800"},{"taxonomy":"post_tag","embeddable":true,"href":"https:\/\/quehacerpolitico.mx\/index.php?rest_route=%2Fwp%2Fv2%2Ftags&post=92800"}],"curies":[{"name":"wp","href":"https:\/\/api.w.org\/{rel}","templated":true}]}}