{"id":92797,"date":"2022-06-06T15:29:44","date_gmt":"2022-06-06T15:29:44","guid":{"rendered":"https:\/\/quehacerpolitico.mx\/?p=92797"},"modified":"2022-06-06T15:29:48","modified_gmt":"2022-06-06T15:29:48","slug":"lopez-obrador-visitara-comunidades-afectadas-por-huracan-agatha","status":"publish","type":"post","link":"https:\/\/quehacerpolitico.mx\/?p=92797","title":{"rendered":"L\u00f3pez Obrador visitar\u00e1 comunidades afectadas por hurac\u00e1n &#8220;Agatha&#8221;\u00a0"},"content":{"rendered":"\n<p>Por Redacci\u00f3n QP<\/p>\n\n\n\n<p>El Mandatario mexicano adelant\u00f3 que viajar\u00e1 a Huatulco, en donde encabezar\u00e1 una reuni\u00f3n de gabinete para atender a municipios y comunidades<\/p>\n\n\n\n<p>El Presidente de M\u00e9xico, Andr\u00e9s Manuel L\u00f3pez Obrador, anunci\u00f3 que esta semana visitar\u00e1 comunidades de la sierra e istmo de Oaxaca afectados por el pasado del hurac\u00e1n &#8220;Agatha&#8221;, que hasta el momento ha dejado nueve personas fallecidas.<\/p>\n\n\n\n<p>Tras concluir ayer domingo el proceso electoral en la entidad en el que result\u00f3 ganador el candidato de Morena, Salom\u00f3n Jara,\u00a0<strong>el Mandatario mexicano adelant\u00f3 que viajar\u00e1 a Huatulco, en donde encabezar\u00e1 una reuni\u00f3n de gabinete para atender a municipios y comunidades<\/strong>, adem\u00e1s de que aprovechar\u00e1 para revisar obras.<\/p>\n\n\n\n<p>&#8220;Puede ser el jueves por la tarde, que aprovecho para informar, nos quedar\u00edamos all\u00e1 viernes para la reuni\u00f3n de seguridad y la conferencia y yo aprovechar\u00eda tambi\u00e9n para visitar comunidades de Oaxaca y revisar obras que est\u00e1n en proceso tanto en la sierra sur como en el Istmo&#8221;, adelant\u00f3.<\/p>\n\n\n\n<figure class=\"wp-block-embed is-type-video is-provider-youtube wp-block-embed-youtube wp-embed-aspect-16-9 wp-has-aspect-ratio\"><div class=\"wp-block-embed__wrapper\">\nhttps:\/\/youtu.be\/HkSCQeVmPV4\n<\/div><\/figure>\n\n\n\n<p>La Coordinadora Nacional de Protecci\u00f3n Civil, Laura Vel\u00e1zquez Alz\u00faa inform\u00f3 que se han distribuido m\u00e1s de 16 mil despensas y 33 mil litros de agua embotellada en 14 de los 31 municipios da\u00f1ados por el paso del hurac\u00e1n.<\/p>\n\n\n\n<p>Adem\u00e1s, el gobernador de Oaxaca, Alejandro Murat Hinojosa (PRI) inform\u00f3 que se autorizaron declaratorias de emergencia para 31 municipios afectados.<\/p>\n\n\n\n<p>Murat dijo que la CFE tiene un 92% de avance en la conectividad del servicio el\u00e9ctrico. De acuerdo con informaci\u00f3n preliminar, se tienen reportes de 17 mil viviendas afectadas que en su mayor\u00eda eran de l\u00e1mina.<\/p>\n\n\n\n<p>Con informaci\u00f3n de SUN<\/p>\n","protected":false},"excerpt":{"rendered":"<p>Por Redacci\u00f3n QP El Mandatario mexicano adelant\u00f3 que viajar\u00e1 a Huatulco, en donde encabezar\u00e1 una&#8230;<\/p>\n","protected":false},"author":2,"featured_media":92798,"comment_status":"open","ping_status":"open","sticky":false,"template":"","format":"standard","meta":{"_monsterinsights_skip_tracking":false,"_monsterinsights_sitenote_active":false,"_monsterinsights_sitenote_note":"","_monsterinsights_sitenote_category":0,"footnotes":""},"categories":[2],"tags":[],"class_list":["post-92797","post","type-post","status-publish","format-standard","has-post-thumbnail","hentry","category-noticias"],"yoast_head":"<!-- This site is optimized with the Yoast SEO plugin v27.3 - https:\/\/yoast.com\/product\/yoast-seo-wordpress\/ -->\n<title>L\u00f3pez Obrador visitar\u00e1 comunidades afectadas por hurac\u00e1n &quot;Agatha&quot;\u00a0 -<\/title>\n<meta name=\"robots\" content=\"index, follow, max-snippet:-1, max-image-preview:large, max-video-preview:-1\" \/>\n<link rel=\"canonical\" href=\"https:\/\/quehacerpolitico.mx\/?p=92797\" \/>\n<meta property=\"og:locale\" content=\"es_MX\" \/>\n<meta property=\"og:type\" content=\"article\" \/>\n<meta property=\"og:title\" content=\"L\u00f3pez Obrador visitar\u00e1 comunidades afectadas por hurac\u00e1n &quot;Agatha&quot;\u00a0 -\" \/>\n<meta property=\"og:description\" content=\"Por Redacci\u00f3n QP El Mandatario mexicano adelant\u00f3 que viajar\u00e1 a Huatulco, en donde encabezar\u00e1 una...\" \/>\n<meta property=\"og:url\" content=\"https:\/\/quehacerpolitico.mx\/?p=92797\" \/>\n<meta property=\"article:published_time\" content=\"2022-06-06T15:29:44+00:00\" \/>\n<meta property=\"article:modified_time\" content=\"2022-06-06T15:29:48+00:00\" \/>\n<meta property=\"og:image\" content=\"https:\/\/quehacerpolitico.mx\/wp-content\/uploads\/2022\/06\/9CB8E4FF-E676-493E-BECF-0E3EF15F7EEA.jpeg\" \/>\n\t<meta property=\"og:image:width\" content=\"953\" \/>\n\t<meta property=\"og:image:height\" content=\"695\" \/>\n\t<meta property=\"og:image:type\" content=\"image\/jpeg\" \/>\n<meta name=\"author\" content=\"Redacci\u00f3n QP\" \/>\n<meta name=\"twitter:card\" content=\"summary_large_image\" \/>\n<meta name=\"twitter:label1\" content=\"Escrito por\" \/>\n\t<meta name=\"twitter:data1\" content=\"Redacci\u00f3n QP\" \/>\n\t<meta name=\"twitter:label2\" content=\"Tiempo de lectura\" \/>\n\t<meta name=\"twitter:data2\" content=\"1 minuto\" \/>\n<script type=\"application\/ld+json\" class=\"yoast-schema-graph\">{\"@context\":\"https:\\\/\\\/schema.org\",\"@graph\":[{\"@type\":\"Article\",\"@id\":\"https:\\\/\\\/quehacerpolitico.mx\\\/?p=92797#article\",\"isPartOf\":{\"@id\":\"https:\\\/\\\/quehacerpolitico.mx\\\/?p=92797\"},\"author\":{\"name\":\"Redacci\u00f3n QP\",\"@id\":\"https:\\\/\\\/quehacerpolitico.mx\\\/#\\\/schema\\\/person\\\/496d8ad2d1d3f8036101dca7ee39e585\"},\"headline\":\"L\u00f3pez Obrador visitar\u00e1 comunidades afectadas por hurac\u00e1n &#8220;Agatha&#8221;\u00a0\",\"datePublished\":\"2022-06-06T15:29:44+00:00\",\"dateModified\":\"2022-06-06T15:29:48+00:00\",\"mainEntityOfPage\":{\"@id\":\"https:\\\/\\\/quehacerpolitico.mx\\\/?p=92797\"},\"wordCount\":290,\"commentCount\":0,\"image\":{\"@id\":\"https:\\\/\\\/quehacerpolitico.mx\\\/?p=92797#primaryimage\"},\"thumbnailUrl\":\"https:\\\/\\\/quehacerpolitico.mx\\\/wp-content\\\/uploads\\\/2022\\\/06\\\/9CB8E4FF-E676-493E-BECF-0E3EF15F7EEA.jpeg\",\"articleSection\":[\"Noticias\"],\"inLanguage\":\"es\",\"potentialAction\":[{\"@type\":\"CommentAction\",\"name\":\"Comment\",\"target\":[\"https:\\\/\\\/quehacerpolitico.mx\\\/?p=92797#respond\"]}]},{\"@type\":\"WebPage\",\"@id\":\"https:\\\/\\\/quehacerpolitico.mx\\\/?p=92797\",\"url\":\"https:\\\/\\\/quehacerpolitico.mx\\\/?p=92797\",\"name\":\"L\u00f3pez Obrador visitar\u00e1 comunidades afectadas por hurac\u00e1n \\\"Agatha\\\"\u00a0 -\",\"isPartOf\":{\"@id\":\"https:\\\/\\\/quehacerpolitico.mx\\\/#website\"},\"primaryImageOfPage\":{\"@id\":\"https:\\\/\\\/quehacerpolitico.mx\\\/?p=92797#primaryimage\"},\"image\":{\"@id\":\"https:\\\/\\\/quehacerpolitico.mx\\\/?p=92797#primaryimage\"},\"thumbnailUrl\":\"https:\\\/\\\/quehacerpolitico.mx\\\/wp-content\\\/uploads\\\/2022\\\/06\\\/9CB8E4FF-E676-493E-BECF-0E3EF15F7EEA.jpeg\",\"datePublished\":\"2022-06-06T15:29:44+00:00\",\"dateModified\":\"2022-06-06T15:29:48+00:00\",\"author\":{\"@id\":\"https:\\\/\\\/quehacerpolitico.mx\\\/#\\\/schema\\\/person\\\/496d8ad2d1d3f8036101dca7ee39e585\"},\"breadcrumb\":{\"@id\":\"https:\\\/\\\/quehacerpolitico.mx\\\/?p=92797#breadcrumb\"},\"inLanguage\":\"es\",\"potentialAction\":[{\"@type\":\"ReadAction\",\"target\":[\"https:\\\/\\\/quehacerpolitico.mx\\\/?p=92797\"]}]},{\"@type\":\"ImageObject\",\"inLanguage\":\"es\",\"@id\":\"https:\\\/\\\/quehacerpolitico.mx\\\/?p=92797#primaryimage\",\"url\":\"https:\\\/\\\/quehacerpolitico.mx\\\/wp-content\\\/uploads\\\/2022\\\/06\\\/9CB8E4FF-E676-493E-BECF-0E3EF15F7EEA.jpeg\",\"contentUrl\":\"https:\\\/\\\/quehacerpolitico.mx\\\/wp-content\\\/uploads\\\/2022\\\/06\\\/9CB8E4FF-E676-493E-BECF-0E3EF15F7EEA.jpeg\",\"width\":953,\"height\":695},{\"@type\":\"BreadcrumbList\",\"@id\":\"https:\\\/\\\/quehacerpolitico.mx\\\/?p=92797#breadcrumb\",\"itemListElement\":[{\"@type\":\"ListItem\",\"position\":1,\"name\":\"Inicio\",\"item\":\"https:\\\/\\\/quehacerpolitico.mx\\\/\"},{\"@type\":\"ListItem\",\"position\":2,\"name\":\"L\u00f3pez Obrador visitar\u00e1 comunidades afectadas por hurac\u00e1n &#8220;Agatha&#8221;\u00a0\"}]},{\"@type\":\"WebSite\",\"@id\":\"https:\\\/\\\/quehacerpolitico.mx\\\/#website\",\"url\":\"https:\\\/\\\/quehacerpolitico.mx\\\/\",\"name\":\"\",\"description\":\"\",\"potentialAction\":[{\"@type\":\"SearchAction\",\"target\":{\"@type\":\"EntryPoint\",\"urlTemplate\":\"https:\\\/\\\/quehacerpolitico.mx\\\/?s={search_term_string}\"},\"query-input\":{\"@type\":\"PropertyValueSpecification\",\"valueRequired\":true,\"valueName\":\"search_term_string\"}}],\"inLanguage\":\"es\"},{\"@type\":\"Person\",\"@id\":\"https:\\\/\\\/quehacerpolitico.mx\\\/#\\\/schema\\\/person\\\/496d8ad2d1d3f8036101dca7ee39e585\",\"name\":\"Redacci\u00f3n QP\",\"image\":{\"@type\":\"ImageObject\",\"inLanguage\":\"es\",\"@id\":\"https:\\\/\\\/secure.gravatar.com\\\/avatar\\\/c7164ed6fdec453195284ad24a5ae5b6e1eed2b848477fa2a4787ba9adf39a41?s=96&d=mm&r=g\",\"url\":\"https:\\\/\\\/secure.gravatar.com\\\/avatar\\\/c7164ed6fdec453195284ad24a5ae5b6e1eed2b848477fa2a4787ba9adf39a41?s=96&d=mm&r=g\",\"contentUrl\":\"https:\\\/\\\/secure.gravatar.com\\\/avatar\\\/c7164ed6fdec453195284ad24a5ae5b6e1eed2b848477fa2a4787ba9adf39a41?s=96&d=mm&r=g\",\"caption\":\"Redacci\u00f3n QP\"},\"url\":\"https:\\\/\\\/quehacerpolitico.mx\\\/?author=2\"}]}<\/script>\n<!-- \/ Yoast SEO plugin. -->","yoast_head_json":{"title":"L\u00f3pez Obrador visitar\u00e1 comunidades afectadas por hurac\u00e1n \"Agatha\"\u00a0 -","robots":{"index":"index","follow":"follow","max-snippet":"max-snippet:-1","max-image-preview":"max-image-preview:large","max-video-preview":"max-video-preview:-1"},"canonical":"https:\/\/quehacerpolitico.mx\/?p=92797","og_locale":"es_MX","og_type":"article","og_title":"L\u00f3pez Obrador visitar\u00e1 comunidades afectadas por hurac\u00e1n \"Agatha\"\u00a0 -","og_description":"Por Redacci\u00f3n QP El Mandatario mexicano adelant\u00f3 que viajar\u00e1 a Huatulco, en donde encabezar\u00e1 una...","og_url":"https:\/\/quehacerpolitico.mx\/?p=92797","article_published_time":"2022-06-06T15:29:44+00:00","article_modified_time":"2022-06-06T15:29:48+00:00","og_image":[{"width":953,"height":695,"url":"https:\/\/quehacerpolitico.mx\/wp-content\/uploads\/2022\/06\/9CB8E4FF-E676-493E-BECF-0E3EF15F7EEA.jpeg","type":"image\/jpeg"}],"author":"Redacci\u00f3n QP","twitter_card":"summary_large_image","twitter_misc":{"Escrito por":"Redacci\u00f3n QP","Tiempo de lectura":"1 minuto"},"schema":{"@context":"https:\/\/schema.org","@graph":[{"@type":"Article","@id":"https:\/\/quehacerpolitico.mx\/?p=92797#article","isPartOf":{"@id":"https:\/\/quehacerpolitico.mx\/?p=92797"},"author":{"name":"Redacci\u00f3n QP","@id":"https:\/\/quehacerpolitico.mx\/#\/schema\/person\/496d8ad2d1d3f8036101dca7ee39e585"},"headline":"L\u00f3pez Obrador visitar\u00e1 comunidades afectadas por hurac\u00e1n &#8220;Agatha&#8221;\u00a0","datePublished":"2022-06-06T15:29:44+00:00","dateModified":"2022-06-06T15:29:48+00:00","mainEntityOfPage":{"@id":"https:\/\/quehacerpolitico.mx\/?p=92797"},"wordCount":290,"commentCount":0,"image":{"@id":"https:\/\/quehacerpolitico.mx\/?p=92797#primaryimage"},"thumbnailUrl":"https:\/\/quehacerpolitico.mx\/wp-content\/uploads\/2022\/06\/9CB8E4FF-E676-493E-BECF-0E3EF15F7EEA.jpeg","articleSection":["Noticias"],"inLanguage":"es","potentialAction":[{"@type":"CommentAction","name":"Comment","target":["https:\/\/quehacerpolitico.mx\/?p=92797#respond"]}]},{"@type":"WebPage","@id":"https:\/\/quehacerpolitico.mx\/?p=92797","url":"https:\/\/quehacerpolitico.mx\/?p=92797","name":"L\u00f3pez Obrador visitar\u00e1 comunidades afectadas por hurac\u00e1n \"Agatha\"\u00a0 -","isPartOf":{"@id":"https:\/\/quehacerpolitico.mx\/#website"},"primaryImageOfPage":{"@id":"https:\/\/quehacerpolitico.mx\/?p=92797#primaryimage"},"image":{"@id":"https:\/\/quehacerpolitico.mx\/?p=92797#primaryimage"},"thumbnailUrl":"https:\/\/quehacerpolitico.mx\/wp-content\/uploads\/2022\/06\/9CB8E4FF-E676-493E-BECF-0E3EF15F7EEA.jpeg","datePublished":"2022-06-06T15:29:44+00:00","dateModified":"2022-06-06T15:29:48+00:00","author":{"@id":"https:\/\/quehacerpolitico.mx\/#\/schema\/person\/496d8ad2d1d3f8036101dca7ee39e585"},"breadcrumb":{"@id":"https:\/\/quehacerpolitico.mx\/?p=92797#breadcrumb"},"inLanguage":"es","potentialAction":[{"@type":"ReadAction","target":["https:\/\/quehacerpolitico.mx\/?p=92797"]}]},{"@type":"ImageObject","inLanguage":"es","@id":"https:\/\/quehacerpolitico.mx\/?p=92797#primaryimage","url":"https:\/\/quehacerpolitico.mx\/wp-content\/uploads\/2022\/06\/9CB8E4FF-E676-493E-BECF-0E3EF15F7EEA.jpeg","contentUrl":"https:\/\/quehacerpolitico.mx\/wp-content\/uploads\/2022\/06\/9CB8E4FF-E676-493E-BECF-0E3EF15F7EEA.jpeg","width":953,"height":695},{"@type":"BreadcrumbList","@id":"https:\/\/quehacerpolitico.mx\/?p=92797#breadcrumb","itemListElement":[{"@type":"ListItem","position":1,"name":"Inicio","item":"https:\/\/quehacerpolitico.mx\/"},{"@type":"ListItem","position":2,"name":"L\u00f3pez Obrador visitar\u00e1 comunidades afectadas por hurac\u00e1n &#8220;Agatha&#8221;\u00a0"}]},{"@type":"WebSite","@id":"https:\/\/quehacerpolitico.mx\/#website","url":"https:\/\/quehacerpolitico.mx\/","name":"","description":"","potentialAction":[{"@type":"SearchAction","target":{"@type":"EntryPoint","urlTemplate":"https:\/\/quehacerpolitico.mx\/?s={search_term_string}"},"query-input":{"@type":"PropertyValueSpecification","valueRequired":true,"valueName":"search_term_string"}}],"inLanguage":"es"},{"@type":"Person","@id":"https:\/\/quehacerpolitico.mx\/#\/schema\/person\/496d8ad2d1d3f8036101dca7ee39e585","name":"Redacci\u00f3n QP","image":{"@type":"ImageObject","inLanguage":"es","@id":"https:\/\/secure.gravatar.com\/avatar\/c7164ed6fdec453195284ad24a5ae5b6e1eed2b848477fa2a4787ba9adf39a41?s=96&d=mm&r=g","url":"https:\/\/secure.gravatar.com\/avatar\/c7164ed6fdec453195284ad24a5ae5b6e1eed2b848477fa2a4787ba9adf39a41?s=96&d=mm&r=g","contentUrl":"https:\/\/secure.gravatar.com\/avatar\/c7164ed6fdec453195284ad24a5ae5b6e1eed2b848477fa2a4787ba9adf39a41?s=96&d=mm&r=g","caption":"Redacci\u00f3n QP"},"url":"https:\/\/quehacerpolitico.mx\/?author=2"}]}},"featured_image_urls":{"full":["https:\/\/quehacerpolitico.mx\/wp-content\/uploads\/2022\/06\/9CB8E4FF-E676-493E-BECF-0E3EF15F7EEA.jpeg",953,695,false],"thumbnail":["https:\/\/quehacerpolitico.mx\/wp-content\/uploads\/2022\/06\/9CB8E4FF-E676-493E-BECF-0E3EF15F7EEA-150x150.jpeg",150,150,true],"medium":["https:\/\/quehacerpolitico.mx\/wp-content\/uploads\/2022\/06\/9CB8E4FF-E676-493E-BECF-0E3EF15F7EEA-300x219.jpeg",300,219,true],"medium_large":["https:\/\/quehacerpolitico.mx\/wp-content\/uploads\/2022\/06\/9CB8E4FF-E676-493E-BECF-0E3EF15F7EEA-768x560.jpeg",640,467,true],"large":["https:\/\/quehacerpolitico.mx\/wp-content\/uploads\/2022\/06\/9CB8E4FF-E676-493E-BECF-0E3EF15F7EEA.jpeg",640,467,false],"1536x1536":["https:\/\/quehacerpolitico.mx\/wp-content\/uploads\/2022\/06\/9CB8E4FF-E676-493E-BECF-0E3EF15F7EEA.jpeg",953,695,false],"2048x2048":["https:\/\/quehacerpolitico.mx\/wp-content\/uploads\/2022\/06\/9CB8E4FF-E676-493E-BECF-0E3EF15F7EEA.jpeg",953,695,false],"covernews-featured":["https:\/\/quehacerpolitico.mx\/wp-content\/uploads\/2022\/06\/9CB8E4FF-E676-493E-BECF-0E3EF15F7EEA.jpeg",953,695,false],"covernews-medium":["https:\/\/quehacerpolitico.mx\/wp-content\/uploads\/2022\/06\/9CB8E4FF-E676-493E-BECF-0E3EF15F7EEA.jpeg",466,340,false]},"author_info":{"display_name":"Redacci\u00f3n QP","author_link":"https:\/\/quehacerpolitico.mx\/?author=2"},"category_info":"<a href=\"https:\/\/quehacerpolitico.mx\/?cat=2\" rel=\"category\">Noticias<\/a>","tag_info":"Noticias","comment_count":"0","_links":{"self":[{"href":"https:\/\/quehacerpolitico.mx\/index.php?rest_route=\/wp\/v2\/posts\/92797","targetHints":{"allow":["GET"]}}],"collection":[{"href":"https:\/\/quehacerpolitico.mx\/index.php?rest_route=\/wp\/v2\/posts"}],"about":[{"href":"https:\/\/quehacerpolitico.mx\/index.php?rest_route=\/wp\/v2\/types\/post"}],"author":[{"embeddable":true,"href":"https:\/\/quehacerpolitico.mx\/index.php?rest_route=\/wp\/v2\/users\/2"}],"replies":[{"embeddable":true,"href":"https:\/\/quehacerpolitico.mx\/index.php?rest_route=%2Fwp%2Fv2%2Fcomments&post=92797"}],"version-history":[{"count":1,"href":"https:\/\/quehacerpolitico.mx\/index.php?rest_route=\/wp\/v2\/posts\/92797\/revisions"}],"predecessor-version":[{"id":92799,"href":"https:\/\/quehacerpolitico.mx\/index.php?rest_route=\/wp\/v2\/posts\/92797\/revisions\/92799"}],"wp:featuredmedia":[{"embeddable":true,"href":"https:\/\/quehacerpolitico.mx\/index.php?rest_route=\/wp\/v2\/media\/92798"}],"wp:attachment":[{"href":"https:\/\/quehacerpolitico.mx\/index.php?rest_route=%2Fwp%2Fv2%2Fmedia&parent=92797"}],"wp:term":[{"taxonomy":"category","embeddable":true,"href":"https:\/\/quehacerpolitico.mx\/index.php?rest_route=%2Fwp%2Fv2%2Fcategories&post=92797"},{"taxonomy":"post_tag","embeddable":true,"href":"https:\/\/quehacerpolitico.mx\/index.php?rest_route=%2Fwp%2Fv2%2Ftags&post=92797"}],"curies":[{"name":"wp","href":"https:\/\/api.w.org\/{rel}","templated":true}]}}