{"id":92786,"date":"2022-06-02T19:37:54","date_gmt":"2022-06-02T19:37:54","guid":{"rendered":"https:\/\/quehacerpolitico.mx\/?p=92786"},"modified":"2022-06-02T19:38:02","modified_gmt":"2022-06-02T19:38:02","slug":"deposito-en-garantia-como-protege-al-arrendador-y-arrendatario","status":"publish","type":"post","link":"https:\/\/quehacerpolitico.mx\/?p=92786","title":{"rendered":"\u00bfDep\u00f3sito en garant\u00eda como protege al arrendador y arrendatario?"},"content":{"rendered":"\n<p>Por Redacci\u00f3n NotiExpress | La Revista del Sector Inmobiliario<\/p>\n\n\n\n<h3 class=\"wp-block-heading\">Protege tu propiedad de cualquier desajuste a trav\u00e9s de un dep\u00f3sito en garant\u00eda.<\/h3>\n\n\n\n<p>Al\u00a0<strong>alquilar una propiedad,<\/strong>\u00a0adem\u00e1s de los montos que se piden de renta, es necesario dar un pago por adelantado llamado\u00a0<strong><em>\u201cdep\u00f3sito en garant\u00eda\u201d<\/em><\/strong>\u00a0el cual recibe el propietario del inquilino para no violar los\u00a0<strong>t\u00e9rminos del contrato<\/strong>\u00a0al que se ajuste.<\/p>\n\n\n\n<h2 class=\"wp-block-heading\"><strong>\u00bfQu\u00e9 es un dep\u00f3sito en garant\u00eda?<\/strong><\/h2>\n\n\n\n<p>La&nbsp;<strong>definici\u00f3n de un dep\u00f3sito en garant\u00eda<\/strong>&nbsp;nos indica que es un pago que funge como&nbsp;<strong>seguro<\/strong>&nbsp;para cualquier imprevisto relacionado con el contrato, la propiedad o los acuerdos. Este monto lo da el&nbsp;<strong>arrendatario al arrendador<\/strong>a manera de aval por aquellos&nbsp;<strong>da\u00f1os<\/strong>&nbsp;que puedan causarse en la propiedad y que requieran de&nbsp;<strong>reparaci\u00f3n.<\/strong><\/p>\n\n\n\n<p>El<strong>&nbsp;dep\u00f3sito en garant\u00eda<\/strong>&nbsp;puede cubrir:<\/p>\n\n\n\n<ul class=\"wp-block-list\"><li>Da\u00f1os a la propiedad<\/li><li>Limpieza<\/li><li>Rentas atrasadas<\/li><li>Incumplimientos en el contrato<\/li><\/ul>\n\n\n\n<p>En caso de que ning\u00fan<strong>\u00a0defecto o problema<\/strong>\u00a0se haya suscitado en el\u00a0<strong>periodo<\/strong>\u00a0en que dura el\u00a0contrato de arrendamiento entonces el arrendador podr\u00e1 devolver dicho monto al arrendatario.<\/p>\n\n\n\n<p>Este&nbsp;<strong>dep\u00f3sito aplica<\/strong>&nbsp;para cualquier&nbsp;<strong>tipo de arrendamiento<\/strong>, sea oficina, casa, departamento, habitaciones, bodegas, terrenos, etc.<\/p>\n\n\n\n<p>Suele ser un\u00a0<strong>requisito indispensable<\/strong>\u00a0para cualquier renta.<\/p>\n\n\n\n<figure class=\"wp-block-image\"><img decoding=\"async\" src=\"https:\/\/www.lamudi.com.mx\/journal\/wp-content\/uploads\/2022\/01\/casa-en-donacion-1.jpg\" alt=\"\u00bfQu\u00e9 es un dep\u00f3sito en garant\u00eda?\" class=\"wp-image-21935\"\/><\/figure>\n\n\n\n<h2 class=\"wp-block-heading\"><strong>\u00bfC\u00f3mo se contabiliza un dep\u00f3sito en garant\u00eda?<\/strong><\/h2>\n\n\n\n<p>El&nbsp;<strong>monto de los dep\u00f3sitos en garant\u00eda<\/strong>&nbsp;pueden variar acorde a la constituci\u00f3n de la vivienda, sin embargo, podemos notar que estos pueden establecerse de la siguiente manera:<\/p>\n\n\n\n<h3 class=\"wp-block-heading\"><strong>Propiedades residenciales<\/strong><\/h3>\n\n\n\n<p>Para aquellas&nbsp;<strong>propiedades residenciales sin amueblar,<\/strong>&nbsp;el monto del dep\u00f3sito en garant\u00eda puede ser igual o dos veces el monto mensual de la renta.<\/p>\n\n\n\n<p>Es decir, si la renta se encuentra en&nbsp;<strong>$2000 pesos<\/strong>, el dep\u00f3sito puede ser del mismo costo o de&nbsp;<strong>$4000.<\/strong><\/p>\n\n\n\n<p>Si la propiedad, en cambio,&nbsp;<strong>si est\u00e1 amueblada,<\/strong>&nbsp;este monto puede subir hasta tres veces partiendo del costo mensual del alquiler.<\/p>\n\n\n\n<h3 class=\"wp-block-heading\"><strong>Propiedades comerciales<\/strong><\/h3>\n\n\n\n<p>Para el caso de las\u00a0<strong>propiedades comerciales<\/strong>\u00a0no existen\u00a0<strong>restricciones de dep\u00f3sitos<\/strong>\u00a0de garant\u00eda, sin embargo, suelen ser el doble de lo que es el monto de un mes de alquiler.<\/p>\n\n\n\n<figure class=\"wp-block-image\"><img decoding=\"async\" src=\"https:\/\/www.lamudi.com.mx\/journal\/wp-content\/uploads\/2021\/12\/alianza-1.jpg\" alt=\"\u00bfC\u00f3mo se contabiliza un dep\u00f3sito en garant\u00eda?\" class=\"wp-image-21784\"\/><\/figure>\n\n\n\n<h2 class=\"wp-block-heading\"><strong>\u00bfC\u00f3mo se debe facturar un dep\u00f3sito en garant\u00eda?<\/strong><\/h2>\n\n\n\n<p>El\u00a0SAT es aquella instituci\u00f3n que nos dicta como podemos cumplir con nuestras\u00a0<strong>obligaciones fiscales<\/strong>\u00a0de la mejor manera, por ello es que dentro de su reglamentaci\u00f3n se dice que:<\/p>\n\n\n\n<ul class=\"wp-block-list\"><li>Para los<strong>&nbsp;dep\u00f3sitos<\/strong>&nbsp;no se est\u00e1 obligado a emitir factura, sino hasta que se materialice el supuesto que le dio origen. De lo contrario, ocasiona acumulaci\u00f3n de ingresos que no corresponden.<\/li><\/ul>\n\n\n\n<h2 class=\"wp-block-heading\"><strong>Sobre la devoluci\u00f3n del dep\u00f3sito de garant\u00eda<\/strong><\/h2>\n\n\n\n<p>Sobre la&nbsp;<strong>devoluci\u00f3n<\/strong>, deben estar constituidas ciertas cl\u00e1usulas en el&nbsp;<strong>contrato de arrendamiento<\/strong>&nbsp;para que ambas partes est\u00e9n de acuerdo sobre la&nbsp;<strong>devoluci\u00f3n<\/strong>, algunas de ellas enmarcan lo siguiente:<\/p>\n\n\n\n<ul class=\"wp-block-list\"><li>El propietario tiene hasta 21 d\u00edas para devolver el dep\u00f3sito en garant\u00eda<\/li><li>Se debe devolver el monto completo del dep\u00f3sito en caso de no haber imperfectos en la propiedad<\/li><li>En caso de que no se devuelva el dep\u00f3sito, se debe de realizar una carta detallada con los motivos del arrendador<\/li><li>A la par se deben incluir comprobantes o tickets con los montos totales de las reparaciones que se realizaron a causa del arrendatario<\/li><li>El arrendador tendr\u00e1 14 d\u00edas para informar sobre las reparaciones y enviar dichos comprobantes<\/li><\/ul>\n\n\n\n<p>El propietario tambi\u00e9n ser\u00e1 capaz de&nbsp;<strong>deducir los dep\u00f3sitos en garant\u00eda<\/strong>&nbsp;de las siguientes condiciones:<\/p>\n\n\n\n<ul class=\"wp-block-list\"><li>El costo de limpieza de la propiedad en caso de que se requiera algo m\u00e1s especializado<\/li><li>Costos de reparaciones por da\u00f1os a la propiedad<\/li><li>Atrasos en el alquiler o montos incumplidos si es que el inquilino no avis\u00f3 con suficiente anticipaci\u00f3n<\/li><\/ul>\n\n\n\n<figure class=\"wp-block-image\"><img decoding=\"async\" src=\"https:\/\/www.lamudi.com.mx\/journal\/wp-content\/uploads\/2021\/12\/calcular-1.jpg\" alt=\"Sobre la devoluci\u00f3n del dep\u00f3sito de garant\u00eda\" class=\"wp-image-21570\"\/><\/figure>\n\n\n\n<h2 class=\"wp-block-heading\"><strong>\u00bfC\u00f3mo evitar disputas sobre el dep\u00f3sito de garant\u00eda?<\/strong><\/h2>\n\n\n\n<p>Para&nbsp;<strong>evitar futuras disputas<\/strong>&nbsp;con el arrendatario, te recomendamos dejar documentado el estado de la propiedad a trav\u00e9s de&nbsp;<strong>fotograf\u00edas y descripciones<\/strong>&nbsp;en el contrato de arrendamiento. Tambi\u00e9n los<strong>&nbsp;nuevos inquilinos<\/strong>podr\u00e1n solicitar un recorrido previo para dejar estipulado en una minuta el estado de todo.<\/p>\n\n\n\n<p>Algo indispensable es dejar en el&nbsp;<strong>mismo contrato de arrendamiento<\/strong>&nbsp;los tiempos definidos en que el dep\u00f3sito ser\u00e1 v\u00e1lido y reembolsable, ya que despu\u00e9s de mucho tiempo puede tomarse como<strong>&nbsp;cuota para diversos servicios.&nbsp;<\/strong><\/p>\n\n\n\n<p>Te recomendamos\u00a0<strong>avisar con dos meses de anticipaci\u00f3n<\/strong>a tu casero que dejar\u00e1s la propiedad, puesto que en caso de no ser as\u00ed existen contratos en donde tambi\u00e9n el\u00a0<strong>dep\u00f3sito en garant\u00eda<\/strong>\u00a0corre a cuenta debido al\u00a0<strong>imprevisto de la mudanza<\/strong>.<\/p>\n\n\n\n<figure class=\"wp-block-image\"><img decoding=\"async\" src=\"https:\/\/www.lamudi.com.mx\/journal\/wp-content\/uploads\/2018\/05\/documento-1.jpg\" alt=\"\u00bfC\u00f3mo evitar disputas sobre el dep\u00f3sito de garant\u00eda?\" class=\"wp-image-21290\"\/><\/figure>\n\n\n\n<p>Los\u00a0<strong>dep\u00f3sitos en garant\u00eda<\/strong>, protegen tanto a los due\u00f1os como inquilinos de imperfectos o da\u00f1os que puedan suscitarse, por ello es que es, hoy por hoy, es un requisito fundamental en el\u00a0<strong>alquiler de cualquier propiedad.<\/strong><\/p>\n\n\n\n<p>No se te olvide que?<\/p>\n\n\n\n<p>En\u00a0NotiExpress | La Revista del Sector Inmobiliario nos ocupamos en la difusi\u00f3n de la industria inmobiliaria generamos contenidos que te ayudar\u00e1n a mantenerte a la vanguardia en tecnolog\u00eda y en tendencias del sector inmobiliario para que puedas ofrecer el mejor servicio y generar m\u00e1s clientes.<\/p>\n\n\n\n<p>\u00c9chale una miradita a nuestra revista mensual donde encontrar\u00e1s la informaci\u00f3n precisa y oportuna con todo lo relacionado al sector inmobiliario aqu\u00ed\u00a0?<a href=\"https:\/\/issuu.com\/notiexpressmx\/docs\/notiexpress_07\">https:\/\/issuu.com\/notiexpressmx\/docs\/notiexpress_07\u00a0<\/a>\u00a0NotiExpress | La Revista del Sector Inmobiliario<\/p>\n\n\n\n<figure class=\"wp-block-image size-large\"><img loading=\"lazy\" decoding=\"async\" width=\"1024\" height=\"378\" src=\"https:\/\/quehacerpolitico.mx\/wp-content\/uploads\/2022\/06\/image-10-1024x378.jpeg\" alt=\"\" class=\"wp-image-92787\" srcset=\"https:\/\/quehacerpolitico.mx\/wp-content\/uploads\/2022\/06\/image-10-1024x378.jpeg 1024w, https:\/\/quehacerpolitico.mx\/wp-content\/uploads\/2022\/06\/image-10-300x111.jpeg 300w, https:\/\/quehacerpolitico.mx\/wp-content\/uploads\/2022\/06\/image-10-768x284.jpeg 768w, https:\/\/quehacerpolitico.mx\/wp-content\/uploads\/2022\/06\/image-10-260x96.jpeg 260w, https:\/\/quehacerpolitico.mx\/wp-content\/uploads\/2022\/06\/image-10-50x18.jpeg 50w, https:\/\/quehacerpolitico.mx\/wp-content\/uploads\/2022\/06\/image-10-150x55.jpeg 150w, https:\/\/quehacerpolitico.mx\/wp-content\/uploads\/2022\/06\/image-10.jpeg 1280w\" sizes=\"auto, (max-width: 1024px) 100vw, 1024px\" \/><\/figure>\n","protected":false},"excerpt":{"rendered":"<p>Por Redacci\u00f3n NotiExpress | La Revista del Sector Inmobiliario Protege tu propiedad de cualquier desajuste&#8230;<\/p>\n","protected":false},"author":2,"featured_media":92788,"comment_status":"open","ping_status":"open","sticky":false,"template":"","format":"standard","meta":{"_monsterinsights_skip_tracking":false,"_monsterinsights_sitenote_active":false,"_monsterinsights_sitenote_note":"","_monsterinsights_sitenote_category":0,"footnotes":""},"categories":[56],"tags":[],"class_list":["post-92786","post","type-post","status-publish","format-standard","has-post-thumbnail","hentry","category-economia"],"yoast_head":"<!-- This site is optimized with the Yoast SEO plugin v27.3 - https:\/\/yoast.com\/product\/yoast-seo-wordpress\/ -->\n<title>\u00bfDep\u00f3sito en garant\u00eda como protege al arrendador y arrendatario? -<\/title>\n<meta name=\"robots\" content=\"index, follow, max-snippet:-1, max-image-preview:large, max-video-preview:-1\" \/>\n<link rel=\"canonical\" href=\"https:\/\/quehacerpolitico.mx\/?p=92786\" \/>\n<meta property=\"og:locale\" content=\"es_MX\" \/>\n<meta property=\"og:type\" content=\"article\" \/>\n<meta property=\"og:title\" content=\"\u00bfDep\u00f3sito en garant\u00eda como protege al arrendador y arrendatario? -\" \/>\n<meta property=\"og:description\" content=\"Por Redacci\u00f3n NotiExpress | La Revista del Sector Inmobiliario Protege tu propiedad de cualquier desajuste...\" \/>\n<meta property=\"og:url\" content=\"https:\/\/quehacerpolitico.mx\/?p=92786\" \/>\n<meta property=\"article:published_time\" content=\"2022-06-02T19:37:54+00:00\" \/>\n<meta property=\"article:modified_time\" content=\"2022-06-02T19:38:02+00:00\" \/>\n<meta property=\"og:image\" content=\"https:\/\/quehacerpolitico.mx\/wp-content\/uploads\/2022\/06\/D6A0AFCF-9E1F-451A-8DFA-C1E8E8794B66.jpeg\" \/>\n\t<meta property=\"og:image:width\" content=\"2048\" \/>\n\t<meta property=\"og:image:height\" content=\"939\" \/>\n\t<meta property=\"og:image:type\" content=\"image\/jpeg\" \/>\n<meta name=\"author\" content=\"Redacci\u00f3n QP\" \/>\n<meta name=\"twitter:card\" content=\"summary_large_image\" \/>\n<meta name=\"twitter:label1\" content=\"Escrito por\" \/>\n\t<meta name=\"twitter:data1\" content=\"Redacci\u00f3n QP\" \/>\n\t<meta name=\"twitter:label2\" content=\"Tiempo de lectura\" \/>\n\t<meta name=\"twitter:data2\" content=\"5 minutos\" \/>\n<script type=\"application\/ld+json\" class=\"yoast-schema-graph\">{\"@context\":\"https:\\\/\\\/schema.org\",\"@graph\":[{\"@type\":\"Article\",\"@id\":\"https:\\\/\\\/quehacerpolitico.mx\\\/?p=92786#article\",\"isPartOf\":{\"@id\":\"https:\\\/\\\/quehacerpolitico.mx\\\/?p=92786\"},\"author\":{\"name\":\"Redacci\u00f3n QP\",\"@id\":\"https:\\\/\\\/quehacerpolitico.mx\\\/#\\\/schema\\\/person\\\/496d8ad2d1d3f8036101dca7ee39e585\"},\"headline\":\"\u00bfDep\u00f3sito en garant\u00eda como protege al arrendador y arrendatario?\",\"datePublished\":\"2022-06-02T19:37:54+00:00\",\"dateModified\":\"2022-06-02T19:38:02+00:00\",\"mainEntityOfPage\":{\"@id\":\"https:\\\/\\\/quehacerpolitico.mx\\\/?p=92786\"},\"wordCount\":951,\"commentCount\":0,\"image\":{\"@id\":\"https:\\\/\\\/quehacerpolitico.mx\\\/?p=92786#primaryimage\"},\"thumbnailUrl\":\"https:\\\/\\\/quehacerpolitico.mx\\\/wp-content\\\/uploads\\\/2022\\\/06\\\/D6A0AFCF-9E1F-451A-8DFA-C1E8E8794B66.jpeg\",\"articleSection\":[\"Econom\u00eda\"],\"inLanguage\":\"es\",\"potentialAction\":[{\"@type\":\"CommentAction\",\"name\":\"Comment\",\"target\":[\"https:\\\/\\\/quehacerpolitico.mx\\\/?p=92786#respond\"]}]},{\"@type\":\"WebPage\",\"@id\":\"https:\\\/\\\/quehacerpolitico.mx\\\/?p=92786\",\"url\":\"https:\\\/\\\/quehacerpolitico.mx\\\/?p=92786\",\"name\":\"\u00bfDep\u00f3sito en garant\u00eda como protege al arrendador y arrendatario? -\",\"isPartOf\":{\"@id\":\"https:\\\/\\\/quehacerpolitico.mx\\\/#website\"},\"primaryImageOfPage\":{\"@id\":\"https:\\\/\\\/quehacerpolitico.mx\\\/?p=92786#primaryimage\"},\"image\":{\"@id\":\"https:\\\/\\\/quehacerpolitico.mx\\\/?p=92786#primaryimage\"},\"thumbnailUrl\":\"https:\\\/\\\/quehacerpolitico.mx\\\/wp-content\\\/uploads\\\/2022\\\/06\\\/D6A0AFCF-9E1F-451A-8DFA-C1E8E8794B66.jpeg\",\"datePublished\":\"2022-06-02T19:37:54+00:00\",\"dateModified\":\"2022-06-02T19:38:02+00:00\",\"author\":{\"@id\":\"https:\\\/\\\/quehacerpolitico.mx\\\/#\\\/schema\\\/person\\\/496d8ad2d1d3f8036101dca7ee39e585\"},\"breadcrumb\":{\"@id\":\"https:\\\/\\\/quehacerpolitico.mx\\\/?p=92786#breadcrumb\"},\"inLanguage\":\"es\",\"potentialAction\":[{\"@type\":\"ReadAction\",\"target\":[\"https:\\\/\\\/quehacerpolitico.mx\\\/?p=92786\"]}]},{\"@type\":\"ImageObject\",\"inLanguage\":\"es\",\"@id\":\"https:\\\/\\\/quehacerpolitico.mx\\\/?p=92786#primaryimage\",\"url\":\"https:\\\/\\\/quehacerpolitico.mx\\\/wp-content\\\/uploads\\\/2022\\\/06\\\/D6A0AFCF-9E1F-451A-8DFA-C1E8E8794B66.jpeg\",\"contentUrl\":\"https:\\\/\\\/quehacerpolitico.mx\\\/wp-content\\\/uploads\\\/2022\\\/06\\\/D6A0AFCF-9E1F-451A-8DFA-C1E8E8794B66.jpeg\",\"width\":2048,\"height\":939},{\"@type\":\"BreadcrumbList\",\"@id\":\"https:\\\/\\\/quehacerpolitico.mx\\\/?p=92786#breadcrumb\",\"itemListElement\":[{\"@type\":\"ListItem\",\"position\":1,\"name\":\"Inicio\",\"item\":\"https:\\\/\\\/quehacerpolitico.mx\\\/\"},{\"@type\":\"ListItem\",\"position\":2,\"name\":\"\u00bfDep\u00f3sito en garant\u00eda como protege al arrendador y arrendatario?\"}]},{\"@type\":\"WebSite\",\"@id\":\"https:\\\/\\\/quehacerpolitico.mx\\\/#website\",\"url\":\"https:\\\/\\\/quehacerpolitico.mx\\\/\",\"name\":\"\",\"description\":\"\",\"potentialAction\":[{\"@type\":\"SearchAction\",\"target\":{\"@type\":\"EntryPoint\",\"urlTemplate\":\"https:\\\/\\\/quehacerpolitico.mx\\\/?s={search_term_string}\"},\"query-input\":{\"@type\":\"PropertyValueSpecification\",\"valueRequired\":true,\"valueName\":\"search_term_string\"}}],\"inLanguage\":\"es\"},{\"@type\":\"Person\",\"@id\":\"https:\\\/\\\/quehacerpolitico.mx\\\/#\\\/schema\\\/person\\\/496d8ad2d1d3f8036101dca7ee39e585\",\"name\":\"Redacci\u00f3n QP\",\"image\":{\"@type\":\"ImageObject\",\"inLanguage\":\"es\",\"@id\":\"https:\\\/\\\/secure.gravatar.com\\\/avatar\\\/c7164ed6fdec453195284ad24a5ae5b6e1eed2b848477fa2a4787ba9adf39a41?s=96&d=mm&r=g\",\"url\":\"https:\\\/\\\/secure.gravatar.com\\\/avatar\\\/c7164ed6fdec453195284ad24a5ae5b6e1eed2b848477fa2a4787ba9adf39a41?s=96&d=mm&r=g\",\"contentUrl\":\"https:\\\/\\\/secure.gravatar.com\\\/avatar\\\/c7164ed6fdec453195284ad24a5ae5b6e1eed2b848477fa2a4787ba9adf39a41?s=96&d=mm&r=g\",\"caption\":\"Redacci\u00f3n QP\"},\"url\":\"https:\\\/\\\/quehacerpolitico.mx\\\/?author=2\"}]}<\/script>\n<!-- \/ Yoast SEO plugin. -->","yoast_head_json":{"title":"\u00bfDep\u00f3sito en garant\u00eda como protege al arrendador y arrendatario? -","robots":{"index":"index","follow":"follow","max-snippet":"max-snippet:-1","max-image-preview":"max-image-preview:large","max-video-preview":"max-video-preview:-1"},"canonical":"https:\/\/quehacerpolitico.mx\/?p=92786","og_locale":"es_MX","og_type":"article","og_title":"\u00bfDep\u00f3sito en garant\u00eda como protege al arrendador y arrendatario? -","og_description":"Por Redacci\u00f3n NotiExpress | La Revista del Sector Inmobiliario Protege tu propiedad de cualquier desajuste...","og_url":"https:\/\/quehacerpolitico.mx\/?p=92786","article_published_time":"2022-06-02T19:37:54+00:00","article_modified_time":"2022-06-02T19:38:02+00:00","og_image":[{"width":2048,"height":939,"url":"https:\/\/quehacerpolitico.mx\/wp-content\/uploads\/2022\/06\/D6A0AFCF-9E1F-451A-8DFA-C1E8E8794B66.jpeg","type":"image\/jpeg"}],"author":"Redacci\u00f3n QP","twitter_card":"summary_large_image","twitter_misc":{"Escrito por":"Redacci\u00f3n QP","Tiempo de lectura":"5 minutos"},"schema":{"@context":"https:\/\/schema.org","@graph":[{"@type":"Article","@id":"https:\/\/quehacerpolitico.mx\/?p=92786#article","isPartOf":{"@id":"https:\/\/quehacerpolitico.mx\/?p=92786"},"author":{"name":"Redacci\u00f3n QP","@id":"https:\/\/quehacerpolitico.mx\/#\/schema\/person\/496d8ad2d1d3f8036101dca7ee39e585"},"headline":"\u00bfDep\u00f3sito en garant\u00eda como protege al arrendador y arrendatario?","datePublished":"2022-06-02T19:37:54+00:00","dateModified":"2022-06-02T19:38:02+00:00","mainEntityOfPage":{"@id":"https:\/\/quehacerpolitico.mx\/?p=92786"},"wordCount":951,"commentCount":0,"image":{"@id":"https:\/\/quehacerpolitico.mx\/?p=92786#primaryimage"},"thumbnailUrl":"https:\/\/quehacerpolitico.mx\/wp-content\/uploads\/2022\/06\/D6A0AFCF-9E1F-451A-8DFA-C1E8E8794B66.jpeg","articleSection":["Econom\u00eda"],"inLanguage":"es","potentialAction":[{"@type":"CommentAction","name":"Comment","target":["https:\/\/quehacerpolitico.mx\/?p=92786#respond"]}]},{"@type":"WebPage","@id":"https:\/\/quehacerpolitico.mx\/?p=92786","url":"https:\/\/quehacerpolitico.mx\/?p=92786","name":"\u00bfDep\u00f3sito en garant\u00eda como protege al arrendador y arrendatario? -","isPartOf":{"@id":"https:\/\/quehacerpolitico.mx\/#website"},"primaryImageOfPage":{"@id":"https:\/\/quehacerpolitico.mx\/?p=92786#primaryimage"},"image":{"@id":"https:\/\/quehacerpolitico.mx\/?p=92786#primaryimage"},"thumbnailUrl":"https:\/\/quehacerpolitico.mx\/wp-content\/uploads\/2022\/06\/D6A0AFCF-9E1F-451A-8DFA-C1E8E8794B66.jpeg","datePublished":"2022-06-02T19:37:54+00:00","dateModified":"2022-06-02T19:38:02+00:00","author":{"@id":"https:\/\/quehacerpolitico.mx\/#\/schema\/person\/496d8ad2d1d3f8036101dca7ee39e585"},"breadcrumb":{"@id":"https:\/\/quehacerpolitico.mx\/?p=92786#breadcrumb"},"inLanguage":"es","potentialAction":[{"@type":"ReadAction","target":["https:\/\/quehacerpolitico.mx\/?p=92786"]}]},{"@type":"ImageObject","inLanguage":"es","@id":"https:\/\/quehacerpolitico.mx\/?p=92786#primaryimage","url":"https:\/\/quehacerpolitico.mx\/wp-content\/uploads\/2022\/06\/D6A0AFCF-9E1F-451A-8DFA-C1E8E8794B66.jpeg","contentUrl":"https:\/\/quehacerpolitico.mx\/wp-content\/uploads\/2022\/06\/D6A0AFCF-9E1F-451A-8DFA-C1E8E8794B66.jpeg","width":2048,"height":939},{"@type":"BreadcrumbList","@id":"https:\/\/quehacerpolitico.mx\/?p=92786#breadcrumb","itemListElement":[{"@type":"ListItem","position":1,"name":"Inicio","item":"https:\/\/quehacerpolitico.mx\/"},{"@type":"ListItem","position":2,"name":"\u00bfDep\u00f3sito en garant\u00eda como protege al arrendador y arrendatario?"}]},{"@type":"WebSite","@id":"https:\/\/quehacerpolitico.mx\/#website","url":"https:\/\/quehacerpolitico.mx\/","name":"","description":"","potentialAction":[{"@type":"SearchAction","target":{"@type":"EntryPoint","urlTemplate":"https:\/\/quehacerpolitico.mx\/?s={search_term_string}"},"query-input":{"@type":"PropertyValueSpecification","valueRequired":true,"valueName":"search_term_string"}}],"inLanguage":"es"},{"@type":"Person","@id":"https:\/\/quehacerpolitico.mx\/#\/schema\/person\/496d8ad2d1d3f8036101dca7ee39e585","name":"Redacci\u00f3n QP","image":{"@type":"ImageObject","inLanguage":"es","@id":"https:\/\/secure.gravatar.com\/avatar\/c7164ed6fdec453195284ad24a5ae5b6e1eed2b848477fa2a4787ba9adf39a41?s=96&d=mm&r=g","url":"https:\/\/secure.gravatar.com\/avatar\/c7164ed6fdec453195284ad24a5ae5b6e1eed2b848477fa2a4787ba9adf39a41?s=96&d=mm&r=g","contentUrl":"https:\/\/secure.gravatar.com\/avatar\/c7164ed6fdec453195284ad24a5ae5b6e1eed2b848477fa2a4787ba9adf39a41?s=96&d=mm&r=g","caption":"Redacci\u00f3n QP"},"url":"https:\/\/quehacerpolitico.mx\/?author=2"}]}},"featured_image_urls":{"full":["https:\/\/quehacerpolitico.mx\/wp-content\/uploads\/2022\/06\/D6A0AFCF-9E1F-451A-8DFA-C1E8E8794B66.jpeg",2048,939,false],"thumbnail":["https:\/\/quehacerpolitico.mx\/wp-content\/uploads\/2022\/06\/D6A0AFCF-9E1F-451A-8DFA-C1E8E8794B66-150x150.jpeg",150,150,true],"medium":["https:\/\/quehacerpolitico.mx\/wp-content\/uploads\/2022\/06\/D6A0AFCF-9E1F-451A-8DFA-C1E8E8794B66-300x138.jpeg",300,138,true],"medium_large":["https:\/\/quehacerpolitico.mx\/wp-content\/uploads\/2022\/06\/D6A0AFCF-9E1F-451A-8DFA-C1E8E8794B66-768x352.jpeg",640,293,true],"large":["https:\/\/quehacerpolitico.mx\/wp-content\/uploads\/2022\/06\/D6A0AFCF-9E1F-451A-8DFA-C1E8E8794B66-1024x470.jpeg",640,294,true],"1536x1536":["https:\/\/quehacerpolitico.mx\/wp-content\/uploads\/2022\/06\/D6A0AFCF-9E1F-451A-8DFA-C1E8E8794B66-1536x704.jpeg",1536,704,true],"2048x2048":["https:\/\/quehacerpolitico.mx\/wp-content\/uploads\/2022\/06\/D6A0AFCF-9E1F-451A-8DFA-C1E8E8794B66.jpeg",2048,939,false],"covernews-featured":["https:\/\/quehacerpolitico.mx\/wp-content\/uploads\/2022\/06\/D6A0AFCF-9E1F-451A-8DFA-C1E8E8794B66.jpeg",1024,470,false],"covernews-medium":["https:\/\/quehacerpolitico.mx\/wp-content\/uploads\/2022\/06\/D6A0AFCF-9E1F-451A-8DFA-C1E8E8794B66.jpeg",540,248,false]},"author_info":{"display_name":"Redacci\u00f3n QP","author_link":"https:\/\/quehacerpolitico.mx\/?author=2"},"category_info":"<a href=\"https:\/\/quehacerpolitico.mx\/?cat=56\" rel=\"category\">Econom\u00eda<\/a>","tag_info":"Econom\u00eda","comment_count":"0","_links":{"self":[{"href":"https:\/\/quehacerpolitico.mx\/index.php?rest_route=\/wp\/v2\/posts\/92786","targetHints":{"allow":["GET"]}}],"collection":[{"href":"https:\/\/quehacerpolitico.mx\/index.php?rest_route=\/wp\/v2\/posts"}],"about":[{"href":"https:\/\/quehacerpolitico.mx\/index.php?rest_route=\/wp\/v2\/types\/post"}],"author":[{"embeddable":true,"href":"https:\/\/quehacerpolitico.mx\/index.php?rest_route=\/wp\/v2\/users\/2"}],"replies":[{"embeddable":true,"href":"https:\/\/quehacerpolitico.mx\/index.php?rest_route=%2Fwp%2Fv2%2Fcomments&post=92786"}],"version-history":[{"count":1,"href":"https:\/\/quehacerpolitico.mx\/index.php?rest_route=\/wp\/v2\/posts\/92786\/revisions"}],"predecessor-version":[{"id":92789,"href":"https:\/\/quehacerpolitico.mx\/index.php?rest_route=\/wp\/v2\/posts\/92786\/revisions\/92789"}],"wp:featuredmedia":[{"embeddable":true,"href":"https:\/\/quehacerpolitico.mx\/index.php?rest_route=\/wp\/v2\/media\/92788"}],"wp:attachment":[{"href":"https:\/\/quehacerpolitico.mx\/index.php?rest_route=%2Fwp%2Fv2%2Fmedia&parent=92786"}],"wp:term":[{"taxonomy":"category","embeddable":true,"href":"https:\/\/quehacerpolitico.mx\/index.php?rest_route=%2Fwp%2Fv2%2Fcategories&post=92786"},{"taxonomy":"post_tag","embeddable":true,"href":"https:\/\/quehacerpolitico.mx\/index.php?rest_route=%2Fwp%2Fv2%2Ftags&post=92786"}],"curies":[{"name":"wp","href":"https:\/\/api.w.org\/{rel}","templated":true}]}}