{"id":92757,"date":"2022-06-02T15:58:37","date_gmt":"2022-06-02T15:58:37","guid":{"rendered":"https:\/\/quehacerpolitico.mx\/?p=92757"},"modified":"2022-06-02T15:58:40","modified_gmt":"2022-06-02T15:58:40","slug":"alejandro-madrigal-el-cientifico-mexicano-que-es-honrado-en-el-cumpleanos-de-la-reina-isabel-ii-en-plena-celebracion-del-jubileo-de-platino","status":"publish","type":"post","link":"https:\/\/quehacerpolitico.mx\/?p=92757","title":{"rendered":"Alejandro Madrigal, el cient\u00edfico mexicano que es honrado en el cumplea\u00f1os de la reina Isabel II en plena celebraci\u00f3n del Jubileo de Platino"},"content":{"rendered":"\n<p>Por Redacci\u00f3n QP<\/p>\n\n\n\n<p>Cuando en su adolescencia Alejandro Madrigal iba de puerta en puerta vendiendo ropa y zapatos para ayudar a mantener a su familia poco se imaginaba que ser\u00eda condecorado por la reina de Inglaterra.<\/p>\n\n\n\n<p>&#8220;Tuve que buscar todo tipo de oficios&#8221;, cuenta este doctor mexicano. &#8220;Pero fue un per\u00edodo que me ayud\u00f3 mucho y vino la medicina a buscarme&#8221;.<\/p>\n\n\n\n<p>Y se &#8220;enamor\u00f3&#8221; de ella. Las ganas &#8220;locas&#8221; por estudiar no se comparaban con las que frustr\u00f3 un maestro de primaria que le pegaba con una regla por escribir con la mano izquierda.<\/p>\n\n\n\n<p>Con su &#8220;zurdera y dislexia&#8221; lleg\u00f3 a universidades como Harvard, Stanford, University College London, y se convirti\u00f3 en una\u00a0<strong>eminencia mundial<\/strong>en el trasplante de m\u00e9dula \u00f3sea.<\/p>\n\n\n\n<p>Y es su aporte al campo cient\u00edfico el que le abri\u00f3 un espacio en la lista de figuras cuyos logros y servicios al pa\u00eds son reconocidos por la monarca.<\/p>\n\n\n\n<p>&#8220;No lo pod\u00eda creer, uno nunca espera que estas cosas lleguen&#8221;, le dice Madrigal a BBC Mundo con la carta en la mano.<\/p>\n\n\n\n<figure class=\"wp-block-image\"><img decoding=\"async\" src=\"https:\/\/www.informador.mx\/export\/sites\/elinformador\/img\/2022\/06\/02\/alejandro_madrigal_x_e_x7913449x.jpg_1234924825.jpg\" alt=\"\" title=\"\"\/><figcaption>Isabel II cumple 70 a\u00f1os en el trono brit\u00e1nico. EPA&nbsp;<\/figcaption><\/figure>\n\n\n\n<p>En la misiva se le informaba que su nombre le hab\u00eda sido &#8220;recomendado a su Majestad la Reina para el honor de&nbsp;<strong>Oficial de la Orden del Imperio Brit\u00e1nico<\/strong>&nbsp;(OBE) en la lista de honores del cumplea\u00f1os de 2022&#8243;.<\/p>\n\n\n\n<p>OBE significa: Officer of the Most Excellent Order of the British Empire y es una de las categor\u00edas de un sistema de reconocimiento a la labor extraordinaria de civiles y miembros de las fuerzas armadas.<\/p>\n\n\n\n<p>Madrigal fue el fundador y director cient\u00edfico,&nbsp;<strong>por 27 a\u00f1os<\/strong>, del Instituto de Investigaci\u00f3n de la fundaci\u00f3n brit\u00e1nica Anthony Nolan, que se especializa en combatir el c\u00e1ncer de sangre.<\/p>\n\n\n\n<p>Como investigador y profesor ha hecho contribuciones en el campo de la hematolog\u00eda en el University College of London (UCL) y en el Hospital Royal Free de la Universidad de Londres.<\/p>\n\n\n\n<p>Lider\u00f3 la Asociaci\u00f3n Europea de Trasplante de M\u00e9dula \u00d3sea y ha recibido m\u00faltiples distinciones.<\/p>\n\n\n\n<p>Esta es su historia.<\/p>\n\n\n\n<h2 class=\"wp-block-heading\">El recuerdo del maestro<\/h2>\n\n\n\n<p>Madrigal creci\u00f3 en Ciudad de M\u00e9xico y tiene recuerdos muy bonitos de su infancia en familia, no as\u00ed de la primaria.<\/p>\n\n\n\n<figure class=\"wp-block-image\"><img decoding=\"async\" src=\"https:\/\/www.informador.mx\/export\/sites\/elinformador\/img\/2022\/06\/02\/alejandro_madrigal_x_e_x7913452x.jpg_42110543.jpg\" alt=\"\" title=\"\"\/><figcaption>Madrigal creci\u00f3 en Ciudad de M\u00e9xico, vivi\u00f3 en la colonia Ju\u00e1rez. CORTES\u00cdA: ALEJANDRO MADRIGAL&nbsp;<\/figcaption><\/figure>\n\n\n\n<p>&#8220;Llegu\u00e9 muy emocionado y contento al primer d\u00eda de escuela porque ve\u00eda que mi hermano mayor regresaba muy feliz a la casa&#8221;.<\/p>\n\n\n\n<p>&#8220;Cuando el maestro M\u00e9ndez me vio agarrar el l\u00e1piz con&nbsp;<strong>la mano izquierda<\/strong>, me dijo que eso no lo pod\u00eda hacer en su sal\u00f3n&#8221;.<\/p>\n\n\n\n<p>Intent\u00f3 escribir con la mano derecha, pero inconscientemente pas\u00f3 el l\u00e1piz a la izquierda, algo que el docente interpret\u00f3 como un &#8220;acto de rebeld\u00eda&#8221;.<\/p>\n\n\n\n<p>Le arrebat\u00f3 el l\u00e1piz y le dijo que no tolerar\u00eda a&nbsp;<strong>&#8220;insolentes&#8221;<\/strong>.<\/p>\n\n\n\n<p>&#8220;Adem\u00e1s, con la dislexia empec\u00e9 a tener problemas para escribir ciertas palabras. El maestro me pon\u00eda en el pizarr\u00f3n a escribir horas y horas con la mano derecha&#8221;.<\/p>\n\n\n\n<p>&#8220;Me dec\u00eda una frase que siempre me molest\u00f3: &#8216;La verg\u00fcenza la llevas en la suela de los zapatos&#8217; y me hac\u00eda sentar en el fondo del sal\u00f3n, viendo a la pared&#8221;.<\/p>\n\n\n\n<figure class=\"wp-block-image\"><img decoding=\"async\" src=\"https:\/\/www.informador.mx\/export\/sites\/elinformador\/img\/2022\/06\/02\/alejandro_madrigal_x_e_x7913453x.jpg_392319177.jpg\" alt=\"\" title=\"\"\/><figcaption>Junto a sus hermanos. CORTES\u00cdA: ALEJANDRO MADRIGAL&nbsp;<\/figcaption><\/figure>\n\n\n\n<p>Los intentos de escribir con la mano izquierda terminaron muchas veces en insultos, en golpes con una regla sobre la palma de la mano y en d\u00edas sin recreo.<\/p>\n\n\n\n<p>&#8220;Con suerte la educaci\u00f3n ha cambiado, pero fue un per\u00edodo bastante dif\u00edcil que me llev\u00f3 a un inicio en el sistema educativo muy complicado&#8221;.<\/p>\n\n\n\n<p><strong>&#8220;Odiaba la primaria<\/strong>, no me sent\u00eda diestro en muchas cosas, el f\u00fatbol no se me daba y la secundaria tampoco fue de lo mejor&#8221;.<\/p>\n\n\n\n<h2 class=\"wp-block-heading\">Una misi\u00f3n<\/h2>\n\n\n\n<p>A los 17 a\u00f1os, sufri\u00f3 &#8220;una de las p\u00e9rdidas m\u00e1s grandes&#8221;.<\/p>\n\n\n\n<p>Su padre muri\u00f3 de un infarto cuando se encontraba en uno de sus tantos viajes por el pa\u00eds vendiendo diferentes tipos de productos.<\/p>\n\n\n\n<p>Como sus otros tres hermanos, tuvo que trabajar.<\/p>\n\n\n\n<figure class=\"wp-block-image\"><img decoding=\"async\" src=\"https:\/\/www.informador.mx\/export\/sites\/elinformador\/img\/2022\/06\/02\/alejandro_madrigal_x_e_x7913454x.jpg_1450004453.jpg\" alt=\"\" title=\"\"\/><figcaption>Madrigal en el d\u00eda de su graduaci\u00f3n en la UNAM. CORTES\u00cdA: ALEJANDRO MADRIGAL&nbsp;<\/figcaption><\/figure>\n\n\n\n<p>Esa es la \u00e9poca en la que iba de casa en casa con un maleta llena de cosas, en la que fue mesero y en la que intent\u00f3 abrir un restaurante con su familia que &#8220;fracas\u00f3&#8221;.<\/p>\n\n\n\n<p><strong>Se gan\u00f3 una beca para estudiar computaci\u00f3n<\/strong>&nbsp;y eso le permiti\u00f3 conseguir un trabajo en programaci\u00f3n.<\/p>\n\n\n\n<p>&#8220;Empec\u00e9 a estudiar como loco, termin\u00e9 la preparatoria con grado de excelencia y luego vino la UNAM (Universidad Nacional Aut\u00f3noma de M\u00e9xico)&#8221;.<\/p>\n\n\n\n<p>&#8220;Como Neruda dice en su poema que la poes\u00eda vino a buscarlo, yo digo que la medicina me encontr\u00f3. Ya sent\u00eda que ten\u00eda una misi\u00f3n&#8221;.<\/p>\n\n\n\n<p>Con 19 a\u00f1os, iba a la universidad en la ma\u00f1ana y poco antes de las 3:00 de la tarde se sal\u00eda de la clase.<\/p>\n\n\n\n<p>&#8220;Ten\u00eda que recorrer pr\u00e1cticamente toda Ciudad de M\u00e9xico para llegar al trabajo. A veces me ten\u00eda que ir de avent\u00f3n porque no ten\u00eda para el cami\u00f3n&#8221;.<\/p>\n\n\n\n<p>Su jornada laboral terminaba en la noche y repasaba las materias en la madrugada. &#8220;Pero estaba&nbsp;<strong>enamorado de mi carrera<\/strong>&#8220;.<\/p>\n\n\n\n<h2 class=\"wp-block-heading\">&#8220;La mejor universidad del mundo&#8221;<\/h2>\n\n\n\n<p>La situaci\u00f3n econ\u00f3mica en la casa comenz\u00f3 a mejorar y las buenas calificaciones se volvieron, &#8220;para su sorpresa&#8221;, una constante.<\/p>\n\n\n\n<figure class=\"wp-block-image\"><img decoding=\"async\" src=\"https:\/\/www.informador.mx\/export\/sites\/elinformador\/img\/2022\/06\/02\/alejandro_madrigal_x_e_x7913455x.jpg_43957585.jpg\" alt=\"\" title=\"\"\/><figcaption>Conoci\u00f3 a Mar\u00eda Elena cuando ten\u00eda 14 a\u00f1os y se cas\u00f3 a los 23. Ha sido un gran apoyo en su carrera. CORTES\u00cdA: ALEJANDRO MADRIGAL&nbsp;<\/figcaption><\/figure>\n\n\n\n<p>Se fue a Tijuana a hacer las pr\u00e1cticas en un hospital.<\/p>\n\n\n\n<p>&#8220;Un maestro me pregunt\u00f3 qu\u00e9 iba a hacer despu\u00e9s y le respond\u00ed que quer\u00eda ir a la mejor universidad del mundo&#8221;.<\/p>\n\n\n\n<p>&#8220;Se ri\u00f3 y me dijo: &#8216;\u00bfY cu\u00e1l es esa universidad?&#8217; y le contest\u00e9: &#8216;Pues, no s\u00e9, \u00bfcu\u00e1l ser\u00eda?&#8217; A lo que me respondi\u00f3: &#8216;Harvard&#8217; y le dije: &#8216;Ah bueno, esa, voy para all\u00e1'&#8221;<\/p>\n\n\n\n<p>El docente se volvi\u00f3 a re\u00edr y le dijo: &#8220;Alejandro, te estoy invitando a almorzar,&nbsp;<strong>tienes un agujero en el zapato<\/strong>&nbsp;y \u00bfvas a ir a Harvard?&#8221;.<\/p>\n\n\n\n<p>La respuesta fue un contundente: &#8220;s\u00ed&#8221;.<\/p>\n\n\n\n<p>Y lo consigui\u00f3. Harvard lo acept\u00f3, tras ganarse una beca de la Organizaci\u00f3n Mundial de la Salud.<\/p>\n\n\n\n<figure class=\"wp-block-image\"><img decoding=\"async\" src=\"https:\/\/www.informador.mx\/export\/sites\/elinformador\/img\/2022\/06\/02\/alejandro_madrigal_x_e_x7913456x.jpg_1150884414.jpg\" alt=\"\" title=\"\"\/><figcaption>En Harvard conoci\u00f3 a dos grandes cient\u00edficos: Baruj Benacerraf y Edmond Yunis. CORTES\u00cdA: ALEJANDRO MADRIGAL&nbsp;<\/figcaption><\/figure>\n\n\n\n<p>En la universidad estadounidense conoci\u00f3 a los profesores Baruj Benacerraf, premio Nobel de Medicina nacido en Venezuela, y Edmond Yunis, destacado investigador de inmunolog\u00eda y c\u00e1ncer, que se convertir\u00eda en su mentor.<\/p>\n\n\n\n<p>&#8220;Llegu\u00e9 con&nbsp;<strong>un ingl\u00e9s b\u00e1sico<\/strong>, lo estudiaba cada vez que pod\u00eda. A veces, no les entend\u00eda nada, la ventaja era que Edmond es colombiano&#8221;.<\/p>\n\n\n\n<p>&#8220;Estaba en Harvard y era la persona m\u00e1s feliz del mundo&#8221;.<\/p>\n\n\n\n<h2 class=\"wp-block-heading\">Como una margarita<\/h2>\n\n\n\n<p>Despu\u00e9s vino el doctorado en la Universidad de Londres, el postdoctorado en la Universidad de Stanford y una oportunidad laboral que vio en un anuncio de la revista Nature y que termin\u00f3 marcando su destino.<\/p>\n\n\n\n<figure class=\"wp-block-image\"><img decoding=\"async\" src=\"https:\/\/www.informador.mx\/export\/sites\/elinformador\/img\/2022\/06\/02\/alejandro_madrigal_x_e_x7913457x.jpg_346168748.jpg\" alt=\"\" title=\"\"\/><figcaption>En Londres, ciudad que se convirti\u00f3 en su hogar. CORTES\u00cdA: ALEJANDRO MADRIGAL&nbsp;<\/figcaption><\/figure>\n\n\n\n<p>Entre unos 60 candidatos, fue escogido para liderar, desde 1993, la investigaci\u00f3n cient\u00edfica en la organizaci\u00f3n Anthony Nolan, creada en 1974.<\/p>\n\n\n\n<p>El hijo de su fundadora, Shirley Nolan, hab\u00eda nacido con&nbsp;<strong>un raro trastorno sangu\u00edneo<\/strong>&nbsp;llamado s\u00edndrome de Wiskott-Aldrich y la \u00fanica manera de salvarlo era con un trasplante de m\u00e9dula \u00f3sea.<\/p>\n\n\n\n<p>Como ning\u00fan familiar era compatible, comenz\u00f3 la b\u00fasqueda de un donante, pero no lo encontr\u00f3 y Anthony muri\u00f3, a los siete a\u00f1os, en 1979.<\/p>\n\n\n\n<p>En el proceso de b\u00fasqueda, Shirley ayud\u00f3 a concebir un sistema pionero: el primer registro de donantes de m\u00e9dula \u00f3sea en el mundo para el tratamiento de leucemia y otros tipos de c\u00e1ncer.<\/p>\n\n\n\n<p>De acuerdo con la organizaci\u00f3n, ese registro &#8220;ha ayudado a&nbsp;<strong>22.000 personas a recibir un trasplante<\/strong>&nbsp;que les salv\u00f3 la vida&#8221;.<\/p>\n\n\n\n<figure class=\"wp-block-image\"><img decoding=\"async\" src=\"https:\/\/www.informador.mx\/export\/sites\/elinformador\/img\/2022\/06\/02\/alejandro_madrigal_x_e_x7913458x.jpg_352962270.jpg\" alt=\"\" title=\"\"\/><figcaption>Shirley Nolan junto a su hijo Anthony. EVENING STANDARD\/HULTON ARCHIVE\/GETTY IMAGES&nbsp;<\/figcaption><\/figure>\n\n\n\n<p>La flor favorita de Anthony era la margarita.<\/p>\n\n\n\n<p>&#8220;Shirley la puso como s\u00edmbolo (de la fundaci\u00f3n) porque una margarita tiene muchos p\u00e9talos y, aunque le quites uno, seguir\u00e1 siendo una margarita: puedes dar m\u00e9dula&#8221;.<\/p>\n\n\n\n<p>&#8220;Ese mensaje lo llev\u00e9 a todo el mundo, a las conferencias que iba, y empec\u00e9 a generar registros, a ayudar a varios pa\u00edses a crearlos y actualmente hay&nbsp;<strong>40 millones de donantes<\/strong>&nbsp;en todo el mundo&#8221;, me cuenta Madrigal.<\/p>\n\n\n\n<h2 class=\"wp-block-heading\">Formando en el camino<\/h2>\n\n\n\n<p>El doctor tambi\u00e9n ayud\u00f3 a establecer el primer banco de cord\u00f3n umbilical de Reino Unido, con fines de trasplante e investigaci\u00f3n.<\/p>\n\n\n\n<figure class=\"wp-block-image\"><img decoding=\"async\" src=\"https:\/\/www.informador.mx\/export\/sites\/elinformador\/img\/2022\/06\/02\/alejandro_madrigal_x_e_x7913459x.jpg_316944951.jpg\" alt=\"\" title=\"\"\/><figcaption>El primer grupo de investigadores que ayud\u00f3 a formar cuando arranc\u00f3 como director del Instituto de Investigaci\u00f3n del Anthony Nolan. Eran estudiantes de doctorado y posdoctorado que proced\u00edan de M\u00e9xico, Venezuela, Alemania e Inglaterra. CORTES\u00cdA: ALEJANDRO MADRIGAL&nbsp;<\/figcaption><\/figure>\n\n\n\n<p>&#8220;En el Antony Nolan hay unos 10.000 cordones y eso ha permitido salvar a muchos pacientes&#8221;, indica Madrigal.<\/p>\n\n\n\n<p>En 2020, fue nombrado miembro honorario de la Sociedad Europea de Trasplante de Sangre y M\u00e9dula \u00d3sea en reconocimiento a sus aportes en el campo del trasplante de c\u00e9lulas madres hematopoy\u00e9ticas (HSCT).<\/p>\n\n\n\n<p>&#8220;Se me enchinaba la piel&#8221;<\/p>\n\n\n\n<p>&#8220;Tuve la fortuna de estudiar en universidades muy reconocidas y por eso me dicen que tengo muy buen pedigr\u00ed, pero cuando me preguntan cu\u00e1l es la universidad que m\u00e1s quiero,&nbsp;<strong>digo que es la UNAM<\/strong>&#8220;, cuenta Madrigal.<\/p>\n\n\n\n<p>&#8220;Me abri\u00f3 las puertas y me cambi\u00f3 el universo&#8221;.<\/p>\n\n\n\n<figure class=\"wp-block-image\"><img decoding=\"async\" src=\"https:\/\/www.informador.mx\/export\/sites\/elinformador\/img\/2022\/06\/02\/alejandro_madrigal_x_e_x7913450x.jpg_347421144.jpg\" alt=\"\" title=\"\"\/><figcaption>Madrigal ha visitado decenas de ciudades para ofrecer conferencias. CORTES\u00cdA: ALEJANDRO MADRIGAL&nbsp;<\/figcaption><\/figure>\n\n\n\n<p>El investigador ha publicado m\u00e1s de 500 art\u00edculos en revistas especializadas y ha dictado cientos de conferencias en m\u00e1s de 50 pa\u00edses.<\/p>\n\n\n\n<p>En su casa nos muestra los cuadros que ha pintado y los dos libros que ha escrito: Nosotros y D\u00edas de rabia.<\/p>\n\n\n\n<figure class=\"wp-block-image\"><img decoding=\"async\" src=\"https:\/\/www.informador.mx\/export\/sites\/elinformador\/img\/2022\/06\/02\/alejandro_madrigal_x_e_x7913451x.jpg_374203253.jpg\" alt=\"\" title=\"\"\/><figcaption>MARIANA CASTINEIRAS\/BBC MUNDO&nbsp;<\/figcaption><\/figure>\n\n\n\n<p>Dice que su &#8220;pelea a muerte&#8221; es contra el c\u00e1ncer.<\/p>\n\n\n\n<p>Actualmente, trabaja en un proyecto para desarrollar terapias celulares contra diferentes tipos de esa enfermedad, no s\u00f3lo leucemia.<\/p>\n\n\n\n<p>Tras el retiro de Madrigal de Anthony Nolan, su directora, Henny Braund, ofreci\u00f3 un discurso en su honor.<\/p>\n\n\n\n<p>Enumer\u00f3 varios logros y a\u00f1adi\u00f3 que su legado iba m\u00e1s all\u00e1 de lo cient\u00edfico: &#8220;M\u00e1s que cualquier cosa, su contribuci\u00f3n al mundo de los individuos a los que se les ha dado una segunda oportunidad de vida directamente gracias a su investigaci\u00f3n, no se puede subestimar&#8221;.<\/p>\n\n\n\n<p>Y concluy\u00f3: &#8220;En nombre de Anthony Nolan, la comunidad cient\u00edfica global, los pacientes cuyas vidas has salvado,\u00a0<strong>nunca ser\u00e1s olvidado<\/strong>. Gracias&#8221;.<\/p>\n\n\n\n<p>Con informaci\u00f3n de BBC News Mundo<\/p>\n","protected":false},"excerpt":{"rendered":"<p>Por Redacci\u00f3n QP Cuando en su adolescencia Alejandro Madrigal iba de puerta en puerta vendiendo&#8230;<\/p>\n","protected":false},"author":2,"featured_media":92758,"comment_status":"open","ping_status":"open","sticky":false,"template":"","format":"standard","meta":{"_monsterinsights_skip_tracking":false,"_monsterinsights_sitenote_active":false,"_monsterinsights_sitenote_note":"","_monsterinsights_sitenote_category":0,"footnotes":""},"categories":[2],"tags":[],"class_list":["post-92757","post","type-post","status-publish","format-standard","has-post-thumbnail","hentry","category-noticias"],"yoast_head":"<!-- This site is optimized with the Yoast SEO plugin v27.3 - https:\/\/yoast.com\/product\/yoast-seo-wordpress\/ -->\n<title>Alejandro Madrigal, el cient\u00edfico mexicano que es honrado en el cumplea\u00f1os de la reina Isabel II en plena celebraci\u00f3n del Jubileo de Platino -<\/title>\n<meta name=\"robots\" content=\"index, follow, max-snippet:-1, max-image-preview:large, max-video-preview:-1\" \/>\n<link rel=\"canonical\" href=\"https:\/\/quehacerpolitico.mx\/?p=92757\" \/>\n<meta property=\"og:locale\" content=\"es_MX\" \/>\n<meta property=\"og:type\" content=\"article\" \/>\n<meta property=\"og:title\" content=\"Alejandro Madrigal, el cient\u00edfico mexicano que es honrado en el cumplea\u00f1os de la reina Isabel II en plena celebraci\u00f3n del Jubileo de Platino -\" \/>\n<meta property=\"og:description\" content=\"Por Redacci\u00f3n QP Cuando en su adolescencia Alejandro Madrigal iba de puerta en puerta vendiendo...\" \/>\n<meta property=\"og:url\" content=\"https:\/\/quehacerpolitico.mx\/?p=92757\" \/>\n<meta property=\"article:published_time\" content=\"2022-06-02T15:58:37+00:00\" \/>\n<meta property=\"article:modified_time\" content=\"2022-06-02T15:58:40+00:00\" \/>\n<meta property=\"og:image\" content=\"https:\/\/quehacerpolitico.mx\/wp-content\/uploads\/2022\/06\/AF825288-6DDD-47B1-9CCC-1A06C86BCF52.jpeg\" \/>\n\t<meta property=\"og:image:width\" content=\"739\" \/>\n\t<meta property=\"og:image:height\" content=\"415\" \/>\n\t<meta property=\"og:image:type\" content=\"image\/jpeg\" \/>\n<meta name=\"author\" content=\"Redacci\u00f3n QP\" \/>\n<meta name=\"twitter:card\" content=\"summary_large_image\" \/>\n<meta name=\"twitter:label1\" content=\"Escrito por\" \/>\n\t<meta name=\"twitter:data1\" content=\"Redacci\u00f3n QP\" \/>\n\t<meta name=\"twitter:label2\" content=\"Tiempo de lectura\" \/>\n\t<meta name=\"twitter:data2\" content=\"9 minutos\" \/>\n<script type=\"application\/ld+json\" class=\"yoast-schema-graph\">{\"@context\":\"https:\\\/\\\/schema.org\",\"@graph\":[{\"@type\":\"Article\",\"@id\":\"https:\\\/\\\/quehacerpolitico.mx\\\/?p=92757#article\",\"isPartOf\":{\"@id\":\"https:\\\/\\\/quehacerpolitico.mx\\\/?p=92757\"},\"author\":{\"name\":\"Redacci\u00f3n QP\",\"@id\":\"https:\\\/\\\/quehacerpolitico.mx\\\/#\\\/schema\\\/person\\\/496d8ad2d1d3f8036101dca7ee39e585\"},\"headline\":\"Alejandro Madrigal, el cient\u00edfico mexicano que es honrado en el cumplea\u00f1os de la reina Isabel II en plena celebraci\u00f3n del Jubileo de Platino\",\"datePublished\":\"2022-06-02T15:58:37+00:00\",\"dateModified\":\"2022-06-02T15:58:40+00:00\",\"mainEntityOfPage\":{\"@id\":\"https:\\\/\\\/quehacerpolitico.mx\\\/?p=92757\"},\"wordCount\":1866,\"commentCount\":0,\"image\":{\"@id\":\"https:\\\/\\\/quehacerpolitico.mx\\\/?p=92757#primaryimage\"},\"thumbnailUrl\":\"https:\\\/\\\/quehacerpolitico.mx\\\/wp-content\\\/uploads\\\/2022\\\/06\\\/AF825288-6DDD-47B1-9CCC-1A06C86BCF52.jpeg\",\"articleSection\":[\"Noticias\"],\"inLanguage\":\"es\",\"potentialAction\":[{\"@type\":\"CommentAction\",\"name\":\"Comment\",\"target\":[\"https:\\\/\\\/quehacerpolitico.mx\\\/?p=92757#respond\"]}]},{\"@type\":\"WebPage\",\"@id\":\"https:\\\/\\\/quehacerpolitico.mx\\\/?p=92757\",\"url\":\"https:\\\/\\\/quehacerpolitico.mx\\\/?p=92757\",\"name\":\"Alejandro Madrigal, el cient\u00edfico mexicano que es honrado en el cumplea\u00f1os de la reina Isabel II en plena celebraci\u00f3n del Jubileo de Platino -\",\"isPartOf\":{\"@id\":\"https:\\\/\\\/quehacerpolitico.mx\\\/#website\"},\"primaryImageOfPage\":{\"@id\":\"https:\\\/\\\/quehacerpolitico.mx\\\/?p=92757#primaryimage\"},\"image\":{\"@id\":\"https:\\\/\\\/quehacerpolitico.mx\\\/?p=92757#primaryimage\"},\"thumbnailUrl\":\"https:\\\/\\\/quehacerpolitico.mx\\\/wp-content\\\/uploads\\\/2022\\\/06\\\/AF825288-6DDD-47B1-9CCC-1A06C86BCF52.jpeg\",\"datePublished\":\"2022-06-02T15:58:37+00:00\",\"dateModified\":\"2022-06-02T15:58:40+00:00\",\"author\":{\"@id\":\"https:\\\/\\\/quehacerpolitico.mx\\\/#\\\/schema\\\/person\\\/496d8ad2d1d3f8036101dca7ee39e585\"},\"breadcrumb\":{\"@id\":\"https:\\\/\\\/quehacerpolitico.mx\\\/?p=92757#breadcrumb\"},\"inLanguage\":\"es\",\"potentialAction\":[{\"@type\":\"ReadAction\",\"target\":[\"https:\\\/\\\/quehacerpolitico.mx\\\/?p=92757\"]}]},{\"@type\":\"ImageObject\",\"inLanguage\":\"es\",\"@id\":\"https:\\\/\\\/quehacerpolitico.mx\\\/?p=92757#primaryimage\",\"url\":\"https:\\\/\\\/quehacerpolitico.mx\\\/wp-content\\\/uploads\\\/2022\\\/06\\\/AF825288-6DDD-47B1-9CCC-1A06C86BCF52.jpeg\",\"contentUrl\":\"https:\\\/\\\/quehacerpolitico.mx\\\/wp-content\\\/uploads\\\/2022\\\/06\\\/AF825288-6DDD-47B1-9CCC-1A06C86BCF52.jpeg\",\"width\":739,\"height\":415},{\"@type\":\"BreadcrumbList\",\"@id\":\"https:\\\/\\\/quehacerpolitico.mx\\\/?p=92757#breadcrumb\",\"itemListElement\":[{\"@type\":\"ListItem\",\"position\":1,\"name\":\"Inicio\",\"item\":\"https:\\\/\\\/quehacerpolitico.mx\\\/\"},{\"@type\":\"ListItem\",\"position\":2,\"name\":\"Alejandro Madrigal, el cient\u00edfico mexicano que es honrado en el cumplea\u00f1os de la reina Isabel II en plena celebraci\u00f3n del Jubileo de Platino\"}]},{\"@type\":\"WebSite\",\"@id\":\"https:\\\/\\\/quehacerpolitico.mx\\\/#website\",\"url\":\"https:\\\/\\\/quehacerpolitico.mx\\\/\",\"name\":\"\",\"description\":\"\",\"potentialAction\":[{\"@type\":\"SearchAction\",\"target\":{\"@type\":\"EntryPoint\",\"urlTemplate\":\"https:\\\/\\\/quehacerpolitico.mx\\\/?s={search_term_string}\"},\"query-input\":{\"@type\":\"PropertyValueSpecification\",\"valueRequired\":true,\"valueName\":\"search_term_string\"}}],\"inLanguage\":\"es\"},{\"@type\":\"Person\",\"@id\":\"https:\\\/\\\/quehacerpolitico.mx\\\/#\\\/schema\\\/person\\\/496d8ad2d1d3f8036101dca7ee39e585\",\"name\":\"Redacci\u00f3n QP\",\"image\":{\"@type\":\"ImageObject\",\"inLanguage\":\"es\",\"@id\":\"https:\\\/\\\/secure.gravatar.com\\\/avatar\\\/c7164ed6fdec453195284ad24a5ae5b6e1eed2b848477fa2a4787ba9adf39a41?s=96&d=mm&r=g\",\"url\":\"https:\\\/\\\/secure.gravatar.com\\\/avatar\\\/c7164ed6fdec453195284ad24a5ae5b6e1eed2b848477fa2a4787ba9adf39a41?s=96&d=mm&r=g\",\"contentUrl\":\"https:\\\/\\\/secure.gravatar.com\\\/avatar\\\/c7164ed6fdec453195284ad24a5ae5b6e1eed2b848477fa2a4787ba9adf39a41?s=96&d=mm&r=g\",\"caption\":\"Redacci\u00f3n QP\"},\"url\":\"https:\\\/\\\/quehacerpolitico.mx\\\/?author=2\"}]}<\/script>\n<!-- \/ Yoast SEO plugin. -->","yoast_head_json":{"title":"Alejandro Madrigal, el cient\u00edfico mexicano que es honrado en el cumplea\u00f1os de la reina Isabel II en plena celebraci\u00f3n del Jubileo de Platino -","robots":{"index":"index","follow":"follow","max-snippet":"max-snippet:-1","max-image-preview":"max-image-preview:large","max-video-preview":"max-video-preview:-1"},"canonical":"https:\/\/quehacerpolitico.mx\/?p=92757","og_locale":"es_MX","og_type":"article","og_title":"Alejandro Madrigal, el cient\u00edfico mexicano que es honrado en el cumplea\u00f1os de la reina Isabel II en plena celebraci\u00f3n del Jubileo de Platino -","og_description":"Por Redacci\u00f3n QP Cuando en su adolescencia Alejandro Madrigal iba de puerta en puerta vendiendo...","og_url":"https:\/\/quehacerpolitico.mx\/?p=92757","article_published_time":"2022-06-02T15:58:37+00:00","article_modified_time":"2022-06-02T15:58:40+00:00","og_image":[{"width":739,"height":415,"url":"https:\/\/quehacerpolitico.mx\/wp-content\/uploads\/2022\/06\/AF825288-6DDD-47B1-9CCC-1A06C86BCF52.jpeg","type":"image\/jpeg"}],"author":"Redacci\u00f3n QP","twitter_card":"summary_large_image","twitter_misc":{"Escrito por":"Redacci\u00f3n QP","Tiempo de lectura":"9 minutos"},"schema":{"@context":"https:\/\/schema.org","@graph":[{"@type":"Article","@id":"https:\/\/quehacerpolitico.mx\/?p=92757#article","isPartOf":{"@id":"https:\/\/quehacerpolitico.mx\/?p=92757"},"author":{"name":"Redacci\u00f3n QP","@id":"https:\/\/quehacerpolitico.mx\/#\/schema\/person\/496d8ad2d1d3f8036101dca7ee39e585"},"headline":"Alejandro Madrigal, el cient\u00edfico mexicano que es honrado en el cumplea\u00f1os de la reina Isabel II en plena celebraci\u00f3n del Jubileo de Platino","datePublished":"2022-06-02T15:58:37+00:00","dateModified":"2022-06-02T15:58:40+00:00","mainEntityOfPage":{"@id":"https:\/\/quehacerpolitico.mx\/?p=92757"},"wordCount":1866,"commentCount":0,"image":{"@id":"https:\/\/quehacerpolitico.mx\/?p=92757#primaryimage"},"thumbnailUrl":"https:\/\/quehacerpolitico.mx\/wp-content\/uploads\/2022\/06\/AF825288-6DDD-47B1-9CCC-1A06C86BCF52.jpeg","articleSection":["Noticias"],"inLanguage":"es","potentialAction":[{"@type":"CommentAction","name":"Comment","target":["https:\/\/quehacerpolitico.mx\/?p=92757#respond"]}]},{"@type":"WebPage","@id":"https:\/\/quehacerpolitico.mx\/?p=92757","url":"https:\/\/quehacerpolitico.mx\/?p=92757","name":"Alejandro Madrigal, el cient\u00edfico mexicano que es honrado en el cumplea\u00f1os de la reina Isabel II en plena celebraci\u00f3n del Jubileo de Platino -","isPartOf":{"@id":"https:\/\/quehacerpolitico.mx\/#website"},"primaryImageOfPage":{"@id":"https:\/\/quehacerpolitico.mx\/?p=92757#primaryimage"},"image":{"@id":"https:\/\/quehacerpolitico.mx\/?p=92757#primaryimage"},"thumbnailUrl":"https:\/\/quehacerpolitico.mx\/wp-content\/uploads\/2022\/06\/AF825288-6DDD-47B1-9CCC-1A06C86BCF52.jpeg","datePublished":"2022-06-02T15:58:37+00:00","dateModified":"2022-06-02T15:58:40+00:00","author":{"@id":"https:\/\/quehacerpolitico.mx\/#\/schema\/person\/496d8ad2d1d3f8036101dca7ee39e585"},"breadcrumb":{"@id":"https:\/\/quehacerpolitico.mx\/?p=92757#breadcrumb"},"inLanguage":"es","potentialAction":[{"@type":"ReadAction","target":["https:\/\/quehacerpolitico.mx\/?p=92757"]}]},{"@type":"ImageObject","inLanguage":"es","@id":"https:\/\/quehacerpolitico.mx\/?p=92757#primaryimage","url":"https:\/\/quehacerpolitico.mx\/wp-content\/uploads\/2022\/06\/AF825288-6DDD-47B1-9CCC-1A06C86BCF52.jpeg","contentUrl":"https:\/\/quehacerpolitico.mx\/wp-content\/uploads\/2022\/06\/AF825288-6DDD-47B1-9CCC-1A06C86BCF52.jpeg","width":739,"height":415},{"@type":"BreadcrumbList","@id":"https:\/\/quehacerpolitico.mx\/?p=92757#breadcrumb","itemListElement":[{"@type":"ListItem","position":1,"name":"Inicio","item":"https:\/\/quehacerpolitico.mx\/"},{"@type":"ListItem","position":2,"name":"Alejandro Madrigal, el cient\u00edfico mexicano que es honrado en el cumplea\u00f1os de la reina Isabel II en plena celebraci\u00f3n del Jubileo de Platino"}]},{"@type":"WebSite","@id":"https:\/\/quehacerpolitico.mx\/#website","url":"https:\/\/quehacerpolitico.mx\/","name":"","description":"","potentialAction":[{"@type":"SearchAction","target":{"@type":"EntryPoint","urlTemplate":"https:\/\/quehacerpolitico.mx\/?s={search_term_string}"},"query-input":{"@type":"PropertyValueSpecification","valueRequired":true,"valueName":"search_term_string"}}],"inLanguage":"es"},{"@type":"Person","@id":"https:\/\/quehacerpolitico.mx\/#\/schema\/person\/496d8ad2d1d3f8036101dca7ee39e585","name":"Redacci\u00f3n QP","image":{"@type":"ImageObject","inLanguage":"es","@id":"https:\/\/secure.gravatar.com\/avatar\/c7164ed6fdec453195284ad24a5ae5b6e1eed2b848477fa2a4787ba9adf39a41?s=96&d=mm&r=g","url":"https:\/\/secure.gravatar.com\/avatar\/c7164ed6fdec453195284ad24a5ae5b6e1eed2b848477fa2a4787ba9adf39a41?s=96&d=mm&r=g","contentUrl":"https:\/\/secure.gravatar.com\/avatar\/c7164ed6fdec453195284ad24a5ae5b6e1eed2b848477fa2a4787ba9adf39a41?s=96&d=mm&r=g","caption":"Redacci\u00f3n QP"},"url":"https:\/\/quehacerpolitico.mx\/?author=2"}]}},"featured_image_urls":{"full":["https:\/\/quehacerpolitico.mx\/wp-content\/uploads\/2022\/06\/AF825288-6DDD-47B1-9CCC-1A06C86BCF52.jpeg",739,415,false],"thumbnail":["https:\/\/quehacerpolitico.mx\/wp-content\/uploads\/2022\/06\/AF825288-6DDD-47B1-9CCC-1A06C86BCF52-150x150.jpeg",150,150,true],"medium":["https:\/\/quehacerpolitico.mx\/wp-content\/uploads\/2022\/06\/AF825288-6DDD-47B1-9CCC-1A06C86BCF52-300x168.jpeg",300,168,true],"medium_large":["https:\/\/quehacerpolitico.mx\/wp-content\/uploads\/2022\/06\/AF825288-6DDD-47B1-9CCC-1A06C86BCF52.jpeg",640,359,false],"large":["https:\/\/quehacerpolitico.mx\/wp-content\/uploads\/2022\/06\/AF825288-6DDD-47B1-9CCC-1A06C86BCF52.jpeg",640,359,false],"1536x1536":["https:\/\/quehacerpolitico.mx\/wp-content\/uploads\/2022\/06\/AF825288-6DDD-47B1-9CCC-1A06C86BCF52.jpeg",739,415,false],"2048x2048":["https:\/\/quehacerpolitico.mx\/wp-content\/uploads\/2022\/06\/AF825288-6DDD-47B1-9CCC-1A06C86BCF52.jpeg",739,415,false],"covernews-featured":["https:\/\/quehacerpolitico.mx\/wp-content\/uploads\/2022\/06\/AF825288-6DDD-47B1-9CCC-1A06C86BCF52.jpeg",739,415,false],"covernews-medium":["https:\/\/quehacerpolitico.mx\/wp-content\/uploads\/2022\/06\/AF825288-6DDD-47B1-9CCC-1A06C86BCF52.jpeg",540,303,false]},"author_info":{"display_name":"Redacci\u00f3n QP","author_link":"https:\/\/quehacerpolitico.mx\/?author=2"},"category_info":"<a href=\"https:\/\/quehacerpolitico.mx\/?cat=2\" rel=\"category\">Noticias<\/a>","tag_info":"Noticias","comment_count":"0","_links":{"self":[{"href":"https:\/\/quehacerpolitico.mx\/index.php?rest_route=\/wp\/v2\/posts\/92757","targetHints":{"allow":["GET"]}}],"collection":[{"href":"https:\/\/quehacerpolitico.mx\/index.php?rest_route=\/wp\/v2\/posts"}],"about":[{"href":"https:\/\/quehacerpolitico.mx\/index.php?rest_route=\/wp\/v2\/types\/post"}],"author":[{"embeddable":true,"href":"https:\/\/quehacerpolitico.mx\/index.php?rest_route=\/wp\/v2\/users\/2"}],"replies":[{"embeddable":true,"href":"https:\/\/quehacerpolitico.mx\/index.php?rest_route=%2Fwp%2Fv2%2Fcomments&post=92757"}],"version-history":[{"count":1,"href":"https:\/\/quehacerpolitico.mx\/index.php?rest_route=\/wp\/v2\/posts\/92757\/revisions"}],"predecessor-version":[{"id":92759,"href":"https:\/\/quehacerpolitico.mx\/index.php?rest_route=\/wp\/v2\/posts\/92757\/revisions\/92759"}],"wp:featuredmedia":[{"embeddable":true,"href":"https:\/\/quehacerpolitico.mx\/index.php?rest_route=\/wp\/v2\/media\/92758"}],"wp:attachment":[{"href":"https:\/\/quehacerpolitico.mx\/index.php?rest_route=%2Fwp%2Fv2%2Fmedia&parent=92757"}],"wp:term":[{"taxonomy":"category","embeddable":true,"href":"https:\/\/quehacerpolitico.mx\/index.php?rest_route=%2Fwp%2Fv2%2Fcategories&post=92757"},{"taxonomy":"post_tag","embeddable":true,"href":"https:\/\/quehacerpolitico.mx\/index.php?rest_route=%2Fwp%2Fv2%2Ftags&post=92757"}],"curies":[{"name":"wp","href":"https:\/\/api.w.org\/{rel}","templated":true}]}}