{"id":92744,"date":"2022-06-02T13:43:36","date_gmt":"2022-06-02T13:43:36","guid":{"rendered":"https:\/\/quehacerpolitico.mx\/?p=92744"},"modified":"2022-06-02T13:43:39","modified_gmt":"2022-06-02T13:43:39","slug":"internacionales-carolina-alonso-romei-el-deterioro-en-la-salud-de-vladimir-putin-es-cada-vez-mas-evidente","status":"publish","type":"post","link":"https:\/\/quehacerpolitico.mx\/?p=92744","title":{"rendered":"Internacionales\/\/\/Carolina Alonso Romei\/\/\/El deterioro en la salud de Vladimir Putin es cada vez mas evidente"},"content":{"rendered":"\n<p>Por Carolina Alonso Romei<\/p>\n\n\n\n<p>Internacionalista <\/p>\n\n\n\n<p>Se ha visto a Vladimir Putin luciendo cansado con \u201cojos enrojecidos\u201d y \u201csurcos profundos\u201d durante una videollamada en lo que podr\u00edan ser nuevos signos de enfermedad, dijo un experto en lenguaje corporal.<\/p>\n\n\n\n<p>Los rumores sobre la salud de Putin contin\u00faan y algunos expertos dicen que padece c\u00e1ncer o enfermedad de Parkinson, otros dicen que se est\u00e1 recuperando de una cirug\u00eda y que est\u00e1 tomando esteroides.<\/p>\n\n\n\n<p>Las afirmaciones no est\u00e1n confirmadas ni verificadas, pero los expertos en lenguaje corporal creen que muestra signos de malestar.<\/p>\n\n\n\n<figure class=\"wp-block-image size-full\"><img loading=\"lazy\" decoding=\"async\" width=\"489\" height=\"267\" src=\"https:\/\/quehacerpolitico.mx\/wp-content\/uploads\/2022\/06\/image-3.jpeg\" alt=\"\" class=\"wp-image-92746\" srcset=\"https:\/\/quehacerpolitico.mx\/wp-content\/uploads\/2022\/06\/image-3.jpeg 489w, https:\/\/quehacerpolitico.mx\/wp-content\/uploads\/2022\/06\/image-3-300x164.jpeg 300w, https:\/\/quehacerpolitico.mx\/wp-content\/uploads\/2022\/06\/image-3-260x142.jpeg 260w, https:\/\/quehacerpolitico.mx\/wp-content\/uploads\/2022\/06\/image-3-50x27.jpeg 50w, https:\/\/quehacerpolitico.mx\/wp-content\/uploads\/2022\/06\/image-3-137x75.jpeg 137w\" sizes=\"auto, (max-width: 489px) 100vw, 489px\" \/><\/figure>\n\n\n\n<p>\u201cPodemos ver una barbilla baja que sugiere una energ\u00eda baja. El \u00e1rea de sus ojos se ve enrojecida y hay una falta de energ\u00eda en la expresi\u00f3n de sus ojos\u201d, dijo a The Mirror la experta en lenguaje corporal Judi James.<\/p>\n\n\n\n<p>Ella dice que la reuni\u00f3n m\u00e1s reciente de Putin con Alexey Tsydenov, el jefe de la Rep\u00fablica de Buriatia, muestra al d\u00e9spota mostrando una variedad de emociones, desde un \u201cdeseo bastante urgente de establecer el control hasta un estado m\u00e1s ansioso e incluso un poco confuso\u201d.<\/p>\n\n\n\n<figure class=\"wp-block-embed is-type-video is-provider-youtube wp-block-embed-youtube wp-embed-aspect-16-9 wp-has-aspect-ratio\"><div class=\"wp-block-embed__wrapper\">\n<iframe loading=\"lazy\" title=\"Putin est\u00e1 gravemente enfermo de c\u00e1ncer y quieren derrocarlo, afirma Kyrylo Budanov\" width=\"640\" height=\"360\" src=\"https:\/\/www.youtube.com\/embed\/YBGxfjYHzjw?feature=oembed\" frameborder=\"0\" allow=\"accelerometer; autoplay; clipboard-write; encrypted-media; gyroscope; picture-in-picture; web-share\" referrerpolicy=\"strict-origin-when-cross-origin\" allowfullscreen><\/iframe>\n<\/div><\/figure>\n\n\n\n<p>Durante la reuni\u00f3n, Tsydenov habl\u00f3 sobre la invasi\u00f3n en Ucrania.<\/p>\n\n\n\n<p>Sin embargo, lo calific\u00f3 como una \u201coperaci\u00f3n militar especial\u201d y se deleit\u00f3 con muchos de \u201csus muchachos\u201d de Buriatia \u201ccumpliendo honorablemente con su deber\u201d de proteger a las personas y garantizar la seguridad estrat\u00e9gica de Rusia.<\/p>\n\n\n\n<p>Habl\u00f3 sobre la decisi\u00f3n del Ministerio de Defensa de otorgar al teniente Baldan Tsydypov el t\u00edtulo de H\u00e9roe de Rusia, ya que, seg\u00fan los informes, result\u00f3 gravemente herido y le amputaron el pie.<\/p>\n\n\n\n<p>Putin dijo que lo apoyaba.<\/p>\n\n\n\n<p>La Sra. James dice que hay un sentido de urgencia cuando Putin habla que \u201cpodr\u00eda sugerir a alguien o alg\u00fan punto con el que no se debe discutir\u201d.<\/p>\n\n\n\n<p>Tambi\u00e9n dijo que \u00e9l parece confundido y contin\u00faa: \u201cCon las notas aparentemente al rev\u00e9s inicialmente. \u00c9l corrige esto, pero comienza a tocar otras hojas de papel, terminando por enderezar el papeleo en un ritual de correcci\u00f3n que podr\u00eda sugerir algunos niveles de ansiedad interna\u201d.<\/p>\n\n\n\n<figure class=\"wp-block-image size-full\"><img loading=\"lazy\" decoding=\"async\" width=\"679\" height=\"452\" src=\"https:\/\/quehacerpolitico.mx\/wp-content\/uploads\/2022\/06\/image-4.jpeg\" alt=\"\" class=\"wp-image-92747\" srcset=\"https:\/\/quehacerpolitico.mx\/wp-content\/uploads\/2022\/06\/image-4.jpeg 679w, https:\/\/quehacerpolitico.mx\/wp-content\/uploads\/2022\/06\/image-4-300x200.jpeg 300w, https:\/\/quehacerpolitico.mx\/wp-content\/uploads\/2022\/06\/image-4-219x146.jpeg 219w, https:\/\/quehacerpolitico.mx\/wp-content\/uploads\/2022\/06\/image-4-50x33.jpeg 50w, https:\/\/quehacerpolitico.mx\/wp-content\/uploads\/2022\/06\/image-4-113x75.jpeg 113w\" sizes=\"auto, (max-width: 679px) 100vw, 679px\" \/><\/figure>\n\n\n\n<p>En una entrevista con un peri\u00f3dico ucraniano, Kyrylo Budanov, Director de Inteligencia del Ministerio de Defensa de Ucrania, declar\u00f3 que Putin tiene c\u00e1ncer.<\/p>\n\n\n\n<p>Bundanov dijo que \u201cconfirma completamente\u201d la informaci\u00f3n sobre la mala salud del d\u00e9spota y agreg\u00f3 que su estado mental era \u201cconfundido\u201d e insinu\u00f3 el costo que podr\u00eda tener la guerra fallida, alegando que estaba en un estado man\u00edaco.<\/p>\n\n\n\n<p>\u201cSi se recorta solo hasta el \u00e1rea de los ojos, parece que vemos a un hombre cansado y sin energ\u00eda o entusiasmo\u201d, contin\u00faa la Sra. James.<\/p>\n","protected":false},"excerpt":{"rendered":"<p>Por Carolina Alonso Romei Internacionalista Se ha visto a Vladimir Putin luciendo cansado con \u201cojos&#8230;<\/p>\n","protected":false},"author":2,"featured_media":92745,"comment_status":"open","ping_status":"open","sticky":false,"template":"","format":"standard","meta":{"_monsterinsights_skip_tracking":false,"_monsterinsights_sitenote_active":false,"_monsterinsights_sitenote_note":"","_monsterinsights_sitenote_category":0,"footnotes":""},"categories":[1],"tags":[],"class_list":["post-92744","post","type-post","status-publish","format-standard","has-post-thumbnail","hentry","category-sin-categoria"],"yoast_head":"<!-- This site is optimized with the Yoast SEO plugin v27.3 - https:\/\/yoast.com\/product\/yoast-seo-wordpress\/ -->\n<title>Internacionales\/\/\/Carolina Alonso Romei\/\/\/El deterioro en la salud de Vladimir Putin es cada vez mas evidente -<\/title>\n<meta name=\"robots\" content=\"index, follow, max-snippet:-1, max-image-preview:large, max-video-preview:-1\" \/>\n<link rel=\"canonical\" href=\"https:\/\/quehacerpolitico.mx\/?p=92744\" \/>\n<meta property=\"og:locale\" content=\"es_MX\" \/>\n<meta property=\"og:type\" content=\"article\" \/>\n<meta property=\"og:title\" content=\"Internacionales\/\/\/Carolina Alonso Romei\/\/\/El deterioro en la salud de Vladimir Putin es cada vez mas evidente -\" \/>\n<meta property=\"og:description\" content=\"Por Carolina Alonso Romei Internacionalista Se ha visto a Vladimir Putin luciendo cansado con \u201cojos...\" \/>\n<meta property=\"og:url\" content=\"https:\/\/quehacerpolitico.mx\/?p=92744\" \/>\n<meta property=\"article:published_time\" content=\"2022-06-02T13:43:36+00:00\" \/>\n<meta property=\"article:modified_time\" content=\"2022-06-02T13:43:39+00:00\" \/>\n<meta property=\"og:image\" content=\"https:\/\/quehacerpolitico.mx\/wp-content\/uploads\/2022\/06\/1C076B80-31C5-450D-9A9D-16FF265F49B3.jpeg\" \/>\n\t<meta property=\"og:image:width\" content=\"741\" \/>\n\t<meta property=\"og:image:height\" content=\"414\" \/>\n\t<meta property=\"og:image:type\" content=\"image\/jpeg\" \/>\n<meta name=\"author\" content=\"Redacci\u00f3n QP\" \/>\n<meta name=\"twitter:card\" content=\"summary_large_image\" \/>\n<meta name=\"twitter:label1\" content=\"Escrito por\" \/>\n\t<meta name=\"twitter:data1\" content=\"Redacci\u00f3n QP\" \/>\n\t<meta name=\"twitter:label2\" content=\"Tiempo de lectura\" \/>\n\t<meta name=\"twitter:data2\" content=\"2 minutos\" \/>\n<script type=\"application\/ld+json\" class=\"yoast-schema-graph\">{\"@context\":\"https:\\\/\\\/schema.org\",\"@graph\":[{\"@type\":\"Article\",\"@id\":\"https:\\\/\\\/quehacerpolitico.mx\\\/?p=92744#article\",\"isPartOf\":{\"@id\":\"https:\\\/\\\/quehacerpolitico.mx\\\/?p=92744\"},\"author\":{\"name\":\"Redacci\u00f3n QP\",\"@id\":\"https:\\\/\\\/quehacerpolitico.mx\\\/#\\\/schema\\\/person\\\/496d8ad2d1d3f8036101dca7ee39e585\"},\"headline\":\"Internacionales\\\/\\\/\\\/Carolina Alonso Romei\\\/\\\/\\\/El deterioro en la salud de Vladimir Putin es cada vez mas evidente\",\"datePublished\":\"2022-06-02T13:43:36+00:00\",\"dateModified\":\"2022-06-02T13:43:39+00:00\",\"mainEntityOfPage\":{\"@id\":\"https:\\\/\\\/quehacerpolitico.mx\\\/?p=92744\"},\"wordCount\":476,\"commentCount\":0,\"image\":{\"@id\":\"https:\\\/\\\/quehacerpolitico.mx\\\/?p=92744#primaryimage\"},\"thumbnailUrl\":\"https:\\\/\\\/quehacerpolitico.mx\\\/wp-content\\\/uploads\\\/2022\\\/06\\\/1C076B80-31C5-450D-9A9D-16FF265F49B3.jpeg\",\"articleSection\":[\"Internacionales\"],\"inLanguage\":\"es\",\"potentialAction\":[{\"@type\":\"CommentAction\",\"name\":\"Comment\",\"target\":[\"https:\\\/\\\/quehacerpolitico.mx\\\/?p=92744#respond\"]}]},{\"@type\":\"WebPage\",\"@id\":\"https:\\\/\\\/quehacerpolitico.mx\\\/?p=92744\",\"url\":\"https:\\\/\\\/quehacerpolitico.mx\\\/?p=92744\",\"name\":\"Internacionales\\\/\\\/\\\/Carolina Alonso Romei\\\/\\\/\\\/El deterioro en la salud de Vladimir Putin es cada vez mas evidente -\",\"isPartOf\":{\"@id\":\"https:\\\/\\\/quehacerpolitico.mx\\\/#website\"},\"primaryImageOfPage\":{\"@id\":\"https:\\\/\\\/quehacerpolitico.mx\\\/?p=92744#primaryimage\"},\"image\":{\"@id\":\"https:\\\/\\\/quehacerpolitico.mx\\\/?p=92744#primaryimage\"},\"thumbnailUrl\":\"https:\\\/\\\/quehacerpolitico.mx\\\/wp-content\\\/uploads\\\/2022\\\/06\\\/1C076B80-31C5-450D-9A9D-16FF265F49B3.jpeg\",\"datePublished\":\"2022-06-02T13:43:36+00:00\",\"dateModified\":\"2022-06-02T13:43:39+00:00\",\"author\":{\"@id\":\"https:\\\/\\\/quehacerpolitico.mx\\\/#\\\/schema\\\/person\\\/496d8ad2d1d3f8036101dca7ee39e585\"},\"breadcrumb\":{\"@id\":\"https:\\\/\\\/quehacerpolitico.mx\\\/?p=92744#breadcrumb\"},\"inLanguage\":\"es\",\"potentialAction\":[{\"@type\":\"ReadAction\",\"target\":[\"https:\\\/\\\/quehacerpolitico.mx\\\/?p=92744\"]}]},{\"@type\":\"ImageObject\",\"inLanguage\":\"es\",\"@id\":\"https:\\\/\\\/quehacerpolitico.mx\\\/?p=92744#primaryimage\",\"url\":\"https:\\\/\\\/quehacerpolitico.mx\\\/wp-content\\\/uploads\\\/2022\\\/06\\\/1C076B80-31C5-450D-9A9D-16FF265F49B3.jpeg\",\"contentUrl\":\"https:\\\/\\\/quehacerpolitico.mx\\\/wp-content\\\/uploads\\\/2022\\\/06\\\/1C076B80-31C5-450D-9A9D-16FF265F49B3.jpeg\",\"width\":741,\"height\":414},{\"@type\":\"BreadcrumbList\",\"@id\":\"https:\\\/\\\/quehacerpolitico.mx\\\/?p=92744#breadcrumb\",\"itemListElement\":[{\"@type\":\"ListItem\",\"position\":1,\"name\":\"Inicio\",\"item\":\"https:\\\/\\\/quehacerpolitico.mx\\\/\"},{\"@type\":\"ListItem\",\"position\":2,\"name\":\"Internacionales\\\/\\\/\\\/Carolina Alonso Romei\\\/\\\/\\\/El deterioro en la salud de Vladimir Putin es cada vez mas evidente\"}]},{\"@type\":\"WebSite\",\"@id\":\"https:\\\/\\\/quehacerpolitico.mx\\\/#website\",\"url\":\"https:\\\/\\\/quehacerpolitico.mx\\\/\",\"name\":\"\",\"description\":\"\",\"potentialAction\":[{\"@type\":\"SearchAction\",\"target\":{\"@type\":\"EntryPoint\",\"urlTemplate\":\"https:\\\/\\\/quehacerpolitico.mx\\\/?s={search_term_string}\"},\"query-input\":{\"@type\":\"PropertyValueSpecification\",\"valueRequired\":true,\"valueName\":\"search_term_string\"}}],\"inLanguage\":\"es\"},{\"@type\":\"Person\",\"@id\":\"https:\\\/\\\/quehacerpolitico.mx\\\/#\\\/schema\\\/person\\\/496d8ad2d1d3f8036101dca7ee39e585\",\"name\":\"Redacci\u00f3n QP\",\"image\":{\"@type\":\"ImageObject\",\"inLanguage\":\"es\",\"@id\":\"https:\\\/\\\/secure.gravatar.com\\\/avatar\\\/c7164ed6fdec453195284ad24a5ae5b6e1eed2b848477fa2a4787ba9adf39a41?s=96&d=mm&r=g\",\"url\":\"https:\\\/\\\/secure.gravatar.com\\\/avatar\\\/c7164ed6fdec453195284ad24a5ae5b6e1eed2b848477fa2a4787ba9adf39a41?s=96&d=mm&r=g\",\"contentUrl\":\"https:\\\/\\\/secure.gravatar.com\\\/avatar\\\/c7164ed6fdec453195284ad24a5ae5b6e1eed2b848477fa2a4787ba9adf39a41?s=96&d=mm&r=g\",\"caption\":\"Redacci\u00f3n QP\"},\"url\":\"https:\\\/\\\/quehacerpolitico.mx\\\/?author=2\"}]}<\/script>\n<!-- \/ Yoast SEO plugin. -->","yoast_head_json":{"title":"Internacionales\/\/\/Carolina Alonso Romei\/\/\/El deterioro en la salud de Vladimir Putin es cada vez mas evidente -","robots":{"index":"index","follow":"follow","max-snippet":"max-snippet:-1","max-image-preview":"max-image-preview:large","max-video-preview":"max-video-preview:-1"},"canonical":"https:\/\/quehacerpolitico.mx\/?p=92744","og_locale":"es_MX","og_type":"article","og_title":"Internacionales\/\/\/Carolina Alonso Romei\/\/\/El deterioro en la salud de Vladimir Putin es cada vez mas evidente -","og_description":"Por Carolina Alonso Romei Internacionalista Se ha visto a Vladimir Putin luciendo cansado con \u201cojos...","og_url":"https:\/\/quehacerpolitico.mx\/?p=92744","article_published_time":"2022-06-02T13:43:36+00:00","article_modified_time":"2022-06-02T13:43:39+00:00","og_image":[{"width":741,"height":414,"url":"https:\/\/quehacerpolitico.mx\/wp-content\/uploads\/2022\/06\/1C076B80-31C5-450D-9A9D-16FF265F49B3.jpeg","type":"image\/jpeg"}],"author":"Redacci\u00f3n QP","twitter_card":"summary_large_image","twitter_misc":{"Escrito por":"Redacci\u00f3n QP","Tiempo de lectura":"2 minutos"},"schema":{"@context":"https:\/\/schema.org","@graph":[{"@type":"Article","@id":"https:\/\/quehacerpolitico.mx\/?p=92744#article","isPartOf":{"@id":"https:\/\/quehacerpolitico.mx\/?p=92744"},"author":{"name":"Redacci\u00f3n QP","@id":"https:\/\/quehacerpolitico.mx\/#\/schema\/person\/496d8ad2d1d3f8036101dca7ee39e585"},"headline":"Internacionales\/\/\/Carolina Alonso Romei\/\/\/El deterioro en la salud de Vladimir Putin es cada vez mas evidente","datePublished":"2022-06-02T13:43:36+00:00","dateModified":"2022-06-02T13:43:39+00:00","mainEntityOfPage":{"@id":"https:\/\/quehacerpolitico.mx\/?p=92744"},"wordCount":476,"commentCount":0,"image":{"@id":"https:\/\/quehacerpolitico.mx\/?p=92744#primaryimage"},"thumbnailUrl":"https:\/\/quehacerpolitico.mx\/wp-content\/uploads\/2022\/06\/1C076B80-31C5-450D-9A9D-16FF265F49B3.jpeg","articleSection":["Internacionales"],"inLanguage":"es","potentialAction":[{"@type":"CommentAction","name":"Comment","target":["https:\/\/quehacerpolitico.mx\/?p=92744#respond"]}]},{"@type":"WebPage","@id":"https:\/\/quehacerpolitico.mx\/?p=92744","url":"https:\/\/quehacerpolitico.mx\/?p=92744","name":"Internacionales\/\/\/Carolina Alonso Romei\/\/\/El deterioro en la salud de Vladimir Putin es cada vez mas evidente -","isPartOf":{"@id":"https:\/\/quehacerpolitico.mx\/#website"},"primaryImageOfPage":{"@id":"https:\/\/quehacerpolitico.mx\/?p=92744#primaryimage"},"image":{"@id":"https:\/\/quehacerpolitico.mx\/?p=92744#primaryimage"},"thumbnailUrl":"https:\/\/quehacerpolitico.mx\/wp-content\/uploads\/2022\/06\/1C076B80-31C5-450D-9A9D-16FF265F49B3.jpeg","datePublished":"2022-06-02T13:43:36+00:00","dateModified":"2022-06-02T13:43:39+00:00","author":{"@id":"https:\/\/quehacerpolitico.mx\/#\/schema\/person\/496d8ad2d1d3f8036101dca7ee39e585"},"breadcrumb":{"@id":"https:\/\/quehacerpolitico.mx\/?p=92744#breadcrumb"},"inLanguage":"es","potentialAction":[{"@type":"ReadAction","target":["https:\/\/quehacerpolitico.mx\/?p=92744"]}]},{"@type":"ImageObject","inLanguage":"es","@id":"https:\/\/quehacerpolitico.mx\/?p=92744#primaryimage","url":"https:\/\/quehacerpolitico.mx\/wp-content\/uploads\/2022\/06\/1C076B80-31C5-450D-9A9D-16FF265F49B3.jpeg","contentUrl":"https:\/\/quehacerpolitico.mx\/wp-content\/uploads\/2022\/06\/1C076B80-31C5-450D-9A9D-16FF265F49B3.jpeg","width":741,"height":414},{"@type":"BreadcrumbList","@id":"https:\/\/quehacerpolitico.mx\/?p=92744#breadcrumb","itemListElement":[{"@type":"ListItem","position":1,"name":"Inicio","item":"https:\/\/quehacerpolitico.mx\/"},{"@type":"ListItem","position":2,"name":"Internacionales\/\/\/Carolina Alonso Romei\/\/\/El deterioro en la salud de Vladimir Putin es cada vez mas evidente"}]},{"@type":"WebSite","@id":"https:\/\/quehacerpolitico.mx\/#website","url":"https:\/\/quehacerpolitico.mx\/","name":"","description":"","potentialAction":[{"@type":"SearchAction","target":{"@type":"EntryPoint","urlTemplate":"https:\/\/quehacerpolitico.mx\/?s={search_term_string}"},"query-input":{"@type":"PropertyValueSpecification","valueRequired":true,"valueName":"search_term_string"}}],"inLanguage":"es"},{"@type":"Person","@id":"https:\/\/quehacerpolitico.mx\/#\/schema\/person\/496d8ad2d1d3f8036101dca7ee39e585","name":"Redacci\u00f3n QP","image":{"@type":"ImageObject","inLanguage":"es","@id":"https:\/\/secure.gravatar.com\/avatar\/c7164ed6fdec453195284ad24a5ae5b6e1eed2b848477fa2a4787ba9adf39a41?s=96&d=mm&r=g","url":"https:\/\/secure.gravatar.com\/avatar\/c7164ed6fdec453195284ad24a5ae5b6e1eed2b848477fa2a4787ba9adf39a41?s=96&d=mm&r=g","contentUrl":"https:\/\/secure.gravatar.com\/avatar\/c7164ed6fdec453195284ad24a5ae5b6e1eed2b848477fa2a4787ba9adf39a41?s=96&d=mm&r=g","caption":"Redacci\u00f3n QP"},"url":"https:\/\/quehacerpolitico.mx\/?author=2"}]}},"featured_image_urls":{"full":["https:\/\/quehacerpolitico.mx\/wp-content\/uploads\/2022\/06\/1C076B80-31C5-450D-9A9D-16FF265F49B3.jpeg",741,414,false],"thumbnail":["https:\/\/quehacerpolitico.mx\/wp-content\/uploads\/2022\/06\/1C076B80-31C5-450D-9A9D-16FF265F49B3-150x150.jpeg",150,150,true],"medium":["https:\/\/quehacerpolitico.mx\/wp-content\/uploads\/2022\/06\/1C076B80-31C5-450D-9A9D-16FF265F49B3-300x168.jpeg",300,168,true],"medium_large":["https:\/\/quehacerpolitico.mx\/wp-content\/uploads\/2022\/06\/1C076B80-31C5-450D-9A9D-16FF265F49B3.jpeg",640,358,false],"large":["https:\/\/quehacerpolitico.mx\/wp-content\/uploads\/2022\/06\/1C076B80-31C5-450D-9A9D-16FF265F49B3.jpeg",640,358,false],"1536x1536":["https:\/\/quehacerpolitico.mx\/wp-content\/uploads\/2022\/06\/1C076B80-31C5-450D-9A9D-16FF265F49B3.jpeg",741,414,false],"2048x2048":["https:\/\/quehacerpolitico.mx\/wp-content\/uploads\/2022\/06\/1C076B80-31C5-450D-9A9D-16FF265F49B3.jpeg",741,414,false],"covernews-featured":["https:\/\/quehacerpolitico.mx\/wp-content\/uploads\/2022\/06\/1C076B80-31C5-450D-9A9D-16FF265F49B3.jpeg",741,414,false],"covernews-medium":["https:\/\/quehacerpolitico.mx\/wp-content\/uploads\/2022\/06\/1C076B80-31C5-450D-9A9D-16FF265F49B3.jpeg",540,302,false]},"author_info":{"display_name":"Redacci\u00f3n QP","author_link":"https:\/\/quehacerpolitico.mx\/?author=2"},"category_info":"<a href=\"https:\/\/quehacerpolitico.mx\/?cat=1\" rel=\"category\">Internacionales<\/a>","tag_info":"Internacionales","comment_count":"0","_links":{"self":[{"href":"https:\/\/quehacerpolitico.mx\/index.php?rest_route=\/wp\/v2\/posts\/92744","targetHints":{"allow":["GET"]}}],"collection":[{"href":"https:\/\/quehacerpolitico.mx\/index.php?rest_route=\/wp\/v2\/posts"}],"about":[{"href":"https:\/\/quehacerpolitico.mx\/index.php?rest_route=\/wp\/v2\/types\/post"}],"author":[{"embeddable":true,"href":"https:\/\/quehacerpolitico.mx\/index.php?rest_route=\/wp\/v2\/users\/2"}],"replies":[{"embeddable":true,"href":"https:\/\/quehacerpolitico.mx\/index.php?rest_route=%2Fwp%2Fv2%2Fcomments&post=92744"}],"version-history":[{"count":1,"href":"https:\/\/quehacerpolitico.mx\/index.php?rest_route=\/wp\/v2\/posts\/92744\/revisions"}],"predecessor-version":[{"id":92748,"href":"https:\/\/quehacerpolitico.mx\/index.php?rest_route=\/wp\/v2\/posts\/92744\/revisions\/92748"}],"wp:featuredmedia":[{"embeddable":true,"href":"https:\/\/quehacerpolitico.mx\/index.php?rest_route=\/wp\/v2\/media\/92745"}],"wp:attachment":[{"href":"https:\/\/quehacerpolitico.mx\/index.php?rest_route=%2Fwp%2Fv2%2Fmedia&parent=92744"}],"wp:term":[{"taxonomy":"category","embeddable":true,"href":"https:\/\/quehacerpolitico.mx\/index.php?rest_route=%2Fwp%2Fv2%2Fcategories&post=92744"},{"taxonomy":"post_tag","embeddable":true,"href":"https:\/\/quehacerpolitico.mx\/index.php?rest_route=%2Fwp%2Fv2%2Ftags&post=92744"}],"curies":[{"name":"wp","href":"https:\/\/api.w.org\/{rel}","templated":true}]}}