{"id":92738,"date":"2022-06-02T13:00:25","date_gmt":"2022-06-02T13:00:25","guid":{"rendered":"https:\/\/quehacerpolitico.mx\/?p=92738"},"modified":"2022-06-02T13:00:28","modified_gmt":"2022-06-02T13:00:28","slug":"las-marchas-para-este-2-de-junio-por-bloqueo-de-transportistas-en-la-cdmx-aqui-las-vialidades-afectadas","status":"publish","type":"post","link":"https:\/\/quehacerpolitico.mx\/?p=92738","title":{"rendered":"Las marchas para este 2 de junio por bloqueo de transportistas en la CDMX aqu\u00ed las vialidades afectadas"},"content":{"rendered":"\n<p>Por Redacci\u00f3n QP<\/p>\n\n\n\n<p>Si tienes que salir a la calle, toma precauciones, pues se prev\u00e9 que la manifestaci\u00f3n de transportistas desquiciar\u00e1 la CdMx, as\u00ed que aqu\u00ed te dejamos las alternativas viales.<\/p>\n\n\n\n<figure class=\"wp-block-embed is-type-rich is-provider-twitter wp-block-embed-twitter\"><div class=\"wp-block-embed__wrapper\">\n<blockquote class=\"twitter-tweet\" data-width=\"550\" data-dnt=\"true\"><p lang=\"es\" dir=\"ltr\">\u25b6 Ya inici\u00f3 el bloqueo de <a href=\"https:\/\/twitter.com\/hashtag\/transportistas?src=hash&amp;ref_src=twsrc%5Etfw\">#transportistas<\/a> en distintos puntos de la <a href=\"https:\/\/twitter.com\/hashtag\/CdMx?src=hash&amp;ref_src=twsrc%5Etfw\">#CdMx<\/a>; solicitan el aumento de 3 pesos a la tarifa <br>\u2003<br>\ud83d\udcfa Toda la informaci\u00f3n en el <a href=\"https:\/\/twitter.com\/hashtag\/TelediarioMatutino?src=hash&amp;ref_src=twsrc%5Etfw\">#TelediarioMatutino<\/a> con <a href=\"https:\/\/twitter.com\/liliana_sosa?ref_src=twsrc%5Etfw\">@liliana_sosa<\/a>, <a href=\"https:\/\/twitter.com\/deividmedrano?ref_src=twsrc%5Etfw\">@deividmedrano<\/a> y <a href=\"https:\/\/twitter.com\/anyalanis14?ref_src=twsrc%5Etfw\">@anyalanis14<\/a> <a href=\"https:\/\/t.co\/XbLBn2A4uR\">pic.twitter.com\/XbLBn2A4uR<\/a><\/p>&mdash; @telediario (@telediario) <a href=\"https:\/\/twitter.com\/telediario\/status\/1532344123780472833?ref_src=twsrc%5Etfw\">June 2, 2022<\/a><\/blockquote><script async src=\"https:\/\/platform.twitter.com\/widgets.js\" charset=\"utf-8\"><\/script>\n<\/div><\/figure>\n\n\n\n<p>Integrantes de la<strong>&nbsp;Fuerza Amplia de Transportistas (FAT)<\/strong>&nbsp;anunciaron que ma\u00f1ana<strong>&nbsp;jueves 2 de junio&nbsp;<\/strong>realizar\u00e1n&nbsp;<strong>bloqueos<\/strong>&nbsp;en diferentes&nbsp;<strong>puntos de la Ciudad de M\u00e9xico&nbsp;<\/strong>en protesta por la negativa del gobierno capitalino de subir la tarifa del pasaje de 3 a 5 pesos.&nbsp;<\/p>\n\n\n\n<p>Aunque el gobierno capitalino ha intentado establecer mesas de di\u00e1logo con los manifestantes, hasta el momento no se ha llegado a un acuerdo, por lo que todo parece indicar que el d\u00eda de ma\u00f1ana la\u00a0<strong>Ciudad de M\u00e9xico se ver\u00e1 desquiciada\u00a0<\/strong>por los\u00a0<strong>bloqueos<\/strong>\u00a0que los transportistas amenazan con realizar en\u00a0<strong>vialidades principales de la capital.<\/strong><\/p>\n\n\n\n<figure class=\"wp-block-embed is-type-rich is-provider-twitter wp-block-embed-twitter\"><div class=\"wp-block-embed__wrapper\">\n<blockquote class=\"twitter-tweet\" data-width=\"550\" data-dnt=\"true\"><p lang=\"es\" dir=\"ltr\">\u26a0\ufe0f\ud83d\udce2Te compartimos las movilizaciones sociales previstas para este d\u00eda en la CDMX.<a href=\"https:\/\/twitter.com\/hashtag\/MovilidadCDMX?src=hash&amp;ref_src=twsrc%5Etfw\">#MovilidadCDMX<\/a> <br>\ud83c\udfa5<a href=\"https:\/\/twitter.com\/hashtag\/C5?src=hash&amp;ref_src=twsrc%5Etfw\">#C5<\/a> <a href=\"https:\/\/t.co\/wYWGPL37EA\">pic.twitter.com\/wYWGPL37EA<\/a><\/p>&mdash; C5 CDMX (@C5_CDMX) <a href=\"https:\/\/twitter.com\/C5_CDMX\/status\/1532316723235508224?ref_src=twsrc%5Etfw\">June 2, 2022<\/a><\/blockquote><script async src=\"https:\/\/platform.twitter.com\/widgets.js\" charset=\"utf-8\"><\/script>\n<\/div><\/figure>\n\n\n\n<h2 class=\"wp-block-heading\">\u200b\u00bfQu\u00e9 zonas se ver\u00e1n afectadas y por la manifestaci\u00f3n de transportistas?<\/h2>\n\n\n\n<p>Las autoridades dijeron que aunque no conocen con precisi\u00f3n los puntos donde se manifestar\u00e1n los trasportistas, sin embargo, ofrecieron a la ciudadan\u00eda un panorama general de las vialidades que se pueden ver afectadas para que tomen precauciones:<\/p>\n\n\n\n<figure class=\"wp-block-embed is-type-rich is-provider-twitter wp-block-embed-twitter\"><div class=\"wp-block-embed__wrapper\">\n<blockquote class=\"twitter-tweet\" data-width=\"550\" data-dnt=\"true\"><p lang=\"es\" dir=\"ltr\">As\u00ed la Av. Insurgentes Norte. <a href=\"https:\/\/twitter.com\/hashtag\/EviteLaZona?src=hash&amp;ref_src=twsrc%5Etfw\">#EviteLaZona<\/a> <a href=\"https:\/\/t.co\/SGgSnxCnZH\">pic.twitter.com\/SGgSnxCnZH<\/a><\/p>&mdash; JORGE BECERRIL JB\/8 (@MrElDiablo8) <a href=\"https:\/\/twitter.com\/MrElDiablo8\/status\/1532341354910588929?ref_src=twsrc%5Etfw\">June 2, 2022<\/a><\/blockquote><script async src=\"https:\/\/platform.twitter.com\/widgets.js\" charset=\"utf-8\"><\/script>\n<\/div><\/figure>\n\n\n\n<p><strong>Indios Verdes-Mart\u00edn Carrera<\/strong>: Insurgentes Norte, avenida Cuautepec, calzada Ticom\u00e1n y Eje 5 Norte&nbsp;<\/p>\n\n\n\n<p><strong>Arag\u00f3n<\/strong>: avenida 608 y avenida Ocean\u00eda&nbsp;<\/p>\n\n\n\n<p><strong>Constituci\u00f3n de 1917<\/strong>: Perif\u00e9rico, avenida Tl\u00e1huac y Eje 8 Sur&nbsp;<\/p>\n\n\n\n<p><strong>Xochimilco-Taxque\u00f1a<\/strong>: calzada de Tlalpan, Canal de Miramontes, Divisi\u00f3n del Norte.&nbsp;<\/p>\n\n\n\n<p><strong>Oriente<\/strong>: Zaragoza&nbsp;<\/p>\n\n\n\n<p><strong>Tacubaya-Observatorio:\u00a0<\/strong>Perif\u00e9rico, Minas de Arena y R\u00edo Tacubaya. Tambi\u00e9n se prev\u00e9n afectaciones en Paseo de la Reforma.<\/p>\n\n\n\n<p>Alternativas viales por manifestaci\u00f3n de transportistas<\/p>\n\n\n\n<p>Asimismo, las autoridades de la Ciudad de M\u00e9xico ofrecieron una serie de&nbsp;<strong>alternativas viales<\/strong>&nbsp;para los automovilistas en caso de que los transportistas bloqueen los puntos antes mencionados.<\/p>\n\n\n\n<ul class=\"wp-block-list\"><li><strong>Indios Verdes- Mart\u00edn Carrera<\/strong>: V\u00eda Morelos Centenario y Vallejo&nbsp;<\/li><li><strong>Arag\u00f3n<\/strong>: R\u00edo de los Remedios, Eduardo Molina, Loreto Fabela y avenida Gran Canal&nbsp;<\/li><li><strong>Constituci\u00f3n de 1917<\/strong>: Eje 3 Oriente, avenida Canal de Chalco, Benito Ju\u00e1rez.&nbsp;<\/li><li><strong>Xochimilco-Tasque\u00f1a:<\/strong>&nbsp;Eje Central, Ejes 1, 2 y 3 Oriente, Eje 3 Orientes, avenida Acueducto de Guadalupe, I. Ram\u00edrez y Escuela Naval.&nbsp;<\/li><li><strong>Oriente:<\/strong>&nbsp;Eje 8 Sur, Eje 5 y 6 Sur (avenida de las Torres), Eje 4 Sur, V\u00eda Tapo, Pantitl\u00e1n, Eje 1 Norte.&nbsp;<\/li><li><strong>Tacubaya-Observatorio:&nbsp;<\/strong>Revoluci\u00f3n, Patriotismo, Camino Real Toluca, Parque Lira.&nbsp;<\/li><li>En el caso del posible bloque en Paseo de la Reforma se ofrece como alternativa Constituyentes y R\u00edo San Joaqu\u00edn.&nbsp;<\/li><\/ul>\n\n\n\n<p>Adem\u00e1s, la subsecretar\u00eda de control de tr\u00e1nsito, de la Secretar\u00eda de Seguridad Ciudadana (SSC), desplegar\u00e1 un operativo integrado por 756 polic\u00edas de tr\u00e1nsito, 101 patrullas, 51 motos y 27 gr\u00faas.<\/p>\n\n\n\n<figure class=\"wp-block-embed is-type-rich is-provider-twitter wp-block-embed-twitter\"><div class=\"wp-block-embed__wrapper\">\n<blockquote class=\"twitter-tweet\" data-width=\"550\" data-dnt=\"true\"><p lang=\"es\" dir=\"ltr\"><a href=\"https:\/\/twitter.com\/hashtag\/AlMomento?src=hash&amp;ref_src=twsrc%5Etfw\">#AlMomento<\/a> \u26a0\ufe0f\ud83d\udea7Bloqueo en ambas circulaciones de Avenida Insurgentes Norte y Calzada Ticom\u00e1n, Col. Santa Isabel Tola, <a href=\"https:\/\/twitter.com\/TuAlcaldiaGAM?ref_src=twsrc%5Etfw\">@TuAlcaldiaGAM<\/a>.  <a href=\"https:\/\/twitter.com\/hashtag\/C5?src=hash&amp;ref_src=twsrc%5Etfw\">#C5<\/a> <a href=\"https:\/\/twitter.com\/hashtag\/MovilidadCDMX?src=hash&amp;ref_src=twsrc%5Etfw\">#MovilidadCDMX<\/a><br> \ud83d\udd00Alternativa vial:  Avenida Centenario y Calzada Vallejo. <a href=\"https:\/\/t.co\/HdpQ69h7HE\">pic.twitter.com\/HdpQ69h7HE<\/a><\/p>&mdash; C5 CDMX (@C5_CDMX) <a href=\"https:\/\/twitter.com\/C5_CDMX\/status\/1532343903520755712?ref_src=twsrc%5Etfw\">June 2, 2022<\/a><\/blockquote><script async src=\"https:\/\/platform.twitter.com\/widgets.js\" charset=\"utf-8\"><\/script>\n<\/div><\/figure>\n\n\n\n<figure class=\"wp-block-embed is-type-rich is-provider-twitter wp-block-embed-twitter\"><div class=\"wp-block-embed__wrapper\">\n<blockquote class=\"twitter-tweet\" data-width=\"550\" data-dnt=\"true\"><p lang=\"es\" dir=\"ltr\"><a href=\"https:\/\/twitter.com\/hashtag\/Precauci%C3%B3n?src=hash&amp;ref_src=twsrc%5Etfw\">#Precauci\u00f3n<\/a> \u26a0\ufe0f\ud83d\udea7Bloqueo en ambas circulaciones de Avenida Divisi\u00f3n del Norte y Avenida Muyuguarda, <a href=\"https:\/\/twitter.com\/XochimilcoAl?ref_src=twsrc%5Etfw\">@XochimilcoAl<\/a>.  <a href=\"https:\/\/twitter.com\/hashtag\/C5?src=hash&amp;ref_src=twsrc%5Etfw\">#C5<\/a> <a href=\"https:\/\/twitter.com\/hashtag\/MovilidadCDMX?src=hash&amp;ref_src=twsrc%5Etfw\">#MovilidadCDMX<\/a><br>Alternativa: Avenida Guadalupe Ram\u00edrez y Avenida Canal de Chalco. <a href=\"https:\/\/t.co\/5UEYfkWe5D\">pic.twitter.com\/5UEYfkWe5D<\/a><\/p>&mdash; C5 CDMX (@C5_CDMX) <a href=\"https:\/\/twitter.com\/C5_CDMX\/status\/1532342329587154944?ref_src=twsrc%5Etfw\">June 2, 2022<\/a><\/blockquote><script async src=\"https:\/\/platform.twitter.com\/widgets.js\" charset=\"utf-8\"><\/script>\n<\/div><\/figure>\n\n\n\n<figure class=\"wp-block-embed is-type-rich is-provider-twitter wp-block-embed-twitter\"><div class=\"wp-block-embed__wrapper\">\n<blockquote class=\"twitter-tweet\" data-width=\"550\" data-dnt=\"true\"><p lang=\"es\" dir=\"ltr\"><a href=\"https:\/\/twitter.com\/hashtag\/Precauci%C3%B3nVial?src=hash&amp;ref_src=twsrc%5Etfw\">#Precauci\u00f3nVial<\/a> | Cerrada la circulaci\u00f3n de Av. Constituyentes a la altura de Prolongaci\u00f3n Paseo de la Reforma. <a href=\"https:\/\/twitter.com\/hashtag\/AlternativaVial?src=hash&amp;ref_src=twsrc%5Etfw\">#AlternativaVial<\/a> Vasco de Quiroga. <a href=\"https:\/\/twitter.com\/hashtag\/MovilidadCDMX?src=hash&amp;ref_src=twsrc%5Etfw\">#MovilidadCDMX<\/a> <a href=\"https:\/\/t.co\/UzspjgF3lP\">pic.twitter.com\/UzspjgF3lP<\/a><\/p>&mdash; OVIAL_SSCCDMX (@OVIALCDMX) <a href=\"https:\/\/twitter.com\/OVIALCDMX\/status\/1532336018220756992?ref_src=twsrc%5Etfw\">June 2, 2022<\/a><\/blockquote><script async src=\"https:\/\/platform.twitter.com\/widgets.js\" charset=\"utf-8\"><\/script>\n<\/div><\/figure>\n\n\n\n<figure class=\"wp-block-embed is-type-rich is-provider-twitter wp-block-embed-twitter\"><div class=\"wp-block-embed__wrapper\">\n<blockquote class=\"twitter-tweet\" data-width=\"550\" data-dnt=\"true\"><p lang=\"es\" dir=\"ltr\"><a href=\"https:\/\/twitter.com\/hashtag\/Atenci%C3%B3n?src=hash&amp;ref_src=twsrc%5Etfw\">#Atenci\u00f3n<\/a> \u26a0\ufe0f\ud83d\udea7Bloqueo sobre Av. Taxque\u00f1a y Canal de Miramontes, colonia Campestre Churubusco, <a href=\"https:\/\/twitter.com\/Alcaldia_Coy?ref_src=twsrc%5Etfw\">@Alcaldia_Coy<\/a>.  <a href=\"https:\/\/twitter.com\/hashtag\/C5?src=hash&amp;ref_src=twsrc%5Etfw\">#C5<\/a> <a href=\"https:\/\/twitter.com\/hashtag\/MovilidadCDMX?src=hash&amp;ref_src=twsrc%5Etfw\">#MovilidadCDMX<\/a><br>\ud83d\udd00Alternativas: Eje Central, Ejes 1, 2 y 3 Oriente, Av. Acueducto, Guadalupe I. Ram\u00edrez y Escuela Naval. <a href=\"https:\/\/t.co\/BwKaaciWay\">pic.twitter.com\/BwKaaciWay<\/a><\/p>&mdash; C5 CDMX (@C5_CDMX) <a href=\"https:\/\/twitter.com\/C5_CDMX\/status\/1532337319478542339?ref_src=twsrc%5Etfw\">June 2, 2022<\/a><\/blockquote><script async src=\"https:\/\/platform.twitter.com\/widgets.js\" charset=\"utf-8\"><\/script>\n<\/div><\/figure>\n\n\n\n<figure class=\"wp-block-embed is-type-rich is-provider-twitter wp-block-embed-twitter\"><div class=\"wp-block-embed__wrapper\">\n<blockquote class=\"twitter-tweet\" data-width=\"550\" data-dnt=\"true\"><p lang=\"es\" dir=\"ltr\"><a href=\"https:\/\/twitter.com\/hashtag\/AlMomento?src=hash&amp;ref_src=twsrc%5Etfw\">#AlMomento<\/a> \u26a0\ufe0f\ud83d\udea7Bloqueo sobre Calz. Ignacio Zaragoza al poniente y Cris\u00f3stomo Bonilla, colonia Juan Escutia, <a href=\"https:\/\/twitter.com\/Alc_Iztapalapa?ref_src=twsrc%5Etfw\">@Alc_Iztapalapa<\/a>. <a href=\"https:\/\/twitter.com\/hashtag\/C5?src=hash&amp;ref_src=twsrc%5Etfw\">#C5<\/a> <a href=\"https:\/\/twitter.com\/hashtag\/MovilidadCDMX?src=hash&amp;ref_src=twsrc%5Etfw\">#MovilidadCDMX<\/a><br><br>\ud83d\udd00Alternativas: Eje 8 Sur, Eje 5 Sur  Eje 4 Sur, V\u00eda Tapo, Pantitl\u00e1n y Eje 1 Norte. <a href=\"https:\/\/t.co\/cRSfJlV80U\">pic.twitter.com\/cRSfJlV80U<\/a><\/p>&mdash; C5 CDMX (@C5_CDMX) <a href=\"https:\/\/twitter.com\/C5_CDMX\/status\/1532334000953499648?ref_src=twsrc%5Etfw\">June 2, 2022<\/a><\/blockquote><script async src=\"https:\/\/platform.twitter.com\/widgets.js\" charset=\"utf-8\"><\/script>\n<\/div><\/figure>\n","protected":false},"excerpt":{"rendered":"<p>Por Redacci\u00f3n QP Si tienes que salir a la calle, toma precauciones, pues se prev\u00e9&#8230;<\/p>\n","protected":false},"author":2,"featured_media":92739,"comment_status":"open","ping_status":"open","sticky":false,"template":"","format":"standard","meta":{"_monsterinsights_skip_tracking":false,"_monsterinsights_sitenote_active":false,"_monsterinsights_sitenote_note":"","_monsterinsights_sitenote_category":0,"footnotes":""},"categories":[55],"tags":[],"class_list":["post-92738","post","type-post","status-publish","format-standard","has-post-thumbnail","hentry","category-cdmx"],"yoast_head":"<!-- This site is optimized with the Yoast SEO plugin v27.3 - https:\/\/yoast.com\/product\/yoast-seo-wordpress\/ -->\n<title>Las marchas para este 2 de junio por bloqueo de transportistas en la CDMX aqu\u00ed las vialidades afectadas -<\/title>\n<meta name=\"robots\" content=\"index, follow, max-snippet:-1, max-image-preview:large, max-video-preview:-1\" \/>\n<link rel=\"canonical\" href=\"https:\/\/quehacerpolitico.mx\/?p=92738\" \/>\n<meta property=\"og:locale\" content=\"es_MX\" \/>\n<meta property=\"og:type\" content=\"article\" \/>\n<meta property=\"og:title\" content=\"Las marchas para este 2 de junio por bloqueo de transportistas en la CDMX aqu\u00ed las vialidades afectadas -\" \/>\n<meta property=\"og:description\" content=\"Por Redacci\u00f3n QP Si tienes que salir a la calle, toma precauciones, pues se prev\u00e9...\" \/>\n<meta property=\"og:url\" content=\"https:\/\/quehacerpolitico.mx\/?p=92738\" \/>\n<meta property=\"article:published_time\" content=\"2022-06-02T13:00:25+00:00\" \/>\n<meta property=\"article:modified_time\" content=\"2022-06-02T13:00:28+00:00\" \/>\n<meta property=\"og:image\" content=\"https:\/\/quehacerpolitico.mx\/wp-content\/uploads\/2022\/06\/C8F26E18-BAD0-49CE-883A-1559C24E7C1D.jpeg\" \/>\n\t<meta property=\"og:image:width\" content=\"1283\" \/>\n\t<meta property=\"og:image:height\" content=\"594\" \/>\n\t<meta property=\"og:image:type\" content=\"image\/jpeg\" \/>\n<meta name=\"author\" content=\"Redacci\u00f3n QP\" \/>\n<meta name=\"twitter:card\" content=\"summary_large_image\" \/>\n<meta name=\"twitter:label1\" content=\"Escrito por\" \/>\n\t<meta name=\"twitter:data1\" content=\"Redacci\u00f3n QP\" \/>\n\t<meta name=\"twitter:label2\" content=\"Tiempo de lectura\" \/>\n\t<meta name=\"twitter:data2\" content=\"3 minutos\" \/>\n<script type=\"application\/ld+json\" class=\"yoast-schema-graph\">{\"@context\":\"https:\\\/\\\/schema.org\",\"@graph\":[{\"@type\":\"Article\",\"@id\":\"https:\\\/\\\/quehacerpolitico.mx\\\/?p=92738#article\",\"isPartOf\":{\"@id\":\"https:\\\/\\\/quehacerpolitico.mx\\\/?p=92738\"},\"author\":{\"name\":\"Redacci\u00f3n QP\",\"@id\":\"https:\\\/\\\/quehacerpolitico.mx\\\/#\\\/schema\\\/person\\\/496d8ad2d1d3f8036101dca7ee39e585\"},\"headline\":\"Las marchas para este 2 de junio por bloqueo de transportistas en la CDMX aqu\u00ed las vialidades afectadas\",\"datePublished\":\"2022-06-02T13:00:25+00:00\",\"dateModified\":\"2022-06-02T13:00:28+00:00\",\"mainEntityOfPage\":{\"@id\":\"https:\\\/\\\/quehacerpolitico.mx\\\/?p=92738\"},\"wordCount\":577,\"commentCount\":0,\"image\":{\"@id\":\"https:\\\/\\\/quehacerpolitico.mx\\\/?p=92738#primaryimage\"},\"thumbnailUrl\":\"https:\\\/\\\/quehacerpolitico.mx\\\/wp-content\\\/uploads\\\/2022\\\/06\\\/C8F26E18-BAD0-49CE-883A-1559C24E7C1D.jpeg\",\"articleSection\":[\"CDMX\"],\"inLanguage\":\"es\",\"potentialAction\":[{\"@type\":\"CommentAction\",\"name\":\"Comment\",\"target\":[\"https:\\\/\\\/quehacerpolitico.mx\\\/?p=92738#respond\"]}]},{\"@type\":\"WebPage\",\"@id\":\"https:\\\/\\\/quehacerpolitico.mx\\\/?p=92738\",\"url\":\"https:\\\/\\\/quehacerpolitico.mx\\\/?p=92738\",\"name\":\"Las marchas para este 2 de junio por bloqueo de transportistas en la CDMX aqu\u00ed las vialidades afectadas -\",\"isPartOf\":{\"@id\":\"https:\\\/\\\/quehacerpolitico.mx\\\/#website\"},\"primaryImageOfPage\":{\"@id\":\"https:\\\/\\\/quehacerpolitico.mx\\\/?p=92738#primaryimage\"},\"image\":{\"@id\":\"https:\\\/\\\/quehacerpolitico.mx\\\/?p=92738#primaryimage\"},\"thumbnailUrl\":\"https:\\\/\\\/quehacerpolitico.mx\\\/wp-content\\\/uploads\\\/2022\\\/06\\\/C8F26E18-BAD0-49CE-883A-1559C24E7C1D.jpeg\",\"datePublished\":\"2022-06-02T13:00:25+00:00\",\"dateModified\":\"2022-06-02T13:00:28+00:00\",\"author\":{\"@id\":\"https:\\\/\\\/quehacerpolitico.mx\\\/#\\\/schema\\\/person\\\/496d8ad2d1d3f8036101dca7ee39e585\"},\"breadcrumb\":{\"@id\":\"https:\\\/\\\/quehacerpolitico.mx\\\/?p=92738#breadcrumb\"},\"inLanguage\":\"es\",\"potentialAction\":[{\"@type\":\"ReadAction\",\"target\":[\"https:\\\/\\\/quehacerpolitico.mx\\\/?p=92738\"]}]},{\"@type\":\"ImageObject\",\"inLanguage\":\"es\",\"@id\":\"https:\\\/\\\/quehacerpolitico.mx\\\/?p=92738#primaryimage\",\"url\":\"https:\\\/\\\/quehacerpolitico.mx\\\/wp-content\\\/uploads\\\/2022\\\/06\\\/C8F26E18-BAD0-49CE-883A-1559C24E7C1D.jpeg\",\"contentUrl\":\"https:\\\/\\\/quehacerpolitico.mx\\\/wp-content\\\/uploads\\\/2022\\\/06\\\/C8F26E18-BAD0-49CE-883A-1559C24E7C1D.jpeg\",\"width\":1283,\"height\":594},{\"@type\":\"BreadcrumbList\",\"@id\":\"https:\\\/\\\/quehacerpolitico.mx\\\/?p=92738#breadcrumb\",\"itemListElement\":[{\"@type\":\"ListItem\",\"position\":1,\"name\":\"Inicio\",\"item\":\"https:\\\/\\\/quehacerpolitico.mx\\\/\"},{\"@type\":\"ListItem\",\"position\":2,\"name\":\"Las marchas para este 2 de junio por bloqueo de transportistas en la CDMX aqu\u00ed las vialidades afectadas\"}]},{\"@type\":\"WebSite\",\"@id\":\"https:\\\/\\\/quehacerpolitico.mx\\\/#website\",\"url\":\"https:\\\/\\\/quehacerpolitico.mx\\\/\",\"name\":\"\",\"description\":\"\",\"potentialAction\":[{\"@type\":\"SearchAction\",\"target\":{\"@type\":\"EntryPoint\",\"urlTemplate\":\"https:\\\/\\\/quehacerpolitico.mx\\\/?s={search_term_string}\"},\"query-input\":{\"@type\":\"PropertyValueSpecification\",\"valueRequired\":true,\"valueName\":\"search_term_string\"}}],\"inLanguage\":\"es\"},{\"@type\":\"Person\",\"@id\":\"https:\\\/\\\/quehacerpolitico.mx\\\/#\\\/schema\\\/person\\\/496d8ad2d1d3f8036101dca7ee39e585\",\"name\":\"Redacci\u00f3n QP\",\"image\":{\"@type\":\"ImageObject\",\"inLanguage\":\"es\",\"@id\":\"https:\\\/\\\/secure.gravatar.com\\\/avatar\\\/c7164ed6fdec453195284ad24a5ae5b6e1eed2b848477fa2a4787ba9adf39a41?s=96&d=mm&r=g\",\"url\":\"https:\\\/\\\/secure.gravatar.com\\\/avatar\\\/c7164ed6fdec453195284ad24a5ae5b6e1eed2b848477fa2a4787ba9adf39a41?s=96&d=mm&r=g\",\"contentUrl\":\"https:\\\/\\\/secure.gravatar.com\\\/avatar\\\/c7164ed6fdec453195284ad24a5ae5b6e1eed2b848477fa2a4787ba9adf39a41?s=96&d=mm&r=g\",\"caption\":\"Redacci\u00f3n QP\"},\"url\":\"https:\\\/\\\/quehacerpolitico.mx\\\/?author=2\"}]}<\/script>\n<!-- \/ Yoast SEO plugin. -->","yoast_head_json":{"title":"Las marchas para este 2 de junio por bloqueo de transportistas en la CDMX aqu\u00ed las vialidades afectadas -","robots":{"index":"index","follow":"follow","max-snippet":"max-snippet:-1","max-image-preview":"max-image-preview:large","max-video-preview":"max-video-preview:-1"},"canonical":"https:\/\/quehacerpolitico.mx\/?p=92738","og_locale":"es_MX","og_type":"article","og_title":"Las marchas para este 2 de junio por bloqueo de transportistas en la CDMX aqu\u00ed las vialidades afectadas -","og_description":"Por Redacci\u00f3n QP Si tienes que salir a la calle, toma precauciones, pues se prev\u00e9...","og_url":"https:\/\/quehacerpolitico.mx\/?p=92738","article_published_time":"2022-06-02T13:00:25+00:00","article_modified_time":"2022-06-02T13:00:28+00:00","og_image":[{"width":1283,"height":594,"url":"https:\/\/quehacerpolitico.mx\/wp-content\/uploads\/2022\/06\/C8F26E18-BAD0-49CE-883A-1559C24E7C1D.jpeg","type":"image\/jpeg"}],"author":"Redacci\u00f3n QP","twitter_card":"summary_large_image","twitter_misc":{"Escrito por":"Redacci\u00f3n QP","Tiempo de lectura":"3 minutos"},"schema":{"@context":"https:\/\/schema.org","@graph":[{"@type":"Article","@id":"https:\/\/quehacerpolitico.mx\/?p=92738#article","isPartOf":{"@id":"https:\/\/quehacerpolitico.mx\/?p=92738"},"author":{"name":"Redacci\u00f3n QP","@id":"https:\/\/quehacerpolitico.mx\/#\/schema\/person\/496d8ad2d1d3f8036101dca7ee39e585"},"headline":"Las marchas para este 2 de junio por bloqueo de transportistas en la CDMX aqu\u00ed las vialidades afectadas","datePublished":"2022-06-02T13:00:25+00:00","dateModified":"2022-06-02T13:00:28+00:00","mainEntityOfPage":{"@id":"https:\/\/quehacerpolitico.mx\/?p=92738"},"wordCount":577,"commentCount":0,"image":{"@id":"https:\/\/quehacerpolitico.mx\/?p=92738#primaryimage"},"thumbnailUrl":"https:\/\/quehacerpolitico.mx\/wp-content\/uploads\/2022\/06\/C8F26E18-BAD0-49CE-883A-1559C24E7C1D.jpeg","articleSection":["CDMX"],"inLanguage":"es","potentialAction":[{"@type":"CommentAction","name":"Comment","target":["https:\/\/quehacerpolitico.mx\/?p=92738#respond"]}]},{"@type":"WebPage","@id":"https:\/\/quehacerpolitico.mx\/?p=92738","url":"https:\/\/quehacerpolitico.mx\/?p=92738","name":"Las marchas para este 2 de junio por bloqueo de transportistas en la CDMX aqu\u00ed las vialidades afectadas -","isPartOf":{"@id":"https:\/\/quehacerpolitico.mx\/#website"},"primaryImageOfPage":{"@id":"https:\/\/quehacerpolitico.mx\/?p=92738#primaryimage"},"image":{"@id":"https:\/\/quehacerpolitico.mx\/?p=92738#primaryimage"},"thumbnailUrl":"https:\/\/quehacerpolitico.mx\/wp-content\/uploads\/2022\/06\/C8F26E18-BAD0-49CE-883A-1559C24E7C1D.jpeg","datePublished":"2022-06-02T13:00:25+00:00","dateModified":"2022-06-02T13:00:28+00:00","author":{"@id":"https:\/\/quehacerpolitico.mx\/#\/schema\/person\/496d8ad2d1d3f8036101dca7ee39e585"},"breadcrumb":{"@id":"https:\/\/quehacerpolitico.mx\/?p=92738#breadcrumb"},"inLanguage":"es","potentialAction":[{"@type":"ReadAction","target":["https:\/\/quehacerpolitico.mx\/?p=92738"]}]},{"@type":"ImageObject","inLanguage":"es","@id":"https:\/\/quehacerpolitico.mx\/?p=92738#primaryimage","url":"https:\/\/quehacerpolitico.mx\/wp-content\/uploads\/2022\/06\/C8F26E18-BAD0-49CE-883A-1559C24E7C1D.jpeg","contentUrl":"https:\/\/quehacerpolitico.mx\/wp-content\/uploads\/2022\/06\/C8F26E18-BAD0-49CE-883A-1559C24E7C1D.jpeg","width":1283,"height":594},{"@type":"BreadcrumbList","@id":"https:\/\/quehacerpolitico.mx\/?p=92738#breadcrumb","itemListElement":[{"@type":"ListItem","position":1,"name":"Inicio","item":"https:\/\/quehacerpolitico.mx\/"},{"@type":"ListItem","position":2,"name":"Las marchas para este 2 de junio por bloqueo de transportistas en la CDMX aqu\u00ed las vialidades afectadas"}]},{"@type":"WebSite","@id":"https:\/\/quehacerpolitico.mx\/#website","url":"https:\/\/quehacerpolitico.mx\/","name":"","description":"","potentialAction":[{"@type":"SearchAction","target":{"@type":"EntryPoint","urlTemplate":"https:\/\/quehacerpolitico.mx\/?s={search_term_string}"},"query-input":{"@type":"PropertyValueSpecification","valueRequired":true,"valueName":"search_term_string"}}],"inLanguage":"es"},{"@type":"Person","@id":"https:\/\/quehacerpolitico.mx\/#\/schema\/person\/496d8ad2d1d3f8036101dca7ee39e585","name":"Redacci\u00f3n QP","image":{"@type":"ImageObject","inLanguage":"es","@id":"https:\/\/secure.gravatar.com\/avatar\/c7164ed6fdec453195284ad24a5ae5b6e1eed2b848477fa2a4787ba9adf39a41?s=96&d=mm&r=g","url":"https:\/\/secure.gravatar.com\/avatar\/c7164ed6fdec453195284ad24a5ae5b6e1eed2b848477fa2a4787ba9adf39a41?s=96&d=mm&r=g","contentUrl":"https:\/\/secure.gravatar.com\/avatar\/c7164ed6fdec453195284ad24a5ae5b6e1eed2b848477fa2a4787ba9adf39a41?s=96&d=mm&r=g","caption":"Redacci\u00f3n QP"},"url":"https:\/\/quehacerpolitico.mx\/?author=2"}]}},"featured_image_urls":{"full":["https:\/\/quehacerpolitico.mx\/wp-content\/uploads\/2022\/06\/C8F26E18-BAD0-49CE-883A-1559C24E7C1D.jpeg",1283,594,false],"thumbnail":["https:\/\/quehacerpolitico.mx\/wp-content\/uploads\/2022\/06\/C8F26E18-BAD0-49CE-883A-1559C24E7C1D-150x150.jpeg",150,150,true],"medium":["https:\/\/quehacerpolitico.mx\/wp-content\/uploads\/2022\/06\/C8F26E18-BAD0-49CE-883A-1559C24E7C1D-300x139.jpeg",300,139,true],"medium_large":["https:\/\/quehacerpolitico.mx\/wp-content\/uploads\/2022\/06\/C8F26E18-BAD0-49CE-883A-1559C24E7C1D-768x356.jpeg",640,297,true],"large":["https:\/\/quehacerpolitico.mx\/wp-content\/uploads\/2022\/06\/C8F26E18-BAD0-49CE-883A-1559C24E7C1D-1024x474.jpeg",640,296,true],"1536x1536":["https:\/\/quehacerpolitico.mx\/wp-content\/uploads\/2022\/06\/C8F26E18-BAD0-49CE-883A-1559C24E7C1D.jpeg",1283,594,false],"2048x2048":["https:\/\/quehacerpolitico.mx\/wp-content\/uploads\/2022\/06\/C8F26E18-BAD0-49CE-883A-1559C24E7C1D.jpeg",1283,594,false],"covernews-featured":["https:\/\/quehacerpolitico.mx\/wp-content\/uploads\/2022\/06\/C8F26E18-BAD0-49CE-883A-1559C24E7C1D.jpeg",1024,474,false],"covernews-medium":["https:\/\/quehacerpolitico.mx\/wp-content\/uploads\/2022\/06\/C8F26E18-BAD0-49CE-883A-1559C24E7C1D.jpeg",540,250,false]},"author_info":{"display_name":"Redacci\u00f3n QP","author_link":"https:\/\/quehacerpolitico.mx\/?author=2"},"category_info":"<a href=\"https:\/\/quehacerpolitico.mx\/?cat=55\" rel=\"category\">CDMX<\/a>","tag_info":"CDMX","comment_count":"0","_links":{"self":[{"href":"https:\/\/quehacerpolitico.mx\/index.php?rest_route=\/wp\/v2\/posts\/92738","targetHints":{"allow":["GET"]}}],"collection":[{"href":"https:\/\/quehacerpolitico.mx\/index.php?rest_route=\/wp\/v2\/posts"}],"about":[{"href":"https:\/\/quehacerpolitico.mx\/index.php?rest_route=\/wp\/v2\/types\/post"}],"author":[{"embeddable":true,"href":"https:\/\/quehacerpolitico.mx\/index.php?rest_route=\/wp\/v2\/users\/2"}],"replies":[{"embeddable":true,"href":"https:\/\/quehacerpolitico.mx\/index.php?rest_route=%2Fwp%2Fv2%2Fcomments&post=92738"}],"version-history":[{"count":1,"href":"https:\/\/quehacerpolitico.mx\/index.php?rest_route=\/wp\/v2\/posts\/92738\/revisions"}],"predecessor-version":[{"id":92740,"href":"https:\/\/quehacerpolitico.mx\/index.php?rest_route=\/wp\/v2\/posts\/92738\/revisions\/92740"}],"wp:featuredmedia":[{"embeddable":true,"href":"https:\/\/quehacerpolitico.mx\/index.php?rest_route=\/wp\/v2\/media\/92739"}],"wp:attachment":[{"href":"https:\/\/quehacerpolitico.mx\/index.php?rest_route=%2Fwp%2Fv2%2Fmedia&parent=92738"}],"wp:term":[{"taxonomy":"category","embeddable":true,"href":"https:\/\/quehacerpolitico.mx\/index.php?rest_route=%2Fwp%2Fv2%2Fcategories&post=92738"},{"taxonomy":"post_tag","embeddable":true,"href":"https:\/\/quehacerpolitico.mx\/index.php?rest_route=%2Fwp%2Fv2%2Ftags&post=92738"}],"curies":[{"name":"wp","href":"https:\/\/api.w.org\/{rel}","templated":true}]}}