{"id":92732,"date":"2022-06-01T22:14:48","date_gmt":"2022-06-01T22:14:48","guid":{"rendered":"https:\/\/quehacerpolitico.mx\/?p=92732"},"modified":"2022-06-01T22:14:50","modified_gmt":"2022-06-01T22:14:50","slug":"argentina-baila-a-italia-y-es-campeon-de-la-finalissima","status":"publish","type":"post","link":"https:\/\/quehacerpolitico.mx\/?p=92732","title":{"rendered":"Argentina baila a Italia y es campe\u00f3n de la Finalissima\u00a0"},"content":{"rendered":"\n<p>Por Redacci\u00f3n QP<\/p>\n\n\n\n<p>Con marcador de 3-0, Argentina venci\u00f3 c\u00f3modamente a la selecci\u00f3n de Italia<\/p>\n\n\n\n<p>En un duelo entre el\u00a0<strong>campe\u00f3n de Am\u00e9rica\u00a0<\/strong>y el\u00a0<strong>campe\u00f3n de Europa<\/strong>, Argentina no encontr\u00f3 oposici\u00f3n alguna en una\u00a0<strong>Selecci\u00f3n de Italia<\/strong>\u00a0que sigue de capa ca\u00edda tras no conseguir su clasificaci\u00f3n al\u00a0<strong>Mundial de Qatar 2022<\/strong>. Con victoria de 3-0 en el\u00a0<strong>Wembley Stadium<\/strong>, la\u00a0<strong>Albiceleste\u00a0<\/strong>se consagr\u00f3 como la campeona de la\u00a0<strong>Finalissima<\/strong>.<\/p>\n\n\n\n<p>Desde la primera mitad del encuentro,\u00a0<strong>Lautaro Mart\u00ednez\u00a0<\/strong>y\u00a0<strong>\u00c1ngel Di Mar\u00eda\u00a0<\/strong>dejaron muy encaminada la victoria con un par de goles. Para la segunda mitad,\u00a0<strong>Argentina\u00a0<\/strong>se divirti\u00f3 sobre el campo, y pudo extender el marcador sobre el final del encuentro con un tanto de\u00a0<strong>Paulo Dybala<\/strong>.<\/p>\n\n\n\n<figure class=\"wp-block-image size-large\"><img loading=\"lazy\" decoding=\"async\" width=\"1024\" height=\"683\" src=\"https:\/\/quehacerpolitico.mx\/wp-content\/uploads\/2022\/06\/image-2-1024x683.jpeg\" alt=\"\" class=\"wp-image-92734\" srcset=\"https:\/\/quehacerpolitico.mx\/wp-content\/uploads\/2022\/06\/image-2-1024x683.jpeg 1024w, https:\/\/quehacerpolitico.mx\/wp-content\/uploads\/2022\/06\/image-2-300x200.jpeg 300w, https:\/\/quehacerpolitico.mx\/wp-content\/uploads\/2022\/06\/image-2-768x512.jpeg 768w, https:\/\/quehacerpolitico.mx\/wp-content\/uploads\/2022\/06\/image-2-1536x1025.jpeg 1536w, https:\/\/quehacerpolitico.mx\/wp-content\/uploads\/2022\/06\/image-2-219x146.jpeg 219w, https:\/\/quehacerpolitico.mx\/wp-content\/uploads\/2022\/06\/image-2-50x33.jpeg 50w, https:\/\/quehacerpolitico.mx\/wp-content\/uploads\/2022\/06\/image-2-112x75.jpeg 112w, https:\/\/quehacerpolitico.mx\/wp-content\/uploads\/2022\/06\/image-2.jpeg 2048w\" sizes=\"auto, (max-width: 1024px) 100vw, 1024px\" \/><\/figure>\n\n\n\n<p>Con la victoria,\u00a0<strong>Argentina\u00a0<\/strong>pone la guinda al pastel luego de que se coronara como campe\u00f3n de la\u00a0<strong>Copa Am\u00e9rica\u00a0<\/strong>en 2021 y consiguiera su pase al\u00a0<strong>Mundial de Qatar 2022\u00a0<\/strong>pr\u00e1cticamente caminando. Eso supone una inyecci\u00f3n an\u00edmica en el grupo de\u00a0<strong>Lionel Scaloni\u00a0<\/strong>de cara a la justa mundialista, donde compartir\u00e1n grupo con\u00a0<strong>M\u00e9xico, Polonia y Arabia Saudita.<\/strong><\/p>\n\n\n\n<h2 class=\"wp-block-heading\">Polos opuestos&nbsp;<\/h2>\n\n\n\n<figure class=\"wp-block-image\"><img decoding=\"async\" src=\"https:\/\/www.informador.mx\/export\/sites\/elinformador\/img\/2022\/06\/01\/italy_vs_argentina.jpg_346497623.jpg\" alt=\"\" title=\"\"\/><figcaption>EFE\/A. RAIN&nbsp;<\/figcaption><\/figure>\n\n\n\n<p><strong>Argentina&nbsp;<\/strong>bati\u00f3 adem\u00e1s su r\u00e9cord oficial de partidos consecutivos sin perder, elevando la racha a 32 y dejando ya atr\u00e1s la igualdad a 31 que manten\u00eda con la selecci\u00f3n que dirig\u00eda&nbsp;<strong>Alfio Basile&nbsp;<\/strong>y que logr\u00f3 esa marca entre 1991 y 1993.<\/p>\n\n\n\n<p>Esta Finalissima resucit\u00f3 los duelos intercontinentales\u00a0<strong>Conmebol<\/strong>&#8211;<strong>UEFA<\/strong>, que se hab\u00edan jugado en 1985 y 1993 como\u00a0<strong>Copa Artemio Franchi<\/strong>. En la edici\u00f3n de 1993,\u00a0<strong>Argentina<\/strong>, capitaneada entonces por\u00a0<strong>Diego Maradona<\/strong>, ya hab\u00eda sido campeona.<\/p>\n\n\n\n<p>Menos de un a\u00f1o despu\u00e9s de ganar la\u00a0<strong>Copa Am\u00e9rica<\/strong>\u00a0en\u00a0<strong>Brasil<\/strong>,\u00a0<strong>Argentina\u00a0<\/strong>consigue este triunfo en un duelo de prestigio y sigue sumando argumentos en su camino hacia el\u00a0<strong>Mundial de Qatar 2022.<\/strong><\/p>\n\n\n\n<figure class=\"wp-block-image size-large\"><img loading=\"lazy\" decoding=\"async\" width=\"819\" height=\"1024\" src=\"https:\/\/quehacerpolitico.mx\/wp-content\/uploads\/2022\/06\/image-1-819x1024.jpeg\" alt=\"\" class=\"wp-image-92733\" srcset=\"https:\/\/quehacerpolitico.mx\/wp-content\/uploads\/2022\/06\/image-1-819x1024.jpeg 819w, https:\/\/quehacerpolitico.mx\/wp-content\/uploads\/2022\/06\/image-1-240x300.jpeg 240w, https:\/\/quehacerpolitico.mx\/wp-content\/uploads\/2022\/06\/image-1-768x960.jpeg 768w, https:\/\/quehacerpolitico.mx\/wp-content\/uploads\/2022\/06\/image-1-117x146.jpeg 117w, https:\/\/quehacerpolitico.mx\/wp-content\/uploads\/2022\/06\/image-1-40x50.jpeg 40w, https:\/\/quehacerpolitico.mx\/wp-content\/uploads\/2022\/06\/image-1-60x75.jpeg 60w, https:\/\/quehacerpolitico.mx\/wp-content\/uploads\/2022\/06\/image-1.jpeg 1080w\" sizes=\"auto, (max-width: 819px) 100vw, 819px\" \/><\/figure>\n\n\n\n<p>Para\u00a0<strong>Italia<\/strong>, un equipo todav\u00eda dolorido por quedarse en marzo fuera del\u00a0<strong>Mundial<\/strong>, la derrota tiene un sabor amargo, al darse en el estadio precisamente donde gan\u00f3 la\u00a0<strong>Eurocopa\u00a0<\/strong>el a\u00f1o pasado y, sobre todo, al no poder permitir a su capit\u00e1n\u00a0<strong>Giorgio Chiellini<\/strong>, que jug\u00f3 solo la primera parte, levantar el trofeo en el d\u00eda en el que disputaba su 117\u00ba y \u00faltimo partido con la\u00a0<strong>Nazionale<\/strong>.<\/p>\n\n\n\n<p>Con informaci\u00f3n de AFP<\/p>\n","protected":false},"excerpt":{"rendered":"<p>Por Redacci\u00f3n QP Con marcador de 3-0, Argentina venci\u00f3 c\u00f3modamente a la selecci\u00f3n de Italia&#8230;<\/p>\n","protected":false},"author":2,"featured_media":92735,"comment_status":"open","ping_status":"open","sticky":false,"template":"","format":"standard","meta":{"_monsterinsights_skip_tracking":false,"_monsterinsights_sitenote_active":false,"_monsterinsights_sitenote_note":"","_monsterinsights_sitenote_category":0,"footnotes":""},"categories":[54],"tags":[],"class_list":["post-92732","post","type-post","status-publish","format-standard","has-post-thumbnail","hentry","category-deportes"],"yoast_head":"<!-- This site is optimized with the Yoast SEO plugin v27.3 - https:\/\/yoast.com\/product\/yoast-seo-wordpress\/ -->\n<title>Argentina baila a Italia y es campe\u00f3n de la Finalissima\u00a0 -<\/title>\n<meta name=\"robots\" content=\"index, follow, max-snippet:-1, max-image-preview:large, max-video-preview:-1\" \/>\n<link rel=\"canonical\" href=\"https:\/\/quehacerpolitico.mx\/?p=92732\" \/>\n<meta property=\"og:locale\" content=\"es_MX\" \/>\n<meta property=\"og:type\" content=\"article\" \/>\n<meta property=\"og:title\" content=\"Argentina baila a Italia y es campe\u00f3n de la Finalissima\u00a0 -\" \/>\n<meta property=\"og:description\" content=\"Por Redacci\u00f3n QP Con marcador de 3-0, Argentina venci\u00f3 c\u00f3modamente a la selecci\u00f3n de Italia...\" \/>\n<meta property=\"og:url\" content=\"https:\/\/quehacerpolitico.mx\/?p=92732\" \/>\n<meta property=\"article:published_time\" content=\"2022-06-01T22:14:48+00:00\" \/>\n<meta property=\"article:modified_time\" content=\"2022-06-01T22:14:50+00:00\" \/>\n<meta property=\"og:image\" content=\"https:\/\/quehacerpolitico.mx\/wp-content\/uploads\/2022\/06\/7246EEF7-3760-465E-9901-6968C6A76D00.jpeg\" \/>\n\t<meta property=\"og:image:width\" content=\"2048\" \/>\n\t<meta property=\"og:image:height\" content=\"1366\" \/>\n\t<meta property=\"og:image:type\" content=\"image\/jpeg\" \/>\n<meta name=\"author\" content=\"Redacci\u00f3n QP\" \/>\n<meta name=\"twitter:card\" content=\"summary_large_image\" \/>\n<meta name=\"twitter:label1\" content=\"Escrito por\" \/>\n\t<meta name=\"twitter:data1\" content=\"Redacci\u00f3n QP\" \/>\n\t<meta name=\"twitter:label2\" content=\"Tiempo de lectura\" \/>\n\t<meta name=\"twitter:data2\" content=\"2 minutos\" \/>\n<script type=\"application\/ld+json\" class=\"yoast-schema-graph\">{\"@context\":\"https:\\\/\\\/schema.org\",\"@graph\":[{\"@type\":\"Article\",\"@id\":\"https:\\\/\\\/quehacerpolitico.mx\\\/?p=92732#article\",\"isPartOf\":{\"@id\":\"https:\\\/\\\/quehacerpolitico.mx\\\/?p=92732\"},\"author\":{\"name\":\"Redacci\u00f3n QP\",\"@id\":\"https:\\\/\\\/quehacerpolitico.mx\\\/#\\\/schema\\\/person\\\/496d8ad2d1d3f8036101dca7ee39e585\"},\"headline\":\"Argentina baila a Italia y es campe\u00f3n de la Finalissima\u00a0\",\"datePublished\":\"2022-06-01T22:14:48+00:00\",\"dateModified\":\"2022-06-01T22:14:50+00:00\",\"mainEntityOfPage\":{\"@id\":\"https:\\\/\\\/quehacerpolitico.mx\\\/?p=92732\"},\"wordCount\":405,\"commentCount\":0,\"image\":{\"@id\":\"https:\\\/\\\/quehacerpolitico.mx\\\/?p=92732#primaryimage\"},\"thumbnailUrl\":\"https:\\\/\\\/quehacerpolitico.mx\\\/wp-content\\\/uploads\\\/2022\\\/06\\\/7246EEF7-3760-465E-9901-6968C6A76D00.jpeg\",\"articleSection\":[\"Deportes\"],\"inLanguage\":\"es\",\"potentialAction\":[{\"@type\":\"CommentAction\",\"name\":\"Comment\",\"target\":[\"https:\\\/\\\/quehacerpolitico.mx\\\/?p=92732#respond\"]}]},{\"@type\":\"WebPage\",\"@id\":\"https:\\\/\\\/quehacerpolitico.mx\\\/?p=92732\",\"url\":\"https:\\\/\\\/quehacerpolitico.mx\\\/?p=92732\",\"name\":\"Argentina baila a Italia y es campe\u00f3n de la Finalissima\u00a0 -\",\"isPartOf\":{\"@id\":\"https:\\\/\\\/quehacerpolitico.mx\\\/#website\"},\"primaryImageOfPage\":{\"@id\":\"https:\\\/\\\/quehacerpolitico.mx\\\/?p=92732#primaryimage\"},\"image\":{\"@id\":\"https:\\\/\\\/quehacerpolitico.mx\\\/?p=92732#primaryimage\"},\"thumbnailUrl\":\"https:\\\/\\\/quehacerpolitico.mx\\\/wp-content\\\/uploads\\\/2022\\\/06\\\/7246EEF7-3760-465E-9901-6968C6A76D00.jpeg\",\"datePublished\":\"2022-06-01T22:14:48+00:00\",\"dateModified\":\"2022-06-01T22:14:50+00:00\",\"author\":{\"@id\":\"https:\\\/\\\/quehacerpolitico.mx\\\/#\\\/schema\\\/person\\\/496d8ad2d1d3f8036101dca7ee39e585\"},\"breadcrumb\":{\"@id\":\"https:\\\/\\\/quehacerpolitico.mx\\\/?p=92732#breadcrumb\"},\"inLanguage\":\"es\",\"potentialAction\":[{\"@type\":\"ReadAction\",\"target\":[\"https:\\\/\\\/quehacerpolitico.mx\\\/?p=92732\"]}]},{\"@type\":\"ImageObject\",\"inLanguage\":\"es\",\"@id\":\"https:\\\/\\\/quehacerpolitico.mx\\\/?p=92732#primaryimage\",\"url\":\"https:\\\/\\\/quehacerpolitico.mx\\\/wp-content\\\/uploads\\\/2022\\\/06\\\/7246EEF7-3760-465E-9901-6968C6A76D00.jpeg\",\"contentUrl\":\"https:\\\/\\\/quehacerpolitico.mx\\\/wp-content\\\/uploads\\\/2022\\\/06\\\/7246EEF7-3760-465E-9901-6968C6A76D00.jpeg\",\"width\":2048,\"height\":1366},{\"@type\":\"BreadcrumbList\",\"@id\":\"https:\\\/\\\/quehacerpolitico.mx\\\/?p=92732#breadcrumb\",\"itemListElement\":[{\"@type\":\"ListItem\",\"position\":1,\"name\":\"Inicio\",\"item\":\"https:\\\/\\\/quehacerpolitico.mx\\\/\"},{\"@type\":\"ListItem\",\"position\":2,\"name\":\"Argentina baila a Italia y es campe\u00f3n de la Finalissima\u00a0\"}]},{\"@type\":\"WebSite\",\"@id\":\"https:\\\/\\\/quehacerpolitico.mx\\\/#website\",\"url\":\"https:\\\/\\\/quehacerpolitico.mx\\\/\",\"name\":\"\",\"description\":\"\",\"potentialAction\":[{\"@type\":\"SearchAction\",\"target\":{\"@type\":\"EntryPoint\",\"urlTemplate\":\"https:\\\/\\\/quehacerpolitico.mx\\\/?s={search_term_string}\"},\"query-input\":{\"@type\":\"PropertyValueSpecification\",\"valueRequired\":true,\"valueName\":\"search_term_string\"}}],\"inLanguage\":\"es\"},{\"@type\":\"Person\",\"@id\":\"https:\\\/\\\/quehacerpolitico.mx\\\/#\\\/schema\\\/person\\\/496d8ad2d1d3f8036101dca7ee39e585\",\"name\":\"Redacci\u00f3n QP\",\"image\":{\"@type\":\"ImageObject\",\"inLanguage\":\"es\",\"@id\":\"https:\\\/\\\/secure.gravatar.com\\\/avatar\\\/c7164ed6fdec453195284ad24a5ae5b6e1eed2b848477fa2a4787ba9adf39a41?s=96&d=mm&r=g\",\"url\":\"https:\\\/\\\/secure.gravatar.com\\\/avatar\\\/c7164ed6fdec453195284ad24a5ae5b6e1eed2b848477fa2a4787ba9adf39a41?s=96&d=mm&r=g\",\"contentUrl\":\"https:\\\/\\\/secure.gravatar.com\\\/avatar\\\/c7164ed6fdec453195284ad24a5ae5b6e1eed2b848477fa2a4787ba9adf39a41?s=96&d=mm&r=g\",\"caption\":\"Redacci\u00f3n QP\"},\"url\":\"https:\\\/\\\/quehacerpolitico.mx\\\/?author=2\"}]}<\/script>\n<!-- \/ Yoast SEO plugin. -->","yoast_head_json":{"title":"Argentina baila a Italia y es campe\u00f3n de la Finalissima\u00a0 -","robots":{"index":"index","follow":"follow","max-snippet":"max-snippet:-1","max-image-preview":"max-image-preview:large","max-video-preview":"max-video-preview:-1"},"canonical":"https:\/\/quehacerpolitico.mx\/?p=92732","og_locale":"es_MX","og_type":"article","og_title":"Argentina baila a Italia y es campe\u00f3n de la Finalissima\u00a0 -","og_description":"Por Redacci\u00f3n QP Con marcador de 3-0, Argentina venci\u00f3 c\u00f3modamente a la selecci\u00f3n de Italia...","og_url":"https:\/\/quehacerpolitico.mx\/?p=92732","article_published_time":"2022-06-01T22:14:48+00:00","article_modified_time":"2022-06-01T22:14:50+00:00","og_image":[{"width":2048,"height":1366,"url":"https:\/\/quehacerpolitico.mx\/wp-content\/uploads\/2022\/06\/7246EEF7-3760-465E-9901-6968C6A76D00.jpeg","type":"image\/jpeg"}],"author":"Redacci\u00f3n QP","twitter_card":"summary_large_image","twitter_misc":{"Escrito por":"Redacci\u00f3n QP","Tiempo de lectura":"2 minutos"},"schema":{"@context":"https:\/\/schema.org","@graph":[{"@type":"Article","@id":"https:\/\/quehacerpolitico.mx\/?p=92732#article","isPartOf":{"@id":"https:\/\/quehacerpolitico.mx\/?p=92732"},"author":{"name":"Redacci\u00f3n QP","@id":"https:\/\/quehacerpolitico.mx\/#\/schema\/person\/496d8ad2d1d3f8036101dca7ee39e585"},"headline":"Argentina baila a Italia y es campe\u00f3n de la Finalissima\u00a0","datePublished":"2022-06-01T22:14:48+00:00","dateModified":"2022-06-01T22:14:50+00:00","mainEntityOfPage":{"@id":"https:\/\/quehacerpolitico.mx\/?p=92732"},"wordCount":405,"commentCount":0,"image":{"@id":"https:\/\/quehacerpolitico.mx\/?p=92732#primaryimage"},"thumbnailUrl":"https:\/\/quehacerpolitico.mx\/wp-content\/uploads\/2022\/06\/7246EEF7-3760-465E-9901-6968C6A76D00.jpeg","articleSection":["Deportes"],"inLanguage":"es","potentialAction":[{"@type":"CommentAction","name":"Comment","target":["https:\/\/quehacerpolitico.mx\/?p=92732#respond"]}]},{"@type":"WebPage","@id":"https:\/\/quehacerpolitico.mx\/?p=92732","url":"https:\/\/quehacerpolitico.mx\/?p=92732","name":"Argentina baila a Italia y es campe\u00f3n de la Finalissima\u00a0 -","isPartOf":{"@id":"https:\/\/quehacerpolitico.mx\/#website"},"primaryImageOfPage":{"@id":"https:\/\/quehacerpolitico.mx\/?p=92732#primaryimage"},"image":{"@id":"https:\/\/quehacerpolitico.mx\/?p=92732#primaryimage"},"thumbnailUrl":"https:\/\/quehacerpolitico.mx\/wp-content\/uploads\/2022\/06\/7246EEF7-3760-465E-9901-6968C6A76D00.jpeg","datePublished":"2022-06-01T22:14:48+00:00","dateModified":"2022-06-01T22:14:50+00:00","author":{"@id":"https:\/\/quehacerpolitico.mx\/#\/schema\/person\/496d8ad2d1d3f8036101dca7ee39e585"},"breadcrumb":{"@id":"https:\/\/quehacerpolitico.mx\/?p=92732#breadcrumb"},"inLanguage":"es","potentialAction":[{"@type":"ReadAction","target":["https:\/\/quehacerpolitico.mx\/?p=92732"]}]},{"@type":"ImageObject","inLanguage":"es","@id":"https:\/\/quehacerpolitico.mx\/?p=92732#primaryimage","url":"https:\/\/quehacerpolitico.mx\/wp-content\/uploads\/2022\/06\/7246EEF7-3760-465E-9901-6968C6A76D00.jpeg","contentUrl":"https:\/\/quehacerpolitico.mx\/wp-content\/uploads\/2022\/06\/7246EEF7-3760-465E-9901-6968C6A76D00.jpeg","width":2048,"height":1366},{"@type":"BreadcrumbList","@id":"https:\/\/quehacerpolitico.mx\/?p=92732#breadcrumb","itemListElement":[{"@type":"ListItem","position":1,"name":"Inicio","item":"https:\/\/quehacerpolitico.mx\/"},{"@type":"ListItem","position":2,"name":"Argentina baila a Italia y es campe\u00f3n de la Finalissima\u00a0"}]},{"@type":"WebSite","@id":"https:\/\/quehacerpolitico.mx\/#website","url":"https:\/\/quehacerpolitico.mx\/","name":"","description":"","potentialAction":[{"@type":"SearchAction","target":{"@type":"EntryPoint","urlTemplate":"https:\/\/quehacerpolitico.mx\/?s={search_term_string}"},"query-input":{"@type":"PropertyValueSpecification","valueRequired":true,"valueName":"search_term_string"}}],"inLanguage":"es"},{"@type":"Person","@id":"https:\/\/quehacerpolitico.mx\/#\/schema\/person\/496d8ad2d1d3f8036101dca7ee39e585","name":"Redacci\u00f3n QP","image":{"@type":"ImageObject","inLanguage":"es","@id":"https:\/\/secure.gravatar.com\/avatar\/c7164ed6fdec453195284ad24a5ae5b6e1eed2b848477fa2a4787ba9adf39a41?s=96&d=mm&r=g","url":"https:\/\/secure.gravatar.com\/avatar\/c7164ed6fdec453195284ad24a5ae5b6e1eed2b848477fa2a4787ba9adf39a41?s=96&d=mm&r=g","contentUrl":"https:\/\/secure.gravatar.com\/avatar\/c7164ed6fdec453195284ad24a5ae5b6e1eed2b848477fa2a4787ba9adf39a41?s=96&d=mm&r=g","caption":"Redacci\u00f3n QP"},"url":"https:\/\/quehacerpolitico.mx\/?author=2"}]}},"featured_image_urls":{"full":["https:\/\/quehacerpolitico.mx\/wp-content\/uploads\/2022\/06\/7246EEF7-3760-465E-9901-6968C6A76D00.jpeg",2048,1366,false],"thumbnail":["https:\/\/quehacerpolitico.mx\/wp-content\/uploads\/2022\/06\/7246EEF7-3760-465E-9901-6968C6A76D00-150x150.jpeg",150,150,true],"medium":["https:\/\/quehacerpolitico.mx\/wp-content\/uploads\/2022\/06\/7246EEF7-3760-465E-9901-6968C6A76D00-300x200.jpeg",300,200,true],"medium_large":["https:\/\/quehacerpolitico.mx\/wp-content\/uploads\/2022\/06\/7246EEF7-3760-465E-9901-6968C6A76D00-768x512.jpeg",640,427,true],"large":["https:\/\/quehacerpolitico.mx\/wp-content\/uploads\/2022\/06\/7246EEF7-3760-465E-9901-6968C6A76D00-1024x683.jpeg",640,427,true],"1536x1536":["https:\/\/quehacerpolitico.mx\/wp-content\/uploads\/2022\/06\/7246EEF7-3760-465E-9901-6968C6A76D00-1536x1025.jpeg",1536,1025,true],"2048x2048":["https:\/\/quehacerpolitico.mx\/wp-content\/uploads\/2022\/06\/7246EEF7-3760-465E-9901-6968C6A76D00.jpeg",2048,1366,false],"covernews-featured":["https:\/\/quehacerpolitico.mx\/wp-content\/uploads\/2022\/06\/7246EEF7-3760-465E-9901-6968C6A76D00.jpeg",1024,683,false],"covernews-medium":["https:\/\/quehacerpolitico.mx\/wp-content\/uploads\/2022\/06\/7246EEF7-3760-465E-9901-6968C6A76D00.jpeg",510,340,false]},"author_info":{"display_name":"Redacci\u00f3n QP","author_link":"https:\/\/quehacerpolitico.mx\/?author=2"},"category_info":"<a href=\"https:\/\/quehacerpolitico.mx\/?cat=54\" rel=\"category\">Deportes<\/a>","tag_info":"Deportes","comment_count":"0","_links":{"self":[{"href":"https:\/\/quehacerpolitico.mx\/index.php?rest_route=\/wp\/v2\/posts\/92732","targetHints":{"allow":["GET"]}}],"collection":[{"href":"https:\/\/quehacerpolitico.mx\/index.php?rest_route=\/wp\/v2\/posts"}],"about":[{"href":"https:\/\/quehacerpolitico.mx\/index.php?rest_route=\/wp\/v2\/types\/post"}],"author":[{"embeddable":true,"href":"https:\/\/quehacerpolitico.mx\/index.php?rest_route=\/wp\/v2\/users\/2"}],"replies":[{"embeddable":true,"href":"https:\/\/quehacerpolitico.mx\/index.php?rest_route=%2Fwp%2Fv2%2Fcomments&post=92732"}],"version-history":[{"count":1,"href":"https:\/\/quehacerpolitico.mx\/index.php?rest_route=\/wp\/v2\/posts\/92732\/revisions"}],"predecessor-version":[{"id":92736,"href":"https:\/\/quehacerpolitico.mx\/index.php?rest_route=\/wp\/v2\/posts\/92732\/revisions\/92736"}],"wp:featuredmedia":[{"embeddable":true,"href":"https:\/\/quehacerpolitico.mx\/index.php?rest_route=\/wp\/v2\/media\/92735"}],"wp:attachment":[{"href":"https:\/\/quehacerpolitico.mx\/index.php?rest_route=%2Fwp%2Fv2%2Fmedia&parent=92732"}],"wp:term":[{"taxonomy":"category","embeddable":true,"href":"https:\/\/quehacerpolitico.mx\/index.php?rest_route=%2Fwp%2Fv2%2Fcategories&post=92732"},{"taxonomy":"post_tag","embeddable":true,"href":"https:\/\/quehacerpolitico.mx\/index.php?rest_route=%2Fwp%2Fv2%2Ftags&post=92732"}],"curies":[{"name":"wp","href":"https:\/\/api.w.org\/{rel}","templated":true}]}}