{"id":92720,"date":"2022-06-01T18:33:54","date_gmt":"2022-06-01T18:33:54","guid":{"rendered":"https:\/\/quehacerpolitico.mx\/?p=92720"},"modified":"2022-06-01T18:33:57","modified_gmt":"2022-06-01T18:33:57","slug":"internacionales-carolina-alonso-romei-como-nueva-zelanda-logro-prohibir-las-armas-en-27-dias","status":"publish","type":"post","link":"https:\/\/quehacerpolitico.mx\/?p=92720","title":{"rendered":"Internacionales\/\/\/Carolina Alonso Romei\/\/\/C\u00f3mo Nueva Zelanda logr\u00f3 prohibir las armas en 27 d\u00edas"},"content":{"rendered":"\n<p>Por Carolina Alonso Romei<\/p>\n\n\n\n<p>Internacionalista <\/p>\n\n\n\n<p>Tras el tiroteo en una escuela de Texas (EE.UU.), recordamos c\u00f3mo &#8220;uno de los d\u00edas m\u00e1s oscuros&#8221; de la historia de Nueva Zelanda llev\u00f3 al pa\u00eds a endurecer el control de armas en tan solo un mes<\/p>\n\n\n\n<p>Nueva Zelanda ten\u00eda una de las legislaciones m\u00e1s permisivas de control de armas, hasta que vivi\u00f3 &#8220;uno de los d\u00edas m\u00e1s oscuros&#8221; de su historia reciente.<\/p>\n\n\n\n<p>15 de marzo de 2019. Un autoproclamado supremacista blanco irrumpe en una mezquita del centro de Christchurch (en la isla sur de Nueva Zelanda) y abre fuego contra los congregados.<\/p>\n\n\n\n<p>Menos de 30 segundos despu\u00e9s, regresa a su auto para recargar munici\u00f3n y vuelve a la mezquita para seguir disparando.<\/p>\n\n\n\n<p>Luego conduce hasta un segundo centro isl\u00e1mico y reanuda el tiroteo, retransmiti\u00e9ndolo en directo por redes sociales.<\/p>\n\n\n\n<p>En la masacre,\u00a0medio centenar de personas perdieron la vida\u00a0a manos de Brent Tarrant, de 28 a\u00f1os, quien fue sentenciado a\u00a0cadena perpetua sin posibilidad de libertad condicional.<\/p>\n\n\n\n<p>Fue la primera condena de este tipo en Nueva Zelanda, y tambi\u00e9n la primera por &#8220;terrorismo&#8221;.<\/p>\n\n\n\n<p>El ataque, el m\u00e1s mort\u00edfero de la historia reciente del pa\u00eds, llev\u00f3 al gobierno a impulsar una&nbsp;reforma legislativa de control de armas&nbsp;que se convirti\u00f3 en un referente internacional.<\/p>\n\n\n\n<p>Apenas un mes despu\u00e9s del tiroteo, las armas que us\u00f3 Tarrant ya estaban prohibidas.<\/p>\n\n\n\n<p>En la otra cara de la moneda,&nbsp;<strong>Estados Unidos acumula tiroteos masivos ante la frustraci\u00f3n de aquellos que pugnan por un cambio en las leyes de armas<\/strong>.<\/p>\n\n\n\n<figure class=\"wp-block-image\"><img decoding=\"async\" src=\"https:\/\/www.informador.mx\/export\/sites\/elinformador\/img\/2022\/06\/01\/bbc.jpg_1150884414.jpg\" alt=\"\" title=\"\"\/><figcaption>El presidente de EE.UU., Joe Biden, convers\u00f3 en el Despacho Oval con la primera ministra de Nueva Zelanda, Jacinda Ardern, sobre el control de armas. GETTY IMAGES \/&nbsp;<\/figcaption><\/figure>\n\n\n\n<p>Una semana despu\u00e9s de la&nbsp;masacre en una escuela primaria de Uvalde&nbsp;(Texas), la cuesti\u00f3n centr\u00f3 la conversaci\u00f3n que mantuvieron este martes en el Despacho Oval la primera ministra de Nueva Zelanda, Jacinda Ardern, y el presidente de los Estados Unidos, Joe Biden.<\/p>\n\n\n\n<p>&#8220;Si hay algo que podamos compartir que sea de alg\u00fan valor, estamos aqu\u00ed para compartirlo&#8221;, dijo Ardern sobre una reforma legislativa que, en tan solo 27 d\u00edas, logr\u00f3 acabar con la mayor\u00eda de armas semiautom\u00e1ticas.<\/p>\n\n\n\n<p>As\u00ed fue c\u00f3mo lo hizo Nueva Zelanda:<\/p>\n\n\n\n<h4 class=\"wp-block-heading\">D\u00eda 1 tras el ataque: &#8220;Las leyes cambiar\u00e1n&#8221;<\/h4>\n\n\n\n<p>La primera ministra de Nueva Zelanda compareci\u00f3 en rueda de prensa al d\u00eda siguiente de la masacre, consciente de estar viviendo &#8220;uno de los d\u00edas m\u00e1s oscuros&#8221; para la naci\u00f3n.<\/p>\n\n\n\n<p>Inform\u00f3 de que el principal sospechoso hab\u00eda adquirido legalmente las cinco armas usadas durante el ataque.<\/p>\n\n\n\n<p>&#8220;Les puedo decir una cosa ahora mismo,&nbsp;nuestras leyes de armas cambiar\u00e1n&#8221;, prometi\u00f3 Ardern, del partido laborista.<\/p>\n\n\n\n<p>Por su parte, la ex primera ministra neozelandesa Helen Clark dijo a la BBC que le sorprender\u00eda si el Parlamento no legislara para un control m\u00e1s estricto del porte de armas.<\/p>\n\n\n\n<p>Y as\u00ed fue. En pocos d\u00edas, se activ\u00f3 el engranaje legislativo.<\/p>\n\n\n\n<h4 class=\"wp-block-heading\">D\u00eda 6 tras el ataque: restricciones temporales<\/h4>\n\n\n\n<p>No se hab\u00eda cumplido una semana desde la masacre cuando Nueva Zelanda ya preparaba un borrador de la reforma legislativa sobre el control de armas.<\/p>\n\n\n\n<p>Jacinda Ardern inform\u00f3 de que&nbsp;las nuevas leyes entrar\u00edan en vigor en tres semanas, el d\u00eda 11 de abril.<\/p>\n\n\n\n<p>Hasta esa fecha, se aplicar\u00eda una normativa temporal para evitar que la poblaci\u00f3n pudiera acumular armas que iban a ser restringidas (semiautom\u00e1ticas de uso militar y fusiles de asalto, as\u00ed como los componentes que podr\u00edan usarse en su fabricaci\u00f3n).<\/p>\n\n\n\n<p>Adem\u00e1s, se tomaron medidas transitorias para que los propietarios de las armas prohibidas las entregaran a la polic\u00eda en un plazo de seis meses.<\/p>\n\n\n\n<p>La primera ministra anunci\u00f3 un&nbsp;programa de recompra&nbsp;-con un coste estimado de US$100 millones- mediante el cual el gobierno compensar\u00eda econ\u00f3micamente a los due\u00f1os de las armas restringidas.<\/p>\n\n\n\n<p>&#8220;Ese es el precio que tenemos que pagar para garantizar la seguridad de nuestras comunidades&#8221;, remarc\u00f3 Ardern.<\/p>\n\n\n\n<p>Y a\u00f1adi\u00f3: &#8220;A los propietarios que dan un uso leg\u00edtimo a sus armas, quiero reiterarar que las acciones anunciadas hoy no son por su culpa, y no van dirigidas a ustedes. Nuestras medidas, en nombre de todos los neozelandeses, son para que esto nunca vuelva a suceder&#8221;.<\/p>\n\n\n\n<figure class=\"wp-block-embed is-type-video is-provider-youtube wp-block-embed-youtube wp-embed-aspect-16-9 wp-has-aspect-ratio\"><div class=\"wp-block-embed__wrapper\">\n<iframe loading=\"lazy\" title=\"Jacinda Ardern, entrevista con la primera ministra &quot;que todos quieren&quot;\" width=\"640\" height=\"360\" src=\"https:\/\/www.youtube.com\/embed\/i3FDO7X7RL0?feature=oembed\" frameborder=\"0\" allow=\"accelerometer; autoplay; clipboard-write; encrypted-media; gyroscope; picture-in-picture; web-share\" referrerpolicy=\"strict-origin-when-cross-origin\" allowfullscreen><\/iframe>\n<\/div><\/figure>\n\n\n\n<p>Seg\u00fan el gobierno, el sistema de recompra -un programa &#8220;sin precedentes&#8221; en la historia del pa\u00eds- se sald\u00f3 medio a\u00f1o despu\u00e9s con cerca de 61.000 armas de 33.000 propietarios retiradas de circulaci\u00f3n.<\/p>\n\n\n\n<h4 class=\"wp-block-heading\">D\u00eda 10 tras el ataque: se forma una Comisi\u00f3n Real<\/h4>\n\n\n\n<p>La primera ministra ordern\u00f3 una Comisi\u00f3n Real -una importante investigaci\u00f3n p\u00fablica formal- para averiguar si se podr\u00eda haber prevenido el ataque terrorista.<\/p>\n\n\n\n<p>Las conclusiones se publicaron en un informe en diciembre de 2020, junto con&nbsp;una cuarentena de recomendaciones&nbsp;sobre seguridad nacional y el bienestar social de las comunidades.<\/p>\n\n\n\n<p>El documento, de cerca de 800 p\u00e1ginas, indic\u00f3 que si bien no hab\u00eda indicios de que el ataque a Nueva Zelanda fuera inminente,&nbsp;<strong>s\u00ed hubo&nbsp;&#8220;fallos&#8221; en el sistema policial&nbsp;a la hora de vetar la compra de armas<\/strong>.<\/p>\n\n\n\n<p>Asimismo, critic\u00f3 que los servicios de inteligencia del pa\u00eds priorizaran cubrir el extremismo isl\u00e1mico, a expensas de otras amenazas potenciales como el supremacismo blanco.<\/p>\n\n\n\n<p>&#8220;Si bien la comisi\u00f3n no consider\u00f3 que estos problemas hubieran podido evitar el ataque,&nbsp;s\u00ed que hubo varios errores, y por eso en nombre del gobierno, me disculpo&#8221;, dijo la primera ministra.<\/p>\n\n\n\n<h4 class=\"wp-block-heading\">D\u00eda 27 tras el ataque: nueva ley de armas<\/h4>\n\n\n\n<p>Apenas un mes despu\u00e9s de la matanza en las dos mezquitas, la nueva legislaci\u00f3n de armas vio la luz.<\/p>\n\n\n\n<p>La reforma, que modificaba la ley vigente desde 1983, se aprob\u00f3 en el Parlamento con&nbsp;119 votos a favor y uno en contra.<\/p>\n\n\n\n<p>&#8220;Nueva Zelanda destaca por su amplia disponibilidad de armas de fuerza destructiva, pero hoy termina esa anomal\u00eda&#8221;, celebr\u00f3 Ardern.<\/p>\n\n\n\n<p>Siguiendo la estela de Australia, la ley aprobada permit\u00eda&nbsp;exenciones&nbsp;-previa solicitud- para los agricultores, para el control de plagas y para el bienestar animal.<\/p>\n\n\n\n<p>El entonces ministro de la Polic\u00eda de Nueva Zelanda, Stuart Nash, se mostr\u00f3 de acuerdo con la decisi\u00f3n: &#8220;Quiero recordar que es un privilegio, y no un derecho, poseer un arma de fuego en Nueva Zelanda&#8221;.<\/p>\n\n\n\n<figure class=\"wp-block-image\"><img decoding=\"async\" src=\"https:\/\/www.informador.mx\/export\/sites\/elinformador\/img\/2022\/06\/01\/bbc_1.jpg_347421144.jpg\" alt=\"\" title=\"\"\/><figcaption>Un sargento muestra las armas que est\u00e1n prohibidas por la reforma legislativa de abril del 2019 en Nueva Zelanda. GETTY IMAGES \/&nbsp;<\/figcaption><\/figure>\n\n\n\n<h4 class=\"wp-block-heading\">M\u00e1s limitaciones<\/h4>\n\n\n\n<p>En junio de 2020, el Parlamento de Nueva Zelanda dio luz verde a nuevas medidas para endurecer la reforma del control de armas.<\/p>\n\n\n\n<p>El cambio m\u00e1s significativo introducido fue&nbsp;un nuevo registro de armas de fuego&nbsp;que&nbsp;<strong>los titulares de licencias deben actualizar cuando compran o venden armas<\/strong>.<\/p>\n\n\n\n<p>Sin embargo, en esa ocasi\u00f3n, el gobierno se enfrent\u00f3 a una mayor oposici\u00f3n para aprobar la ley que en abril de 2019, con grupos de presi\u00f3n y l\u00edderes de la oposici\u00f3n cuestionando la necesidad de un registro.<\/p>\n\n\n\n<p>&#8220;La nueva ley est\u00e1 dise\u00f1ada para evitar que las armas de fuego caigan en manos equivocadas&#8221;, subray\u00f3 en un comunicado el entonces ministro de la Polic\u00eda de Nueva Zelanda, Stuart Nash.<\/p>\n\n\n\n<p>La r\u00e1pida respuesta neozelandesa al ataque de Christchurch contrasta con el perenne debate sobre el control de posesi\u00f3n de armas en Estados Unidos, de nuevo en actualidad tras el\u00a0tiroteo en\u00a0la\u00a0escuela primaria de Uvalde (Texas).<\/p>\n\n\n\n<p>EE.UU. es el pa\u00eds con m\u00e1s armas de fuego en manos de civiles (120,5 por cada 100 habitantes), mientras que Nueva Zelanda ocupa la posici\u00f3n n\u00famero 17 de la lista (26,3 armas por 100 habitantes), seg\u00fan las \u00faltimas cifras disponibles de Small Arms Survey (2018).<\/p>\n\n\n\n<p>El poder econ\u00f3mico y de movilizaci\u00f3n de la Asociaci\u00f3n Nacional del Rifle (NRA), la configuraci\u00f3n del sistema judicial y las reglas del Senado son algunos de los mayores obst\u00e1culos en el camino estadounidense hacia el control de armas.<\/p>\n\n\n\n<p>Con informaci\u00f3n de BBC News Mundo<\/p>\n","protected":false},"excerpt":{"rendered":"<p>Por Carolina Alonso Romei Internacionalista Tras el tiroteo en una escuela de Texas (EE.UU.), recordamos&#8230;<\/p>\n","protected":false},"author":2,"featured_media":92721,"comment_status":"open","ping_status":"open","sticky":false,"template":"","format":"standard","meta":{"_monsterinsights_skip_tracking":false,"_monsterinsights_sitenote_active":false,"_monsterinsights_sitenote_note":"","_monsterinsights_sitenote_category":0,"footnotes":""},"categories":[1],"tags":[],"class_list":["post-92720","post","type-post","status-publish","format-standard","has-post-thumbnail","hentry","category-sin-categoria"],"yoast_head":"<!-- This site is optimized with the Yoast SEO plugin v27.3 - https:\/\/yoast.com\/product\/yoast-seo-wordpress\/ -->\n<title>Internacionales\/\/\/Carolina Alonso Romei\/\/\/C\u00f3mo Nueva Zelanda logr\u00f3 prohibir las armas en 27 d\u00edas -<\/title>\n<meta name=\"robots\" content=\"index, follow, max-snippet:-1, max-image-preview:large, max-video-preview:-1\" \/>\n<link rel=\"canonical\" href=\"https:\/\/quehacerpolitico.mx\/?p=92720\" \/>\n<meta property=\"og:locale\" content=\"es_MX\" \/>\n<meta property=\"og:type\" content=\"article\" \/>\n<meta property=\"og:title\" content=\"Internacionales\/\/\/Carolina Alonso Romei\/\/\/C\u00f3mo Nueva Zelanda logr\u00f3 prohibir las armas en 27 d\u00edas -\" \/>\n<meta property=\"og:description\" content=\"Por Carolina Alonso Romei Internacionalista Tras el tiroteo en una escuela de Texas (EE.UU.), recordamos...\" \/>\n<meta property=\"og:url\" content=\"https:\/\/quehacerpolitico.mx\/?p=92720\" \/>\n<meta property=\"article:published_time\" content=\"2022-06-01T18:33:54+00:00\" \/>\n<meta property=\"article:modified_time\" content=\"2022-06-01T18:33:57+00:00\" \/>\n<meta property=\"og:image\" content=\"https:\/\/quehacerpolitico.mx\/wp-content\/uploads\/2022\/06\/50275F33-8CE1-4629-B5D1-299D95E68E43.jpeg\" \/>\n\t<meta property=\"og:image:width\" content=\"700\" \/>\n\t<meta property=\"og:image:height\" content=\"394\" \/>\n\t<meta property=\"og:image:type\" content=\"image\/jpeg\" \/>\n<meta name=\"author\" content=\"Redacci\u00f3n QP\" \/>\n<meta name=\"twitter:card\" content=\"summary_large_image\" \/>\n<meta name=\"twitter:label1\" content=\"Escrito por\" \/>\n\t<meta name=\"twitter:data1\" content=\"Redacci\u00f3n QP\" \/>\n\t<meta name=\"twitter:label2\" content=\"Tiempo de lectura\" \/>\n\t<meta name=\"twitter:data2\" content=\"7 minutos\" \/>\n<script type=\"application\/ld+json\" class=\"yoast-schema-graph\">{\"@context\":\"https:\\\/\\\/schema.org\",\"@graph\":[{\"@type\":\"Article\",\"@id\":\"https:\\\/\\\/quehacerpolitico.mx\\\/?p=92720#article\",\"isPartOf\":{\"@id\":\"https:\\\/\\\/quehacerpolitico.mx\\\/?p=92720\"},\"author\":{\"name\":\"Redacci\u00f3n QP\",\"@id\":\"https:\\\/\\\/quehacerpolitico.mx\\\/#\\\/schema\\\/person\\\/496d8ad2d1d3f8036101dca7ee39e585\"},\"headline\":\"Internacionales\\\/\\\/\\\/Carolina Alonso Romei\\\/\\\/\\\/C\u00f3mo Nueva Zelanda logr\u00f3 prohibir las armas en 27 d\u00edas\",\"datePublished\":\"2022-06-01T18:33:54+00:00\",\"dateModified\":\"2022-06-01T18:33:57+00:00\",\"mainEntityOfPage\":{\"@id\":\"https:\\\/\\\/quehacerpolitico.mx\\\/?p=92720\"},\"wordCount\":1388,\"commentCount\":0,\"image\":{\"@id\":\"https:\\\/\\\/quehacerpolitico.mx\\\/?p=92720#primaryimage\"},\"thumbnailUrl\":\"https:\\\/\\\/quehacerpolitico.mx\\\/wp-content\\\/uploads\\\/2022\\\/06\\\/50275F33-8CE1-4629-B5D1-299D95E68E43.jpeg\",\"articleSection\":[\"Internacionales\"],\"inLanguage\":\"es\",\"potentialAction\":[{\"@type\":\"CommentAction\",\"name\":\"Comment\",\"target\":[\"https:\\\/\\\/quehacerpolitico.mx\\\/?p=92720#respond\"]}]},{\"@type\":\"WebPage\",\"@id\":\"https:\\\/\\\/quehacerpolitico.mx\\\/?p=92720\",\"url\":\"https:\\\/\\\/quehacerpolitico.mx\\\/?p=92720\",\"name\":\"Internacionales\\\/\\\/\\\/Carolina Alonso Romei\\\/\\\/\\\/C\u00f3mo Nueva Zelanda logr\u00f3 prohibir las armas en 27 d\u00edas -\",\"isPartOf\":{\"@id\":\"https:\\\/\\\/quehacerpolitico.mx\\\/#website\"},\"primaryImageOfPage\":{\"@id\":\"https:\\\/\\\/quehacerpolitico.mx\\\/?p=92720#primaryimage\"},\"image\":{\"@id\":\"https:\\\/\\\/quehacerpolitico.mx\\\/?p=92720#primaryimage\"},\"thumbnailUrl\":\"https:\\\/\\\/quehacerpolitico.mx\\\/wp-content\\\/uploads\\\/2022\\\/06\\\/50275F33-8CE1-4629-B5D1-299D95E68E43.jpeg\",\"datePublished\":\"2022-06-01T18:33:54+00:00\",\"dateModified\":\"2022-06-01T18:33:57+00:00\",\"author\":{\"@id\":\"https:\\\/\\\/quehacerpolitico.mx\\\/#\\\/schema\\\/person\\\/496d8ad2d1d3f8036101dca7ee39e585\"},\"breadcrumb\":{\"@id\":\"https:\\\/\\\/quehacerpolitico.mx\\\/?p=92720#breadcrumb\"},\"inLanguage\":\"es\",\"potentialAction\":[{\"@type\":\"ReadAction\",\"target\":[\"https:\\\/\\\/quehacerpolitico.mx\\\/?p=92720\"]}]},{\"@type\":\"ImageObject\",\"inLanguage\":\"es\",\"@id\":\"https:\\\/\\\/quehacerpolitico.mx\\\/?p=92720#primaryimage\",\"url\":\"https:\\\/\\\/quehacerpolitico.mx\\\/wp-content\\\/uploads\\\/2022\\\/06\\\/50275F33-8CE1-4629-B5D1-299D95E68E43.jpeg\",\"contentUrl\":\"https:\\\/\\\/quehacerpolitico.mx\\\/wp-content\\\/uploads\\\/2022\\\/06\\\/50275F33-8CE1-4629-B5D1-299D95E68E43.jpeg\",\"width\":700,\"height\":394},{\"@type\":\"BreadcrumbList\",\"@id\":\"https:\\\/\\\/quehacerpolitico.mx\\\/?p=92720#breadcrumb\",\"itemListElement\":[{\"@type\":\"ListItem\",\"position\":1,\"name\":\"Inicio\",\"item\":\"https:\\\/\\\/quehacerpolitico.mx\\\/\"},{\"@type\":\"ListItem\",\"position\":2,\"name\":\"Internacionales\\\/\\\/\\\/Carolina Alonso Romei\\\/\\\/\\\/C\u00f3mo Nueva Zelanda logr\u00f3 prohibir las armas en 27 d\u00edas\"}]},{\"@type\":\"WebSite\",\"@id\":\"https:\\\/\\\/quehacerpolitico.mx\\\/#website\",\"url\":\"https:\\\/\\\/quehacerpolitico.mx\\\/\",\"name\":\"\",\"description\":\"\",\"potentialAction\":[{\"@type\":\"SearchAction\",\"target\":{\"@type\":\"EntryPoint\",\"urlTemplate\":\"https:\\\/\\\/quehacerpolitico.mx\\\/?s={search_term_string}\"},\"query-input\":{\"@type\":\"PropertyValueSpecification\",\"valueRequired\":true,\"valueName\":\"search_term_string\"}}],\"inLanguage\":\"es\"},{\"@type\":\"Person\",\"@id\":\"https:\\\/\\\/quehacerpolitico.mx\\\/#\\\/schema\\\/person\\\/496d8ad2d1d3f8036101dca7ee39e585\",\"name\":\"Redacci\u00f3n QP\",\"image\":{\"@type\":\"ImageObject\",\"inLanguage\":\"es\",\"@id\":\"https:\\\/\\\/secure.gravatar.com\\\/avatar\\\/c7164ed6fdec453195284ad24a5ae5b6e1eed2b848477fa2a4787ba9adf39a41?s=96&d=mm&r=g\",\"url\":\"https:\\\/\\\/secure.gravatar.com\\\/avatar\\\/c7164ed6fdec453195284ad24a5ae5b6e1eed2b848477fa2a4787ba9adf39a41?s=96&d=mm&r=g\",\"contentUrl\":\"https:\\\/\\\/secure.gravatar.com\\\/avatar\\\/c7164ed6fdec453195284ad24a5ae5b6e1eed2b848477fa2a4787ba9adf39a41?s=96&d=mm&r=g\",\"caption\":\"Redacci\u00f3n QP\"},\"url\":\"https:\\\/\\\/quehacerpolitico.mx\\\/?author=2\"}]}<\/script>\n<!-- \/ Yoast SEO plugin. -->","yoast_head_json":{"title":"Internacionales\/\/\/Carolina Alonso Romei\/\/\/C\u00f3mo Nueva Zelanda logr\u00f3 prohibir las armas en 27 d\u00edas -","robots":{"index":"index","follow":"follow","max-snippet":"max-snippet:-1","max-image-preview":"max-image-preview:large","max-video-preview":"max-video-preview:-1"},"canonical":"https:\/\/quehacerpolitico.mx\/?p=92720","og_locale":"es_MX","og_type":"article","og_title":"Internacionales\/\/\/Carolina Alonso Romei\/\/\/C\u00f3mo Nueva Zelanda logr\u00f3 prohibir las armas en 27 d\u00edas -","og_description":"Por Carolina Alonso Romei Internacionalista Tras el tiroteo en una escuela de Texas (EE.UU.), recordamos...","og_url":"https:\/\/quehacerpolitico.mx\/?p=92720","article_published_time":"2022-06-01T18:33:54+00:00","article_modified_time":"2022-06-01T18:33:57+00:00","og_image":[{"width":700,"height":394,"url":"https:\/\/quehacerpolitico.mx\/wp-content\/uploads\/2022\/06\/50275F33-8CE1-4629-B5D1-299D95E68E43.jpeg","type":"image\/jpeg"}],"author":"Redacci\u00f3n QP","twitter_card":"summary_large_image","twitter_misc":{"Escrito por":"Redacci\u00f3n QP","Tiempo de lectura":"7 minutos"},"schema":{"@context":"https:\/\/schema.org","@graph":[{"@type":"Article","@id":"https:\/\/quehacerpolitico.mx\/?p=92720#article","isPartOf":{"@id":"https:\/\/quehacerpolitico.mx\/?p=92720"},"author":{"name":"Redacci\u00f3n QP","@id":"https:\/\/quehacerpolitico.mx\/#\/schema\/person\/496d8ad2d1d3f8036101dca7ee39e585"},"headline":"Internacionales\/\/\/Carolina Alonso Romei\/\/\/C\u00f3mo Nueva Zelanda logr\u00f3 prohibir las armas en 27 d\u00edas","datePublished":"2022-06-01T18:33:54+00:00","dateModified":"2022-06-01T18:33:57+00:00","mainEntityOfPage":{"@id":"https:\/\/quehacerpolitico.mx\/?p=92720"},"wordCount":1388,"commentCount":0,"image":{"@id":"https:\/\/quehacerpolitico.mx\/?p=92720#primaryimage"},"thumbnailUrl":"https:\/\/quehacerpolitico.mx\/wp-content\/uploads\/2022\/06\/50275F33-8CE1-4629-B5D1-299D95E68E43.jpeg","articleSection":["Internacionales"],"inLanguage":"es","potentialAction":[{"@type":"CommentAction","name":"Comment","target":["https:\/\/quehacerpolitico.mx\/?p=92720#respond"]}]},{"@type":"WebPage","@id":"https:\/\/quehacerpolitico.mx\/?p=92720","url":"https:\/\/quehacerpolitico.mx\/?p=92720","name":"Internacionales\/\/\/Carolina Alonso Romei\/\/\/C\u00f3mo Nueva Zelanda logr\u00f3 prohibir las armas en 27 d\u00edas -","isPartOf":{"@id":"https:\/\/quehacerpolitico.mx\/#website"},"primaryImageOfPage":{"@id":"https:\/\/quehacerpolitico.mx\/?p=92720#primaryimage"},"image":{"@id":"https:\/\/quehacerpolitico.mx\/?p=92720#primaryimage"},"thumbnailUrl":"https:\/\/quehacerpolitico.mx\/wp-content\/uploads\/2022\/06\/50275F33-8CE1-4629-B5D1-299D95E68E43.jpeg","datePublished":"2022-06-01T18:33:54+00:00","dateModified":"2022-06-01T18:33:57+00:00","author":{"@id":"https:\/\/quehacerpolitico.mx\/#\/schema\/person\/496d8ad2d1d3f8036101dca7ee39e585"},"breadcrumb":{"@id":"https:\/\/quehacerpolitico.mx\/?p=92720#breadcrumb"},"inLanguage":"es","potentialAction":[{"@type":"ReadAction","target":["https:\/\/quehacerpolitico.mx\/?p=92720"]}]},{"@type":"ImageObject","inLanguage":"es","@id":"https:\/\/quehacerpolitico.mx\/?p=92720#primaryimage","url":"https:\/\/quehacerpolitico.mx\/wp-content\/uploads\/2022\/06\/50275F33-8CE1-4629-B5D1-299D95E68E43.jpeg","contentUrl":"https:\/\/quehacerpolitico.mx\/wp-content\/uploads\/2022\/06\/50275F33-8CE1-4629-B5D1-299D95E68E43.jpeg","width":700,"height":394},{"@type":"BreadcrumbList","@id":"https:\/\/quehacerpolitico.mx\/?p=92720#breadcrumb","itemListElement":[{"@type":"ListItem","position":1,"name":"Inicio","item":"https:\/\/quehacerpolitico.mx\/"},{"@type":"ListItem","position":2,"name":"Internacionales\/\/\/Carolina Alonso Romei\/\/\/C\u00f3mo Nueva Zelanda logr\u00f3 prohibir las armas en 27 d\u00edas"}]},{"@type":"WebSite","@id":"https:\/\/quehacerpolitico.mx\/#website","url":"https:\/\/quehacerpolitico.mx\/","name":"","description":"","potentialAction":[{"@type":"SearchAction","target":{"@type":"EntryPoint","urlTemplate":"https:\/\/quehacerpolitico.mx\/?s={search_term_string}"},"query-input":{"@type":"PropertyValueSpecification","valueRequired":true,"valueName":"search_term_string"}}],"inLanguage":"es"},{"@type":"Person","@id":"https:\/\/quehacerpolitico.mx\/#\/schema\/person\/496d8ad2d1d3f8036101dca7ee39e585","name":"Redacci\u00f3n QP","image":{"@type":"ImageObject","inLanguage":"es","@id":"https:\/\/secure.gravatar.com\/avatar\/c7164ed6fdec453195284ad24a5ae5b6e1eed2b848477fa2a4787ba9adf39a41?s=96&d=mm&r=g","url":"https:\/\/secure.gravatar.com\/avatar\/c7164ed6fdec453195284ad24a5ae5b6e1eed2b848477fa2a4787ba9adf39a41?s=96&d=mm&r=g","contentUrl":"https:\/\/secure.gravatar.com\/avatar\/c7164ed6fdec453195284ad24a5ae5b6e1eed2b848477fa2a4787ba9adf39a41?s=96&d=mm&r=g","caption":"Redacci\u00f3n QP"},"url":"https:\/\/quehacerpolitico.mx\/?author=2"}]}},"featured_image_urls":{"full":["https:\/\/quehacerpolitico.mx\/wp-content\/uploads\/2022\/06\/50275F33-8CE1-4629-B5D1-299D95E68E43.jpeg",700,394,false],"thumbnail":["https:\/\/quehacerpolitico.mx\/wp-content\/uploads\/2022\/06\/50275F33-8CE1-4629-B5D1-299D95E68E43-150x150.jpeg",150,150,true],"medium":["https:\/\/quehacerpolitico.mx\/wp-content\/uploads\/2022\/06\/50275F33-8CE1-4629-B5D1-299D95E68E43-300x169.jpeg",300,169,true],"medium_large":["https:\/\/quehacerpolitico.mx\/wp-content\/uploads\/2022\/06\/50275F33-8CE1-4629-B5D1-299D95E68E43.jpeg",640,360,false],"large":["https:\/\/quehacerpolitico.mx\/wp-content\/uploads\/2022\/06\/50275F33-8CE1-4629-B5D1-299D95E68E43.jpeg",640,360,false],"1536x1536":["https:\/\/quehacerpolitico.mx\/wp-content\/uploads\/2022\/06\/50275F33-8CE1-4629-B5D1-299D95E68E43.jpeg",700,394,false],"2048x2048":["https:\/\/quehacerpolitico.mx\/wp-content\/uploads\/2022\/06\/50275F33-8CE1-4629-B5D1-299D95E68E43.jpeg",700,394,false],"covernews-featured":["https:\/\/quehacerpolitico.mx\/wp-content\/uploads\/2022\/06\/50275F33-8CE1-4629-B5D1-299D95E68E43.jpeg",700,394,false],"covernews-medium":["https:\/\/quehacerpolitico.mx\/wp-content\/uploads\/2022\/06\/50275F33-8CE1-4629-B5D1-299D95E68E43.jpeg",540,304,false]},"author_info":{"display_name":"Redacci\u00f3n QP","author_link":"https:\/\/quehacerpolitico.mx\/?author=2"},"category_info":"<a href=\"https:\/\/quehacerpolitico.mx\/?cat=1\" rel=\"category\">Internacionales<\/a>","tag_info":"Internacionales","comment_count":"0","_links":{"self":[{"href":"https:\/\/quehacerpolitico.mx\/index.php?rest_route=\/wp\/v2\/posts\/92720","targetHints":{"allow":["GET"]}}],"collection":[{"href":"https:\/\/quehacerpolitico.mx\/index.php?rest_route=\/wp\/v2\/posts"}],"about":[{"href":"https:\/\/quehacerpolitico.mx\/index.php?rest_route=\/wp\/v2\/types\/post"}],"author":[{"embeddable":true,"href":"https:\/\/quehacerpolitico.mx\/index.php?rest_route=\/wp\/v2\/users\/2"}],"replies":[{"embeddable":true,"href":"https:\/\/quehacerpolitico.mx\/index.php?rest_route=%2Fwp%2Fv2%2Fcomments&post=92720"}],"version-history":[{"count":1,"href":"https:\/\/quehacerpolitico.mx\/index.php?rest_route=\/wp\/v2\/posts\/92720\/revisions"}],"predecessor-version":[{"id":92722,"href":"https:\/\/quehacerpolitico.mx\/index.php?rest_route=\/wp\/v2\/posts\/92720\/revisions\/92722"}],"wp:featuredmedia":[{"embeddable":true,"href":"https:\/\/quehacerpolitico.mx\/index.php?rest_route=\/wp\/v2\/media\/92721"}],"wp:attachment":[{"href":"https:\/\/quehacerpolitico.mx\/index.php?rest_route=%2Fwp%2Fv2%2Fmedia&parent=92720"}],"wp:term":[{"taxonomy":"category","embeddable":true,"href":"https:\/\/quehacerpolitico.mx\/index.php?rest_route=%2Fwp%2Fv2%2Fcategories&post=92720"},{"taxonomy":"post_tag","embeddable":true,"href":"https:\/\/quehacerpolitico.mx\/index.php?rest_route=%2Fwp%2Fv2%2Ftags&post=92720"}],"curies":[{"name":"wp","href":"https:\/\/api.w.org\/{rel}","templated":true}]}}