{"id":92717,"date":"2022-06-01T18:19:42","date_gmt":"2022-06-01T18:19:42","guid":{"rendered":"https:\/\/quehacerpolitico.mx\/?p=92717"},"modified":"2022-06-01T18:19:45","modified_gmt":"2022-06-01T18:19:45","slug":"internacionales-carolina-alonso-romei-la-onu-pide-acciones-para-evitar-crisis-alimentaria","status":"publish","type":"post","link":"https:\/\/quehacerpolitico.mx\/?p=92717","title":{"rendered":"Internacionales\/\/\/Carolina Alonso Romei\/\/\/La ONU pide acciones para evitar &#8220;crisis alimentaria&#8221;"},"content":{"rendered":"\n<p>Por Carolina Alonso Romei<\/p>\n\n\n\n<p>Internacionalista <\/p>\n\n\n\n<p>Se est\u00e1 desarrollando una crisis global tridimensional en materia de alimentos debido a la guerra en Ucrania, seg\u00fan el jefe del organismo<\/p>\n\n\n\n<p><strong>El Secretario<\/strong>&nbsp;General&nbsp;<strong>de la ONU, Antonio Guterres, pidi\u00f3 una acci\u00f3n r\u00e1pida<\/strong>&nbsp;y decisiva&nbsp;<strong>para garantizar un &#8220;flujo constante de alimentos&#8221;<\/strong>&nbsp;por las consecuencias de la guerra en Ucrania en los mercados mundiales.<\/p>\n\n\n\n<p>En una intervenci\u00f3n en Estocolmo, Guterres dijo\u00a0<strong>&#8220;la guerra debe terminar ahora&#8221;<\/strong>, al tiempo que conden\u00f3 la invasi\u00f3n rusa de Ucrania como &#8220;una violaci\u00f3n de su integridad territorial y de la Carta de la ONU&#8221;.<\/p>\n\n\n\n<p>&#8220;Est\u00e1 causando un inmenso sufrimiento, destrucci\u00f3n y devastaci\u00f3n del pa\u00eds. Pero tambi\u00e9n inflama una\u00a0<strong>crisis global tridimensional en materia de alimentos, energ\u00eda y finanzas que est\u00e1 golpeando a las personas, los pa\u00edses y las econom\u00edas m\u00e1s vulnerables&#8221;<\/strong>, dijo el diplom\u00e1tico portugu\u00e9s en una rueda de prensa.<\/p>\n\n\n\n<p><strong>Guterres subray\u00f3 la necesidad de &#8220;una acci\u00f3n r\u00e1pida y decisiva para garantizar un flujo constante de alimentos y energ\u00eda&#8221;<\/strong>, incluyendo &#8220;el levantamiento de las restricciones a la exportaci\u00f3n, la asignaci\u00f3n de excedentes y reservas a las poblaciones&nbsp;vulnerables y abordar el aumento de los precios de los alimentos para calmar la volatilidad del mercado&#8221;.<\/p>\n\n\n\n<p><strong>Rusia y Ucrania producen alrededor del 30% del suministro mundial de trigo.<\/strong><\/p>\n\n\n\n<figure class=\"wp-block-embed is-type-video is-provider-youtube wp-block-embed-youtube wp-embed-aspect-16-9 wp-has-aspect-ratio\"><div class=\"wp-block-embed__wrapper\">\n<iframe loading=\"lazy\" title=\"Se avecina una crisis alimentaria mundial por el bloqueo de las exportaciones de grano desde Ucrania\" width=\"640\" height=\"360\" src=\"https:\/\/www.youtube.com\/embed\/dVAFT-sFftc?feature=oembed\" frameborder=\"0\" allow=\"accelerometer; autoplay; clipboard-write; encrypted-media; gyroscope; picture-in-picture; web-share\" referrerpolicy=\"strict-origin-when-cross-origin\" allowfullscreen><\/iframe>\n<\/div><\/figure>\n\n\n\n<p>Con informaci\u00f3n de AFP<\/p>\n","protected":false},"excerpt":{"rendered":"<p>Por Carolina Alonso Romei Internacionalista Se est\u00e1 desarrollando una crisis global tridimensional en materia de&#8230;<\/p>\n","protected":false},"author":2,"featured_media":92718,"comment_status":"open","ping_status":"open","sticky":false,"template":"","format":"standard","meta":{"_monsterinsights_skip_tracking":false,"_monsterinsights_sitenote_active":false,"_monsterinsights_sitenote_note":"","_monsterinsights_sitenote_category":0,"footnotes":""},"categories":[1],"tags":[],"class_list":["post-92717","post","type-post","status-publish","format-standard","has-post-thumbnail","hentry","category-sin-categoria"],"yoast_head":"<!-- This site is optimized with the Yoast SEO plugin v27.3 - https:\/\/yoast.com\/product\/yoast-seo-wordpress\/ -->\n<title>Internacionales\/\/\/Carolina Alonso Romei\/\/\/La ONU pide acciones para evitar &quot;crisis alimentaria&quot; -<\/title>\n<meta name=\"robots\" content=\"index, follow, max-snippet:-1, max-image-preview:large, max-video-preview:-1\" \/>\n<link rel=\"canonical\" href=\"https:\/\/quehacerpolitico.mx\/?p=92717\" \/>\n<meta property=\"og:locale\" content=\"es_MX\" \/>\n<meta property=\"og:type\" content=\"article\" \/>\n<meta property=\"og:title\" content=\"Internacionales\/\/\/Carolina Alonso Romei\/\/\/La ONU pide acciones para evitar &quot;crisis alimentaria&quot; -\" \/>\n<meta property=\"og:description\" content=\"Por Carolina Alonso Romei Internacionalista Se est\u00e1 desarrollando una crisis global tridimensional en materia de...\" \/>\n<meta property=\"og:url\" content=\"https:\/\/quehacerpolitico.mx\/?p=92717\" \/>\n<meta property=\"article:published_time\" content=\"2022-06-01T18:19:42+00:00\" \/>\n<meta property=\"article:modified_time\" content=\"2022-06-01T18:19:45+00:00\" \/>\n<meta property=\"og:image\" content=\"https:\/\/quehacerpolitico.mx\/wp-content\/uploads\/2022\/06\/1EE5E0FF-F4B6-4CAD-AE5E-E33143243563.jpeg\" \/>\n\t<meta property=\"og:image:width\" content=\"1284\" \/>\n\t<meta property=\"og:image:height\" content=\"661\" \/>\n\t<meta property=\"og:image:type\" content=\"image\/jpeg\" \/>\n<meta name=\"author\" content=\"Redacci\u00f3n QP\" \/>\n<meta name=\"twitter:card\" content=\"summary_large_image\" \/>\n<meta name=\"twitter:label1\" content=\"Escrito por\" \/>\n\t<meta name=\"twitter:data1\" content=\"Redacci\u00f3n QP\" \/>\n\t<meta name=\"twitter:label2\" content=\"Tiempo de lectura\" \/>\n\t<meta name=\"twitter:data2\" content=\"1 minuto\" \/>\n<script type=\"application\/ld+json\" class=\"yoast-schema-graph\">{\"@context\":\"https:\\\/\\\/schema.org\",\"@graph\":[{\"@type\":\"Article\",\"@id\":\"https:\\\/\\\/quehacerpolitico.mx\\\/?p=92717#article\",\"isPartOf\":{\"@id\":\"https:\\\/\\\/quehacerpolitico.mx\\\/?p=92717\"},\"author\":{\"name\":\"Redacci\u00f3n QP\",\"@id\":\"https:\\\/\\\/quehacerpolitico.mx\\\/#\\\/schema\\\/person\\\/496d8ad2d1d3f8036101dca7ee39e585\"},\"headline\":\"Internacionales\\\/\\\/\\\/Carolina Alonso Romei\\\/\\\/\\\/La ONU pide acciones para evitar &#8220;crisis alimentaria&#8221;\",\"datePublished\":\"2022-06-01T18:19:42+00:00\",\"dateModified\":\"2022-06-01T18:19:45+00:00\",\"mainEntityOfPage\":{\"@id\":\"https:\\\/\\\/quehacerpolitico.mx\\\/?p=92717\"},\"wordCount\":254,\"commentCount\":0,\"image\":{\"@id\":\"https:\\\/\\\/quehacerpolitico.mx\\\/?p=92717#primaryimage\"},\"thumbnailUrl\":\"https:\\\/\\\/quehacerpolitico.mx\\\/wp-content\\\/uploads\\\/2022\\\/06\\\/1EE5E0FF-F4B6-4CAD-AE5E-E33143243563.jpeg\",\"articleSection\":[\"Internacionales\"],\"inLanguage\":\"es\",\"potentialAction\":[{\"@type\":\"CommentAction\",\"name\":\"Comment\",\"target\":[\"https:\\\/\\\/quehacerpolitico.mx\\\/?p=92717#respond\"]}]},{\"@type\":\"WebPage\",\"@id\":\"https:\\\/\\\/quehacerpolitico.mx\\\/?p=92717\",\"url\":\"https:\\\/\\\/quehacerpolitico.mx\\\/?p=92717\",\"name\":\"Internacionales\\\/\\\/\\\/Carolina Alonso Romei\\\/\\\/\\\/La ONU pide acciones para evitar \\\"crisis alimentaria\\\" -\",\"isPartOf\":{\"@id\":\"https:\\\/\\\/quehacerpolitico.mx\\\/#website\"},\"primaryImageOfPage\":{\"@id\":\"https:\\\/\\\/quehacerpolitico.mx\\\/?p=92717#primaryimage\"},\"image\":{\"@id\":\"https:\\\/\\\/quehacerpolitico.mx\\\/?p=92717#primaryimage\"},\"thumbnailUrl\":\"https:\\\/\\\/quehacerpolitico.mx\\\/wp-content\\\/uploads\\\/2022\\\/06\\\/1EE5E0FF-F4B6-4CAD-AE5E-E33143243563.jpeg\",\"datePublished\":\"2022-06-01T18:19:42+00:00\",\"dateModified\":\"2022-06-01T18:19:45+00:00\",\"author\":{\"@id\":\"https:\\\/\\\/quehacerpolitico.mx\\\/#\\\/schema\\\/person\\\/496d8ad2d1d3f8036101dca7ee39e585\"},\"breadcrumb\":{\"@id\":\"https:\\\/\\\/quehacerpolitico.mx\\\/?p=92717#breadcrumb\"},\"inLanguage\":\"es\",\"potentialAction\":[{\"@type\":\"ReadAction\",\"target\":[\"https:\\\/\\\/quehacerpolitico.mx\\\/?p=92717\"]}]},{\"@type\":\"ImageObject\",\"inLanguage\":\"es\",\"@id\":\"https:\\\/\\\/quehacerpolitico.mx\\\/?p=92717#primaryimage\",\"url\":\"https:\\\/\\\/quehacerpolitico.mx\\\/wp-content\\\/uploads\\\/2022\\\/06\\\/1EE5E0FF-F4B6-4CAD-AE5E-E33143243563.jpeg\",\"contentUrl\":\"https:\\\/\\\/quehacerpolitico.mx\\\/wp-content\\\/uploads\\\/2022\\\/06\\\/1EE5E0FF-F4B6-4CAD-AE5E-E33143243563.jpeg\",\"width\":1284,\"height\":661},{\"@type\":\"BreadcrumbList\",\"@id\":\"https:\\\/\\\/quehacerpolitico.mx\\\/?p=92717#breadcrumb\",\"itemListElement\":[{\"@type\":\"ListItem\",\"position\":1,\"name\":\"Inicio\",\"item\":\"https:\\\/\\\/quehacerpolitico.mx\\\/\"},{\"@type\":\"ListItem\",\"position\":2,\"name\":\"Internacionales\\\/\\\/\\\/Carolina Alonso Romei\\\/\\\/\\\/La ONU pide acciones para evitar &#8220;crisis alimentaria&#8221;\"}]},{\"@type\":\"WebSite\",\"@id\":\"https:\\\/\\\/quehacerpolitico.mx\\\/#website\",\"url\":\"https:\\\/\\\/quehacerpolitico.mx\\\/\",\"name\":\"\",\"description\":\"\",\"potentialAction\":[{\"@type\":\"SearchAction\",\"target\":{\"@type\":\"EntryPoint\",\"urlTemplate\":\"https:\\\/\\\/quehacerpolitico.mx\\\/?s={search_term_string}\"},\"query-input\":{\"@type\":\"PropertyValueSpecification\",\"valueRequired\":true,\"valueName\":\"search_term_string\"}}],\"inLanguage\":\"es\"},{\"@type\":\"Person\",\"@id\":\"https:\\\/\\\/quehacerpolitico.mx\\\/#\\\/schema\\\/person\\\/496d8ad2d1d3f8036101dca7ee39e585\",\"name\":\"Redacci\u00f3n QP\",\"image\":{\"@type\":\"ImageObject\",\"inLanguage\":\"es\",\"@id\":\"https:\\\/\\\/secure.gravatar.com\\\/avatar\\\/c7164ed6fdec453195284ad24a5ae5b6e1eed2b848477fa2a4787ba9adf39a41?s=96&d=mm&r=g\",\"url\":\"https:\\\/\\\/secure.gravatar.com\\\/avatar\\\/c7164ed6fdec453195284ad24a5ae5b6e1eed2b848477fa2a4787ba9adf39a41?s=96&d=mm&r=g\",\"contentUrl\":\"https:\\\/\\\/secure.gravatar.com\\\/avatar\\\/c7164ed6fdec453195284ad24a5ae5b6e1eed2b848477fa2a4787ba9adf39a41?s=96&d=mm&r=g\",\"caption\":\"Redacci\u00f3n QP\"},\"url\":\"https:\\\/\\\/quehacerpolitico.mx\\\/?author=2\"}]}<\/script>\n<!-- \/ Yoast SEO plugin. -->","yoast_head_json":{"title":"Internacionales\/\/\/Carolina Alonso Romei\/\/\/La ONU pide acciones para evitar \"crisis alimentaria\" -","robots":{"index":"index","follow":"follow","max-snippet":"max-snippet:-1","max-image-preview":"max-image-preview:large","max-video-preview":"max-video-preview:-1"},"canonical":"https:\/\/quehacerpolitico.mx\/?p=92717","og_locale":"es_MX","og_type":"article","og_title":"Internacionales\/\/\/Carolina Alonso Romei\/\/\/La ONU pide acciones para evitar \"crisis alimentaria\" -","og_description":"Por Carolina Alonso Romei Internacionalista Se est\u00e1 desarrollando una crisis global tridimensional en materia de...","og_url":"https:\/\/quehacerpolitico.mx\/?p=92717","article_published_time":"2022-06-01T18:19:42+00:00","article_modified_time":"2022-06-01T18:19:45+00:00","og_image":[{"width":1284,"height":661,"url":"https:\/\/quehacerpolitico.mx\/wp-content\/uploads\/2022\/06\/1EE5E0FF-F4B6-4CAD-AE5E-E33143243563.jpeg","type":"image\/jpeg"}],"author":"Redacci\u00f3n QP","twitter_card":"summary_large_image","twitter_misc":{"Escrito por":"Redacci\u00f3n QP","Tiempo de lectura":"1 minuto"},"schema":{"@context":"https:\/\/schema.org","@graph":[{"@type":"Article","@id":"https:\/\/quehacerpolitico.mx\/?p=92717#article","isPartOf":{"@id":"https:\/\/quehacerpolitico.mx\/?p=92717"},"author":{"name":"Redacci\u00f3n QP","@id":"https:\/\/quehacerpolitico.mx\/#\/schema\/person\/496d8ad2d1d3f8036101dca7ee39e585"},"headline":"Internacionales\/\/\/Carolina Alonso Romei\/\/\/La ONU pide acciones para evitar &#8220;crisis alimentaria&#8221;","datePublished":"2022-06-01T18:19:42+00:00","dateModified":"2022-06-01T18:19:45+00:00","mainEntityOfPage":{"@id":"https:\/\/quehacerpolitico.mx\/?p=92717"},"wordCount":254,"commentCount":0,"image":{"@id":"https:\/\/quehacerpolitico.mx\/?p=92717#primaryimage"},"thumbnailUrl":"https:\/\/quehacerpolitico.mx\/wp-content\/uploads\/2022\/06\/1EE5E0FF-F4B6-4CAD-AE5E-E33143243563.jpeg","articleSection":["Internacionales"],"inLanguage":"es","potentialAction":[{"@type":"CommentAction","name":"Comment","target":["https:\/\/quehacerpolitico.mx\/?p=92717#respond"]}]},{"@type":"WebPage","@id":"https:\/\/quehacerpolitico.mx\/?p=92717","url":"https:\/\/quehacerpolitico.mx\/?p=92717","name":"Internacionales\/\/\/Carolina Alonso Romei\/\/\/La ONU pide acciones para evitar \"crisis alimentaria\" -","isPartOf":{"@id":"https:\/\/quehacerpolitico.mx\/#website"},"primaryImageOfPage":{"@id":"https:\/\/quehacerpolitico.mx\/?p=92717#primaryimage"},"image":{"@id":"https:\/\/quehacerpolitico.mx\/?p=92717#primaryimage"},"thumbnailUrl":"https:\/\/quehacerpolitico.mx\/wp-content\/uploads\/2022\/06\/1EE5E0FF-F4B6-4CAD-AE5E-E33143243563.jpeg","datePublished":"2022-06-01T18:19:42+00:00","dateModified":"2022-06-01T18:19:45+00:00","author":{"@id":"https:\/\/quehacerpolitico.mx\/#\/schema\/person\/496d8ad2d1d3f8036101dca7ee39e585"},"breadcrumb":{"@id":"https:\/\/quehacerpolitico.mx\/?p=92717#breadcrumb"},"inLanguage":"es","potentialAction":[{"@type":"ReadAction","target":["https:\/\/quehacerpolitico.mx\/?p=92717"]}]},{"@type":"ImageObject","inLanguage":"es","@id":"https:\/\/quehacerpolitico.mx\/?p=92717#primaryimage","url":"https:\/\/quehacerpolitico.mx\/wp-content\/uploads\/2022\/06\/1EE5E0FF-F4B6-4CAD-AE5E-E33143243563.jpeg","contentUrl":"https:\/\/quehacerpolitico.mx\/wp-content\/uploads\/2022\/06\/1EE5E0FF-F4B6-4CAD-AE5E-E33143243563.jpeg","width":1284,"height":661},{"@type":"BreadcrumbList","@id":"https:\/\/quehacerpolitico.mx\/?p=92717#breadcrumb","itemListElement":[{"@type":"ListItem","position":1,"name":"Inicio","item":"https:\/\/quehacerpolitico.mx\/"},{"@type":"ListItem","position":2,"name":"Internacionales\/\/\/Carolina Alonso Romei\/\/\/La ONU pide acciones para evitar &#8220;crisis alimentaria&#8221;"}]},{"@type":"WebSite","@id":"https:\/\/quehacerpolitico.mx\/#website","url":"https:\/\/quehacerpolitico.mx\/","name":"","description":"","potentialAction":[{"@type":"SearchAction","target":{"@type":"EntryPoint","urlTemplate":"https:\/\/quehacerpolitico.mx\/?s={search_term_string}"},"query-input":{"@type":"PropertyValueSpecification","valueRequired":true,"valueName":"search_term_string"}}],"inLanguage":"es"},{"@type":"Person","@id":"https:\/\/quehacerpolitico.mx\/#\/schema\/person\/496d8ad2d1d3f8036101dca7ee39e585","name":"Redacci\u00f3n QP","image":{"@type":"ImageObject","inLanguage":"es","@id":"https:\/\/secure.gravatar.com\/avatar\/c7164ed6fdec453195284ad24a5ae5b6e1eed2b848477fa2a4787ba9adf39a41?s=96&d=mm&r=g","url":"https:\/\/secure.gravatar.com\/avatar\/c7164ed6fdec453195284ad24a5ae5b6e1eed2b848477fa2a4787ba9adf39a41?s=96&d=mm&r=g","contentUrl":"https:\/\/secure.gravatar.com\/avatar\/c7164ed6fdec453195284ad24a5ae5b6e1eed2b848477fa2a4787ba9adf39a41?s=96&d=mm&r=g","caption":"Redacci\u00f3n QP"},"url":"https:\/\/quehacerpolitico.mx\/?author=2"}]}},"featured_image_urls":{"full":["https:\/\/quehacerpolitico.mx\/wp-content\/uploads\/2022\/06\/1EE5E0FF-F4B6-4CAD-AE5E-E33143243563.jpeg",1284,661,false],"thumbnail":["https:\/\/quehacerpolitico.mx\/wp-content\/uploads\/2022\/06\/1EE5E0FF-F4B6-4CAD-AE5E-E33143243563-150x150.jpeg",150,150,true],"medium":["https:\/\/quehacerpolitico.mx\/wp-content\/uploads\/2022\/06\/1EE5E0FF-F4B6-4CAD-AE5E-E33143243563-300x154.jpeg",300,154,true],"medium_large":["https:\/\/quehacerpolitico.mx\/wp-content\/uploads\/2022\/06\/1EE5E0FF-F4B6-4CAD-AE5E-E33143243563-768x395.jpeg",640,329,true],"large":["https:\/\/quehacerpolitico.mx\/wp-content\/uploads\/2022\/06\/1EE5E0FF-F4B6-4CAD-AE5E-E33143243563-1024x527.jpeg",640,329,true],"1536x1536":["https:\/\/quehacerpolitico.mx\/wp-content\/uploads\/2022\/06\/1EE5E0FF-F4B6-4CAD-AE5E-E33143243563.jpeg",1284,661,false],"2048x2048":["https:\/\/quehacerpolitico.mx\/wp-content\/uploads\/2022\/06\/1EE5E0FF-F4B6-4CAD-AE5E-E33143243563.jpeg",1284,661,false],"covernews-featured":["https:\/\/quehacerpolitico.mx\/wp-content\/uploads\/2022\/06\/1EE5E0FF-F4B6-4CAD-AE5E-E33143243563.jpeg",1024,527,false],"covernews-medium":["https:\/\/quehacerpolitico.mx\/wp-content\/uploads\/2022\/06\/1EE5E0FF-F4B6-4CAD-AE5E-E33143243563.jpeg",540,278,false]},"author_info":{"display_name":"Redacci\u00f3n QP","author_link":"https:\/\/quehacerpolitico.mx\/?author=2"},"category_info":"<a href=\"https:\/\/quehacerpolitico.mx\/?cat=1\" rel=\"category\">Internacionales<\/a>","tag_info":"Internacionales","comment_count":"0","_links":{"self":[{"href":"https:\/\/quehacerpolitico.mx\/index.php?rest_route=\/wp\/v2\/posts\/92717","targetHints":{"allow":["GET"]}}],"collection":[{"href":"https:\/\/quehacerpolitico.mx\/index.php?rest_route=\/wp\/v2\/posts"}],"about":[{"href":"https:\/\/quehacerpolitico.mx\/index.php?rest_route=\/wp\/v2\/types\/post"}],"author":[{"embeddable":true,"href":"https:\/\/quehacerpolitico.mx\/index.php?rest_route=\/wp\/v2\/users\/2"}],"replies":[{"embeddable":true,"href":"https:\/\/quehacerpolitico.mx\/index.php?rest_route=%2Fwp%2Fv2%2Fcomments&post=92717"}],"version-history":[{"count":1,"href":"https:\/\/quehacerpolitico.mx\/index.php?rest_route=\/wp\/v2\/posts\/92717\/revisions"}],"predecessor-version":[{"id":92719,"href":"https:\/\/quehacerpolitico.mx\/index.php?rest_route=\/wp\/v2\/posts\/92717\/revisions\/92719"}],"wp:featuredmedia":[{"embeddable":true,"href":"https:\/\/quehacerpolitico.mx\/index.php?rest_route=\/wp\/v2\/media\/92718"}],"wp:attachment":[{"href":"https:\/\/quehacerpolitico.mx\/index.php?rest_route=%2Fwp%2Fv2%2Fmedia&parent=92717"}],"wp:term":[{"taxonomy":"category","embeddable":true,"href":"https:\/\/quehacerpolitico.mx\/index.php?rest_route=%2Fwp%2Fv2%2Fcategories&post=92717"},{"taxonomy":"post_tag","embeddable":true,"href":"https:\/\/quehacerpolitico.mx\/index.php?rest_route=%2Fwp%2Fv2%2Ftags&post=92717"}],"curies":[{"name":"wp","href":"https:\/\/api.w.org\/{rel}","templated":true}]}}