{"id":92704,"date":"2022-06-01T17:27:23","date_gmt":"2022-06-01T17:27:23","guid":{"rendered":"https:\/\/quehacerpolitico.mx\/?p=92704"},"modified":"2022-06-01T17:27:26","modified_gmt":"2022-06-01T17:27:26","slug":"lopez-obrador-niega-amenazas-en-contra-de-alito-moreno-no-me-meto-en-eso","status":"publish","type":"post","link":"https:\/\/quehacerpolitico.mx\/?p=92704","title":{"rendered":"L\u00f3pez Obrador niega amenazas en contra de &#8220;Alito&#8221; Moreno: &#8220;No me meto en eso\u00a0"},"content":{"rendered":"\n<p>Por Redacci\u00f3n QP<\/p>\n\n\n\n<p>El Presidente de M\u00e9xico afirm\u00f3 que nunca ha hecho este tipo de acciones por principios e ideales<\/p>\n\n\n\n<p>El Presidente de M\u00e9xico, Andr\u00e9s Manuel L\u00f3pez Obrador, rechaz\u00f3 durante la \u201cma\u00f1anera\u201d de hoy las acusaciones que hizo el l\u00edder nacional del PRI, Alejandro \u201cAlito\u201d Moreno, quien afirma que fue amenazado por el Mandatario, por medio del secretario de Gobernaci\u00f3n, Ad\u00e1n Augusto L\u00f3pez Hern\u00e1ndez.\u00a0<\/p>\n\n\n\n<p>En el audio, que revel\u00f3 Moreno durante una rueda de prensa, dice que, supuestamente, L\u00f3pez Obrador se ir\u00eda \u201ccon todo\u201d en su contra si el PRI no votaba a favor de la reforma el\u00e9ctrica. Ante esto,\u00a0<strong>el Presidente afirm\u00f3 que nunca ha hecho este tipo de acciones por principios e ideales y asegur\u00f3 que estos audios tienen que ver en v\u00edsperas de las elecciones<\/strong>\u00a0que se llevar\u00e1n a cabo este domingo en varias entidades del pa\u00eds.<\/p>\n\n\n\n<p>&#8220;No es cierto, no me meto en eso, nunca lo he hecho, es un asunto de principios, de ideales, de moral, y tiene que ver con la pol\u00e9mica que existe y adem\u00e1s estamos en v\u00edsperas de las elecciones, pero yo no me meto en eso&#8221;, dijo.<\/p>\n\n\n\n<figure class=\"wp-block-embed is-type-video is-provider-youtube wp-block-embed-youtube wp-embed-aspect-16-9 wp-has-aspect-ratio\"><div class=\"wp-block-embed__wrapper\">\n<iframe loading=\"lazy\" title=\"AMLO rechaza amenazas en contra de \u201cAlito\u201d; \u201cNo me meto en eso\u201d, dice\" width=\"640\" height=\"360\" src=\"https:\/\/www.youtube.com\/embed\/PD16qVI8zds?feature=oembed\" frameborder=\"0\" allow=\"accelerometer; autoplay; clipboard-write; encrypted-media; gyroscope; picture-in-picture; web-share\" referrerpolicy=\"strict-origin-when-cross-origin\" allowfullscreen><\/iframe>\n<\/div><\/figure>\n\n\n\n<p>En Palacio Nacional, el Mandatario mexicano asegur\u00f3 que tiene cerca de dos o tres a\u00f1os que no pl\u00e1tica con el senador Manuel Velasco, &#8220;lo salud\u00e9 el d\u00eda de la inauguraci\u00f3n del Aeropuerto Felipe \u00c1ngeles&#8221;.<\/p>\n\n\n\n<p>&#8220;Lo que dice el dirigente del PRI es que el mensaje habr\u00eda llegado a trav\u00e9s del secretario de Gobernaci\u00f3n que lo instruy\u00f3 para amenazarlo a trav\u00e9s de Manuel Velasco&#8221;, se le se\u00f1al\u00f3.<\/p>\n\n\n\n<p>&#8220;No, no, ah\u00ed son otras cosas, ah\u00ed se tratan de otros asuntos&#8221;, contest\u00f3.<\/p>\n\n\n\n<p>&#8220;\u00bfCu\u00e1les?&#8221;, se le sigui\u00f3 cuestionando.<\/p>\n\n\n\n<p>&#8220;Yo creo que son hasta de dominio p\u00fablico, pero, adem\u00e1s, ustedes son muy buenos periodistas, no quiero hablar de eso. No quiero hablar de eso&#8221;, reiter\u00f3.<\/p>\n\n\n\n<h4 class=\"wp-block-heading\">\u201cAlito\u201d Moreno denuncia amenazas de L\u00f3pez Obrador<\/h4>\n\n\n\n<p>Ayer martes, el presidente del PRI denunci\u00f3 que el Gobierno federal emprendi\u00f3 una campa\u00f1a de persecuci\u00f3n y difamaci\u00f3n en su contra como represalia por haber votado en contra de la reforma el\u00e9ctrica.<\/p>\n\n\n\n<p>En conferencia de prensa, el dirigente priista acus\u00f3 al secretario de Gobernaci\u00f3n, Ad\u00e1n Augusto L\u00f3pez, de haberle enviado una amenaza a trav\u00e9s del senador Manuel Velasco Coello, quien es amigo de ambos.<\/p>\n\n\n\n<p><strong>Moreno C\u00e1rdenas present\u00f3 el audio de una llamada telef\u00f3nica que sostuvo antes de la votaci\u00f3n en la C\u00e1mara de Diputados con Velasco Coello<\/strong>, quien le inform\u00f3 que, delante de \u00e9l, el titular de la Segob habl\u00f3 con el presidente Andr\u00e9s Manuel L\u00f3pez Obrador y el mensaje fue &#8220;que, si no jalabas, iban a ir con todo&#8221;.<\/p>\n\n\n\n<p>En la llamada telef\u00f3nica del pasado 8 de abril, el senador del Partido Verde le coment\u00f3 al presidente del PRI que el secretario le dijo: &#8220;Oye, cabr\u00f3n, yo quiero ayudar, quiero platicar con \u00e9l [con Alejandro Moreno] (&#8230;) He platicado con \u00e9l, pero s\u00ed estoy preocupado porque pues esto ya se va a poner muy tenso&#8221;.<\/p>\n\n\n\n<p>Con informaci\u00f3n de SUN<\/p>\n","protected":false},"excerpt":{"rendered":"<p>Por Redacci\u00f3n QP El Presidente de M\u00e9xico afirm\u00f3 que nunca ha hecho este tipo de&#8230;<\/p>\n","protected":false},"author":2,"featured_media":92705,"comment_status":"open","ping_status":"open","sticky":false,"template":"","format":"standard","meta":{"_monsterinsights_skip_tracking":false,"_monsterinsights_sitenote_active":false,"_monsterinsights_sitenote_note":"","_monsterinsights_sitenote_category":0,"footnotes":""},"categories":[2],"tags":[],"class_list":["post-92704","post","type-post","status-publish","format-standard","has-post-thumbnail","hentry","category-noticias"],"yoast_head":"<!-- This site is optimized with the Yoast SEO plugin v27.3 - https:\/\/yoast.com\/product\/yoast-seo-wordpress\/ -->\n<title>L\u00f3pez Obrador niega amenazas en contra de &quot;Alito&quot; Moreno: &quot;No me meto en eso\u00a0 -<\/title>\n<meta name=\"robots\" content=\"index, follow, max-snippet:-1, max-image-preview:large, max-video-preview:-1\" \/>\n<link rel=\"canonical\" href=\"https:\/\/quehacerpolitico.mx\/?p=92704\" \/>\n<meta property=\"og:locale\" content=\"es_MX\" \/>\n<meta property=\"og:type\" content=\"article\" \/>\n<meta property=\"og:title\" content=\"L\u00f3pez Obrador niega amenazas en contra de &quot;Alito&quot; Moreno: &quot;No me meto en eso\u00a0 -\" \/>\n<meta property=\"og:description\" content=\"Por Redacci\u00f3n QP El Presidente de M\u00e9xico afirm\u00f3 que nunca ha hecho este tipo de...\" \/>\n<meta property=\"og:url\" content=\"https:\/\/quehacerpolitico.mx\/?p=92704\" \/>\n<meta property=\"article:published_time\" content=\"2022-06-01T17:27:23+00:00\" \/>\n<meta property=\"article:modified_time\" content=\"2022-06-01T17:27:26+00:00\" \/>\n<meta property=\"og:image\" content=\"https:\/\/quehacerpolitico.mx\/wp-content\/uploads\/2022\/06\/6FEC641E-39F0-4454-9F4A-52D9675FB1E3.jpeg\" \/>\n\t<meta property=\"og:image:width\" content=\"1284\" \/>\n\t<meta property=\"og:image:height\" content=\"707\" \/>\n\t<meta property=\"og:image:type\" content=\"image\/jpeg\" \/>\n<meta name=\"author\" content=\"Redacci\u00f3n QP\" \/>\n<meta name=\"twitter:card\" content=\"summary_large_image\" \/>\n<meta name=\"twitter:label1\" content=\"Escrito por\" \/>\n\t<meta name=\"twitter:data1\" content=\"Redacci\u00f3n QP\" \/>\n\t<meta name=\"twitter:label2\" content=\"Tiempo de lectura\" \/>\n\t<meta name=\"twitter:data2\" content=\"3 minutos\" \/>\n<script type=\"application\/ld+json\" class=\"yoast-schema-graph\">{\"@context\":\"https:\\\/\\\/schema.org\",\"@graph\":[{\"@type\":\"Article\",\"@id\":\"https:\\\/\\\/quehacerpolitico.mx\\\/?p=92704#article\",\"isPartOf\":{\"@id\":\"https:\\\/\\\/quehacerpolitico.mx\\\/?p=92704\"},\"author\":{\"name\":\"Redacci\u00f3n QP\",\"@id\":\"https:\\\/\\\/quehacerpolitico.mx\\\/#\\\/schema\\\/person\\\/496d8ad2d1d3f8036101dca7ee39e585\"},\"headline\":\"L\u00f3pez Obrador niega amenazas en contra de &#8220;Alito&#8221; Moreno: &#8220;No me meto en eso\u00a0\",\"datePublished\":\"2022-06-01T17:27:23+00:00\",\"dateModified\":\"2022-06-01T17:27:26+00:00\",\"mainEntityOfPage\":{\"@id\":\"https:\\\/\\\/quehacerpolitico.mx\\\/?p=92704\"},\"wordCount\":552,\"commentCount\":0,\"image\":{\"@id\":\"https:\\\/\\\/quehacerpolitico.mx\\\/?p=92704#primaryimage\"},\"thumbnailUrl\":\"https:\\\/\\\/quehacerpolitico.mx\\\/wp-content\\\/uploads\\\/2022\\\/06\\\/6FEC641E-39F0-4454-9F4A-52D9675FB1E3.jpeg\",\"articleSection\":[\"Noticias\"],\"inLanguage\":\"es\",\"potentialAction\":[{\"@type\":\"CommentAction\",\"name\":\"Comment\",\"target\":[\"https:\\\/\\\/quehacerpolitico.mx\\\/?p=92704#respond\"]}]},{\"@type\":\"WebPage\",\"@id\":\"https:\\\/\\\/quehacerpolitico.mx\\\/?p=92704\",\"url\":\"https:\\\/\\\/quehacerpolitico.mx\\\/?p=92704\",\"name\":\"L\u00f3pez Obrador niega amenazas en contra de \\\"Alito\\\" Moreno: \\\"No me meto en eso\u00a0 -\",\"isPartOf\":{\"@id\":\"https:\\\/\\\/quehacerpolitico.mx\\\/#website\"},\"primaryImageOfPage\":{\"@id\":\"https:\\\/\\\/quehacerpolitico.mx\\\/?p=92704#primaryimage\"},\"image\":{\"@id\":\"https:\\\/\\\/quehacerpolitico.mx\\\/?p=92704#primaryimage\"},\"thumbnailUrl\":\"https:\\\/\\\/quehacerpolitico.mx\\\/wp-content\\\/uploads\\\/2022\\\/06\\\/6FEC641E-39F0-4454-9F4A-52D9675FB1E3.jpeg\",\"datePublished\":\"2022-06-01T17:27:23+00:00\",\"dateModified\":\"2022-06-01T17:27:26+00:00\",\"author\":{\"@id\":\"https:\\\/\\\/quehacerpolitico.mx\\\/#\\\/schema\\\/person\\\/496d8ad2d1d3f8036101dca7ee39e585\"},\"breadcrumb\":{\"@id\":\"https:\\\/\\\/quehacerpolitico.mx\\\/?p=92704#breadcrumb\"},\"inLanguage\":\"es\",\"potentialAction\":[{\"@type\":\"ReadAction\",\"target\":[\"https:\\\/\\\/quehacerpolitico.mx\\\/?p=92704\"]}]},{\"@type\":\"ImageObject\",\"inLanguage\":\"es\",\"@id\":\"https:\\\/\\\/quehacerpolitico.mx\\\/?p=92704#primaryimage\",\"url\":\"https:\\\/\\\/quehacerpolitico.mx\\\/wp-content\\\/uploads\\\/2022\\\/06\\\/6FEC641E-39F0-4454-9F4A-52D9675FB1E3.jpeg\",\"contentUrl\":\"https:\\\/\\\/quehacerpolitico.mx\\\/wp-content\\\/uploads\\\/2022\\\/06\\\/6FEC641E-39F0-4454-9F4A-52D9675FB1E3.jpeg\",\"width\":1284,\"height\":707},{\"@type\":\"BreadcrumbList\",\"@id\":\"https:\\\/\\\/quehacerpolitico.mx\\\/?p=92704#breadcrumb\",\"itemListElement\":[{\"@type\":\"ListItem\",\"position\":1,\"name\":\"Inicio\",\"item\":\"https:\\\/\\\/quehacerpolitico.mx\\\/\"},{\"@type\":\"ListItem\",\"position\":2,\"name\":\"L\u00f3pez Obrador niega amenazas en contra de &#8220;Alito&#8221; Moreno: &#8220;No me meto en eso\u00a0\"}]},{\"@type\":\"WebSite\",\"@id\":\"https:\\\/\\\/quehacerpolitico.mx\\\/#website\",\"url\":\"https:\\\/\\\/quehacerpolitico.mx\\\/\",\"name\":\"\",\"description\":\"\",\"potentialAction\":[{\"@type\":\"SearchAction\",\"target\":{\"@type\":\"EntryPoint\",\"urlTemplate\":\"https:\\\/\\\/quehacerpolitico.mx\\\/?s={search_term_string}\"},\"query-input\":{\"@type\":\"PropertyValueSpecification\",\"valueRequired\":true,\"valueName\":\"search_term_string\"}}],\"inLanguage\":\"es\"},{\"@type\":\"Person\",\"@id\":\"https:\\\/\\\/quehacerpolitico.mx\\\/#\\\/schema\\\/person\\\/496d8ad2d1d3f8036101dca7ee39e585\",\"name\":\"Redacci\u00f3n QP\",\"image\":{\"@type\":\"ImageObject\",\"inLanguage\":\"es\",\"@id\":\"https:\\\/\\\/secure.gravatar.com\\\/avatar\\\/c7164ed6fdec453195284ad24a5ae5b6e1eed2b848477fa2a4787ba9adf39a41?s=96&d=mm&r=g\",\"url\":\"https:\\\/\\\/secure.gravatar.com\\\/avatar\\\/c7164ed6fdec453195284ad24a5ae5b6e1eed2b848477fa2a4787ba9adf39a41?s=96&d=mm&r=g\",\"contentUrl\":\"https:\\\/\\\/secure.gravatar.com\\\/avatar\\\/c7164ed6fdec453195284ad24a5ae5b6e1eed2b848477fa2a4787ba9adf39a41?s=96&d=mm&r=g\",\"caption\":\"Redacci\u00f3n QP\"},\"url\":\"https:\\\/\\\/quehacerpolitico.mx\\\/?author=2\"}]}<\/script>\n<!-- \/ Yoast SEO plugin. -->","yoast_head_json":{"title":"L\u00f3pez Obrador niega amenazas en contra de \"Alito\" Moreno: \"No me meto en eso\u00a0 -","robots":{"index":"index","follow":"follow","max-snippet":"max-snippet:-1","max-image-preview":"max-image-preview:large","max-video-preview":"max-video-preview:-1"},"canonical":"https:\/\/quehacerpolitico.mx\/?p=92704","og_locale":"es_MX","og_type":"article","og_title":"L\u00f3pez Obrador niega amenazas en contra de \"Alito\" Moreno: \"No me meto en eso\u00a0 -","og_description":"Por Redacci\u00f3n QP El Presidente de M\u00e9xico afirm\u00f3 que nunca ha hecho este tipo de...","og_url":"https:\/\/quehacerpolitico.mx\/?p=92704","article_published_time":"2022-06-01T17:27:23+00:00","article_modified_time":"2022-06-01T17:27:26+00:00","og_image":[{"width":1284,"height":707,"url":"https:\/\/quehacerpolitico.mx\/wp-content\/uploads\/2022\/06\/6FEC641E-39F0-4454-9F4A-52D9675FB1E3.jpeg","type":"image\/jpeg"}],"author":"Redacci\u00f3n QP","twitter_card":"summary_large_image","twitter_misc":{"Escrito por":"Redacci\u00f3n QP","Tiempo de lectura":"3 minutos"},"schema":{"@context":"https:\/\/schema.org","@graph":[{"@type":"Article","@id":"https:\/\/quehacerpolitico.mx\/?p=92704#article","isPartOf":{"@id":"https:\/\/quehacerpolitico.mx\/?p=92704"},"author":{"name":"Redacci\u00f3n QP","@id":"https:\/\/quehacerpolitico.mx\/#\/schema\/person\/496d8ad2d1d3f8036101dca7ee39e585"},"headline":"L\u00f3pez Obrador niega amenazas en contra de &#8220;Alito&#8221; Moreno: &#8220;No me meto en eso\u00a0","datePublished":"2022-06-01T17:27:23+00:00","dateModified":"2022-06-01T17:27:26+00:00","mainEntityOfPage":{"@id":"https:\/\/quehacerpolitico.mx\/?p=92704"},"wordCount":552,"commentCount":0,"image":{"@id":"https:\/\/quehacerpolitico.mx\/?p=92704#primaryimage"},"thumbnailUrl":"https:\/\/quehacerpolitico.mx\/wp-content\/uploads\/2022\/06\/6FEC641E-39F0-4454-9F4A-52D9675FB1E3.jpeg","articleSection":["Noticias"],"inLanguage":"es","potentialAction":[{"@type":"CommentAction","name":"Comment","target":["https:\/\/quehacerpolitico.mx\/?p=92704#respond"]}]},{"@type":"WebPage","@id":"https:\/\/quehacerpolitico.mx\/?p=92704","url":"https:\/\/quehacerpolitico.mx\/?p=92704","name":"L\u00f3pez Obrador niega amenazas en contra de \"Alito\" Moreno: \"No me meto en eso\u00a0 -","isPartOf":{"@id":"https:\/\/quehacerpolitico.mx\/#website"},"primaryImageOfPage":{"@id":"https:\/\/quehacerpolitico.mx\/?p=92704#primaryimage"},"image":{"@id":"https:\/\/quehacerpolitico.mx\/?p=92704#primaryimage"},"thumbnailUrl":"https:\/\/quehacerpolitico.mx\/wp-content\/uploads\/2022\/06\/6FEC641E-39F0-4454-9F4A-52D9675FB1E3.jpeg","datePublished":"2022-06-01T17:27:23+00:00","dateModified":"2022-06-01T17:27:26+00:00","author":{"@id":"https:\/\/quehacerpolitico.mx\/#\/schema\/person\/496d8ad2d1d3f8036101dca7ee39e585"},"breadcrumb":{"@id":"https:\/\/quehacerpolitico.mx\/?p=92704#breadcrumb"},"inLanguage":"es","potentialAction":[{"@type":"ReadAction","target":["https:\/\/quehacerpolitico.mx\/?p=92704"]}]},{"@type":"ImageObject","inLanguage":"es","@id":"https:\/\/quehacerpolitico.mx\/?p=92704#primaryimage","url":"https:\/\/quehacerpolitico.mx\/wp-content\/uploads\/2022\/06\/6FEC641E-39F0-4454-9F4A-52D9675FB1E3.jpeg","contentUrl":"https:\/\/quehacerpolitico.mx\/wp-content\/uploads\/2022\/06\/6FEC641E-39F0-4454-9F4A-52D9675FB1E3.jpeg","width":1284,"height":707},{"@type":"BreadcrumbList","@id":"https:\/\/quehacerpolitico.mx\/?p=92704#breadcrumb","itemListElement":[{"@type":"ListItem","position":1,"name":"Inicio","item":"https:\/\/quehacerpolitico.mx\/"},{"@type":"ListItem","position":2,"name":"L\u00f3pez Obrador niega amenazas en contra de &#8220;Alito&#8221; Moreno: &#8220;No me meto en eso\u00a0"}]},{"@type":"WebSite","@id":"https:\/\/quehacerpolitico.mx\/#website","url":"https:\/\/quehacerpolitico.mx\/","name":"","description":"","potentialAction":[{"@type":"SearchAction","target":{"@type":"EntryPoint","urlTemplate":"https:\/\/quehacerpolitico.mx\/?s={search_term_string}"},"query-input":{"@type":"PropertyValueSpecification","valueRequired":true,"valueName":"search_term_string"}}],"inLanguage":"es"},{"@type":"Person","@id":"https:\/\/quehacerpolitico.mx\/#\/schema\/person\/496d8ad2d1d3f8036101dca7ee39e585","name":"Redacci\u00f3n QP","image":{"@type":"ImageObject","inLanguage":"es","@id":"https:\/\/secure.gravatar.com\/avatar\/c7164ed6fdec453195284ad24a5ae5b6e1eed2b848477fa2a4787ba9adf39a41?s=96&d=mm&r=g","url":"https:\/\/secure.gravatar.com\/avatar\/c7164ed6fdec453195284ad24a5ae5b6e1eed2b848477fa2a4787ba9adf39a41?s=96&d=mm&r=g","contentUrl":"https:\/\/secure.gravatar.com\/avatar\/c7164ed6fdec453195284ad24a5ae5b6e1eed2b848477fa2a4787ba9adf39a41?s=96&d=mm&r=g","caption":"Redacci\u00f3n QP"},"url":"https:\/\/quehacerpolitico.mx\/?author=2"}]}},"featured_image_urls":{"full":["https:\/\/quehacerpolitico.mx\/wp-content\/uploads\/2022\/06\/6FEC641E-39F0-4454-9F4A-52D9675FB1E3.jpeg",1284,707,false],"thumbnail":["https:\/\/quehacerpolitico.mx\/wp-content\/uploads\/2022\/06\/6FEC641E-39F0-4454-9F4A-52D9675FB1E3-150x150.jpeg",150,150,true],"medium":["https:\/\/quehacerpolitico.mx\/wp-content\/uploads\/2022\/06\/6FEC641E-39F0-4454-9F4A-52D9675FB1E3-300x165.jpeg",300,165,true],"medium_large":["https:\/\/quehacerpolitico.mx\/wp-content\/uploads\/2022\/06\/6FEC641E-39F0-4454-9F4A-52D9675FB1E3-768x423.jpeg",640,353,true],"large":["https:\/\/quehacerpolitico.mx\/wp-content\/uploads\/2022\/06\/6FEC641E-39F0-4454-9F4A-52D9675FB1E3-1024x564.jpeg",640,353,true],"1536x1536":["https:\/\/quehacerpolitico.mx\/wp-content\/uploads\/2022\/06\/6FEC641E-39F0-4454-9F4A-52D9675FB1E3.jpeg",1284,707,false],"2048x2048":["https:\/\/quehacerpolitico.mx\/wp-content\/uploads\/2022\/06\/6FEC641E-39F0-4454-9F4A-52D9675FB1E3.jpeg",1284,707,false],"covernews-featured":["https:\/\/quehacerpolitico.mx\/wp-content\/uploads\/2022\/06\/6FEC641E-39F0-4454-9F4A-52D9675FB1E3.jpeg",1024,564,false],"covernews-medium":["https:\/\/quehacerpolitico.mx\/wp-content\/uploads\/2022\/06\/6FEC641E-39F0-4454-9F4A-52D9675FB1E3.jpeg",540,297,false]},"author_info":{"display_name":"Redacci\u00f3n QP","author_link":"https:\/\/quehacerpolitico.mx\/?author=2"},"category_info":"<a href=\"https:\/\/quehacerpolitico.mx\/?cat=2\" rel=\"category\">Noticias<\/a>","tag_info":"Noticias","comment_count":"0","_links":{"self":[{"href":"https:\/\/quehacerpolitico.mx\/index.php?rest_route=\/wp\/v2\/posts\/92704","targetHints":{"allow":["GET"]}}],"collection":[{"href":"https:\/\/quehacerpolitico.mx\/index.php?rest_route=\/wp\/v2\/posts"}],"about":[{"href":"https:\/\/quehacerpolitico.mx\/index.php?rest_route=\/wp\/v2\/types\/post"}],"author":[{"embeddable":true,"href":"https:\/\/quehacerpolitico.mx\/index.php?rest_route=\/wp\/v2\/users\/2"}],"replies":[{"embeddable":true,"href":"https:\/\/quehacerpolitico.mx\/index.php?rest_route=%2Fwp%2Fv2%2Fcomments&post=92704"}],"version-history":[{"count":1,"href":"https:\/\/quehacerpolitico.mx\/index.php?rest_route=\/wp\/v2\/posts\/92704\/revisions"}],"predecessor-version":[{"id":92706,"href":"https:\/\/quehacerpolitico.mx\/index.php?rest_route=\/wp\/v2\/posts\/92704\/revisions\/92706"}],"wp:featuredmedia":[{"embeddable":true,"href":"https:\/\/quehacerpolitico.mx\/index.php?rest_route=\/wp\/v2\/media\/92705"}],"wp:attachment":[{"href":"https:\/\/quehacerpolitico.mx\/index.php?rest_route=%2Fwp%2Fv2%2Fmedia&parent=92704"}],"wp:term":[{"taxonomy":"category","embeddable":true,"href":"https:\/\/quehacerpolitico.mx\/index.php?rest_route=%2Fwp%2Fv2%2Fcategories&post=92704"},{"taxonomy":"post_tag","embeddable":true,"href":"https:\/\/quehacerpolitico.mx\/index.php?rest_route=%2Fwp%2Fv2%2Ftags&post=92704"}],"curies":[{"name":"wp","href":"https:\/\/api.w.org\/{rel}","templated":true}]}}