{"id":92701,"date":"2022-06-01T17:11:16","date_gmt":"2022-06-01T17:11:16","guid":{"rendered":"https:\/\/quehacerpolitico.mx\/?p=92701"},"modified":"2022-06-01T17:11:20","modified_gmt":"2022-06-01T17:11:20","slug":"lopez-obrador-sin-dar-a-conocer-en-declaracion-patrimonial-regalias-de-libro","status":"publish","type":"post","link":"https:\/\/quehacerpolitico.mx\/?p=92701","title":{"rendered":"L\u00f3pez Obrador, sin dar a conocer en declaraci\u00f3n patrimonial regal\u00edas de libro\u00a0"},"content":{"rendered":"\n<p>Por Redacci\u00f3n QP<\/p>\n\n\n\n<p>&#8220;El a\u00f1o pasado, pues hubo pocos los ingresos que tuve, mi sueldo, b\u00e1sicamente, no est\u00e1 incluido lo del libro y algunas otras cosas, declara L\u00f3pez Obrador<\/p>\n\n\n\n<p>El Presidente\u00a0Andres Manuel Lopez Obrador explico que no dio a conocer en su declaraci\u00f3n patrimonial cu\u00e1nto ha recibido de regal\u00edas por su libro \u2013A la mitad del camino-\u00a0<strong>porque esos recursos corresponden a este a\u00f1o y por ley informa lo correspondiente al a\u00f1o anterior<\/strong>.<\/p>\n\n\n\n<p>En marzo pasado, el Presidente L\u00f3pez Obrador presumi\u00f3 que su \u00faltimo libro era el m\u00e1s vendido sobre pol\u00edtica en M\u00e9xico, por lo que anunci\u00f3 que\u00a0<strong>recibir\u00eda alrededor de 3 millones de pesos en regal\u00edas<\/strong>, estas no aparecen en su declaraci\u00f3n.<\/p>\n\n\n\n<p>&#8220;Si es que eso corresponde a este a\u00f1o, el dinero, y de acuerdo a la ley son los ingresos del a\u00f1o pasado, entonces falta reportar los ingresos de este a\u00f1o,\u00a0<strong>el a\u00f1o pasado, pues hubo pocos los ingresos que tuve, mi sueldo, b\u00e1sicamente, no est\u00e1 incluido lo del libro y algunas otras cosas<\/strong>, pero creo que tuve ingresos como por un mill\u00f3n 600 mil pesos o algo as\u00ed eso es lo que se manifest\u00f3&#8221;.<\/p>\n\n\n\n<p>&#8220;El contador lo dio a conocer; sin embargo, el libro, no se enojen, ofrezco disculpas,&nbsp;<strong>ya estoy tirando aceite de presumido, es el libro que m\u00e1s se ha vendido&#8221;<\/strong>.<\/p>\n\n\n\n<p>El Presidente L\u00f3pez Obrador no ha definido que har\u00e1 con las regal\u00edas del libro y record\u00f3 que\u00a0<strong>quien administra sus ingresos es su esposa<\/strong>, la historiadora Beatriz Guti\u00e9rrez M\u00fcller, pero siempre ha sostenido que si tiene uno para lo indispensable, con eso se le puede dar gracias a la vida.<\/p>\n\n\n\n<p>&#8220;Es para poder vivir hacia delante, porque voy a tener una pensi\u00f3n, que calculo ser\u00e1 como de 25 mil o 30 mil pesos mensuales, porque cumplo con los a\u00f1os trabajados, yo trabaj\u00e9 seis a\u00f1os como director del Instituto Nacional Indigenista y aport\u00e9 al ISSSTE; y luego trabaj\u00e9 cinco a\u00f1os en el Instituto Nacional del Consumidor, fui director de organizaci\u00f3n social. Y luego fui jefe de gobierno y tambi\u00e9n me hicieron descuento, y ahora estoy tambi\u00e9n aportando, entonces&nbsp;<strong>voy a tener derecho a una pensi\u00f3n cuando me retire&#8221;<\/strong>.<\/p>\n\n\n\n<p><strong>Reiter\u00f3 que no posee bienes materiales porque no le importa el dinero<\/strong>, no le importa lo material, aunque tambi\u00e9n, &#8220;respeto mucho al que tiene, porque no todo lo que tiene es malvado, hay gente que ha hecho su patrimonio con trabajo&#8221;, dijo.<\/p>\n\n\n\n<p>Con informaci\u00f3n de SUN<\/p>\n","protected":false},"excerpt":{"rendered":"<p>Por Redacci\u00f3n QP &#8220;El a\u00f1o pasado, pues hubo pocos los ingresos que tuve, mi sueldo,&#8230;<\/p>\n","protected":false},"author":2,"featured_media":92702,"comment_status":"open","ping_status":"open","sticky":false,"template":"","format":"standard","meta":{"_monsterinsights_skip_tracking":false,"_monsterinsights_sitenote_active":false,"_monsterinsights_sitenote_note":"","_monsterinsights_sitenote_category":0,"footnotes":""},"categories":[2],"tags":[],"class_list":["post-92701","post","type-post","status-publish","format-standard","has-post-thumbnail","hentry","category-noticias"],"yoast_head":"<!-- This site is optimized with the Yoast SEO plugin v27.3 - https:\/\/yoast.com\/product\/yoast-seo-wordpress\/ -->\n<title>L\u00f3pez Obrador, sin dar a conocer en declaraci\u00f3n patrimonial regal\u00edas de libro\u00a0 -<\/title>\n<meta name=\"robots\" content=\"index, follow, max-snippet:-1, max-image-preview:large, max-video-preview:-1\" \/>\n<link rel=\"canonical\" href=\"https:\/\/quehacerpolitico.mx\/?p=92701\" \/>\n<meta property=\"og:locale\" content=\"es_MX\" \/>\n<meta property=\"og:type\" content=\"article\" \/>\n<meta property=\"og:title\" content=\"L\u00f3pez Obrador, sin dar a conocer en declaraci\u00f3n patrimonial regal\u00edas de libro\u00a0 -\" \/>\n<meta property=\"og:description\" content=\"Por Redacci\u00f3n QP &#8220;El a\u00f1o pasado, pues hubo pocos los ingresos que tuve, mi sueldo,...\" \/>\n<meta property=\"og:url\" content=\"https:\/\/quehacerpolitico.mx\/?p=92701\" \/>\n<meta property=\"article:published_time\" content=\"2022-06-01T17:11:16+00:00\" \/>\n<meta property=\"article:modified_time\" content=\"2022-06-01T17:11:20+00:00\" \/>\n<meta property=\"og:image\" content=\"https:\/\/quehacerpolitico.mx\/wp-content\/uploads\/2022\/06\/176DF3C0-BA81-4C60-9BD5-F59E8289205D.jpeg\" \/>\n\t<meta property=\"og:image:width\" content=\"1284\" \/>\n\t<meta property=\"og:image:height\" content=\"704\" \/>\n\t<meta property=\"og:image:type\" content=\"image\/jpeg\" \/>\n<meta name=\"author\" content=\"Redacci\u00f3n QP\" \/>\n<meta name=\"twitter:card\" content=\"summary_large_image\" \/>\n<meta name=\"twitter:label1\" content=\"Escrito por\" \/>\n\t<meta name=\"twitter:data1\" content=\"Redacci\u00f3n QP\" \/>\n\t<meta name=\"twitter:label2\" content=\"Tiempo de lectura\" \/>\n\t<meta name=\"twitter:data2\" content=\"2 minutos\" \/>\n<script type=\"application\/ld+json\" class=\"yoast-schema-graph\">{\"@context\":\"https:\\\/\\\/schema.org\",\"@graph\":[{\"@type\":\"Article\",\"@id\":\"https:\\\/\\\/quehacerpolitico.mx\\\/?p=92701#article\",\"isPartOf\":{\"@id\":\"https:\\\/\\\/quehacerpolitico.mx\\\/?p=92701\"},\"author\":{\"name\":\"Redacci\u00f3n QP\",\"@id\":\"https:\\\/\\\/quehacerpolitico.mx\\\/#\\\/schema\\\/person\\\/496d8ad2d1d3f8036101dca7ee39e585\"},\"headline\":\"L\u00f3pez Obrador, sin dar a conocer en declaraci\u00f3n patrimonial regal\u00edas de libro\u00a0\",\"datePublished\":\"2022-06-01T17:11:16+00:00\",\"dateModified\":\"2022-06-01T17:11:20+00:00\",\"mainEntityOfPage\":{\"@id\":\"https:\\\/\\\/quehacerpolitico.mx\\\/?p=92701\"},\"wordCount\":450,\"commentCount\":0,\"image\":{\"@id\":\"https:\\\/\\\/quehacerpolitico.mx\\\/?p=92701#primaryimage\"},\"thumbnailUrl\":\"https:\\\/\\\/quehacerpolitico.mx\\\/wp-content\\\/uploads\\\/2022\\\/06\\\/176DF3C0-BA81-4C60-9BD5-F59E8289205D.jpeg\",\"articleSection\":[\"Noticias\"],\"inLanguage\":\"es\",\"potentialAction\":[{\"@type\":\"CommentAction\",\"name\":\"Comment\",\"target\":[\"https:\\\/\\\/quehacerpolitico.mx\\\/?p=92701#respond\"]}]},{\"@type\":\"WebPage\",\"@id\":\"https:\\\/\\\/quehacerpolitico.mx\\\/?p=92701\",\"url\":\"https:\\\/\\\/quehacerpolitico.mx\\\/?p=92701\",\"name\":\"L\u00f3pez Obrador, sin dar a conocer en declaraci\u00f3n patrimonial regal\u00edas de libro\u00a0 -\",\"isPartOf\":{\"@id\":\"https:\\\/\\\/quehacerpolitico.mx\\\/#website\"},\"primaryImageOfPage\":{\"@id\":\"https:\\\/\\\/quehacerpolitico.mx\\\/?p=92701#primaryimage\"},\"image\":{\"@id\":\"https:\\\/\\\/quehacerpolitico.mx\\\/?p=92701#primaryimage\"},\"thumbnailUrl\":\"https:\\\/\\\/quehacerpolitico.mx\\\/wp-content\\\/uploads\\\/2022\\\/06\\\/176DF3C0-BA81-4C60-9BD5-F59E8289205D.jpeg\",\"datePublished\":\"2022-06-01T17:11:16+00:00\",\"dateModified\":\"2022-06-01T17:11:20+00:00\",\"author\":{\"@id\":\"https:\\\/\\\/quehacerpolitico.mx\\\/#\\\/schema\\\/person\\\/496d8ad2d1d3f8036101dca7ee39e585\"},\"breadcrumb\":{\"@id\":\"https:\\\/\\\/quehacerpolitico.mx\\\/?p=92701#breadcrumb\"},\"inLanguage\":\"es\",\"potentialAction\":[{\"@type\":\"ReadAction\",\"target\":[\"https:\\\/\\\/quehacerpolitico.mx\\\/?p=92701\"]}]},{\"@type\":\"ImageObject\",\"inLanguage\":\"es\",\"@id\":\"https:\\\/\\\/quehacerpolitico.mx\\\/?p=92701#primaryimage\",\"url\":\"https:\\\/\\\/quehacerpolitico.mx\\\/wp-content\\\/uploads\\\/2022\\\/06\\\/176DF3C0-BA81-4C60-9BD5-F59E8289205D.jpeg\",\"contentUrl\":\"https:\\\/\\\/quehacerpolitico.mx\\\/wp-content\\\/uploads\\\/2022\\\/06\\\/176DF3C0-BA81-4C60-9BD5-F59E8289205D.jpeg\",\"width\":1284,\"height\":704},{\"@type\":\"BreadcrumbList\",\"@id\":\"https:\\\/\\\/quehacerpolitico.mx\\\/?p=92701#breadcrumb\",\"itemListElement\":[{\"@type\":\"ListItem\",\"position\":1,\"name\":\"Inicio\",\"item\":\"https:\\\/\\\/quehacerpolitico.mx\\\/\"},{\"@type\":\"ListItem\",\"position\":2,\"name\":\"L\u00f3pez Obrador, sin dar a conocer en declaraci\u00f3n patrimonial regal\u00edas de libro\u00a0\"}]},{\"@type\":\"WebSite\",\"@id\":\"https:\\\/\\\/quehacerpolitico.mx\\\/#website\",\"url\":\"https:\\\/\\\/quehacerpolitico.mx\\\/\",\"name\":\"\",\"description\":\"\",\"potentialAction\":[{\"@type\":\"SearchAction\",\"target\":{\"@type\":\"EntryPoint\",\"urlTemplate\":\"https:\\\/\\\/quehacerpolitico.mx\\\/?s={search_term_string}\"},\"query-input\":{\"@type\":\"PropertyValueSpecification\",\"valueRequired\":true,\"valueName\":\"search_term_string\"}}],\"inLanguage\":\"es\"},{\"@type\":\"Person\",\"@id\":\"https:\\\/\\\/quehacerpolitico.mx\\\/#\\\/schema\\\/person\\\/496d8ad2d1d3f8036101dca7ee39e585\",\"name\":\"Redacci\u00f3n QP\",\"image\":{\"@type\":\"ImageObject\",\"inLanguage\":\"es\",\"@id\":\"https:\\\/\\\/secure.gravatar.com\\\/avatar\\\/c7164ed6fdec453195284ad24a5ae5b6e1eed2b848477fa2a4787ba9adf39a41?s=96&d=mm&r=g\",\"url\":\"https:\\\/\\\/secure.gravatar.com\\\/avatar\\\/c7164ed6fdec453195284ad24a5ae5b6e1eed2b848477fa2a4787ba9adf39a41?s=96&d=mm&r=g\",\"contentUrl\":\"https:\\\/\\\/secure.gravatar.com\\\/avatar\\\/c7164ed6fdec453195284ad24a5ae5b6e1eed2b848477fa2a4787ba9adf39a41?s=96&d=mm&r=g\",\"caption\":\"Redacci\u00f3n QP\"},\"url\":\"https:\\\/\\\/quehacerpolitico.mx\\\/?author=2\"}]}<\/script>\n<!-- \/ Yoast SEO plugin. -->","yoast_head_json":{"title":"L\u00f3pez Obrador, sin dar a conocer en declaraci\u00f3n patrimonial regal\u00edas de libro\u00a0 -","robots":{"index":"index","follow":"follow","max-snippet":"max-snippet:-1","max-image-preview":"max-image-preview:large","max-video-preview":"max-video-preview:-1"},"canonical":"https:\/\/quehacerpolitico.mx\/?p=92701","og_locale":"es_MX","og_type":"article","og_title":"L\u00f3pez Obrador, sin dar a conocer en declaraci\u00f3n patrimonial regal\u00edas de libro\u00a0 -","og_description":"Por Redacci\u00f3n QP &#8220;El a\u00f1o pasado, pues hubo pocos los ingresos que tuve, mi sueldo,...","og_url":"https:\/\/quehacerpolitico.mx\/?p=92701","article_published_time":"2022-06-01T17:11:16+00:00","article_modified_time":"2022-06-01T17:11:20+00:00","og_image":[{"width":1284,"height":704,"url":"https:\/\/quehacerpolitico.mx\/wp-content\/uploads\/2022\/06\/176DF3C0-BA81-4C60-9BD5-F59E8289205D.jpeg","type":"image\/jpeg"}],"author":"Redacci\u00f3n QP","twitter_card":"summary_large_image","twitter_misc":{"Escrito por":"Redacci\u00f3n QP","Tiempo de lectura":"2 minutos"},"schema":{"@context":"https:\/\/schema.org","@graph":[{"@type":"Article","@id":"https:\/\/quehacerpolitico.mx\/?p=92701#article","isPartOf":{"@id":"https:\/\/quehacerpolitico.mx\/?p=92701"},"author":{"name":"Redacci\u00f3n QP","@id":"https:\/\/quehacerpolitico.mx\/#\/schema\/person\/496d8ad2d1d3f8036101dca7ee39e585"},"headline":"L\u00f3pez Obrador, sin dar a conocer en declaraci\u00f3n patrimonial regal\u00edas de libro\u00a0","datePublished":"2022-06-01T17:11:16+00:00","dateModified":"2022-06-01T17:11:20+00:00","mainEntityOfPage":{"@id":"https:\/\/quehacerpolitico.mx\/?p=92701"},"wordCount":450,"commentCount":0,"image":{"@id":"https:\/\/quehacerpolitico.mx\/?p=92701#primaryimage"},"thumbnailUrl":"https:\/\/quehacerpolitico.mx\/wp-content\/uploads\/2022\/06\/176DF3C0-BA81-4C60-9BD5-F59E8289205D.jpeg","articleSection":["Noticias"],"inLanguage":"es","potentialAction":[{"@type":"CommentAction","name":"Comment","target":["https:\/\/quehacerpolitico.mx\/?p=92701#respond"]}]},{"@type":"WebPage","@id":"https:\/\/quehacerpolitico.mx\/?p=92701","url":"https:\/\/quehacerpolitico.mx\/?p=92701","name":"L\u00f3pez Obrador, sin dar a conocer en declaraci\u00f3n patrimonial regal\u00edas de libro\u00a0 -","isPartOf":{"@id":"https:\/\/quehacerpolitico.mx\/#website"},"primaryImageOfPage":{"@id":"https:\/\/quehacerpolitico.mx\/?p=92701#primaryimage"},"image":{"@id":"https:\/\/quehacerpolitico.mx\/?p=92701#primaryimage"},"thumbnailUrl":"https:\/\/quehacerpolitico.mx\/wp-content\/uploads\/2022\/06\/176DF3C0-BA81-4C60-9BD5-F59E8289205D.jpeg","datePublished":"2022-06-01T17:11:16+00:00","dateModified":"2022-06-01T17:11:20+00:00","author":{"@id":"https:\/\/quehacerpolitico.mx\/#\/schema\/person\/496d8ad2d1d3f8036101dca7ee39e585"},"breadcrumb":{"@id":"https:\/\/quehacerpolitico.mx\/?p=92701#breadcrumb"},"inLanguage":"es","potentialAction":[{"@type":"ReadAction","target":["https:\/\/quehacerpolitico.mx\/?p=92701"]}]},{"@type":"ImageObject","inLanguage":"es","@id":"https:\/\/quehacerpolitico.mx\/?p=92701#primaryimage","url":"https:\/\/quehacerpolitico.mx\/wp-content\/uploads\/2022\/06\/176DF3C0-BA81-4C60-9BD5-F59E8289205D.jpeg","contentUrl":"https:\/\/quehacerpolitico.mx\/wp-content\/uploads\/2022\/06\/176DF3C0-BA81-4C60-9BD5-F59E8289205D.jpeg","width":1284,"height":704},{"@type":"BreadcrumbList","@id":"https:\/\/quehacerpolitico.mx\/?p=92701#breadcrumb","itemListElement":[{"@type":"ListItem","position":1,"name":"Inicio","item":"https:\/\/quehacerpolitico.mx\/"},{"@type":"ListItem","position":2,"name":"L\u00f3pez Obrador, sin dar a conocer en declaraci\u00f3n patrimonial regal\u00edas de libro\u00a0"}]},{"@type":"WebSite","@id":"https:\/\/quehacerpolitico.mx\/#website","url":"https:\/\/quehacerpolitico.mx\/","name":"","description":"","potentialAction":[{"@type":"SearchAction","target":{"@type":"EntryPoint","urlTemplate":"https:\/\/quehacerpolitico.mx\/?s={search_term_string}"},"query-input":{"@type":"PropertyValueSpecification","valueRequired":true,"valueName":"search_term_string"}}],"inLanguage":"es"},{"@type":"Person","@id":"https:\/\/quehacerpolitico.mx\/#\/schema\/person\/496d8ad2d1d3f8036101dca7ee39e585","name":"Redacci\u00f3n QP","image":{"@type":"ImageObject","inLanguage":"es","@id":"https:\/\/secure.gravatar.com\/avatar\/c7164ed6fdec453195284ad24a5ae5b6e1eed2b848477fa2a4787ba9adf39a41?s=96&d=mm&r=g","url":"https:\/\/secure.gravatar.com\/avatar\/c7164ed6fdec453195284ad24a5ae5b6e1eed2b848477fa2a4787ba9adf39a41?s=96&d=mm&r=g","contentUrl":"https:\/\/secure.gravatar.com\/avatar\/c7164ed6fdec453195284ad24a5ae5b6e1eed2b848477fa2a4787ba9adf39a41?s=96&d=mm&r=g","caption":"Redacci\u00f3n QP"},"url":"https:\/\/quehacerpolitico.mx\/?author=2"}]}},"featured_image_urls":{"full":["https:\/\/quehacerpolitico.mx\/wp-content\/uploads\/2022\/06\/176DF3C0-BA81-4C60-9BD5-F59E8289205D.jpeg",1284,704,false],"thumbnail":["https:\/\/quehacerpolitico.mx\/wp-content\/uploads\/2022\/06\/176DF3C0-BA81-4C60-9BD5-F59E8289205D-150x150.jpeg",150,150,true],"medium":["https:\/\/quehacerpolitico.mx\/wp-content\/uploads\/2022\/06\/176DF3C0-BA81-4C60-9BD5-F59E8289205D-300x164.jpeg",300,164,true],"medium_large":["https:\/\/quehacerpolitico.mx\/wp-content\/uploads\/2022\/06\/176DF3C0-BA81-4C60-9BD5-F59E8289205D-768x421.jpeg",640,351,true],"large":["https:\/\/quehacerpolitico.mx\/wp-content\/uploads\/2022\/06\/176DF3C0-BA81-4C60-9BD5-F59E8289205D-1024x561.jpeg",640,351,true],"1536x1536":["https:\/\/quehacerpolitico.mx\/wp-content\/uploads\/2022\/06\/176DF3C0-BA81-4C60-9BD5-F59E8289205D.jpeg",1284,704,false],"2048x2048":["https:\/\/quehacerpolitico.mx\/wp-content\/uploads\/2022\/06\/176DF3C0-BA81-4C60-9BD5-F59E8289205D.jpeg",1284,704,false],"covernews-featured":["https:\/\/quehacerpolitico.mx\/wp-content\/uploads\/2022\/06\/176DF3C0-BA81-4C60-9BD5-F59E8289205D.jpeg",1024,561,false],"covernews-medium":["https:\/\/quehacerpolitico.mx\/wp-content\/uploads\/2022\/06\/176DF3C0-BA81-4C60-9BD5-F59E8289205D.jpeg",540,296,false]},"author_info":{"display_name":"Redacci\u00f3n QP","author_link":"https:\/\/quehacerpolitico.mx\/?author=2"},"category_info":"<a href=\"https:\/\/quehacerpolitico.mx\/?cat=2\" rel=\"category\">Noticias<\/a>","tag_info":"Noticias","comment_count":"0","_links":{"self":[{"href":"https:\/\/quehacerpolitico.mx\/index.php?rest_route=\/wp\/v2\/posts\/92701","targetHints":{"allow":["GET"]}}],"collection":[{"href":"https:\/\/quehacerpolitico.mx\/index.php?rest_route=\/wp\/v2\/posts"}],"about":[{"href":"https:\/\/quehacerpolitico.mx\/index.php?rest_route=\/wp\/v2\/types\/post"}],"author":[{"embeddable":true,"href":"https:\/\/quehacerpolitico.mx\/index.php?rest_route=\/wp\/v2\/users\/2"}],"replies":[{"embeddable":true,"href":"https:\/\/quehacerpolitico.mx\/index.php?rest_route=%2Fwp%2Fv2%2Fcomments&post=92701"}],"version-history":[{"count":1,"href":"https:\/\/quehacerpolitico.mx\/index.php?rest_route=\/wp\/v2\/posts\/92701\/revisions"}],"predecessor-version":[{"id":92703,"href":"https:\/\/quehacerpolitico.mx\/index.php?rest_route=\/wp\/v2\/posts\/92701\/revisions\/92703"}],"wp:featuredmedia":[{"embeddable":true,"href":"https:\/\/quehacerpolitico.mx\/index.php?rest_route=\/wp\/v2\/media\/92702"}],"wp:attachment":[{"href":"https:\/\/quehacerpolitico.mx\/index.php?rest_route=%2Fwp%2Fv2%2Fmedia&parent=92701"}],"wp:term":[{"taxonomy":"category","embeddable":true,"href":"https:\/\/quehacerpolitico.mx\/index.php?rest_route=%2Fwp%2Fv2%2Fcategories&post=92701"},{"taxonomy":"post_tag","embeddable":true,"href":"https:\/\/quehacerpolitico.mx\/index.php?rest_route=%2Fwp%2Fv2%2Ftags&post=92701"}],"curies":[{"name":"wp","href":"https:\/\/api.w.org\/{rel}","templated":true}]}}