{"id":92674,"date":"2022-05-30T23:43:14","date_gmt":"2022-05-30T23:43:14","guid":{"rendered":"https:\/\/quehacerpolitico.mx\/?p=92674"},"modified":"2022-05-30T23:43:17","modified_gmt":"2022-05-30T23:43:17","slug":"juez-da-suspension-definitiva-contra-el-tramo-5-de-la-megaobra","status":"publish","type":"post","link":"https:\/\/quehacerpolitico.mx\/?p=92674","title":{"rendered":"Juez da suspensi\u00f3n definitiva contra el tramo 5 de la megaobra\u00a0"},"content":{"rendered":"\n<p>Por Redacci\u00f3n QP<\/p>\n\n\n\n<p>Aunque el recurso legal se llama &#8220;suspensi\u00f3n definitiva&#8221;, el Gobierno a\u00fan puede ganar un juicio\u00a0para reactivar la construcci\u00f3n del tramo 5<\/p>\n\n\n\n<p>Un juez federal otorg\u00f3 un amparo para&nbsp;<strong>suspender la planeaci\u00f3n, construcci\u00f3n, desarrollo y acondicionamiento del tramo 5 del Tren Maya<\/strong>, uno de los megaproyectos del Gobierno del<strong>&nbsp;Presidente Andr\u00e9s Manuel L\u00f3pez Obrador&nbsp;<\/strong>en el sureste mexicano.<\/p>\n\n\n\n<p>El Juzgado Primero de Distrito de Yucat\u00e1n concedi\u00f3 este recurso a buzos que\u00a0<strong>desean proteger la selva y el acu\u00edfero<\/strong>, seg\u00fan anunci\u00f3 este lunes la organizaci\u00f3n Defendiendo el Derecho a Un Medio Ambiente Sano (DMAS).<\/p>\n\n\n\n<p>\u201cSe concede a J.G.U.B., G.D.M. y V.F.D. la suspensi\u00f3n definitiva de los actos que reclaman al Fondo Nacional de Fomento al Turismo (Fonatur) y Fonatur Tren Maya, Sociedad An\u00f3nima de Capital Variable, por los motivos expuestos en el considerando octavo. Notif\u00edquese, y electr\u00f3nicamente a la parte quejosa\u201d, se\u00f1al\u00f3 la resoluci\u00f3n del juez.<\/p>\n\n\n\n<p>El amparo 884\/2022 fue tramitado por buzos profesionales calificados en inmersiones en cuevas el 30 de marzo pasado,&nbsp;<strong>motivado por la deforestaci\u00f3n que se inici\u00f3 hace tres meses en Playa del Carmen<\/strong>, Akumal, Tulum y en los alrededores del lugar tur\u00edstico conocido como R\u00edo Secreto.<\/p>\n\n\n\n<p>Adri\u00e1n Novelo, juez primero de distrito en Yucat\u00e1n,\u00a0<strong>concedi\u00f3 la suspensi\u00f3n definitiva a los promoventes<\/strong>, es decir, grupos de ambientalistas que se oponen al recorrido del tren por la selva.<\/p>\n\n\n\n<p>Seg\u00fan DMAS, el juez concedi\u00f3 la suspensi\u00f3n al reconocer que la construcci\u00f3n no cuenta con una Evaluaci\u00f3n de Impacto Ambiental, un requisito oficial que ten\u00eda que estar listo antes de haber iniciado la obra y consider\u00f3 que&nbsp;<strong>\u201cexiste el peligro inminente que se ejecuten obras con da\u00f1os irreversibles\u201d.<\/strong><\/p>\n\n\n\n<p>Adem\u00e1s, reconoci\u00f3 el<strong>\u00a0inter\u00e9s leg\u00edtimo\u00a0<\/strong>de la organizaci\u00f3n de proteger los ecosistemas.<\/p>\n\n\n\n<figure class=\"wp-block-embed is-type-rich is-provider-twitter wp-block-embed-twitter\"><div class=\"wp-block-embed__wrapper\">\n<blockquote class=\"twitter-tweet\" data-width=\"550\" data-dnt=\"true\"><p lang=\"zxx\" dir=\"ltr\"><a href=\"https:\/\/t.co\/xCTTl4tVxb\">pic.twitter.com\/xCTTl4tVxb<\/a><\/p>&mdash; Dmas AC (@AcDmas) <a href=\"https:\/\/twitter.com\/AcDmas\/status\/1531339425631854592?ref_src=twsrc%5Etfw\">May 30, 2022<\/a><\/blockquote><script async src=\"https:\/\/platform.twitter.com\/widgets.js\" charset=\"utf-8\"><\/script>\n<\/div><\/figure>\n\n\n\n<h2 class=\"wp-block-heading\">\u00bfEl Gobierno puede tiene otros recursos?<\/h2>\n\n\n\n<p>Aunque el recurso legal se llama &#8220;suspensi\u00f3n definitiva&#8221;,&nbsp;<strong>el Gobierno a\u00fan puede ganar un juicio, subsanar los documentos faltantes o recurrir a otras instancias para reactivar la construcci\u00f3n del tramo 5<\/strong>, que construyen los militares.<\/p>\n\n\n\n<p>El Tren Maya, una de las obras prioritarias del Presidente L\u00f3pez Obrador, con una inversi\u00f3n de alrededor de 200 mil millones de pesos,&nbsp;<strong>plantea construir cerca de mil 554 kil\u00f3metros de v\u00eda f\u00e9rrea en cinco estados del sureste del pa\u00eds<\/strong>: Chiapas, Tabasco, Campeche, Yucat\u00e1n y Quintana Roo.<\/p>\n\n\n\n<p>Pero desde antes del arranque de las obras, en junio de 2020, algunas organizaciones civiles presentaron<strong>\u00a0recursos legales contra su construcci\u00f3n,<\/strong>\u00a0como el Centro por la Justicia y el Derecho Internacional (Cejil), Kanan Derechos Humanos y M\u00fauch&#8217; Xiinbal.<\/p>\n\n\n\n<p>En los \u00faltimos meses,&nbsp;<strong>activistas y actores crearon la campa\u00f1a \u201cS\u00e9lvame del Tren\u201d que pide al Gobierno mexicano suspender el tramo 5,<\/strong>construido por el Ej\u00e9rcito, por haber generado la tala de miles de \u00e1rboles y contaminaci\u00f3n a r\u00edos subterr\u00e1neos.<\/p>\n\n\n\n<p>Esa campa\u00f1a gener\u00f3 un\u00a0encontronazo con el Presidente Andr\u00e9s Manuel, quien a principios de mayo asegur\u00f3 que su Gobierno\u00a0<strong>enfrentar\u00e1 los amparos en contra de la construcci\u00f3n del tramo 5 del Tren Maya<\/strong>\u00a0y acus\u00f3 a &#8220;pseudoambientalistas&#8221; de promoverlos.<\/p>\n\n\n\n<p>El mandatario ha defendido adem\u00e1s el decreto que permite que se siga construyendo el Tren Maya&nbsp;<strong>sin que haya Manifestaci\u00f3n de Impacto Ambiental (MIA)&nbsp;<\/strong>pues ha dicho que es legal y est\u00e1 validado por la autoridad judicial.<\/p>\n\n\n\n<p>Adem\u00e1s, en diversas ocasiones ha reiterado que\u00a0<strong>la obra se va a inaugurar en diciembre de 2023<\/strong>\u00a0y que su deseo es que sea un tren de pasajeros que regrese a M\u00e9xico,\u00a0<strong>tal como existe en otros pa\u00edses del mundo.<\/strong><\/p>\n\n\n\n<p>Con informaci\u00f3n de EFE<\/p>\n","protected":false},"excerpt":{"rendered":"<p>Por Redacci\u00f3n QP Aunque el recurso legal se llama &#8220;suspensi\u00f3n definitiva&#8221;, el Gobierno a\u00fan puede&#8230;<\/p>\n","protected":false},"author":2,"featured_media":92675,"comment_status":"open","ping_status":"open","sticky":false,"template":"","format":"standard","meta":{"_monsterinsights_skip_tracking":false,"_monsterinsights_sitenote_active":false,"_monsterinsights_sitenote_note":"","_monsterinsights_sitenote_category":0,"footnotes":""},"categories":[2],"tags":[],"class_list":["post-92674","post","type-post","status-publish","format-standard","has-post-thumbnail","hentry","category-noticias"],"yoast_head":"<!-- This site is optimized with the Yoast SEO plugin v27.3 - https:\/\/yoast.com\/product\/yoast-seo-wordpress\/ -->\n<title>Juez da suspensi\u00f3n definitiva contra el tramo 5 de la megaobra\u00a0 -<\/title>\n<meta name=\"robots\" content=\"index, follow, max-snippet:-1, max-image-preview:large, max-video-preview:-1\" \/>\n<link rel=\"canonical\" href=\"https:\/\/quehacerpolitico.mx\/?p=92674\" \/>\n<meta property=\"og:locale\" content=\"es_MX\" \/>\n<meta property=\"og:type\" content=\"article\" \/>\n<meta property=\"og:title\" content=\"Juez da suspensi\u00f3n definitiva contra el tramo 5 de la megaobra\u00a0 -\" \/>\n<meta property=\"og:description\" content=\"Por Redacci\u00f3n QP Aunque el recurso legal se llama &#8220;suspensi\u00f3n definitiva&#8221;, el Gobierno a\u00fan puede...\" \/>\n<meta property=\"og:url\" content=\"https:\/\/quehacerpolitico.mx\/?p=92674\" \/>\n<meta property=\"article:published_time\" content=\"2022-05-30T23:43:14+00:00\" \/>\n<meta property=\"article:modified_time\" content=\"2022-05-30T23:43:17+00:00\" \/>\n<meta property=\"og:image\" content=\"https:\/\/quehacerpolitico.mx\/wp-content\/uploads\/2022\/05\/BCBEC66D-6169-4A46-BB52-B06FF4027677.jpeg\" \/>\n\t<meta property=\"og:image:width\" content=\"640\" \/>\n\t<meta property=\"og:image:height\" content=\"360\" \/>\n\t<meta property=\"og:image:type\" content=\"image\/jpeg\" \/>\n<meta name=\"author\" content=\"Redacci\u00f3n QP\" \/>\n<meta name=\"twitter:card\" content=\"summary_large_image\" \/>\n<meta name=\"twitter:label1\" content=\"Escrito por\" \/>\n\t<meta name=\"twitter:data1\" content=\"Redacci\u00f3n QP\" \/>\n\t<meta name=\"twitter:label2\" content=\"Tiempo de lectura\" \/>\n\t<meta name=\"twitter:data2\" content=\"3 minutos\" \/>\n<script type=\"application\/ld+json\" class=\"yoast-schema-graph\">{\"@context\":\"https:\\\/\\\/schema.org\",\"@graph\":[{\"@type\":\"Article\",\"@id\":\"https:\\\/\\\/quehacerpolitico.mx\\\/?p=92674#article\",\"isPartOf\":{\"@id\":\"https:\\\/\\\/quehacerpolitico.mx\\\/?p=92674\"},\"author\":{\"name\":\"Redacci\u00f3n QP\",\"@id\":\"https:\\\/\\\/quehacerpolitico.mx\\\/#\\\/schema\\\/person\\\/496d8ad2d1d3f8036101dca7ee39e585\"},\"headline\":\"Juez da suspensi\u00f3n definitiva contra el tramo 5 de la megaobra\u00a0\",\"datePublished\":\"2022-05-30T23:43:14+00:00\",\"dateModified\":\"2022-05-30T23:43:17+00:00\",\"mainEntityOfPage\":{\"@id\":\"https:\\\/\\\/quehacerpolitico.mx\\\/?p=92674\"},\"wordCount\":660,\"commentCount\":0,\"image\":{\"@id\":\"https:\\\/\\\/quehacerpolitico.mx\\\/?p=92674#primaryimage\"},\"thumbnailUrl\":\"https:\\\/\\\/quehacerpolitico.mx\\\/wp-content\\\/uploads\\\/2022\\\/05\\\/BCBEC66D-6169-4A46-BB52-B06FF4027677.jpeg\",\"articleSection\":[\"Noticias\"],\"inLanguage\":\"es\",\"potentialAction\":[{\"@type\":\"CommentAction\",\"name\":\"Comment\",\"target\":[\"https:\\\/\\\/quehacerpolitico.mx\\\/?p=92674#respond\"]}]},{\"@type\":\"WebPage\",\"@id\":\"https:\\\/\\\/quehacerpolitico.mx\\\/?p=92674\",\"url\":\"https:\\\/\\\/quehacerpolitico.mx\\\/?p=92674\",\"name\":\"Juez da suspensi\u00f3n definitiva contra el tramo 5 de la megaobra\u00a0 -\",\"isPartOf\":{\"@id\":\"https:\\\/\\\/quehacerpolitico.mx\\\/#website\"},\"primaryImageOfPage\":{\"@id\":\"https:\\\/\\\/quehacerpolitico.mx\\\/?p=92674#primaryimage\"},\"image\":{\"@id\":\"https:\\\/\\\/quehacerpolitico.mx\\\/?p=92674#primaryimage\"},\"thumbnailUrl\":\"https:\\\/\\\/quehacerpolitico.mx\\\/wp-content\\\/uploads\\\/2022\\\/05\\\/BCBEC66D-6169-4A46-BB52-B06FF4027677.jpeg\",\"datePublished\":\"2022-05-30T23:43:14+00:00\",\"dateModified\":\"2022-05-30T23:43:17+00:00\",\"author\":{\"@id\":\"https:\\\/\\\/quehacerpolitico.mx\\\/#\\\/schema\\\/person\\\/496d8ad2d1d3f8036101dca7ee39e585\"},\"breadcrumb\":{\"@id\":\"https:\\\/\\\/quehacerpolitico.mx\\\/?p=92674#breadcrumb\"},\"inLanguage\":\"es\",\"potentialAction\":[{\"@type\":\"ReadAction\",\"target\":[\"https:\\\/\\\/quehacerpolitico.mx\\\/?p=92674\"]}]},{\"@type\":\"ImageObject\",\"inLanguage\":\"es\",\"@id\":\"https:\\\/\\\/quehacerpolitico.mx\\\/?p=92674#primaryimage\",\"url\":\"https:\\\/\\\/quehacerpolitico.mx\\\/wp-content\\\/uploads\\\/2022\\\/05\\\/BCBEC66D-6169-4A46-BB52-B06FF4027677.jpeg\",\"contentUrl\":\"https:\\\/\\\/quehacerpolitico.mx\\\/wp-content\\\/uploads\\\/2022\\\/05\\\/BCBEC66D-6169-4A46-BB52-B06FF4027677.jpeg\",\"width\":640,\"height\":360},{\"@type\":\"BreadcrumbList\",\"@id\":\"https:\\\/\\\/quehacerpolitico.mx\\\/?p=92674#breadcrumb\",\"itemListElement\":[{\"@type\":\"ListItem\",\"position\":1,\"name\":\"Inicio\",\"item\":\"https:\\\/\\\/quehacerpolitico.mx\\\/\"},{\"@type\":\"ListItem\",\"position\":2,\"name\":\"Juez da suspensi\u00f3n definitiva contra el tramo 5 de la megaobra\u00a0\"}]},{\"@type\":\"WebSite\",\"@id\":\"https:\\\/\\\/quehacerpolitico.mx\\\/#website\",\"url\":\"https:\\\/\\\/quehacerpolitico.mx\\\/\",\"name\":\"\",\"description\":\"\",\"potentialAction\":[{\"@type\":\"SearchAction\",\"target\":{\"@type\":\"EntryPoint\",\"urlTemplate\":\"https:\\\/\\\/quehacerpolitico.mx\\\/?s={search_term_string}\"},\"query-input\":{\"@type\":\"PropertyValueSpecification\",\"valueRequired\":true,\"valueName\":\"search_term_string\"}}],\"inLanguage\":\"es\"},{\"@type\":\"Person\",\"@id\":\"https:\\\/\\\/quehacerpolitico.mx\\\/#\\\/schema\\\/person\\\/496d8ad2d1d3f8036101dca7ee39e585\",\"name\":\"Redacci\u00f3n QP\",\"image\":{\"@type\":\"ImageObject\",\"inLanguage\":\"es\",\"@id\":\"https:\\\/\\\/secure.gravatar.com\\\/avatar\\\/c7164ed6fdec453195284ad24a5ae5b6e1eed2b848477fa2a4787ba9adf39a41?s=96&d=mm&r=g\",\"url\":\"https:\\\/\\\/secure.gravatar.com\\\/avatar\\\/c7164ed6fdec453195284ad24a5ae5b6e1eed2b848477fa2a4787ba9adf39a41?s=96&d=mm&r=g\",\"contentUrl\":\"https:\\\/\\\/secure.gravatar.com\\\/avatar\\\/c7164ed6fdec453195284ad24a5ae5b6e1eed2b848477fa2a4787ba9adf39a41?s=96&d=mm&r=g\",\"caption\":\"Redacci\u00f3n QP\"},\"url\":\"https:\\\/\\\/quehacerpolitico.mx\\\/?author=2\"}]}<\/script>\n<!-- \/ Yoast SEO plugin. -->","yoast_head_json":{"title":"Juez da suspensi\u00f3n definitiva contra el tramo 5 de la megaobra\u00a0 -","robots":{"index":"index","follow":"follow","max-snippet":"max-snippet:-1","max-image-preview":"max-image-preview:large","max-video-preview":"max-video-preview:-1"},"canonical":"https:\/\/quehacerpolitico.mx\/?p=92674","og_locale":"es_MX","og_type":"article","og_title":"Juez da suspensi\u00f3n definitiva contra el tramo 5 de la megaobra\u00a0 -","og_description":"Por Redacci\u00f3n QP Aunque el recurso legal se llama &#8220;suspensi\u00f3n definitiva&#8221;, el Gobierno a\u00fan puede...","og_url":"https:\/\/quehacerpolitico.mx\/?p=92674","article_published_time":"2022-05-30T23:43:14+00:00","article_modified_time":"2022-05-30T23:43:17+00:00","og_image":[{"width":640,"height":360,"url":"https:\/\/quehacerpolitico.mx\/wp-content\/uploads\/2022\/05\/BCBEC66D-6169-4A46-BB52-B06FF4027677.jpeg","type":"image\/jpeg"}],"author":"Redacci\u00f3n QP","twitter_card":"summary_large_image","twitter_misc":{"Escrito por":"Redacci\u00f3n QP","Tiempo de lectura":"3 minutos"},"schema":{"@context":"https:\/\/schema.org","@graph":[{"@type":"Article","@id":"https:\/\/quehacerpolitico.mx\/?p=92674#article","isPartOf":{"@id":"https:\/\/quehacerpolitico.mx\/?p=92674"},"author":{"name":"Redacci\u00f3n QP","@id":"https:\/\/quehacerpolitico.mx\/#\/schema\/person\/496d8ad2d1d3f8036101dca7ee39e585"},"headline":"Juez da suspensi\u00f3n definitiva contra el tramo 5 de la megaobra\u00a0","datePublished":"2022-05-30T23:43:14+00:00","dateModified":"2022-05-30T23:43:17+00:00","mainEntityOfPage":{"@id":"https:\/\/quehacerpolitico.mx\/?p=92674"},"wordCount":660,"commentCount":0,"image":{"@id":"https:\/\/quehacerpolitico.mx\/?p=92674#primaryimage"},"thumbnailUrl":"https:\/\/quehacerpolitico.mx\/wp-content\/uploads\/2022\/05\/BCBEC66D-6169-4A46-BB52-B06FF4027677.jpeg","articleSection":["Noticias"],"inLanguage":"es","potentialAction":[{"@type":"CommentAction","name":"Comment","target":["https:\/\/quehacerpolitico.mx\/?p=92674#respond"]}]},{"@type":"WebPage","@id":"https:\/\/quehacerpolitico.mx\/?p=92674","url":"https:\/\/quehacerpolitico.mx\/?p=92674","name":"Juez da suspensi\u00f3n definitiva contra el tramo 5 de la megaobra\u00a0 -","isPartOf":{"@id":"https:\/\/quehacerpolitico.mx\/#website"},"primaryImageOfPage":{"@id":"https:\/\/quehacerpolitico.mx\/?p=92674#primaryimage"},"image":{"@id":"https:\/\/quehacerpolitico.mx\/?p=92674#primaryimage"},"thumbnailUrl":"https:\/\/quehacerpolitico.mx\/wp-content\/uploads\/2022\/05\/BCBEC66D-6169-4A46-BB52-B06FF4027677.jpeg","datePublished":"2022-05-30T23:43:14+00:00","dateModified":"2022-05-30T23:43:17+00:00","author":{"@id":"https:\/\/quehacerpolitico.mx\/#\/schema\/person\/496d8ad2d1d3f8036101dca7ee39e585"},"breadcrumb":{"@id":"https:\/\/quehacerpolitico.mx\/?p=92674#breadcrumb"},"inLanguage":"es","potentialAction":[{"@type":"ReadAction","target":["https:\/\/quehacerpolitico.mx\/?p=92674"]}]},{"@type":"ImageObject","inLanguage":"es","@id":"https:\/\/quehacerpolitico.mx\/?p=92674#primaryimage","url":"https:\/\/quehacerpolitico.mx\/wp-content\/uploads\/2022\/05\/BCBEC66D-6169-4A46-BB52-B06FF4027677.jpeg","contentUrl":"https:\/\/quehacerpolitico.mx\/wp-content\/uploads\/2022\/05\/BCBEC66D-6169-4A46-BB52-B06FF4027677.jpeg","width":640,"height":360},{"@type":"BreadcrumbList","@id":"https:\/\/quehacerpolitico.mx\/?p=92674#breadcrumb","itemListElement":[{"@type":"ListItem","position":1,"name":"Inicio","item":"https:\/\/quehacerpolitico.mx\/"},{"@type":"ListItem","position":2,"name":"Juez da suspensi\u00f3n definitiva contra el tramo 5 de la megaobra\u00a0"}]},{"@type":"WebSite","@id":"https:\/\/quehacerpolitico.mx\/#website","url":"https:\/\/quehacerpolitico.mx\/","name":"","description":"","potentialAction":[{"@type":"SearchAction","target":{"@type":"EntryPoint","urlTemplate":"https:\/\/quehacerpolitico.mx\/?s={search_term_string}"},"query-input":{"@type":"PropertyValueSpecification","valueRequired":true,"valueName":"search_term_string"}}],"inLanguage":"es"},{"@type":"Person","@id":"https:\/\/quehacerpolitico.mx\/#\/schema\/person\/496d8ad2d1d3f8036101dca7ee39e585","name":"Redacci\u00f3n QP","image":{"@type":"ImageObject","inLanguage":"es","@id":"https:\/\/secure.gravatar.com\/avatar\/c7164ed6fdec453195284ad24a5ae5b6e1eed2b848477fa2a4787ba9adf39a41?s=96&d=mm&r=g","url":"https:\/\/secure.gravatar.com\/avatar\/c7164ed6fdec453195284ad24a5ae5b6e1eed2b848477fa2a4787ba9adf39a41?s=96&d=mm&r=g","contentUrl":"https:\/\/secure.gravatar.com\/avatar\/c7164ed6fdec453195284ad24a5ae5b6e1eed2b848477fa2a4787ba9adf39a41?s=96&d=mm&r=g","caption":"Redacci\u00f3n QP"},"url":"https:\/\/quehacerpolitico.mx\/?author=2"}]}},"featured_image_urls":{"full":["https:\/\/quehacerpolitico.mx\/wp-content\/uploads\/2022\/05\/BCBEC66D-6169-4A46-BB52-B06FF4027677.jpeg",640,360,false],"thumbnail":["https:\/\/quehacerpolitico.mx\/wp-content\/uploads\/2022\/05\/BCBEC66D-6169-4A46-BB52-B06FF4027677-150x150.jpeg",150,150,true],"medium":["https:\/\/quehacerpolitico.mx\/wp-content\/uploads\/2022\/05\/BCBEC66D-6169-4A46-BB52-B06FF4027677-300x169.jpeg",300,169,true],"medium_large":["https:\/\/quehacerpolitico.mx\/wp-content\/uploads\/2022\/05\/BCBEC66D-6169-4A46-BB52-B06FF4027677.jpeg",640,360,false],"large":["https:\/\/quehacerpolitico.mx\/wp-content\/uploads\/2022\/05\/BCBEC66D-6169-4A46-BB52-B06FF4027677.jpeg",640,360,false],"1536x1536":["https:\/\/quehacerpolitico.mx\/wp-content\/uploads\/2022\/05\/BCBEC66D-6169-4A46-BB52-B06FF4027677.jpeg",640,360,false],"2048x2048":["https:\/\/quehacerpolitico.mx\/wp-content\/uploads\/2022\/05\/BCBEC66D-6169-4A46-BB52-B06FF4027677.jpeg",640,360,false],"covernews-featured":["https:\/\/quehacerpolitico.mx\/wp-content\/uploads\/2022\/05\/BCBEC66D-6169-4A46-BB52-B06FF4027677.jpeg",640,360,false],"covernews-medium":["https:\/\/quehacerpolitico.mx\/wp-content\/uploads\/2022\/05\/BCBEC66D-6169-4A46-BB52-B06FF4027677.jpeg",540,304,false]},"author_info":{"display_name":"Redacci\u00f3n QP","author_link":"https:\/\/quehacerpolitico.mx\/?author=2"},"category_info":"<a href=\"https:\/\/quehacerpolitico.mx\/?cat=2\" rel=\"category\">Noticias<\/a>","tag_info":"Noticias","comment_count":"0","_links":{"self":[{"href":"https:\/\/quehacerpolitico.mx\/index.php?rest_route=\/wp\/v2\/posts\/92674","targetHints":{"allow":["GET"]}}],"collection":[{"href":"https:\/\/quehacerpolitico.mx\/index.php?rest_route=\/wp\/v2\/posts"}],"about":[{"href":"https:\/\/quehacerpolitico.mx\/index.php?rest_route=\/wp\/v2\/types\/post"}],"author":[{"embeddable":true,"href":"https:\/\/quehacerpolitico.mx\/index.php?rest_route=\/wp\/v2\/users\/2"}],"replies":[{"embeddable":true,"href":"https:\/\/quehacerpolitico.mx\/index.php?rest_route=%2Fwp%2Fv2%2Fcomments&post=92674"}],"version-history":[{"count":1,"href":"https:\/\/quehacerpolitico.mx\/index.php?rest_route=\/wp\/v2\/posts\/92674\/revisions"}],"predecessor-version":[{"id":92676,"href":"https:\/\/quehacerpolitico.mx\/index.php?rest_route=\/wp\/v2\/posts\/92674\/revisions\/92676"}],"wp:featuredmedia":[{"embeddable":true,"href":"https:\/\/quehacerpolitico.mx\/index.php?rest_route=\/wp\/v2\/media\/92675"}],"wp:attachment":[{"href":"https:\/\/quehacerpolitico.mx\/index.php?rest_route=%2Fwp%2Fv2%2Fmedia&parent=92674"}],"wp:term":[{"taxonomy":"category","embeddable":true,"href":"https:\/\/quehacerpolitico.mx\/index.php?rest_route=%2Fwp%2Fv2%2Fcategories&post=92674"},{"taxonomy":"post_tag","embeddable":true,"href":"https:\/\/quehacerpolitico.mx\/index.php?rest_route=%2Fwp%2Fv2%2Ftags&post=92674"}],"curies":[{"name":"wp","href":"https:\/\/api.w.org\/{rel}","templated":true}]}}