{"id":92641,"date":"2022-05-30T16:00:01","date_gmt":"2022-05-30T16:00:01","guid":{"rendered":"https:\/\/quehacerpolitico.mx\/?p=92641"},"modified":"2022-05-30T16:00:07","modified_gmt":"2022-05-30T16:00:07","slug":"lopez-obrador-presume-mayor-presencia-de-la-gn-que-de-policia-local","status":"publish","type":"post","link":"https:\/\/quehacerpolitico.mx\/?p=92641","title":{"rendered":"L\u00f3pez Obrador presume mayor presencia de la GN que de polic\u00eda local\u00a0"},"content":{"rendered":"\n<p>Por Redacci\u00f3n QP<\/p>\n\n\n\n<p>El Presidente L\u00f3pez Obrador asegura que la Guardia Nacional\u00a0ya tiene m\u00e1s de 100 mil elementos desplegados en los m\u00e1s de 100 cuarteles construidos<\/p>\n\n\n\n<p>El Presidente\u00a0Andres Manuel Lopez Obrador afirmo que en algunos estados de la Rep\u00fablica los elementos desplegados de las Fuerzas Armadas superan el n\u00famero de polic\u00edas municipales y estatales para tareas de seguridad p\u00fablica.<\/p>\n\n\n\n<p>Durante su\u00a0conferencia de prensa \u201dma\u00f1anera\u201d, el Presidente L\u00f3pez Obrador fue cuestionado sobre las acciones de la Guardia Nacional para resguardar las carreteras federales del pa\u00eds.<\/p>\n\n\n\n<p>Sin dar respuesta concreta, el titular del Ejecutivo se limit\u00f3 a se\u00f1alar que\u00a0<strong>los elementos de dicha corporaci\u00f3n se encuentran desplegados en todas las carreteras<\/strong>\u00a0y que a un mes de que la instituci\u00f3n cumpla tres a\u00f1os,\u00a0<strong>ya tiene m\u00e1s de 100 mil elementos desplegados en los m\u00e1s de 100 cuarteles construidos<\/strong>.<\/p>\n\n\n\n<p><strong>&#8220;La Guardia Nacional est\u00e1 en todas las carreteras para que no haya asaltos ni homicidios, que no haya delitos en las carreteras ni en los pueblos. Estamos trabajando en eso&#8221;<\/strong>, se\u00f1al\u00f3.<\/p>\n\n\n\n<figure class=\"wp-block-embed is-type-video is-provider-youtube wp-block-embed-youtube wp-embed-aspect-16-9 wp-has-aspect-ratio\"><div class=\"wp-block-embed__wrapper\">\n<iframe loading=\"lazy\" title=\"AMLO presume mayor presencia de la GN que de polic\u00edas locales en &quot;varios estados\u201d\" width=\"640\" height=\"360\" src=\"https:\/\/www.youtube.com\/embed\/MyhFVyS4Bbk?feature=oembed\" frameborder=\"0\" allow=\"accelerometer; autoplay; clipboard-write; encrypted-media; gyroscope; picture-in-picture; web-share\" referrerpolicy=\"strict-origin-when-cross-origin\" allowfullscreen><\/iframe>\n<\/div><\/figure>\n\n\n\n<p>&#8220;En un mes cumple tres a\u00f1os la Guardia Nacional y ya son m\u00e1s de 100 mil elementos con los que se cuentan que est\u00e1n en todo el pa\u00eds (\u2026)\u00a0<strong>En su mejor momento la Polic\u00eda Federal lleg\u00f3 a tener 40 mil elementos, (y) la mitad eran administrativos&#8221;<\/strong>.<\/p>\n\n\n\n<p>Afirm\u00f3, en consecuencia, que con esto s\u00ed hay protecci\u00f3n para la poblaci\u00f3n por parte de las Fuerzas Armadas que a veces llegan a superar a las fuerzas locales de los estados donde se encuentran desplegadas.<\/p>\n\n\n\n<p>&#8220;Hay protecci\u00f3n.&nbsp;<strong>Hay estados donde suma m\u00e1s la presencia o son m\u00e1s los integrantes de la Secretar\u00eda de la Defensa Nacional, de Marina y de la Guardia Nacional encargados de la seguridad p\u00fablica en ese estado que el n\u00famero de polic\u00edas municipales y del estado<\/strong>. No en todo el pa\u00eds, pero s\u00ed ya en varios estados&#8221;, afirm\u00f3.<\/p>\n\n\n\n<p>El despliegue de Fuerzas Armadas para dedicarse a la seguridad p\u00fablica del pa\u00eds ha sido criticado por integrantes de la sociedad civil y la oposici\u00f3n.<\/p>\n\n\n\n<p>En la Suprema Corte de Justicia de la Naci\u00f3n (SCJN) estas facultades est\u00e1n pendientes de an\u00e1lisis por parte de los ministros desde el a\u00f1o 2020, mientras que la conformaci\u00f3n de la Guardia Nacional tambi\u00e9n fue impugnada desde el 2019.<\/p>\n\n\n\n<p>Con informaci\u00f3n de SUN<\/p>\n","protected":false},"excerpt":{"rendered":"<p>Por Redacci\u00f3n QP El Presidente L\u00f3pez Obrador asegura que la Guardia Nacional\u00a0ya tiene m\u00e1s de&#8230;<\/p>\n","protected":false},"author":2,"featured_media":92642,"comment_status":"open","ping_status":"open","sticky":false,"template":"","format":"standard","meta":{"_monsterinsights_skip_tracking":false,"_monsterinsights_sitenote_active":false,"_monsterinsights_sitenote_note":"","_monsterinsights_sitenote_category":0,"footnotes":""},"categories":[2],"tags":[],"class_list":["post-92641","post","type-post","status-publish","format-standard","has-post-thumbnail","hentry","category-noticias"],"yoast_head":"<!-- This site is optimized with the Yoast SEO plugin v27.3 - https:\/\/yoast.com\/product\/yoast-seo-wordpress\/ -->\n<title>L\u00f3pez Obrador presume mayor presencia de la GN que de polic\u00eda local\u00a0 -<\/title>\n<meta name=\"robots\" content=\"index, follow, max-snippet:-1, max-image-preview:large, max-video-preview:-1\" \/>\n<link rel=\"canonical\" href=\"https:\/\/quehacerpolitico.mx\/?p=92641\" \/>\n<meta property=\"og:locale\" content=\"es_MX\" \/>\n<meta property=\"og:type\" content=\"article\" \/>\n<meta property=\"og:title\" content=\"L\u00f3pez Obrador presume mayor presencia de la GN que de polic\u00eda local\u00a0 -\" \/>\n<meta property=\"og:description\" content=\"Por Redacci\u00f3n QP El Presidente L\u00f3pez Obrador asegura que la Guardia Nacional\u00a0ya tiene m\u00e1s de...\" \/>\n<meta property=\"og:url\" content=\"https:\/\/quehacerpolitico.mx\/?p=92641\" \/>\n<meta property=\"article:published_time\" content=\"2022-05-30T16:00:01+00:00\" \/>\n<meta property=\"article:modified_time\" content=\"2022-05-30T16:00:07+00:00\" \/>\n<meta property=\"og:image\" content=\"https:\/\/quehacerpolitico.mx\/wp-content\/uploads\/2022\/05\/9E93EFF8-60AE-4D84-A5CA-7ABD15E88C79.jpeg\" \/>\n\t<meta property=\"og:image:width\" content=\"774\" \/>\n\t<meta property=\"og:image:height\" content=\"581\" \/>\n\t<meta property=\"og:image:type\" content=\"image\/jpeg\" \/>\n<meta name=\"author\" content=\"Redacci\u00f3n QP\" \/>\n<meta name=\"twitter:card\" content=\"summary_large_image\" \/>\n<meta name=\"twitter:label1\" content=\"Escrito por\" \/>\n\t<meta name=\"twitter:data1\" content=\"Redacci\u00f3n QP\" \/>\n\t<meta name=\"twitter:label2\" content=\"Tiempo de lectura\" \/>\n\t<meta name=\"twitter:data2\" content=\"2 minutos\" \/>\n<script type=\"application\/ld+json\" class=\"yoast-schema-graph\">{\"@context\":\"https:\\\/\\\/schema.org\",\"@graph\":[{\"@type\":\"Article\",\"@id\":\"https:\\\/\\\/quehacerpolitico.mx\\\/?p=92641#article\",\"isPartOf\":{\"@id\":\"https:\\\/\\\/quehacerpolitico.mx\\\/?p=92641\"},\"author\":{\"name\":\"Redacci\u00f3n QP\",\"@id\":\"https:\\\/\\\/quehacerpolitico.mx\\\/#\\\/schema\\\/person\\\/496d8ad2d1d3f8036101dca7ee39e585\"},\"headline\":\"L\u00f3pez Obrador presume mayor presencia de la GN que de polic\u00eda local\u00a0\",\"datePublished\":\"2022-05-30T16:00:01+00:00\",\"dateModified\":\"2022-05-30T16:00:07+00:00\",\"mainEntityOfPage\":{\"@id\":\"https:\\\/\\\/quehacerpolitico.mx\\\/?p=92641\"},\"wordCount\":431,\"commentCount\":0,\"image\":{\"@id\":\"https:\\\/\\\/quehacerpolitico.mx\\\/?p=92641#primaryimage\"},\"thumbnailUrl\":\"https:\\\/\\\/quehacerpolitico.mx\\\/wp-content\\\/uploads\\\/2022\\\/05\\\/9E93EFF8-60AE-4D84-A5CA-7ABD15E88C79.jpeg\",\"articleSection\":[\"Noticias\"],\"inLanguage\":\"es\",\"potentialAction\":[{\"@type\":\"CommentAction\",\"name\":\"Comment\",\"target\":[\"https:\\\/\\\/quehacerpolitico.mx\\\/?p=92641#respond\"]}]},{\"@type\":\"WebPage\",\"@id\":\"https:\\\/\\\/quehacerpolitico.mx\\\/?p=92641\",\"url\":\"https:\\\/\\\/quehacerpolitico.mx\\\/?p=92641\",\"name\":\"L\u00f3pez Obrador presume mayor presencia de la GN que de polic\u00eda local\u00a0 -\",\"isPartOf\":{\"@id\":\"https:\\\/\\\/quehacerpolitico.mx\\\/#website\"},\"primaryImageOfPage\":{\"@id\":\"https:\\\/\\\/quehacerpolitico.mx\\\/?p=92641#primaryimage\"},\"image\":{\"@id\":\"https:\\\/\\\/quehacerpolitico.mx\\\/?p=92641#primaryimage\"},\"thumbnailUrl\":\"https:\\\/\\\/quehacerpolitico.mx\\\/wp-content\\\/uploads\\\/2022\\\/05\\\/9E93EFF8-60AE-4D84-A5CA-7ABD15E88C79.jpeg\",\"datePublished\":\"2022-05-30T16:00:01+00:00\",\"dateModified\":\"2022-05-30T16:00:07+00:00\",\"author\":{\"@id\":\"https:\\\/\\\/quehacerpolitico.mx\\\/#\\\/schema\\\/person\\\/496d8ad2d1d3f8036101dca7ee39e585\"},\"breadcrumb\":{\"@id\":\"https:\\\/\\\/quehacerpolitico.mx\\\/?p=92641#breadcrumb\"},\"inLanguage\":\"es\",\"potentialAction\":[{\"@type\":\"ReadAction\",\"target\":[\"https:\\\/\\\/quehacerpolitico.mx\\\/?p=92641\"]}]},{\"@type\":\"ImageObject\",\"inLanguage\":\"es\",\"@id\":\"https:\\\/\\\/quehacerpolitico.mx\\\/?p=92641#primaryimage\",\"url\":\"https:\\\/\\\/quehacerpolitico.mx\\\/wp-content\\\/uploads\\\/2022\\\/05\\\/9E93EFF8-60AE-4D84-A5CA-7ABD15E88C79.jpeg\",\"contentUrl\":\"https:\\\/\\\/quehacerpolitico.mx\\\/wp-content\\\/uploads\\\/2022\\\/05\\\/9E93EFF8-60AE-4D84-A5CA-7ABD15E88C79.jpeg\",\"width\":774,\"height\":581},{\"@type\":\"BreadcrumbList\",\"@id\":\"https:\\\/\\\/quehacerpolitico.mx\\\/?p=92641#breadcrumb\",\"itemListElement\":[{\"@type\":\"ListItem\",\"position\":1,\"name\":\"Inicio\",\"item\":\"https:\\\/\\\/quehacerpolitico.mx\\\/\"},{\"@type\":\"ListItem\",\"position\":2,\"name\":\"L\u00f3pez Obrador presume mayor presencia de la GN que de polic\u00eda local\u00a0\"}]},{\"@type\":\"WebSite\",\"@id\":\"https:\\\/\\\/quehacerpolitico.mx\\\/#website\",\"url\":\"https:\\\/\\\/quehacerpolitico.mx\\\/\",\"name\":\"\",\"description\":\"\",\"potentialAction\":[{\"@type\":\"SearchAction\",\"target\":{\"@type\":\"EntryPoint\",\"urlTemplate\":\"https:\\\/\\\/quehacerpolitico.mx\\\/?s={search_term_string}\"},\"query-input\":{\"@type\":\"PropertyValueSpecification\",\"valueRequired\":true,\"valueName\":\"search_term_string\"}}],\"inLanguage\":\"es\"},{\"@type\":\"Person\",\"@id\":\"https:\\\/\\\/quehacerpolitico.mx\\\/#\\\/schema\\\/person\\\/496d8ad2d1d3f8036101dca7ee39e585\",\"name\":\"Redacci\u00f3n QP\",\"image\":{\"@type\":\"ImageObject\",\"inLanguage\":\"es\",\"@id\":\"https:\\\/\\\/secure.gravatar.com\\\/avatar\\\/c7164ed6fdec453195284ad24a5ae5b6e1eed2b848477fa2a4787ba9adf39a41?s=96&d=mm&r=g\",\"url\":\"https:\\\/\\\/secure.gravatar.com\\\/avatar\\\/c7164ed6fdec453195284ad24a5ae5b6e1eed2b848477fa2a4787ba9adf39a41?s=96&d=mm&r=g\",\"contentUrl\":\"https:\\\/\\\/secure.gravatar.com\\\/avatar\\\/c7164ed6fdec453195284ad24a5ae5b6e1eed2b848477fa2a4787ba9adf39a41?s=96&d=mm&r=g\",\"caption\":\"Redacci\u00f3n QP\"},\"url\":\"https:\\\/\\\/quehacerpolitico.mx\\\/?author=2\"}]}<\/script>\n<!-- \/ Yoast SEO plugin. -->","yoast_head_json":{"title":"L\u00f3pez Obrador presume mayor presencia de la GN que de polic\u00eda local\u00a0 -","robots":{"index":"index","follow":"follow","max-snippet":"max-snippet:-1","max-image-preview":"max-image-preview:large","max-video-preview":"max-video-preview:-1"},"canonical":"https:\/\/quehacerpolitico.mx\/?p=92641","og_locale":"es_MX","og_type":"article","og_title":"L\u00f3pez Obrador presume mayor presencia de la GN que de polic\u00eda local\u00a0 -","og_description":"Por Redacci\u00f3n QP El Presidente L\u00f3pez Obrador asegura que la Guardia Nacional\u00a0ya tiene m\u00e1s de...","og_url":"https:\/\/quehacerpolitico.mx\/?p=92641","article_published_time":"2022-05-30T16:00:01+00:00","article_modified_time":"2022-05-30T16:00:07+00:00","og_image":[{"width":774,"height":581,"url":"https:\/\/quehacerpolitico.mx\/wp-content\/uploads\/2022\/05\/9E93EFF8-60AE-4D84-A5CA-7ABD15E88C79.jpeg","type":"image\/jpeg"}],"author":"Redacci\u00f3n QP","twitter_card":"summary_large_image","twitter_misc":{"Escrito por":"Redacci\u00f3n QP","Tiempo de lectura":"2 minutos"},"schema":{"@context":"https:\/\/schema.org","@graph":[{"@type":"Article","@id":"https:\/\/quehacerpolitico.mx\/?p=92641#article","isPartOf":{"@id":"https:\/\/quehacerpolitico.mx\/?p=92641"},"author":{"name":"Redacci\u00f3n QP","@id":"https:\/\/quehacerpolitico.mx\/#\/schema\/person\/496d8ad2d1d3f8036101dca7ee39e585"},"headline":"L\u00f3pez Obrador presume mayor presencia de la GN que de polic\u00eda local\u00a0","datePublished":"2022-05-30T16:00:01+00:00","dateModified":"2022-05-30T16:00:07+00:00","mainEntityOfPage":{"@id":"https:\/\/quehacerpolitico.mx\/?p=92641"},"wordCount":431,"commentCount":0,"image":{"@id":"https:\/\/quehacerpolitico.mx\/?p=92641#primaryimage"},"thumbnailUrl":"https:\/\/quehacerpolitico.mx\/wp-content\/uploads\/2022\/05\/9E93EFF8-60AE-4D84-A5CA-7ABD15E88C79.jpeg","articleSection":["Noticias"],"inLanguage":"es","potentialAction":[{"@type":"CommentAction","name":"Comment","target":["https:\/\/quehacerpolitico.mx\/?p=92641#respond"]}]},{"@type":"WebPage","@id":"https:\/\/quehacerpolitico.mx\/?p=92641","url":"https:\/\/quehacerpolitico.mx\/?p=92641","name":"L\u00f3pez Obrador presume mayor presencia de la GN que de polic\u00eda local\u00a0 -","isPartOf":{"@id":"https:\/\/quehacerpolitico.mx\/#website"},"primaryImageOfPage":{"@id":"https:\/\/quehacerpolitico.mx\/?p=92641#primaryimage"},"image":{"@id":"https:\/\/quehacerpolitico.mx\/?p=92641#primaryimage"},"thumbnailUrl":"https:\/\/quehacerpolitico.mx\/wp-content\/uploads\/2022\/05\/9E93EFF8-60AE-4D84-A5CA-7ABD15E88C79.jpeg","datePublished":"2022-05-30T16:00:01+00:00","dateModified":"2022-05-30T16:00:07+00:00","author":{"@id":"https:\/\/quehacerpolitico.mx\/#\/schema\/person\/496d8ad2d1d3f8036101dca7ee39e585"},"breadcrumb":{"@id":"https:\/\/quehacerpolitico.mx\/?p=92641#breadcrumb"},"inLanguage":"es","potentialAction":[{"@type":"ReadAction","target":["https:\/\/quehacerpolitico.mx\/?p=92641"]}]},{"@type":"ImageObject","inLanguage":"es","@id":"https:\/\/quehacerpolitico.mx\/?p=92641#primaryimage","url":"https:\/\/quehacerpolitico.mx\/wp-content\/uploads\/2022\/05\/9E93EFF8-60AE-4D84-A5CA-7ABD15E88C79.jpeg","contentUrl":"https:\/\/quehacerpolitico.mx\/wp-content\/uploads\/2022\/05\/9E93EFF8-60AE-4D84-A5CA-7ABD15E88C79.jpeg","width":774,"height":581},{"@type":"BreadcrumbList","@id":"https:\/\/quehacerpolitico.mx\/?p=92641#breadcrumb","itemListElement":[{"@type":"ListItem","position":1,"name":"Inicio","item":"https:\/\/quehacerpolitico.mx\/"},{"@type":"ListItem","position":2,"name":"L\u00f3pez Obrador presume mayor presencia de la GN que de polic\u00eda local\u00a0"}]},{"@type":"WebSite","@id":"https:\/\/quehacerpolitico.mx\/#website","url":"https:\/\/quehacerpolitico.mx\/","name":"","description":"","potentialAction":[{"@type":"SearchAction","target":{"@type":"EntryPoint","urlTemplate":"https:\/\/quehacerpolitico.mx\/?s={search_term_string}"},"query-input":{"@type":"PropertyValueSpecification","valueRequired":true,"valueName":"search_term_string"}}],"inLanguage":"es"},{"@type":"Person","@id":"https:\/\/quehacerpolitico.mx\/#\/schema\/person\/496d8ad2d1d3f8036101dca7ee39e585","name":"Redacci\u00f3n QP","image":{"@type":"ImageObject","inLanguage":"es","@id":"https:\/\/secure.gravatar.com\/avatar\/c7164ed6fdec453195284ad24a5ae5b6e1eed2b848477fa2a4787ba9adf39a41?s=96&d=mm&r=g","url":"https:\/\/secure.gravatar.com\/avatar\/c7164ed6fdec453195284ad24a5ae5b6e1eed2b848477fa2a4787ba9adf39a41?s=96&d=mm&r=g","contentUrl":"https:\/\/secure.gravatar.com\/avatar\/c7164ed6fdec453195284ad24a5ae5b6e1eed2b848477fa2a4787ba9adf39a41?s=96&d=mm&r=g","caption":"Redacci\u00f3n QP"},"url":"https:\/\/quehacerpolitico.mx\/?author=2"}]}},"featured_image_urls":{"full":["https:\/\/quehacerpolitico.mx\/wp-content\/uploads\/2022\/05\/9E93EFF8-60AE-4D84-A5CA-7ABD15E88C79.jpeg",774,581,false],"thumbnail":["https:\/\/quehacerpolitico.mx\/wp-content\/uploads\/2022\/05\/9E93EFF8-60AE-4D84-A5CA-7ABD15E88C79-150x150.jpeg",150,150,true],"medium":["https:\/\/quehacerpolitico.mx\/wp-content\/uploads\/2022\/05\/9E93EFF8-60AE-4D84-A5CA-7ABD15E88C79-300x225.jpeg",300,225,true],"medium_large":["https:\/\/quehacerpolitico.mx\/wp-content\/uploads\/2022\/05\/9E93EFF8-60AE-4D84-A5CA-7ABD15E88C79-768x576.jpeg",640,480,true],"large":["https:\/\/quehacerpolitico.mx\/wp-content\/uploads\/2022\/05\/9E93EFF8-60AE-4D84-A5CA-7ABD15E88C79.jpeg",640,480,false],"1536x1536":["https:\/\/quehacerpolitico.mx\/wp-content\/uploads\/2022\/05\/9E93EFF8-60AE-4D84-A5CA-7ABD15E88C79.jpeg",774,581,false],"2048x2048":["https:\/\/quehacerpolitico.mx\/wp-content\/uploads\/2022\/05\/9E93EFF8-60AE-4D84-A5CA-7ABD15E88C79.jpeg",774,581,false],"covernews-featured":["https:\/\/quehacerpolitico.mx\/wp-content\/uploads\/2022\/05\/9E93EFF8-60AE-4D84-A5CA-7ABD15E88C79.jpeg",774,581,false],"covernews-medium":["https:\/\/quehacerpolitico.mx\/wp-content\/uploads\/2022\/05\/9E93EFF8-60AE-4D84-A5CA-7ABD15E88C79.jpeg",453,340,false]},"author_info":{"display_name":"Redacci\u00f3n QP","author_link":"https:\/\/quehacerpolitico.mx\/?author=2"},"category_info":"<a href=\"https:\/\/quehacerpolitico.mx\/?cat=2\" rel=\"category\">Noticias<\/a>","tag_info":"Noticias","comment_count":"0","_links":{"self":[{"href":"https:\/\/quehacerpolitico.mx\/index.php?rest_route=\/wp\/v2\/posts\/92641","targetHints":{"allow":["GET"]}}],"collection":[{"href":"https:\/\/quehacerpolitico.mx\/index.php?rest_route=\/wp\/v2\/posts"}],"about":[{"href":"https:\/\/quehacerpolitico.mx\/index.php?rest_route=\/wp\/v2\/types\/post"}],"author":[{"embeddable":true,"href":"https:\/\/quehacerpolitico.mx\/index.php?rest_route=\/wp\/v2\/users\/2"}],"replies":[{"embeddable":true,"href":"https:\/\/quehacerpolitico.mx\/index.php?rest_route=%2Fwp%2Fv2%2Fcomments&post=92641"}],"version-history":[{"count":1,"href":"https:\/\/quehacerpolitico.mx\/index.php?rest_route=\/wp\/v2\/posts\/92641\/revisions"}],"predecessor-version":[{"id":92643,"href":"https:\/\/quehacerpolitico.mx\/index.php?rest_route=\/wp\/v2\/posts\/92641\/revisions\/92643"}],"wp:featuredmedia":[{"embeddable":true,"href":"https:\/\/quehacerpolitico.mx\/index.php?rest_route=\/wp\/v2\/media\/92642"}],"wp:attachment":[{"href":"https:\/\/quehacerpolitico.mx\/index.php?rest_route=%2Fwp%2Fv2%2Fmedia&parent=92641"}],"wp:term":[{"taxonomy":"category","embeddable":true,"href":"https:\/\/quehacerpolitico.mx\/index.php?rest_route=%2Fwp%2Fv2%2Fcategories&post=92641"},{"taxonomy":"post_tag","embeddable":true,"href":"https:\/\/quehacerpolitico.mx\/index.php?rest_route=%2Fwp%2Fv2%2Ftags&post=92641"}],"curies":[{"name":"wp","href":"https:\/\/api.w.org\/{rel}","templated":true}]}}