{"id":92632,"date":"2022-05-30T14:45:13","date_gmt":"2022-05-30T14:45:13","guid":{"rendered":"https:\/\/quehacerpolitico.mx\/?p=92632"},"modified":"2022-05-30T14:45:16","modified_gmt":"2022-05-30T14:45:16","slug":"alcaldesa-de-tepic-reaparece-con-collarin-tras-accidente","status":"publish","type":"post","link":"https:\/\/quehacerpolitico.mx\/?p=92632","title":{"rendered":"Alcaldesa de Tepic reaparece con collar\u00edn tras accidente\u00a0"},"content":{"rendered":"\n<p>Por Redacci\u00f3n QP<\/p>\n\n\n\n<p>&#8220;Uno de los peores momentos de mi vida, si no es que el peor hasta ahora&#8221;, escribe\u00a0la alcaldesa en la publicaci\u00f3n<\/p>\n\n\n\n<p>La alcaldesa de Tepic, Geraldine Ponce, comparti\u00f3 en su cuenta de Instagram una fotograf\u00eda donde&nbsp;<strong>aparece portando un collar\u00edn luego del percance que sufri\u00f3 junto con su equipo de trabajo<\/strong>&nbsp;cuando la avioneta en la que viajaban tuvo problemas al momento de aterrizar ayer s\u00e1bado.<\/p>\n\n\n\n<p><strong>&#8220;Uno de los peores momentos de mi vida, si no es que el peor hasta ahora&#8221;<\/strong>, escribi\u00f3 la alcaldesa en la publicaci\u00f3n, donde comparte detalles sobre el percance que tuvo cuando se dirig\u00eda a la sierra Del Nayar.<\/p>\n\n\n\n<p>Se\u00f1al\u00f3 que el d\u00eda de ayer asisti\u00f3 a una asamblea en Jes\u00fas Mar\u00eda para la elaboraci\u00f3n de un plan de justicia de los pueblos originarios de Nayarit, Durango, Jalisco y que como es costumbre, rent\u00f3 una avioneta para viajar, ya que\u00a0<strong>por la agenda y la cantidad de gente que viajar\u00eda con ella &#8220;era m\u00e1s conveniente y barata esta forma de trasladarse&#8221;<\/strong>, dijo.<\/p>\n\n\n\n<p>Seg\u00fan su plan de vuelo, la aeronave aterrizar\u00eda en la pista de Mesa del Nayar, misma que se encuentra en buen estado, pero que tiene caracter\u00edsticas particulares por su ubicaci\u00f3n, ya que se encuentra a la orilla de una meseta, con cerros y barrancos cerca.<\/p>\n\n\n\n<p><strong>La alcaldesa narr\u00f3 que eran aproximadamente las 10 de la ma\u00f1ana cuando se\u00a0encontraban a punto de aterrizar<\/strong>, y que era la primera vez que tanto el piloto como ella y quienes la acompa\u00f1aban aterrizaban en dicha pista.<\/p>\n\n\n\n<figure class=\"wp-block-image\"><img decoding=\"async\" src=\"https:\/\/www.informador.mx\/export\/sites\/elinformador\/img\/2022\/05\/30\/tepic.png_395089740.png\" alt=\"\" title=\"\"\/><figcaption>INSTAGRAM \/ geraldineponcem&nbsp;<\/figcaption><\/figure>\n\n\n\n<p><strong>&#8220;La avioneta no present\u00f3 fallas en ning\u00fan momento ni hubo problemas durante el vuelo, solo durante el aterrizaje, ya que fue muy duro y al parecer con alta velocidad, adem\u00e1s de afectado por las corrientes de aire&#8221;<\/strong>.<\/p>\n\n\n\n<p>Mencion\u00f3 que por dichas condiciones,&nbsp;<strong>luego de que la avioneta golpeara la pista, brinc\u00f3 y despu\u00e9s del segundo golpe en el suelo se perdi\u00f3 completamente el control de la aeronave<\/strong>.<\/p>\n\n\n\n<p><strong>&#8220;El movimiento nos sac\u00f3 de la pista y nos arrastr\u00f3 mientras choc\u00e1bamos contra piedras y arbustos hasta que finalmente un \u00e1rbol nos detuvo&#8221;<\/strong>.<\/p>\n\n\n\n<p>Indic\u00f3 que mientras todo el percance ocurr\u00eda, tanto ella como el resto de los pasajeros se protegieron para evitar golpearse, adem\u00e1s de que ayud\u00f3 mucho que todos contaban con cintur\u00f3n de seguridad, aunque las sacudidas y los impactos les causaron algunas lesiones.<\/p>\n\n\n\n<p><strong>&#8220;En ese momento lo \u00fanico que ped\u00eda a Dios era que todo se detuviera y que todos estuvieran bien<\/strong>\u2026 solo pensaba &#8216;no es posible que esto est\u00e9 pasando'&#8221;, escribi\u00f3 en su publicaci\u00f3n.<\/p>\n\n\n\n<p>Geraldine Ponce contin\u00faa su narraci\u00f3n diciendo que luego de que la avioneta se detuviera descendieron r\u00e1pidamente y notaron que el combustible estaba tir\u00e1ndose, por lo que de manera inmediata y &#8220;por el miedo a una explosi\u00f3n&#8221; se alejaron.<\/p>\n\n\n\n<p>Agradeci\u00f3 a Dios por haberlos mantenido a todos sanos y salvos, sin heridas, aunque con algunas lesiones leves y\u00a0<strong>&#8220;el susto de nuestras vidas&#8221;<\/strong>.<\/p>\n\n\n\n<p>Tras el accidente, la alcaldesa contin\u00fao con su agenda de manera normal.<\/p>\n\n\n\n<p>Mencion\u00f3 que luego de regresar a Tepic,&nbsp;<strong>todos los ocupantes se sacaron radiograf\u00edas y \u00fanicamente les detectaron tensi\u00f3n<\/strong>.<\/p>\n\n\n\n<p>&#8220;A m\u00ed y al director del IMPLAN tambi\u00e9n nos detectaron contracturas en el cuello, por lo que estaremos usando collar\u00edn durante diez d\u00edas, adem\u00e1s de tomando desinflamatorios y relajantes musculares.<\/p>\n\n\n\n<p><strong>&#8220;Hoy vuelvo a confirmar: Dios es muy grande y nos da lecciones muy importantes en nuestras vidas<\/strong>, que con mucho gusto recibo para seguir aprendiendo y cumpliendo el prop\u00f3sito que me ha dado. Les agradezco infinitamente a todos&#8221;, concluy\u00f3.<\/p>\n\n\n\n<p>Con informaci\u00f3n de SUN<\/p>\n","protected":false},"excerpt":{"rendered":"<p>Por Redacci\u00f3n QP &#8220;Uno de los peores momentos de mi vida, si no es que&#8230;<\/p>\n","protected":false},"author":2,"featured_media":92633,"comment_status":"open","ping_status":"open","sticky":false,"template":"","format":"standard","meta":{"_monsterinsights_skip_tracking":false,"_monsterinsights_sitenote_active":false,"_monsterinsights_sitenote_note":"","_monsterinsights_sitenote_category":0,"footnotes":""},"categories":[2],"tags":[],"class_list":["post-92632","post","type-post","status-publish","format-standard","has-post-thumbnail","hentry","category-noticias"],"yoast_head":"<!-- This site is optimized with the Yoast SEO plugin v27.3 - https:\/\/yoast.com\/product\/yoast-seo-wordpress\/ -->\n<title>Alcaldesa de Tepic reaparece con collar\u00edn tras accidente\u00a0 -<\/title>\n<meta name=\"robots\" content=\"index, follow, max-snippet:-1, max-image-preview:large, max-video-preview:-1\" \/>\n<link rel=\"canonical\" href=\"https:\/\/quehacerpolitico.mx\/?p=92632\" \/>\n<meta property=\"og:locale\" content=\"es_MX\" \/>\n<meta property=\"og:type\" content=\"article\" \/>\n<meta property=\"og:title\" content=\"Alcaldesa de Tepic reaparece con collar\u00edn tras accidente\u00a0 -\" \/>\n<meta property=\"og:description\" content=\"Por Redacci\u00f3n QP &#8220;Uno de los peores momentos de mi vida, si no es que...\" \/>\n<meta property=\"og:url\" content=\"https:\/\/quehacerpolitico.mx\/?p=92632\" \/>\n<meta property=\"article:published_time\" content=\"2022-05-30T14:45:13+00:00\" \/>\n<meta property=\"article:modified_time\" content=\"2022-05-30T14:45:16+00:00\" \/>\n<meta property=\"og:image\" content=\"https:\/\/quehacerpolitico.mx\/wp-content\/uploads\/2022\/05\/1793B9D2-201F-4688-A5AC-CA73C18C05CB.jpeg\" \/>\n\t<meta property=\"og:image:width\" content=\"1284\" \/>\n\t<meta property=\"og:image:height\" content=\"1333\" \/>\n\t<meta property=\"og:image:type\" content=\"image\/jpeg\" \/>\n<meta name=\"author\" content=\"Redacci\u00f3n QP\" \/>\n<meta name=\"twitter:card\" content=\"summary_large_image\" \/>\n<meta name=\"twitter:label1\" content=\"Escrito por\" \/>\n\t<meta name=\"twitter:data1\" content=\"Redacci\u00f3n QP\" \/>\n\t<meta name=\"twitter:label2\" content=\"Tiempo de lectura\" \/>\n\t<meta name=\"twitter:data2\" content=\"3 minutos\" \/>\n<script type=\"application\/ld+json\" class=\"yoast-schema-graph\">{\"@context\":\"https:\\\/\\\/schema.org\",\"@graph\":[{\"@type\":\"Article\",\"@id\":\"https:\\\/\\\/quehacerpolitico.mx\\\/?p=92632#article\",\"isPartOf\":{\"@id\":\"https:\\\/\\\/quehacerpolitico.mx\\\/?p=92632\"},\"author\":{\"name\":\"Redacci\u00f3n QP\",\"@id\":\"https:\\\/\\\/quehacerpolitico.mx\\\/#\\\/schema\\\/person\\\/496d8ad2d1d3f8036101dca7ee39e585\"},\"headline\":\"Alcaldesa de Tepic reaparece con collar\u00edn tras accidente\u00a0\",\"datePublished\":\"2022-05-30T14:45:13+00:00\",\"dateModified\":\"2022-05-30T14:45:16+00:00\",\"mainEntityOfPage\":{\"@id\":\"https:\\\/\\\/quehacerpolitico.mx\\\/?p=92632\"},\"wordCount\":641,\"commentCount\":0,\"image\":{\"@id\":\"https:\\\/\\\/quehacerpolitico.mx\\\/?p=92632#primaryimage\"},\"thumbnailUrl\":\"https:\\\/\\\/quehacerpolitico.mx\\\/wp-content\\\/uploads\\\/2022\\\/05\\\/1793B9D2-201F-4688-A5AC-CA73C18C05CB.jpeg\",\"articleSection\":[\"Noticias\"],\"inLanguage\":\"es\",\"potentialAction\":[{\"@type\":\"CommentAction\",\"name\":\"Comment\",\"target\":[\"https:\\\/\\\/quehacerpolitico.mx\\\/?p=92632#respond\"]}]},{\"@type\":\"WebPage\",\"@id\":\"https:\\\/\\\/quehacerpolitico.mx\\\/?p=92632\",\"url\":\"https:\\\/\\\/quehacerpolitico.mx\\\/?p=92632\",\"name\":\"Alcaldesa de Tepic reaparece con collar\u00edn tras accidente\u00a0 -\",\"isPartOf\":{\"@id\":\"https:\\\/\\\/quehacerpolitico.mx\\\/#website\"},\"primaryImageOfPage\":{\"@id\":\"https:\\\/\\\/quehacerpolitico.mx\\\/?p=92632#primaryimage\"},\"image\":{\"@id\":\"https:\\\/\\\/quehacerpolitico.mx\\\/?p=92632#primaryimage\"},\"thumbnailUrl\":\"https:\\\/\\\/quehacerpolitico.mx\\\/wp-content\\\/uploads\\\/2022\\\/05\\\/1793B9D2-201F-4688-A5AC-CA73C18C05CB.jpeg\",\"datePublished\":\"2022-05-30T14:45:13+00:00\",\"dateModified\":\"2022-05-30T14:45:16+00:00\",\"author\":{\"@id\":\"https:\\\/\\\/quehacerpolitico.mx\\\/#\\\/schema\\\/person\\\/496d8ad2d1d3f8036101dca7ee39e585\"},\"breadcrumb\":{\"@id\":\"https:\\\/\\\/quehacerpolitico.mx\\\/?p=92632#breadcrumb\"},\"inLanguage\":\"es\",\"potentialAction\":[{\"@type\":\"ReadAction\",\"target\":[\"https:\\\/\\\/quehacerpolitico.mx\\\/?p=92632\"]}]},{\"@type\":\"ImageObject\",\"inLanguage\":\"es\",\"@id\":\"https:\\\/\\\/quehacerpolitico.mx\\\/?p=92632#primaryimage\",\"url\":\"https:\\\/\\\/quehacerpolitico.mx\\\/wp-content\\\/uploads\\\/2022\\\/05\\\/1793B9D2-201F-4688-A5AC-CA73C18C05CB.jpeg\",\"contentUrl\":\"https:\\\/\\\/quehacerpolitico.mx\\\/wp-content\\\/uploads\\\/2022\\\/05\\\/1793B9D2-201F-4688-A5AC-CA73C18C05CB.jpeg\",\"width\":1284,\"height\":1333},{\"@type\":\"BreadcrumbList\",\"@id\":\"https:\\\/\\\/quehacerpolitico.mx\\\/?p=92632#breadcrumb\",\"itemListElement\":[{\"@type\":\"ListItem\",\"position\":1,\"name\":\"Inicio\",\"item\":\"https:\\\/\\\/quehacerpolitico.mx\\\/\"},{\"@type\":\"ListItem\",\"position\":2,\"name\":\"Alcaldesa de Tepic reaparece con collar\u00edn tras accidente\u00a0\"}]},{\"@type\":\"WebSite\",\"@id\":\"https:\\\/\\\/quehacerpolitico.mx\\\/#website\",\"url\":\"https:\\\/\\\/quehacerpolitico.mx\\\/\",\"name\":\"\",\"description\":\"\",\"potentialAction\":[{\"@type\":\"SearchAction\",\"target\":{\"@type\":\"EntryPoint\",\"urlTemplate\":\"https:\\\/\\\/quehacerpolitico.mx\\\/?s={search_term_string}\"},\"query-input\":{\"@type\":\"PropertyValueSpecification\",\"valueRequired\":true,\"valueName\":\"search_term_string\"}}],\"inLanguage\":\"es\"},{\"@type\":\"Person\",\"@id\":\"https:\\\/\\\/quehacerpolitico.mx\\\/#\\\/schema\\\/person\\\/496d8ad2d1d3f8036101dca7ee39e585\",\"name\":\"Redacci\u00f3n QP\",\"image\":{\"@type\":\"ImageObject\",\"inLanguage\":\"es\",\"@id\":\"https:\\\/\\\/secure.gravatar.com\\\/avatar\\\/c7164ed6fdec453195284ad24a5ae5b6e1eed2b848477fa2a4787ba9adf39a41?s=96&d=mm&r=g\",\"url\":\"https:\\\/\\\/secure.gravatar.com\\\/avatar\\\/c7164ed6fdec453195284ad24a5ae5b6e1eed2b848477fa2a4787ba9adf39a41?s=96&d=mm&r=g\",\"contentUrl\":\"https:\\\/\\\/secure.gravatar.com\\\/avatar\\\/c7164ed6fdec453195284ad24a5ae5b6e1eed2b848477fa2a4787ba9adf39a41?s=96&d=mm&r=g\",\"caption\":\"Redacci\u00f3n QP\"},\"url\":\"https:\\\/\\\/quehacerpolitico.mx\\\/?author=2\"}]}<\/script>\n<!-- \/ Yoast SEO plugin. -->","yoast_head_json":{"title":"Alcaldesa de Tepic reaparece con collar\u00edn tras accidente\u00a0 -","robots":{"index":"index","follow":"follow","max-snippet":"max-snippet:-1","max-image-preview":"max-image-preview:large","max-video-preview":"max-video-preview:-1"},"canonical":"https:\/\/quehacerpolitico.mx\/?p=92632","og_locale":"es_MX","og_type":"article","og_title":"Alcaldesa de Tepic reaparece con collar\u00edn tras accidente\u00a0 -","og_description":"Por Redacci\u00f3n QP &#8220;Uno de los peores momentos de mi vida, si no es que...","og_url":"https:\/\/quehacerpolitico.mx\/?p=92632","article_published_time":"2022-05-30T14:45:13+00:00","article_modified_time":"2022-05-30T14:45:16+00:00","og_image":[{"width":1284,"height":1333,"url":"https:\/\/quehacerpolitico.mx\/wp-content\/uploads\/2022\/05\/1793B9D2-201F-4688-A5AC-CA73C18C05CB.jpeg","type":"image\/jpeg"}],"author":"Redacci\u00f3n QP","twitter_card":"summary_large_image","twitter_misc":{"Escrito por":"Redacci\u00f3n QP","Tiempo de lectura":"3 minutos"},"schema":{"@context":"https:\/\/schema.org","@graph":[{"@type":"Article","@id":"https:\/\/quehacerpolitico.mx\/?p=92632#article","isPartOf":{"@id":"https:\/\/quehacerpolitico.mx\/?p=92632"},"author":{"name":"Redacci\u00f3n QP","@id":"https:\/\/quehacerpolitico.mx\/#\/schema\/person\/496d8ad2d1d3f8036101dca7ee39e585"},"headline":"Alcaldesa de Tepic reaparece con collar\u00edn tras accidente\u00a0","datePublished":"2022-05-30T14:45:13+00:00","dateModified":"2022-05-30T14:45:16+00:00","mainEntityOfPage":{"@id":"https:\/\/quehacerpolitico.mx\/?p=92632"},"wordCount":641,"commentCount":0,"image":{"@id":"https:\/\/quehacerpolitico.mx\/?p=92632#primaryimage"},"thumbnailUrl":"https:\/\/quehacerpolitico.mx\/wp-content\/uploads\/2022\/05\/1793B9D2-201F-4688-A5AC-CA73C18C05CB.jpeg","articleSection":["Noticias"],"inLanguage":"es","potentialAction":[{"@type":"CommentAction","name":"Comment","target":["https:\/\/quehacerpolitico.mx\/?p=92632#respond"]}]},{"@type":"WebPage","@id":"https:\/\/quehacerpolitico.mx\/?p=92632","url":"https:\/\/quehacerpolitico.mx\/?p=92632","name":"Alcaldesa de Tepic reaparece con collar\u00edn tras accidente\u00a0 -","isPartOf":{"@id":"https:\/\/quehacerpolitico.mx\/#website"},"primaryImageOfPage":{"@id":"https:\/\/quehacerpolitico.mx\/?p=92632#primaryimage"},"image":{"@id":"https:\/\/quehacerpolitico.mx\/?p=92632#primaryimage"},"thumbnailUrl":"https:\/\/quehacerpolitico.mx\/wp-content\/uploads\/2022\/05\/1793B9D2-201F-4688-A5AC-CA73C18C05CB.jpeg","datePublished":"2022-05-30T14:45:13+00:00","dateModified":"2022-05-30T14:45:16+00:00","author":{"@id":"https:\/\/quehacerpolitico.mx\/#\/schema\/person\/496d8ad2d1d3f8036101dca7ee39e585"},"breadcrumb":{"@id":"https:\/\/quehacerpolitico.mx\/?p=92632#breadcrumb"},"inLanguage":"es","potentialAction":[{"@type":"ReadAction","target":["https:\/\/quehacerpolitico.mx\/?p=92632"]}]},{"@type":"ImageObject","inLanguage":"es","@id":"https:\/\/quehacerpolitico.mx\/?p=92632#primaryimage","url":"https:\/\/quehacerpolitico.mx\/wp-content\/uploads\/2022\/05\/1793B9D2-201F-4688-A5AC-CA73C18C05CB.jpeg","contentUrl":"https:\/\/quehacerpolitico.mx\/wp-content\/uploads\/2022\/05\/1793B9D2-201F-4688-A5AC-CA73C18C05CB.jpeg","width":1284,"height":1333},{"@type":"BreadcrumbList","@id":"https:\/\/quehacerpolitico.mx\/?p=92632#breadcrumb","itemListElement":[{"@type":"ListItem","position":1,"name":"Inicio","item":"https:\/\/quehacerpolitico.mx\/"},{"@type":"ListItem","position":2,"name":"Alcaldesa de Tepic reaparece con collar\u00edn tras accidente\u00a0"}]},{"@type":"WebSite","@id":"https:\/\/quehacerpolitico.mx\/#website","url":"https:\/\/quehacerpolitico.mx\/","name":"","description":"","potentialAction":[{"@type":"SearchAction","target":{"@type":"EntryPoint","urlTemplate":"https:\/\/quehacerpolitico.mx\/?s={search_term_string}"},"query-input":{"@type":"PropertyValueSpecification","valueRequired":true,"valueName":"search_term_string"}}],"inLanguage":"es"},{"@type":"Person","@id":"https:\/\/quehacerpolitico.mx\/#\/schema\/person\/496d8ad2d1d3f8036101dca7ee39e585","name":"Redacci\u00f3n QP","image":{"@type":"ImageObject","inLanguage":"es","@id":"https:\/\/secure.gravatar.com\/avatar\/c7164ed6fdec453195284ad24a5ae5b6e1eed2b848477fa2a4787ba9adf39a41?s=96&d=mm&r=g","url":"https:\/\/secure.gravatar.com\/avatar\/c7164ed6fdec453195284ad24a5ae5b6e1eed2b848477fa2a4787ba9adf39a41?s=96&d=mm&r=g","contentUrl":"https:\/\/secure.gravatar.com\/avatar\/c7164ed6fdec453195284ad24a5ae5b6e1eed2b848477fa2a4787ba9adf39a41?s=96&d=mm&r=g","caption":"Redacci\u00f3n QP"},"url":"https:\/\/quehacerpolitico.mx\/?author=2"}]}},"featured_image_urls":{"full":["https:\/\/quehacerpolitico.mx\/wp-content\/uploads\/2022\/05\/1793B9D2-201F-4688-A5AC-CA73C18C05CB.jpeg",1284,1333,false],"thumbnail":["https:\/\/quehacerpolitico.mx\/wp-content\/uploads\/2022\/05\/1793B9D2-201F-4688-A5AC-CA73C18C05CB-150x150.jpeg",150,150,true],"medium":["https:\/\/quehacerpolitico.mx\/wp-content\/uploads\/2022\/05\/1793B9D2-201F-4688-A5AC-CA73C18C05CB-289x300.jpeg",289,300,true],"medium_large":["https:\/\/quehacerpolitico.mx\/wp-content\/uploads\/2022\/05\/1793B9D2-201F-4688-A5AC-CA73C18C05CB-768x797.jpeg",640,664,true],"large":["https:\/\/quehacerpolitico.mx\/wp-content\/uploads\/2022\/05\/1793B9D2-201F-4688-A5AC-CA73C18C05CB-986x1024.jpeg",640,665,true],"1536x1536":["https:\/\/quehacerpolitico.mx\/wp-content\/uploads\/2022\/05\/1793B9D2-201F-4688-A5AC-CA73C18C05CB.jpeg",1284,1333,false],"2048x2048":["https:\/\/quehacerpolitico.mx\/wp-content\/uploads\/2022\/05\/1793B9D2-201F-4688-A5AC-CA73C18C05CB.jpeg",1284,1333,false],"covernews-featured":["https:\/\/quehacerpolitico.mx\/wp-content\/uploads\/2022\/05\/1793B9D2-201F-4688-A5AC-CA73C18C05CB.jpeg",1024,1063,false],"covernews-medium":["https:\/\/quehacerpolitico.mx\/wp-content\/uploads\/2022\/05\/1793B9D2-201F-4688-A5AC-CA73C18C05CB.jpeg",328,340,false]},"author_info":{"display_name":"Redacci\u00f3n QP","author_link":"https:\/\/quehacerpolitico.mx\/?author=2"},"category_info":"<a href=\"https:\/\/quehacerpolitico.mx\/?cat=2\" rel=\"category\">Noticias<\/a>","tag_info":"Noticias","comment_count":"0","_links":{"self":[{"href":"https:\/\/quehacerpolitico.mx\/index.php?rest_route=\/wp\/v2\/posts\/92632","targetHints":{"allow":["GET"]}}],"collection":[{"href":"https:\/\/quehacerpolitico.mx\/index.php?rest_route=\/wp\/v2\/posts"}],"about":[{"href":"https:\/\/quehacerpolitico.mx\/index.php?rest_route=\/wp\/v2\/types\/post"}],"author":[{"embeddable":true,"href":"https:\/\/quehacerpolitico.mx\/index.php?rest_route=\/wp\/v2\/users\/2"}],"replies":[{"embeddable":true,"href":"https:\/\/quehacerpolitico.mx\/index.php?rest_route=%2Fwp%2Fv2%2Fcomments&post=92632"}],"version-history":[{"count":1,"href":"https:\/\/quehacerpolitico.mx\/index.php?rest_route=\/wp\/v2\/posts\/92632\/revisions"}],"predecessor-version":[{"id":92634,"href":"https:\/\/quehacerpolitico.mx\/index.php?rest_route=\/wp\/v2\/posts\/92632\/revisions\/92634"}],"wp:featuredmedia":[{"embeddable":true,"href":"https:\/\/quehacerpolitico.mx\/index.php?rest_route=\/wp\/v2\/media\/92633"}],"wp:attachment":[{"href":"https:\/\/quehacerpolitico.mx\/index.php?rest_route=%2Fwp%2Fv2%2Fmedia&parent=92632"}],"wp:term":[{"taxonomy":"category","embeddable":true,"href":"https:\/\/quehacerpolitico.mx\/index.php?rest_route=%2Fwp%2Fv2%2Fcategories&post=92632"},{"taxonomy":"post_tag","embeddable":true,"href":"https:\/\/quehacerpolitico.mx\/index.php?rest_route=%2Fwp%2Fv2%2Ftags&post=92632"}],"curies":[{"name":"wp","href":"https:\/\/api.w.org\/{rel}","templated":true}]}}