{"id":92551,"date":"2022-05-26T19:02:43","date_gmt":"2022-05-26T19:02:43","guid":{"rendered":"https:\/\/quehacerpolitico.mx\/?p=92551"},"modified":"2022-05-26T19:02:50","modified_gmt":"2022-05-26T19:02:50","slug":"asesinan-al-presidente-del-dif-de-acayucan-veracruz","status":"publish","type":"post","link":"https:\/\/quehacerpolitico.mx\/?p=92551","title":{"rendered":"Asesinan al presidente del DIF de Acayucan Veracruz"},"content":{"rendered":"\n<p>Por Redacci\u00f3n QP<\/p>\n\n\n\n<p>Un sujeto armado ingres\u00f3 a un evento con mujeres y asesin\u00f3 al presidente del DIF de Acayucan, Veracruz<\/p>\n\n\n\n<p><strong>Clemente Nagasaki Condado<\/strong>, presidente del\u00a0<strong>DIF<\/strong>\u00a0de\u00a0<strong>Acayucan<\/strong>, Veracruz, fue\u00a0<strong>asesinado<\/strong>\u00a0durante un evento.<\/p>\n\n\n\n<figure class=\"wp-block-embed is-type-rich is-provider-twitter wp-block-embed-twitter\"><div class=\"wp-block-embed__wrapper\">\nhttps:\/\/twitter.com\/ruidoenlared\/status\/1529880633782243328?s=21&#038;t=2sAEthdS8dHrMr2zJvfRfg\n<\/div><\/figure>\n\n\n\n<p>El funcionario se encontraba en una\u00a0<strong>reuni\u00f3n<\/strong>\u00a0con mujeres cuando fue interceptado por un\u00a0<strong>sujeto armado<\/strong>\u00a0y le dispar\u00f3 en varias ocasiones.<\/p>\n\n\n\n<p>Personal de Protecci\u00f3n Civil del municipio lleg\u00f3 al sal\u00f3n de eventos sociales \u2018Los Manguitos\u2019 para brindar los&nbsp;<strong>primeros auxilios<\/strong>&nbsp;al hombre, pero solo pudieron certificar su&nbsp;<strong>muerte<\/strong>.<\/p>\n\n\n\n<p>Minutos despu\u00e9s llegaron autoridades quienes procedieron con el desalojo del lugar.<\/p>\n\n\n\n<p>El evento durante el cual ocurri\u00f3 el asesinato estaba dedicado a la lucha contra el&nbsp;<strong>c\u00e1ncer<\/strong>.<\/p>\n\n\n\n<p><strong>Clemente Nagasaki Condado&nbsp;<\/strong>hab\u00eda contendido en dos ocasiones por la Presidencia Municipal de Acayucan y se preve\u00eda que volviera a lanzarse como candidato en 2024.<\/p>\n\n\n\n<p>Tras el asesinato del funcionario la\u00a0<strong>Fiscal\u00eda General del Estado<\/strong>(FGE) de\u00a0<strong>Veracruz<\/strong>\u00a0se comprometi\u00f3 a agotar todas las l\u00edneas de investigaci\u00f3n.<\/p>\n\n\n\n<p>La fiscal Ver\u00f3nica Hern\u00e1ndez\u00a0asegur\u00f3 que \u201cno habr\u00e1 impunidad\u201d en el caso.<\/p>\n\n\n\n<figure class=\"wp-block-embed is-type-rich is-provider-twitter wp-block-embed-twitter\"><div class=\"wp-block-embed__wrapper\">\n<blockquote class=\"twitter-tweet\" data-width=\"550\" data-dnt=\"true\"><p lang=\"es\" dir=\"ltr\">La Fiscal General del Estado, Ver\u00f3nica Hern\u00e1ndez Giad\u00e1ns, afirma que no habr\u00e1 impunidad y  se agotar\u00e1n todas las l\u00edneas de investigaci\u00f3n.<\/p>&mdash; FGE Veracruz (@FGE_Veracruz) <a href=\"https:\/\/twitter.com\/FGE_Veracruz\/status\/1529874850566639630?ref_src=twsrc%5Etfw\">May 26, 2022<\/a><\/blockquote><script async src=\"https:\/\/platform.twitter.com\/widgets.js\" charset=\"utf-8\"><\/script>\n<\/div><\/figure>\n\n\n\n<figure class=\"wp-block-embed is-type-rich is-provider-twitter wp-block-embed-twitter\"><div class=\"wp-block-embed__wrapper\">\n<blockquote class=\"twitter-tweet\" data-width=\"550\" data-dnt=\"true\"><p lang=\"es\" dir=\"ltr\">Fiscales, peritos y polic\u00edas ministeriales, llevan a cabo las diligencias que permitan establecer las causas y dar con el o los responsables del mismo.<\/p>&mdash; FGE Veracruz (@FGE_Veracruz) <a href=\"https:\/\/twitter.com\/FGE_Veracruz\/status\/1529874766953189385?ref_src=twsrc%5Etfw\">May 26, 2022<\/a><\/blockquote><script async src=\"https:\/\/platform.twitter.com\/widgets.js\" charset=\"utf-8\"><\/script>\n<\/div><\/figure>\n\n\n\n<figure class=\"wp-block-embed is-type-rich is-provider-twitter wp-block-embed-twitter\"><div class=\"wp-block-embed__wrapper\">\n<blockquote class=\"twitter-tweet\" data-width=\"550\" data-dnt=\"true\"><p lang=\"es\" dir=\"ltr\">La Fiscal\u00eda General del Estado informa que se inici\u00f3 carpeta de investigaci\u00f3n por los hechos en los que perdiera la vida el  Presidente del DIF municipal de Acayucan, Clemente Nagasaki Condado, suscitado esta ma\u00f1ana en el sal\u00f3n \u201cLos Manguitos\u201d, de ese municipio.<\/p>&mdash; FGE Veracruz (@FGE_Veracruz) <a href=\"https:\/\/twitter.com\/FGE_Veracruz\/status\/1529874621322780672?ref_src=twsrc%5Etfw\">May 26, 2022<\/a><\/blockquote><script async src=\"https:\/\/platform.twitter.com\/widgets.js\" charset=\"utf-8\"><\/script>\n<\/div><\/figure>\n\n\n\n<p>Con informaci\u00f3n de Diario del Istmo<\/p>\n","protected":false},"excerpt":{"rendered":"<p>Por Redacci\u00f3n QP Un sujeto armado ingres\u00f3 a un evento con mujeres y asesin\u00f3 al&#8230;<\/p>\n","protected":false},"author":2,"featured_media":92552,"comment_status":"open","ping_status":"open","sticky":false,"template":"","format":"standard","meta":{"_monsterinsights_skip_tracking":false,"_monsterinsights_sitenote_active":false,"_monsterinsights_sitenote_note":"","_monsterinsights_sitenote_category":0,"footnotes":""},"categories":[2],"tags":[],"class_list":["post-92551","post","type-post","status-publish","format-standard","has-post-thumbnail","hentry","category-noticias"],"yoast_head":"<!-- This site is optimized with the Yoast SEO plugin v27.3 - https:\/\/yoast.com\/product\/yoast-seo-wordpress\/ -->\n<title>Asesinan al presidente del DIF de Acayucan Veracruz -<\/title>\n<meta name=\"robots\" content=\"index, follow, max-snippet:-1, max-image-preview:large, max-video-preview:-1\" \/>\n<link rel=\"canonical\" href=\"https:\/\/quehacerpolitico.mx\/?p=92551\" \/>\n<meta property=\"og:locale\" content=\"es_MX\" \/>\n<meta property=\"og:type\" content=\"article\" \/>\n<meta property=\"og:title\" content=\"Asesinan al presidente del DIF de Acayucan Veracruz -\" \/>\n<meta property=\"og:description\" content=\"Por Redacci\u00f3n QP Un sujeto armado ingres\u00f3 a un evento con mujeres y asesin\u00f3 al...\" \/>\n<meta property=\"og:url\" content=\"https:\/\/quehacerpolitico.mx\/?p=92551\" \/>\n<meta property=\"article:published_time\" content=\"2022-05-26T19:02:43+00:00\" \/>\n<meta property=\"article:modified_time\" content=\"2022-05-26T19:02:50+00:00\" \/>\n<meta property=\"og:image\" content=\"https:\/\/quehacerpolitico.mx\/wp-content\/uploads\/2022\/05\/2A76BB60-85B5-46E2-9168-B9F17D7979DF.jpeg\" \/>\n\t<meta property=\"og:image:width\" content=\"1284\" \/>\n\t<meta property=\"og:image:height\" content=\"710\" \/>\n\t<meta property=\"og:image:type\" content=\"image\/jpeg\" \/>\n<meta name=\"author\" content=\"Redacci\u00f3n QP\" \/>\n<meta name=\"twitter:card\" content=\"summary_large_image\" \/>\n<meta name=\"twitter:label1\" content=\"Escrito por\" \/>\n\t<meta name=\"twitter:data1\" content=\"Redacci\u00f3n QP\" \/>\n\t<meta name=\"twitter:label2\" content=\"Tiempo de lectura\" \/>\n\t<meta name=\"twitter:data2\" content=\"1 minuto\" \/>\n<script type=\"application\/ld+json\" class=\"yoast-schema-graph\">{\"@context\":\"https:\\\/\\\/schema.org\",\"@graph\":[{\"@type\":\"Article\",\"@id\":\"https:\\\/\\\/quehacerpolitico.mx\\\/?p=92551#article\",\"isPartOf\":{\"@id\":\"https:\\\/\\\/quehacerpolitico.mx\\\/?p=92551\"},\"author\":{\"name\":\"Redacci\u00f3n QP\",\"@id\":\"https:\\\/\\\/quehacerpolitico.mx\\\/#\\\/schema\\\/person\\\/496d8ad2d1d3f8036101dca7ee39e585\"},\"headline\":\"Asesinan al presidente del DIF de Acayucan Veracruz\",\"datePublished\":\"2022-05-26T19:02:43+00:00\",\"dateModified\":\"2022-05-26T19:02:50+00:00\",\"mainEntityOfPage\":{\"@id\":\"https:\\\/\\\/quehacerpolitico.mx\\\/?p=92551\"},\"wordCount\":249,\"commentCount\":0,\"image\":{\"@id\":\"https:\\\/\\\/quehacerpolitico.mx\\\/?p=92551#primaryimage\"},\"thumbnailUrl\":\"https:\\\/\\\/quehacerpolitico.mx\\\/wp-content\\\/uploads\\\/2022\\\/05\\\/2A76BB60-85B5-46E2-9168-B9F17D7979DF.jpeg\",\"articleSection\":[\"Noticias\"],\"inLanguage\":\"es\",\"potentialAction\":[{\"@type\":\"CommentAction\",\"name\":\"Comment\",\"target\":[\"https:\\\/\\\/quehacerpolitico.mx\\\/?p=92551#respond\"]}]},{\"@type\":\"WebPage\",\"@id\":\"https:\\\/\\\/quehacerpolitico.mx\\\/?p=92551\",\"url\":\"https:\\\/\\\/quehacerpolitico.mx\\\/?p=92551\",\"name\":\"Asesinan al presidente del DIF de Acayucan Veracruz -\",\"isPartOf\":{\"@id\":\"https:\\\/\\\/quehacerpolitico.mx\\\/#website\"},\"primaryImageOfPage\":{\"@id\":\"https:\\\/\\\/quehacerpolitico.mx\\\/?p=92551#primaryimage\"},\"image\":{\"@id\":\"https:\\\/\\\/quehacerpolitico.mx\\\/?p=92551#primaryimage\"},\"thumbnailUrl\":\"https:\\\/\\\/quehacerpolitico.mx\\\/wp-content\\\/uploads\\\/2022\\\/05\\\/2A76BB60-85B5-46E2-9168-B9F17D7979DF.jpeg\",\"datePublished\":\"2022-05-26T19:02:43+00:00\",\"dateModified\":\"2022-05-26T19:02:50+00:00\",\"author\":{\"@id\":\"https:\\\/\\\/quehacerpolitico.mx\\\/#\\\/schema\\\/person\\\/496d8ad2d1d3f8036101dca7ee39e585\"},\"breadcrumb\":{\"@id\":\"https:\\\/\\\/quehacerpolitico.mx\\\/?p=92551#breadcrumb\"},\"inLanguage\":\"es\",\"potentialAction\":[{\"@type\":\"ReadAction\",\"target\":[\"https:\\\/\\\/quehacerpolitico.mx\\\/?p=92551\"]}]},{\"@type\":\"ImageObject\",\"inLanguage\":\"es\",\"@id\":\"https:\\\/\\\/quehacerpolitico.mx\\\/?p=92551#primaryimage\",\"url\":\"https:\\\/\\\/quehacerpolitico.mx\\\/wp-content\\\/uploads\\\/2022\\\/05\\\/2A76BB60-85B5-46E2-9168-B9F17D7979DF.jpeg\",\"contentUrl\":\"https:\\\/\\\/quehacerpolitico.mx\\\/wp-content\\\/uploads\\\/2022\\\/05\\\/2A76BB60-85B5-46E2-9168-B9F17D7979DF.jpeg\",\"width\":1284,\"height\":710},{\"@type\":\"BreadcrumbList\",\"@id\":\"https:\\\/\\\/quehacerpolitico.mx\\\/?p=92551#breadcrumb\",\"itemListElement\":[{\"@type\":\"ListItem\",\"position\":1,\"name\":\"Inicio\",\"item\":\"https:\\\/\\\/quehacerpolitico.mx\\\/\"},{\"@type\":\"ListItem\",\"position\":2,\"name\":\"Asesinan al presidente del DIF de Acayucan Veracruz\"}]},{\"@type\":\"WebSite\",\"@id\":\"https:\\\/\\\/quehacerpolitico.mx\\\/#website\",\"url\":\"https:\\\/\\\/quehacerpolitico.mx\\\/\",\"name\":\"\",\"description\":\"\",\"potentialAction\":[{\"@type\":\"SearchAction\",\"target\":{\"@type\":\"EntryPoint\",\"urlTemplate\":\"https:\\\/\\\/quehacerpolitico.mx\\\/?s={search_term_string}\"},\"query-input\":{\"@type\":\"PropertyValueSpecification\",\"valueRequired\":true,\"valueName\":\"search_term_string\"}}],\"inLanguage\":\"es\"},{\"@type\":\"Person\",\"@id\":\"https:\\\/\\\/quehacerpolitico.mx\\\/#\\\/schema\\\/person\\\/496d8ad2d1d3f8036101dca7ee39e585\",\"name\":\"Redacci\u00f3n QP\",\"image\":{\"@type\":\"ImageObject\",\"inLanguage\":\"es\",\"@id\":\"https:\\\/\\\/secure.gravatar.com\\\/avatar\\\/c7164ed6fdec453195284ad24a5ae5b6e1eed2b848477fa2a4787ba9adf39a41?s=96&d=mm&r=g\",\"url\":\"https:\\\/\\\/secure.gravatar.com\\\/avatar\\\/c7164ed6fdec453195284ad24a5ae5b6e1eed2b848477fa2a4787ba9adf39a41?s=96&d=mm&r=g\",\"contentUrl\":\"https:\\\/\\\/secure.gravatar.com\\\/avatar\\\/c7164ed6fdec453195284ad24a5ae5b6e1eed2b848477fa2a4787ba9adf39a41?s=96&d=mm&r=g\",\"caption\":\"Redacci\u00f3n QP\"},\"url\":\"https:\\\/\\\/quehacerpolitico.mx\\\/?author=2\"}]}<\/script>\n<!-- \/ Yoast SEO plugin. -->","yoast_head_json":{"title":"Asesinan al presidente del DIF de Acayucan Veracruz -","robots":{"index":"index","follow":"follow","max-snippet":"max-snippet:-1","max-image-preview":"max-image-preview:large","max-video-preview":"max-video-preview:-1"},"canonical":"https:\/\/quehacerpolitico.mx\/?p=92551","og_locale":"es_MX","og_type":"article","og_title":"Asesinan al presidente del DIF de Acayucan Veracruz -","og_description":"Por Redacci\u00f3n QP Un sujeto armado ingres\u00f3 a un evento con mujeres y asesin\u00f3 al...","og_url":"https:\/\/quehacerpolitico.mx\/?p=92551","article_published_time":"2022-05-26T19:02:43+00:00","article_modified_time":"2022-05-26T19:02:50+00:00","og_image":[{"width":1284,"height":710,"url":"https:\/\/quehacerpolitico.mx\/wp-content\/uploads\/2022\/05\/2A76BB60-85B5-46E2-9168-B9F17D7979DF.jpeg","type":"image\/jpeg"}],"author":"Redacci\u00f3n QP","twitter_card":"summary_large_image","twitter_misc":{"Escrito por":"Redacci\u00f3n QP","Tiempo de lectura":"1 minuto"},"schema":{"@context":"https:\/\/schema.org","@graph":[{"@type":"Article","@id":"https:\/\/quehacerpolitico.mx\/?p=92551#article","isPartOf":{"@id":"https:\/\/quehacerpolitico.mx\/?p=92551"},"author":{"name":"Redacci\u00f3n QP","@id":"https:\/\/quehacerpolitico.mx\/#\/schema\/person\/496d8ad2d1d3f8036101dca7ee39e585"},"headline":"Asesinan al presidente del DIF de Acayucan Veracruz","datePublished":"2022-05-26T19:02:43+00:00","dateModified":"2022-05-26T19:02:50+00:00","mainEntityOfPage":{"@id":"https:\/\/quehacerpolitico.mx\/?p=92551"},"wordCount":249,"commentCount":0,"image":{"@id":"https:\/\/quehacerpolitico.mx\/?p=92551#primaryimage"},"thumbnailUrl":"https:\/\/quehacerpolitico.mx\/wp-content\/uploads\/2022\/05\/2A76BB60-85B5-46E2-9168-B9F17D7979DF.jpeg","articleSection":["Noticias"],"inLanguage":"es","potentialAction":[{"@type":"CommentAction","name":"Comment","target":["https:\/\/quehacerpolitico.mx\/?p=92551#respond"]}]},{"@type":"WebPage","@id":"https:\/\/quehacerpolitico.mx\/?p=92551","url":"https:\/\/quehacerpolitico.mx\/?p=92551","name":"Asesinan al presidente del DIF de Acayucan Veracruz -","isPartOf":{"@id":"https:\/\/quehacerpolitico.mx\/#website"},"primaryImageOfPage":{"@id":"https:\/\/quehacerpolitico.mx\/?p=92551#primaryimage"},"image":{"@id":"https:\/\/quehacerpolitico.mx\/?p=92551#primaryimage"},"thumbnailUrl":"https:\/\/quehacerpolitico.mx\/wp-content\/uploads\/2022\/05\/2A76BB60-85B5-46E2-9168-B9F17D7979DF.jpeg","datePublished":"2022-05-26T19:02:43+00:00","dateModified":"2022-05-26T19:02:50+00:00","author":{"@id":"https:\/\/quehacerpolitico.mx\/#\/schema\/person\/496d8ad2d1d3f8036101dca7ee39e585"},"breadcrumb":{"@id":"https:\/\/quehacerpolitico.mx\/?p=92551#breadcrumb"},"inLanguage":"es","potentialAction":[{"@type":"ReadAction","target":["https:\/\/quehacerpolitico.mx\/?p=92551"]}]},{"@type":"ImageObject","inLanguage":"es","@id":"https:\/\/quehacerpolitico.mx\/?p=92551#primaryimage","url":"https:\/\/quehacerpolitico.mx\/wp-content\/uploads\/2022\/05\/2A76BB60-85B5-46E2-9168-B9F17D7979DF.jpeg","contentUrl":"https:\/\/quehacerpolitico.mx\/wp-content\/uploads\/2022\/05\/2A76BB60-85B5-46E2-9168-B9F17D7979DF.jpeg","width":1284,"height":710},{"@type":"BreadcrumbList","@id":"https:\/\/quehacerpolitico.mx\/?p=92551#breadcrumb","itemListElement":[{"@type":"ListItem","position":1,"name":"Inicio","item":"https:\/\/quehacerpolitico.mx\/"},{"@type":"ListItem","position":2,"name":"Asesinan al presidente del DIF de Acayucan Veracruz"}]},{"@type":"WebSite","@id":"https:\/\/quehacerpolitico.mx\/#website","url":"https:\/\/quehacerpolitico.mx\/","name":"","description":"","potentialAction":[{"@type":"SearchAction","target":{"@type":"EntryPoint","urlTemplate":"https:\/\/quehacerpolitico.mx\/?s={search_term_string}"},"query-input":{"@type":"PropertyValueSpecification","valueRequired":true,"valueName":"search_term_string"}}],"inLanguage":"es"},{"@type":"Person","@id":"https:\/\/quehacerpolitico.mx\/#\/schema\/person\/496d8ad2d1d3f8036101dca7ee39e585","name":"Redacci\u00f3n QP","image":{"@type":"ImageObject","inLanguage":"es","@id":"https:\/\/secure.gravatar.com\/avatar\/c7164ed6fdec453195284ad24a5ae5b6e1eed2b848477fa2a4787ba9adf39a41?s=96&d=mm&r=g","url":"https:\/\/secure.gravatar.com\/avatar\/c7164ed6fdec453195284ad24a5ae5b6e1eed2b848477fa2a4787ba9adf39a41?s=96&d=mm&r=g","contentUrl":"https:\/\/secure.gravatar.com\/avatar\/c7164ed6fdec453195284ad24a5ae5b6e1eed2b848477fa2a4787ba9adf39a41?s=96&d=mm&r=g","caption":"Redacci\u00f3n QP"},"url":"https:\/\/quehacerpolitico.mx\/?author=2"}]}},"featured_image_urls":{"full":["https:\/\/quehacerpolitico.mx\/wp-content\/uploads\/2022\/05\/2A76BB60-85B5-46E2-9168-B9F17D7979DF.jpeg",1284,710,false],"thumbnail":["https:\/\/quehacerpolitico.mx\/wp-content\/uploads\/2022\/05\/2A76BB60-85B5-46E2-9168-B9F17D7979DF-150x150.jpeg",150,150,true],"medium":["https:\/\/quehacerpolitico.mx\/wp-content\/uploads\/2022\/05\/2A76BB60-85B5-46E2-9168-B9F17D7979DF-300x166.jpeg",300,166,true],"medium_large":["https:\/\/quehacerpolitico.mx\/wp-content\/uploads\/2022\/05\/2A76BB60-85B5-46E2-9168-B9F17D7979DF-768x425.jpeg",640,354,true],"large":["https:\/\/quehacerpolitico.mx\/wp-content\/uploads\/2022\/05\/2A76BB60-85B5-46E2-9168-B9F17D7979DF-1024x566.jpeg",640,354,true],"1536x1536":["https:\/\/quehacerpolitico.mx\/wp-content\/uploads\/2022\/05\/2A76BB60-85B5-46E2-9168-B9F17D7979DF.jpeg",1284,710,false],"2048x2048":["https:\/\/quehacerpolitico.mx\/wp-content\/uploads\/2022\/05\/2A76BB60-85B5-46E2-9168-B9F17D7979DF.jpeg",1284,710,false],"covernews-featured":["https:\/\/quehacerpolitico.mx\/wp-content\/uploads\/2022\/05\/2A76BB60-85B5-46E2-9168-B9F17D7979DF.jpeg",1024,566,false],"covernews-medium":["https:\/\/quehacerpolitico.mx\/wp-content\/uploads\/2022\/05\/2A76BB60-85B5-46E2-9168-B9F17D7979DF.jpeg",540,299,false]},"author_info":{"display_name":"Redacci\u00f3n QP","author_link":"https:\/\/quehacerpolitico.mx\/?author=2"},"category_info":"<a href=\"https:\/\/quehacerpolitico.mx\/?cat=2\" rel=\"category\">Noticias<\/a>","tag_info":"Noticias","comment_count":"0","_links":{"self":[{"href":"https:\/\/quehacerpolitico.mx\/index.php?rest_route=\/wp\/v2\/posts\/92551","targetHints":{"allow":["GET"]}}],"collection":[{"href":"https:\/\/quehacerpolitico.mx\/index.php?rest_route=\/wp\/v2\/posts"}],"about":[{"href":"https:\/\/quehacerpolitico.mx\/index.php?rest_route=\/wp\/v2\/types\/post"}],"author":[{"embeddable":true,"href":"https:\/\/quehacerpolitico.mx\/index.php?rest_route=\/wp\/v2\/users\/2"}],"replies":[{"embeddable":true,"href":"https:\/\/quehacerpolitico.mx\/index.php?rest_route=%2Fwp%2Fv2%2Fcomments&post=92551"}],"version-history":[{"count":1,"href":"https:\/\/quehacerpolitico.mx\/index.php?rest_route=\/wp\/v2\/posts\/92551\/revisions"}],"predecessor-version":[{"id":92553,"href":"https:\/\/quehacerpolitico.mx\/index.php?rest_route=\/wp\/v2\/posts\/92551\/revisions\/92553"}],"wp:featuredmedia":[{"embeddable":true,"href":"https:\/\/quehacerpolitico.mx\/index.php?rest_route=\/wp\/v2\/media\/92552"}],"wp:attachment":[{"href":"https:\/\/quehacerpolitico.mx\/index.php?rest_route=%2Fwp%2Fv2%2Fmedia&parent=92551"}],"wp:term":[{"taxonomy":"category","embeddable":true,"href":"https:\/\/quehacerpolitico.mx\/index.php?rest_route=%2Fwp%2Fv2%2Fcategories&post=92551"},{"taxonomy":"post_tag","embeddable":true,"href":"https:\/\/quehacerpolitico.mx\/index.php?rest_route=%2Fwp%2Fv2%2Ftags&post=92551"}],"curies":[{"name":"wp","href":"https:\/\/api.w.org\/{rel}","templated":true}]}}