{"id":92548,"date":"2022-05-26T18:47:08","date_gmt":"2022-05-26T18:47:08","guid":{"rendered":"https:\/\/quehacerpolitico.mx\/?p=92548"},"modified":"2022-05-26T18:47:10","modified_gmt":"2022-05-26T18:47:10","slug":"integrantes-de-fuerza-amplia-de-transportistas-fatexigen-incremento-de-tarifa-al-transporte-publico-de-la-cdmx","status":"publish","type":"post","link":"https:\/\/quehacerpolitico.mx\/?p=92548","title":{"rendered":"Integrantes de Fuerza Amplia de Transportistas (FAT)exigen incremento de tarifa al transporte p\u00fablico de la CDMX"},"content":{"rendered":"\n<p>Por Redacci\u00f3n QP<\/p>\n\n\n\n<p>FAT anuncia que paralizar\u00e1 la CdMx el pr\u00f3ximo 2 de junio en caso de que no se cumplan sus demandas.<\/p>\n\n\n\n<p>Un grupo de integrantes de la Fuerza Amplia de Transportistas (FAT), se manifest\u00f3 durante la ma\u00f1ana de este jueves, mismos que cerraron diversas vialidades que conectan la zona centro de la capital, esto ante&nbsp;<strong>el incumplimiento de los acuerdos por parte de diversas instancias del Gobierno de la Ciudad de M\u00e9xico<\/strong>.<\/p>\n\n\n\n<p>Este grupo de la FAT responsabiliza a la administraci\u00f3n de\u00a0<strong>Claudia Sheinbaum<\/strong>, pues aseguran que la promesa que les hizo el secretario de Gobierno,\u00a0<strong>Mart\u00ed Batres de dar a conocer este mes un incremento de 3 pesos al precio de la tarifa<\/strong>\u00a0que los transportistas exigen, no se hizo realidad.<\/p>\n\n\n\n<figure class=\"wp-block-embed is-type-video is-provider-youtube wp-block-embed-youtube wp-embed-aspect-16-9 wp-has-aspect-ratio\"><div class=\"wp-block-embed__wrapper\">\n<iframe loading=\"lazy\" title=\"Manifestantes del Frente Amplio de Transportistas bloquean calles del centro en CDMX\" width=\"640\" height=\"360\" src=\"https:\/\/www.youtube.com\/embed\/jELOc3S9S90?feature=oembed\" frameborder=\"0\" allow=\"accelerometer; autoplay; clipboard-write; encrypted-media; gyroscope; picture-in-picture; web-share\" referrerpolicy=\"strict-origin-when-cross-origin\" allowfullscreen><\/iframe>\n<\/div><\/figure>\n\n\n\n<p>Aseguran, que&nbsp;<strong>el bloqueo es s\u00f3lo es un ejemplo de lo que el pr\u00f3ximo 2 de junio se ver\u00e1 en toda la Ciudad de M\u00e9xico<\/strong>, en caso de que las autoridades no resuelven su principal demanda.<\/p>\n\n\n\n<blockquote class=\"wp-block-quote is-layout-flow wp-block-quote-is-layout-flow\"><p>\u201cTenemos ya m\u00e1s de 60 mesas de trabajo con el gobierno de la ciudad y este mes esper\u00e1bamos una soluci\u00f3n por parte de Martin hab\u00edamos esperado la semana pasada una reuni\u00f3n en la cual iba estar el secretario Lajous, el Secretario de Gobierno Mart\u00ed Batres y no se dio, tenemos esa incertidumbre porque se signo una palabra, una palabra a efecto de hacer un incremento\u201d, dijo Enrique Hern\u00e1ndez, integrante de la FAT.<\/p><\/blockquote>\n\n\n\n<p>Adem\u00e1s,\u00a0<strong>precisaron que los funcionarios del Gobierno de la Ciudad de M\u00e9xico, son y ser\u00e1n los responsables de las afectaciones tras sus movilizaciones<\/strong>, pues dicen ya estar cansados de la violencia pol\u00edtica, econ\u00f3mica y social contra quienes movilizan a la mayor cantidad de personas en la capital del pa\u00eds.<\/p>\n\n\n\n<p>Se\u00f1alaron que&nbsp;<strong>la tarifa que cobran los concesionarios del servicio de transporte p\u00fablico concesionado en la capital es injusta&nbsp;<\/strong>a la vista de lo que cobra el transporte en otros estados, y recordaron que son rehenes pol\u00edticos de los gobiernos de izquierda que han hecho caso omiso a sus demandas.<\/p>\n\n\n\n<p>La protesta de este d\u00eda estuvo acompa\u00f1ada con cerca de&nbsp;<strong>90 unidades y 800 integrantes del organismo<\/strong>, mismo que representa a 45 rutas en toda la ciudad, abarcando las rutas con poco m\u00e1s de 59 mil unidades que hoy se est\u00e1n viendo afectadas, por&nbsp;<strong>la negativa de aumentar de 5 a 8 pesos la tarifa m\u00ednima de transporte p\u00fablico<\/strong>.<\/p>\n","protected":false},"excerpt":{"rendered":"<p>Por Redacci\u00f3n QP FAT anuncia que paralizar\u00e1 la CdMx el pr\u00f3ximo 2 de junio en&#8230;<\/p>\n","protected":false},"author":2,"featured_media":92549,"comment_status":"open","ping_status":"open","sticky":false,"template":"","format":"standard","meta":{"_monsterinsights_skip_tracking":false,"_monsterinsights_sitenote_active":false,"_monsterinsights_sitenote_note":"","_monsterinsights_sitenote_category":0,"footnotes":""},"categories":[55],"tags":[],"class_list":["post-92548","post","type-post","status-publish","format-standard","has-post-thumbnail","hentry","category-cdmx"],"yoast_head":"<!-- This site is optimized with the Yoast SEO plugin v27.3 - https:\/\/yoast.com\/product\/yoast-seo-wordpress\/ -->\n<title>Integrantes de Fuerza Amplia de Transportistas (FAT)exigen incremento de tarifa al transporte p\u00fablico de la CDMX -<\/title>\n<meta name=\"robots\" content=\"index, follow, max-snippet:-1, max-image-preview:large, max-video-preview:-1\" \/>\n<link rel=\"canonical\" href=\"https:\/\/quehacerpolitico.mx\/?p=92548\" \/>\n<meta property=\"og:locale\" content=\"es_MX\" \/>\n<meta property=\"og:type\" content=\"article\" \/>\n<meta property=\"og:title\" content=\"Integrantes de Fuerza Amplia de Transportistas (FAT)exigen incremento de tarifa al transporte p\u00fablico de la CDMX -\" \/>\n<meta property=\"og:description\" content=\"Por Redacci\u00f3n QP FAT anuncia que paralizar\u00e1 la CdMx el pr\u00f3ximo 2 de junio en...\" \/>\n<meta property=\"og:url\" content=\"https:\/\/quehacerpolitico.mx\/?p=92548\" \/>\n<meta property=\"article:published_time\" content=\"2022-05-26T18:47:08+00:00\" \/>\n<meta property=\"article:modified_time\" content=\"2022-05-26T18:47:10+00:00\" \/>\n<meta property=\"og:image\" content=\"https:\/\/quehacerpolitico.mx\/wp-content\/uploads\/2022\/05\/1916612C-708E-47E2-904A-F5FACAF51826.jpeg\" \/>\n\t<meta property=\"og:image:width\" content=\"700\" \/>\n\t<meta property=\"og:image:height\" content=\"430\" \/>\n\t<meta property=\"og:image:type\" content=\"image\/jpeg\" \/>\n<meta name=\"author\" content=\"Redacci\u00f3n QP\" \/>\n<meta name=\"twitter:card\" content=\"summary_large_image\" \/>\n<meta name=\"twitter:label1\" content=\"Escrito por\" \/>\n\t<meta name=\"twitter:data1\" content=\"Redacci\u00f3n QP\" \/>\n\t<meta name=\"twitter:label2\" content=\"Tiempo de lectura\" \/>\n\t<meta name=\"twitter:data2\" content=\"2 minutos\" \/>\n<script type=\"application\/ld+json\" class=\"yoast-schema-graph\">{\"@context\":\"https:\\\/\\\/schema.org\",\"@graph\":[{\"@type\":\"Article\",\"@id\":\"https:\\\/\\\/quehacerpolitico.mx\\\/?p=92548#article\",\"isPartOf\":{\"@id\":\"https:\\\/\\\/quehacerpolitico.mx\\\/?p=92548\"},\"author\":{\"name\":\"Redacci\u00f3n QP\",\"@id\":\"https:\\\/\\\/quehacerpolitico.mx\\\/#\\\/schema\\\/person\\\/496d8ad2d1d3f8036101dca7ee39e585\"},\"headline\":\"Integrantes de Fuerza Amplia de Transportistas (FAT)exigen incremento de tarifa al transporte p\u00fablico de la CDMX\",\"datePublished\":\"2022-05-26T18:47:08+00:00\",\"dateModified\":\"2022-05-26T18:47:10+00:00\",\"mainEntityOfPage\":{\"@id\":\"https:\\\/\\\/quehacerpolitico.mx\\\/?p=92548\"},\"wordCount\":439,\"commentCount\":0,\"image\":{\"@id\":\"https:\\\/\\\/quehacerpolitico.mx\\\/?p=92548#primaryimage\"},\"thumbnailUrl\":\"https:\\\/\\\/quehacerpolitico.mx\\\/wp-content\\\/uploads\\\/2022\\\/05\\\/1916612C-708E-47E2-904A-F5FACAF51826.jpeg\",\"articleSection\":[\"CDMX\"],\"inLanguage\":\"es\",\"potentialAction\":[{\"@type\":\"CommentAction\",\"name\":\"Comment\",\"target\":[\"https:\\\/\\\/quehacerpolitico.mx\\\/?p=92548#respond\"]}]},{\"@type\":\"WebPage\",\"@id\":\"https:\\\/\\\/quehacerpolitico.mx\\\/?p=92548\",\"url\":\"https:\\\/\\\/quehacerpolitico.mx\\\/?p=92548\",\"name\":\"Integrantes de Fuerza Amplia de Transportistas (FAT)exigen incremento de tarifa al transporte p\u00fablico de la CDMX -\",\"isPartOf\":{\"@id\":\"https:\\\/\\\/quehacerpolitico.mx\\\/#website\"},\"primaryImageOfPage\":{\"@id\":\"https:\\\/\\\/quehacerpolitico.mx\\\/?p=92548#primaryimage\"},\"image\":{\"@id\":\"https:\\\/\\\/quehacerpolitico.mx\\\/?p=92548#primaryimage\"},\"thumbnailUrl\":\"https:\\\/\\\/quehacerpolitico.mx\\\/wp-content\\\/uploads\\\/2022\\\/05\\\/1916612C-708E-47E2-904A-F5FACAF51826.jpeg\",\"datePublished\":\"2022-05-26T18:47:08+00:00\",\"dateModified\":\"2022-05-26T18:47:10+00:00\",\"author\":{\"@id\":\"https:\\\/\\\/quehacerpolitico.mx\\\/#\\\/schema\\\/person\\\/496d8ad2d1d3f8036101dca7ee39e585\"},\"breadcrumb\":{\"@id\":\"https:\\\/\\\/quehacerpolitico.mx\\\/?p=92548#breadcrumb\"},\"inLanguage\":\"es\",\"potentialAction\":[{\"@type\":\"ReadAction\",\"target\":[\"https:\\\/\\\/quehacerpolitico.mx\\\/?p=92548\"]}]},{\"@type\":\"ImageObject\",\"inLanguage\":\"es\",\"@id\":\"https:\\\/\\\/quehacerpolitico.mx\\\/?p=92548#primaryimage\",\"url\":\"https:\\\/\\\/quehacerpolitico.mx\\\/wp-content\\\/uploads\\\/2022\\\/05\\\/1916612C-708E-47E2-904A-F5FACAF51826.jpeg\",\"contentUrl\":\"https:\\\/\\\/quehacerpolitico.mx\\\/wp-content\\\/uploads\\\/2022\\\/05\\\/1916612C-708E-47E2-904A-F5FACAF51826.jpeg\",\"width\":700,\"height\":430},{\"@type\":\"BreadcrumbList\",\"@id\":\"https:\\\/\\\/quehacerpolitico.mx\\\/?p=92548#breadcrumb\",\"itemListElement\":[{\"@type\":\"ListItem\",\"position\":1,\"name\":\"Inicio\",\"item\":\"https:\\\/\\\/quehacerpolitico.mx\\\/\"},{\"@type\":\"ListItem\",\"position\":2,\"name\":\"Integrantes de Fuerza Amplia de Transportistas (FAT)exigen incremento de tarifa al transporte p\u00fablico de la CDMX\"}]},{\"@type\":\"WebSite\",\"@id\":\"https:\\\/\\\/quehacerpolitico.mx\\\/#website\",\"url\":\"https:\\\/\\\/quehacerpolitico.mx\\\/\",\"name\":\"\",\"description\":\"\",\"potentialAction\":[{\"@type\":\"SearchAction\",\"target\":{\"@type\":\"EntryPoint\",\"urlTemplate\":\"https:\\\/\\\/quehacerpolitico.mx\\\/?s={search_term_string}\"},\"query-input\":{\"@type\":\"PropertyValueSpecification\",\"valueRequired\":true,\"valueName\":\"search_term_string\"}}],\"inLanguage\":\"es\"},{\"@type\":\"Person\",\"@id\":\"https:\\\/\\\/quehacerpolitico.mx\\\/#\\\/schema\\\/person\\\/496d8ad2d1d3f8036101dca7ee39e585\",\"name\":\"Redacci\u00f3n QP\",\"image\":{\"@type\":\"ImageObject\",\"inLanguage\":\"es\",\"@id\":\"https:\\\/\\\/secure.gravatar.com\\\/avatar\\\/c7164ed6fdec453195284ad24a5ae5b6e1eed2b848477fa2a4787ba9adf39a41?s=96&d=mm&r=g\",\"url\":\"https:\\\/\\\/secure.gravatar.com\\\/avatar\\\/c7164ed6fdec453195284ad24a5ae5b6e1eed2b848477fa2a4787ba9adf39a41?s=96&d=mm&r=g\",\"contentUrl\":\"https:\\\/\\\/secure.gravatar.com\\\/avatar\\\/c7164ed6fdec453195284ad24a5ae5b6e1eed2b848477fa2a4787ba9adf39a41?s=96&d=mm&r=g\",\"caption\":\"Redacci\u00f3n QP\"},\"url\":\"https:\\\/\\\/quehacerpolitico.mx\\\/?author=2\"}]}<\/script>\n<!-- \/ Yoast SEO plugin. -->","yoast_head_json":{"title":"Integrantes de Fuerza Amplia de Transportistas (FAT)exigen incremento de tarifa al transporte p\u00fablico de la CDMX -","robots":{"index":"index","follow":"follow","max-snippet":"max-snippet:-1","max-image-preview":"max-image-preview:large","max-video-preview":"max-video-preview:-1"},"canonical":"https:\/\/quehacerpolitico.mx\/?p=92548","og_locale":"es_MX","og_type":"article","og_title":"Integrantes de Fuerza Amplia de Transportistas (FAT)exigen incremento de tarifa al transporte p\u00fablico de la CDMX -","og_description":"Por Redacci\u00f3n QP FAT anuncia que paralizar\u00e1 la CdMx el pr\u00f3ximo 2 de junio en...","og_url":"https:\/\/quehacerpolitico.mx\/?p=92548","article_published_time":"2022-05-26T18:47:08+00:00","article_modified_time":"2022-05-26T18:47:10+00:00","og_image":[{"width":700,"height":430,"url":"https:\/\/quehacerpolitico.mx\/wp-content\/uploads\/2022\/05\/1916612C-708E-47E2-904A-F5FACAF51826.jpeg","type":"image\/jpeg"}],"author":"Redacci\u00f3n QP","twitter_card":"summary_large_image","twitter_misc":{"Escrito por":"Redacci\u00f3n QP","Tiempo de lectura":"2 minutos"},"schema":{"@context":"https:\/\/schema.org","@graph":[{"@type":"Article","@id":"https:\/\/quehacerpolitico.mx\/?p=92548#article","isPartOf":{"@id":"https:\/\/quehacerpolitico.mx\/?p=92548"},"author":{"name":"Redacci\u00f3n QP","@id":"https:\/\/quehacerpolitico.mx\/#\/schema\/person\/496d8ad2d1d3f8036101dca7ee39e585"},"headline":"Integrantes de Fuerza Amplia de Transportistas (FAT)exigen incremento de tarifa al transporte p\u00fablico de la CDMX","datePublished":"2022-05-26T18:47:08+00:00","dateModified":"2022-05-26T18:47:10+00:00","mainEntityOfPage":{"@id":"https:\/\/quehacerpolitico.mx\/?p=92548"},"wordCount":439,"commentCount":0,"image":{"@id":"https:\/\/quehacerpolitico.mx\/?p=92548#primaryimage"},"thumbnailUrl":"https:\/\/quehacerpolitico.mx\/wp-content\/uploads\/2022\/05\/1916612C-708E-47E2-904A-F5FACAF51826.jpeg","articleSection":["CDMX"],"inLanguage":"es","potentialAction":[{"@type":"CommentAction","name":"Comment","target":["https:\/\/quehacerpolitico.mx\/?p=92548#respond"]}]},{"@type":"WebPage","@id":"https:\/\/quehacerpolitico.mx\/?p=92548","url":"https:\/\/quehacerpolitico.mx\/?p=92548","name":"Integrantes de Fuerza Amplia de Transportistas (FAT)exigen incremento de tarifa al transporte p\u00fablico de la CDMX -","isPartOf":{"@id":"https:\/\/quehacerpolitico.mx\/#website"},"primaryImageOfPage":{"@id":"https:\/\/quehacerpolitico.mx\/?p=92548#primaryimage"},"image":{"@id":"https:\/\/quehacerpolitico.mx\/?p=92548#primaryimage"},"thumbnailUrl":"https:\/\/quehacerpolitico.mx\/wp-content\/uploads\/2022\/05\/1916612C-708E-47E2-904A-F5FACAF51826.jpeg","datePublished":"2022-05-26T18:47:08+00:00","dateModified":"2022-05-26T18:47:10+00:00","author":{"@id":"https:\/\/quehacerpolitico.mx\/#\/schema\/person\/496d8ad2d1d3f8036101dca7ee39e585"},"breadcrumb":{"@id":"https:\/\/quehacerpolitico.mx\/?p=92548#breadcrumb"},"inLanguage":"es","potentialAction":[{"@type":"ReadAction","target":["https:\/\/quehacerpolitico.mx\/?p=92548"]}]},{"@type":"ImageObject","inLanguage":"es","@id":"https:\/\/quehacerpolitico.mx\/?p=92548#primaryimage","url":"https:\/\/quehacerpolitico.mx\/wp-content\/uploads\/2022\/05\/1916612C-708E-47E2-904A-F5FACAF51826.jpeg","contentUrl":"https:\/\/quehacerpolitico.mx\/wp-content\/uploads\/2022\/05\/1916612C-708E-47E2-904A-F5FACAF51826.jpeg","width":700,"height":430},{"@type":"BreadcrumbList","@id":"https:\/\/quehacerpolitico.mx\/?p=92548#breadcrumb","itemListElement":[{"@type":"ListItem","position":1,"name":"Inicio","item":"https:\/\/quehacerpolitico.mx\/"},{"@type":"ListItem","position":2,"name":"Integrantes de Fuerza Amplia de Transportistas (FAT)exigen incremento de tarifa al transporte p\u00fablico de la CDMX"}]},{"@type":"WebSite","@id":"https:\/\/quehacerpolitico.mx\/#website","url":"https:\/\/quehacerpolitico.mx\/","name":"","description":"","potentialAction":[{"@type":"SearchAction","target":{"@type":"EntryPoint","urlTemplate":"https:\/\/quehacerpolitico.mx\/?s={search_term_string}"},"query-input":{"@type":"PropertyValueSpecification","valueRequired":true,"valueName":"search_term_string"}}],"inLanguage":"es"},{"@type":"Person","@id":"https:\/\/quehacerpolitico.mx\/#\/schema\/person\/496d8ad2d1d3f8036101dca7ee39e585","name":"Redacci\u00f3n QP","image":{"@type":"ImageObject","inLanguage":"es","@id":"https:\/\/secure.gravatar.com\/avatar\/c7164ed6fdec453195284ad24a5ae5b6e1eed2b848477fa2a4787ba9adf39a41?s=96&d=mm&r=g","url":"https:\/\/secure.gravatar.com\/avatar\/c7164ed6fdec453195284ad24a5ae5b6e1eed2b848477fa2a4787ba9adf39a41?s=96&d=mm&r=g","contentUrl":"https:\/\/secure.gravatar.com\/avatar\/c7164ed6fdec453195284ad24a5ae5b6e1eed2b848477fa2a4787ba9adf39a41?s=96&d=mm&r=g","caption":"Redacci\u00f3n QP"},"url":"https:\/\/quehacerpolitico.mx\/?author=2"}]}},"featured_image_urls":{"full":["https:\/\/quehacerpolitico.mx\/wp-content\/uploads\/2022\/05\/1916612C-708E-47E2-904A-F5FACAF51826.jpeg",700,430,false],"thumbnail":["https:\/\/quehacerpolitico.mx\/wp-content\/uploads\/2022\/05\/1916612C-708E-47E2-904A-F5FACAF51826-150x150.jpeg",150,150,true],"medium":["https:\/\/quehacerpolitico.mx\/wp-content\/uploads\/2022\/05\/1916612C-708E-47E2-904A-F5FACAF51826-300x184.jpeg",300,184,true],"medium_large":["https:\/\/quehacerpolitico.mx\/wp-content\/uploads\/2022\/05\/1916612C-708E-47E2-904A-F5FACAF51826.jpeg",640,393,false],"large":["https:\/\/quehacerpolitico.mx\/wp-content\/uploads\/2022\/05\/1916612C-708E-47E2-904A-F5FACAF51826.jpeg",640,393,false],"1536x1536":["https:\/\/quehacerpolitico.mx\/wp-content\/uploads\/2022\/05\/1916612C-708E-47E2-904A-F5FACAF51826.jpeg",700,430,false],"2048x2048":["https:\/\/quehacerpolitico.mx\/wp-content\/uploads\/2022\/05\/1916612C-708E-47E2-904A-F5FACAF51826.jpeg",700,430,false],"covernews-featured":["https:\/\/quehacerpolitico.mx\/wp-content\/uploads\/2022\/05\/1916612C-708E-47E2-904A-F5FACAF51826.jpeg",700,430,false],"covernews-medium":["https:\/\/quehacerpolitico.mx\/wp-content\/uploads\/2022\/05\/1916612C-708E-47E2-904A-F5FACAF51826.jpeg",540,332,false]},"author_info":{"display_name":"Redacci\u00f3n QP","author_link":"https:\/\/quehacerpolitico.mx\/?author=2"},"category_info":"<a href=\"https:\/\/quehacerpolitico.mx\/?cat=55\" rel=\"category\">CDMX<\/a>","tag_info":"CDMX","comment_count":"0","_links":{"self":[{"href":"https:\/\/quehacerpolitico.mx\/index.php?rest_route=\/wp\/v2\/posts\/92548","targetHints":{"allow":["GET"]}}],"collection":[{"href":"https:\/\/quehacerpolitico.mx\/index.php?rest_route=\/wp\/v2\/posts"}],"about":[{"href":"https:\/\/quehacerpolitico.mx\/index.php?rest_route=\/wp\/v2\/types\/post"}],"author":[{"embeddable":true,"href":"https:\/\/quehacerpolitico.mx\/index.php?rest_route=\/wp\/v2\/users\/2"}],"replies":[{"embeddable":true,"href":"https:\/\/quehacerpolitico.mx\/index.php?rest_route=%2Fwp%2Fv2%2Fcomments&post=92548"}],"version-history":[{"count":1,"href":"https:\/\/quehacerpolitico.mx\/index.php?rest_route=\/wp\/v2\/posts\/92548\/revisions"}],"predecessor-version":[{"id":92550,"href":"https:\/\/quehacerpolitico.mx\/index.php?rest_route=\/wp\/v2\/posts\/92548\/revisions\/92550"}],"wp:featuredmedia":[{"embeddable":true,"href":"https:\/\/quehacerpolitico.mx\/index.php?rest_route=\/wp\/v2\/media\/92549"}],"wp:attachment":[{"href":"https:\/\/quehacerpolitico.mx\/index.php?rest_route=%2Fwp%2Fv2%2Fmedia&parent=92548"}],"wp:term":[{"taxonomy":"category","embeddable":true,"href":"https:\/\/quehacerpolitico.mx\/index.php?rest_route=%2Fwp%2Fv2%2Fcategories&post=92548"},{"taxonomy":"post_tag","embeddable":true,"href":"https:\/\/quehacerpolitico.mx\/index.php?rest_route=%2Fwp%2Fv2%2Ftags&post=92548"}],"curies":[{"name":"wp","href":"https:\/\/api.w.org\/{rel}","templated":true}]}}