{"id":92542,"date":"2022-05-26T17:58:47","date_gmt":"2022-05-26T17:58:47","guid":{"rendered":"https:\/\/quehacerpolitico.mx\/?p=92542"},"modified":"2022-05-26T17:58:50","modified_gmt":"2022-05-26T17:58:50","slug":"desmienten-la-presunta-renuncia-de-la-jefa-de-gobierno-claudia-sheinbaum-de-la-cdmx","status":"publish","type":"post","link":"https:\/\/quehacerpolitico.mx\/?p=92542","title":{"rendered":"Desmienten la presunta renuncia de la jefa de gobierno Claudia Sheinbaum de la CDMX\u00a0"},"content":{"rendered":"\n<p>Por Redacci\u00f3n QP<\/p>\n\n\n\n<p>Sebasti\u00e1n Ram\u00edrez Mendoza, coordinador General de Comunicaci\u00f3n del gobierno capitalino, respondi\u00f3 a los rumores sobre la presunta renuncia de Sheinbaum<\/p>\n\n\n\n<p>Sebasti\u00e1n Ram\u00edrez Mendoza, coordinador General de Comunicaci\u00f3n del gobierno capitalino, neg\u00f3 que la jefa de gobierno de la CDMX,&nbsp;<strong>Claudia Sheinbaum<\/strong>, pretenda renunciar a su cargo en julio pr\u00f3ximo.<\/p>\n\n\n\n<p>Lo anterior, luego de que en la columna &#8220;<em>Serpientes y Escaleras<\/em>&#8221; de Salvador Garc\u00eda Soto publicada en\u00a0<em>EL UNIVERSAL<\/em>\u00a0se\u00f1alara que la Jefa de Gobierno de la CDMX, Claudia Sheinbaum Pardo,\u00a0<strong>prepara una &#8220;licencia&#8221; que enviar\u00e1 al Congreso local en julio pr\u00f3ximo<\/strong>, para dejar su cargo, fortalecer su imagen y construir su candidatura presidencial.<\/p>\n\n\n\n<p>Ante ello, a trav\u00e9s de su cuenta de Twitter, Ram\u00edrez Mendoza expres\u00f3: &#8220;<strong>Sobre las especulaciones en medios de comunicaci\u00f3n y redes sociales sobre la supuesta renuncia de la Jefa de Gobierno @Claudiashein informo que son totalmente falsas<\/strong>&#8220;.<\/p>\n\n\n\n<figure class=\"wp-block-embed is-type-rich is-provider-twitter wp-block-embed-twitter\"><div class=\"wp-block-embed__wrapper\">\n<blockquote class=\"twitter-tweet\" data-width=\"550\" data-dnt=\"true\"><p lang=\"es\" dir=\"ltr\">Sobre las especulaciones en medios de comunicaci\u00f3n y redes sociales sobre la supuesta renuncia de la Jefa de Gobierno <a href=\"https:\/\/twitter.com\/Claudiashein?ref_src=twsrc%5Etfw\">@Claudiashein<\/a>  informo que son totalmente falsas. Seguimos 24\/7 para lograr la Ciudad de M\u00e9xico con derechos y bienestar que todas y todos so\u00f1amos.<\/p>&mdash; Sebasti\u00e1n Ram\u00edrez Mendoza (@Sebas_RM) <a href=\"https:\/\/twitter.com\/Sebas_RM\/status\/1529847797226291200?ref_src=twsrc%5Etfw\">May 26, 2022<\/a><\/blockquote><script async src=\"https:\/\/platform.twitter.com\/widgets.js\" charset=\"utf-8\"><\/script>\n<\/div><\/figure>\n\n\n\n<p>&#8220;Seguimos 24\/7 para lograr la Ciudad de M\u00e9xico con derechos y bienestar que todas y todos so\u00f1amos&#8221;, a\u00f1adi\u00f3.<\/p>\n\n\n\n<p>\u00bfQu\u00e9 dice la columna &#8220;Sheinbaum alista licencia en julio;\u00a0<strong>quiere la presidencia de Morena<\/strong>&#8220;?<\/p>\n\n\n\n<p>A continuaci\u00f3n les presentamos un fragmento de la columna de Salvador Garc\u00eda Soto de este jueves 26 de mayo.<\/p>\n\n\n\n<p>&#8220;La jefa de Gobierno de la Ciudad de M\u00e9xico ha decidido, junto con su equipo de asesores y estrategas de campa\u00f1a, que es momento de dejar el cargo &#8220;para poder recorrer el pa\u00eds libremente&#8221;, aumentar sus niveles de conocimiento a nivel nacional y terminar de construir su proyecto presidencial rumbo a 2024. Para ello, Claudia Sheinbaum Pardo prepara una &#8220;licencia&#8221; que enviar\u00e1 al Congreso de la Ciudad de M\u00e9xico en julio pr\u00f3ximo y ya tiene en marcha una estrategia pol\u00edtica para buscar la dirigencia nacional de Morena y, desde ah\u00ed, fortalecer su imagen y construir su candidatura presidencial&#8221;.<\/p>\n\n\n\n<p>&#8220;De acuerdo con fuentes muy cercanas al Palacio del Ayuntamiento, la doctora ha comentado a sus colaboradores de m\u00e1s confianza que la jefatura de Gobierno &#8220;ya le est\u00e1 provocando demasiado desgaste&#8221; y representa una limitante para poder moverse y visitar otros estados, sin que la cuestionen o la critiquen por descuidar su encargo&#8221;.<\/p>\n\n\n\n<p>Con informaci\u00f3n de SUN<\/p>\n","protected":false},"excerpt":{"rendered":"<p>Por Redacci\u00f3n QP Sebasti\u00e1n Ram\u00edrez Mendoza, coordinador General de Comunicaci\u00f3n del gobierno capitalino, respondi\u00f3 a&#8230;<\/p>\n","protected":false},"author":2,"featured_media":92543,"comment_status":"open","ping_status":"open","sticky":false,"template":"","format":"standard","meta":{"_monsterinsights_skip_tracking":false,"_monsterinsights_sitenote_active":false,"_monsterinsights_sitenote_note":"","_monsterinsights_sitenote_category":0,"footnotes":""},"categories":[55],"tags":[],"class_list":["post-92542","post","type-post","status-publish","format-standard","has-post-thumbnail","hentry","category-cdmx"],"yoast_head":"<!-- This site is optimized with the Yoast SEO plugin v27.3 - https:\/\/yoast.com\/product\/yoast-seo-wordpress\/ -->\n<title>Desmienten la presunta renuncia de la jefa de gobierno Claudia Sheinbaum de la CDMX\u00a0 -<\/title>\n<meta name=\"robots\" content=\"index, follow, max-snippet:-1, max-image-preview:large, max-video-preview:-1\" \/>\n<link rel=\"canonical\" href=\"https:\/\/quehacerpolitico.mx\/?p=92542\" \/>\n<meta property=\"og:locale\" content=\"es_MX\" \/>\n<meta property=\"og:type\" content=\"article\" \/>\n<meta property=\"og:title\" content=\"Desmienten la presunta renuncia de la jefa de gobierno Claudia Sheinbaum de la CDMX\u00a0 -\" \/>\n<meta property=\"og:description\" content=\"Por Redacci\u00f3n QP Sebasti\u00e1n Ram\u00edrez Mendoza, coordinador General de Comunicaci\u00f3n del gobierno capitalino, respondi\u00f3 a...\" \/>\n<meta property=\"og:url\" content=\"https:\/\/quehacerpolitico.mx\/?p=92542\" \/>\n<meta property=\"article:published_time\" content=\"2022-05-26T17:58:47+00:00\" \/>\n<meta property=\"article:modified_time\" content=\"2022-05-26T17:58:50+00:00\" \/>\n<meta property=\"og:image\" content=\"https:\/\/quehacerpolitico.mx\/wp-content\/uploads\/2022\/05\/24BA33F2-63DF-4215-B95D-2C816287F392.jpeg\" \/>\n\t<meta property=\"og:image:width\" content=\"1024\" \/>\n\t<meta property=\"og:image:height\" content=\"681\" \/>\n\t<meta property=\"og:image:type\" content=\"image\/jpeg\" \/>\n<meta name=\"author\" content=\"Redacci\u00f3n QP\" \/>\n<meta name=\"twitter:card\" content=\"summary_large_image\" \/>\n<meta name=\"twitter:label1\" content=\"Escrito por\" \/>\n\t<meta name=\"twitter:data1\" content=\"Redacci\u00f3n QP\" \/>\n\t<meta name=\"twitter:label2\" content=\"Tiempo de lectura\" \/>\n\t<meta name=\"twitter:data2\" content=\"2 minutos\" \/>\n<script type=\"application\/ld+json\" class=\"yoast-schema-graph\">{\"@context\":\"https:\\\/\\\/schema.org\",\"@graph\":[{\"@type\":\"Article\",\"@id\":\"https:\\\/\\\/quehacerpolitico.mx\\\/?p=92542#article\",\"isPartOf\":{\"@id\":\"https:\\\/\\\/quehacerpolitico.mx\\\/?p=92542\"},\"author\":{\"name\":\"Redacci\u00f3n QP\",\"@id\":\"https:\\\/\\\/quehacerpolitico.mx\\\/#\\\/schema\\\/person\\\/496d8ad2d1d3f8036101dca7ee39e585\"},\"headline\":\"Desmienten la presunta renuncia de la jefa de gobierno Claudia Sheinbaum de la CDMX\u00a0\",\"datePublished\":\"2022-05-26T17:58:47+00:00\",\"dateModified\":\"2022-05-26T17:58:50+00:00\",\"mainEntityOfPage\":{\"@id\":\"https:\\\/\\\/quehacerpolitico.mx\\\/?p=92542\"},\"wordCount\":401,\"commentCount\":0,\"image\":{\"@id\":\"https:\\\/\\\/quehacerpolitico.mx\\\/?p=92542#primaryimage\"},\"thumbnailUrl\":\"https:\\\/\\\/quehacerpolitico.mx\\\/wp-content\\\/uploads\\\/2022\\\/05\\\/24BA33F2-63DF-4215-B95D-2C816287F392.jpeg\",\"articleSection\":[\"CDMX\"],\"inLanguage\":\"es\",\"potentialAction\":[{\"@type\":\"CommentAction\",\"name\":\"Comment\",\"target\":[\"https:\\\/\\\/quehacerpolitico.mx\\\/?p=92542#respond\"]}]},{\"@type\":\"WebPage\",\"@id\":\"https:\\\/\\\/quehacerpolitico.mx\\\/?p=92542\",\"url\":\"https:\\\/\\\/quehacerpolitico.mx\\\/?p=92542\",\"name\":\"Desmienten la presunta renuncia de la jefa de gobierno Claudia Sheinbaum de la CDMX\u00a0 -\",\"isPartOf\":{\"@id\":\"https:\\\/\\\/quehacerpolitico.mx\\\/#website\"},\"primaryImageOfPage\":{\"@id\":\"https:\\\/\\\/quehacerpolitico.mx\\\/?p=92542#primaryimage\"},\"image\":{\"@id\":\"https:\\\/\\\/quehacerpolitico.mx\\\/?p=92542#primaryimage\"},\"thumbnailUrl\":\"https:\\\/\\\/quehacerpolitico.mx\\\/wp-content\\\/uploads\\\/2022\\\/05\\\/24BA33F2-63DF-4215-B95D-2C816287F392.jpeg\",\"datePublished\":\"2022-05-26T17:58:47+00:00\",\"dateModified\":\"2022-05-26T17:58:50+00:00\",\"author\":{\"@id\":\"https:\\\/\\\/quehacerpolitico.mx\\\/#\\\/schema\\\/person\\\/496d8ad2d1d3f8036101dca7ee39e585\"},\"breadcrumb\":{\"@id\":\"https:\\\/\\\/quehacerpolitico.mx\\\/?p=92542#breadcrumb\"},\"inLanguage\":\"es\",\"potentialAction\":[{\"@type\":\"ReadAction\",\"target\":[\"https:\\\/\\\/quehacerpolitico.mx\\\/?p=92542\"]}]},{\"@type\":\"ImageObject\",\"inLanguage\":\"es\",\"@id\":\"https:\\\/\\\/quehacerpolitico.mx\\\/?p=92542#primaryimage\",\"url\":\"https:\\\/\\\/quehacerpolitico.mx\\\/wp-content\\\/uploads\\\/2022\\\/05\\\/24BA33F2-63DF-4215-B95D-2C816287F392.jpeg\",\"contentUrl\":\"https:\\\/\\\/quehacerpolitico.mx\\\/wp-content\\\/uploads\\\/2022\\\/05\\\/24BA33F2-63DF-4215-B95D-2C816287F392.jpeg\",\"width\":1024,\"height\":681},{\"@type\":\"BreadcrumbList\",\"@id\":\"https:\\\/\\\/quehacerpolitico.mx\\\/?p=92542#breadcrumb\",\"itemListElement\":[{\"@type\":\"ListItem\",\"position\":1,\"name\":\"Inicio\",\"item\":\"https:\\\/\\\/quehacerpolitico.mx\\\/\"},{\"@type\":\"ListItem\",\"position\":2,\"name\":\"Desmienten la presunta renuncia de la jefa de gobierno Claudia Sheinbaum de la CDMX\u00a0\"}]},{\"@type\":\"WebSite\",\"@id\":\"https:\\\/\\\/quehacerpolitico.mx\\\/#website\",\"url\":\"https:\\\/\\\/quehacerpolitico.mx\\\/\",\"name\":\"\",\"description\":\"\",\"potentialAction\":[{\"@type\":\"SearchAction\",\"target\":{\"@type\":\"EntryPoint\",\"urlTemplate\":\"https:\\\/\\\/quehacerpolitico.mx\\\/?s={search_term_string}\"},\"query-input\":{\"@type\":\"PropertyValueSpecification\",\"valueRequired\":true,\"valueName\":\"search_term_string\"}}],\"inLanguage\":\"es\"},{\"@type\":\"Person\",\"@id\":\"https:\\\/\\\/quehacerpolitico.mx\\\/#\\\/schema\\\/person\\\/496d8ad2d1d3f8036101dca7ee39e585\",\"name\":\"Redacci\u00f3n QP\",\"image\":{\"@type\":\"ImageObject\",\"inLanguage\":\"es\",\"@id\":\"https:\\\/\\\/secure.gravatar.com\\\/avatar\\\/c7164ed6fdec453195284ad24a5ae5b6e1eed2b848477fa2a4787ba9adf39a41?s=96&d=mm&r=g\",\"url\":\"https:\\\/\\\/secure.gravatar.com\\\/avatar\\\/c7164ed6fdec453195284ad24a5ae5b6e1eed2b848477fa2a4787ba9adf39a41?s=96&d=mm&r=g\",\"contentUrl\":\"https:\\\/\\\/secure.gravatar.com\\\/avatar\\\/c7164ed6fdec453195284ad24a5ae5b6e1eed2b848477fa2a4787ba9adf39a41?s=96&d=mm&r=g\",\"caption\":\"Redacci\u00f3n QP\"},\"url\":\"https:\\\/\\\/quehacerpolitico.mx\\\/?author=2\"}]}<\/script>\n<!-- \/ Yoast SEO plugin. -->","yoast_head_json":{"title":"Desmienten la presunta renuncia de la jefa de gobierno Claudia Sheinbaum de la CDMX\u00a0 -","robots":{"index":"index","follow":"follow","max-snippet":"max-snippet:-1","max-image-preview":"max-image-preview:large","max-video-preview":"max-video-preview:-1"},"canonical":"https:\/\/quehacerpolitico.mx\/?p=92542","og_locale":"es_MX","og_type":"article","og_title":"Desmienten la presunta renuncia de la jefa de gobierno Claudia Sheinbaum de la CDMX\u00a0 -","og_description":"Por Redacci\u00f3n QP Sebasti\u00e1n Ram\u00edrez Mendoza, coordinador General de Comunicaci\u00f3n del gobierno capitalino, respondi\u00f3 a...","og_url":"https:\/\/quehacerpolitico.mx\/?p=92542","article_published_time":"2022-05-26T17:58:47+00:00","article_modified_time":"2022-05-26T17:58:50+00:00","og_image":[{"width":1024,"height":681,"url":"https:\/\/quehacerpolitico.mx\/wp-content\/uploads\/2022\/05\/24BA33F2-63DF-4215-B95D-2C816287F392.jpeg","type":"image\/jpeg"}],"author":"Redacci\u00f3n QP","twitter_card":"summary_large_image","twitter_misc":{"Escrito por":"Redacci\u00f3n QP","Tiempo de lectura":"2 minutos"},"schema":{"@context":"https:\/\/schema.org","@graph":[{"@type":"Article","@id":"https:\/\/quehacerpolitico.mx\/?p=92542#article","isPartOf":{"@id":"https:\/\/quehacerpolitico.mx\/?p=92542"},"author":{"name":"Redacci\u00f3n QP","@id":"https:\/\/quehacerpolitico.mx\/#\/schema\/person\/496d8ad2d1d3f8036101dca7ee39e585"},"headline":"Desmienten la presunta renuncia de la jefa de gobierno Claudia Sheinbaum de la CDMX\u00a0","datePublished":"2022-05-26T17:58:47+00:00","dateModified":"2022-05-26T17:58:50+00:00","mainEntityOfPage":{"@id":"https:\/\/quehacerpolitico.mx\/?p=92542"},"wordCount":401,"commentCount":0,"image":{"@id":"https:\/\/quehacerpolitico.mx\/?p=92542#primaryimage"},"thumbnailUrl":"https:\/\/quehacerpolitico.mx\/wp-content\/uploads\/2022\/05\/24BA33F2-63DF-4215-B95D-2C816287F392.jpeg","articleSection":["CDMX"],"inLanguage":"es","potentialAction":[{"@type":"CommentAction","name":"Comment","target":["https:\/\/quehacerpolitico.mx\/?p=92542#respond"]}]},{"@type":"WebPage","@id":"https:\/\/quehacerpolitico.mx\/?p=92542","url":"https:\/\/quehacerpolitico.mx\/?p=92542","name":"Desmienten la presunta renuncia de la jefa de gobierno Claudia Sheinbaum de la CDMX\u00a0 -","isPartOf":{"@id":"https:\/\/quehacerpolitico.mx\/#website"},"primaryImageOfPage":{"@id":"https:\/\/quehacerpolitico.mx\/?p=92542#primaryimage"},"image":{"@id":"https:\/\/quehacerpolitico.mx\/?p=92542#primaryimage"},"thumbnailUrl":"https:\/\/quehacerpolitico.mx\/wp-content\/uploads\/2022\/05\/24BA33F2-63DF-4215-B95D-2C816287F392.jpeg","datePublished":"2022-05-26T17:58:47+00:00","dateModified":"2022-05-26T17:58:50+00:00","author":{"@id":"https:\/\/quehacerpolitico.mx\/#\/schema\/person\/496d8ad2d1d3f8036101dca7ee39e585"},"breadcrumb":{"@id":"https:\/\/quehacerpolitico.mx\/?p=92542#breadcrumb"},"inLanguage":"es","potentialAction":[{"@type":"ReadAction","target":["https:\/\/quehacerpolitico.mx\/?p=92542"]}]},{"@type":"ImageObject","inLanguage":"es","@id":"https:\/\/quehacerpolitico.mx\/?p=92542#primaryimage","url":"https:\/\/quehacerpolitico.mx\/wp-content\/uploads\/2022\/05\/24BA33F2-63DF-4215-B95D-2C816287F392.jpeg","contentUrl":"https:\/\/quehacerpolitico.mx\/wp-content\/uploads\/2022\/05\/24BA33F2-63DF-4215-B95D-2C816287F392.jpeg","width":1024,"height":681},{"@type":"BreadcrumbList","@id":"https:\/\/quehacerpolitico.mx\/?p=92542#breadcrumb","itemListElement":[{"@type":"ListItem","position":1,"name":"Inicio","item":"https:\/\/quehacerpolitico.mx\/"},{"@type":"ListItem","position":2,"name":"Desmienten la presunta renuncia de la jefa de gobierno Claudia Sheinbaum de la CDMX\u00a0"}]},{"@type":"WebSite","@id":"https:\/\/quehacerpolitico.mx\/#website","url":"https:\/\/quehacerpolitico.mx\/","name":"","description":"","potentialAction":[{"@type":"SearchAction","target":{"@type":"EntryPoint","urlTemplate":"https:\/\/quehacerpolitico.mx\/?s={search_term_string}"},"query-input":{"@type":"PropertyValueSpecification","valueRequired":true,"valueName":"search_term_string"}}],"inLanguage":"es"},{"@type":"Person","@id":"https:\/\/quehacerpolitico.mx\/#\/schema\/person\/496d8ad2d1d3f8036101dca7ee39e585","name":"Redacci\u00f3n QP","image":{"@type":"ImageObject","inLanguage":"es","@id":"https:\/\/secure.gravatar.com\/avatar\/c7164ed6fdec453195284ad24a5ae5b6e1eed2b848477fa2a4787ba9adf39a41?s=96&d=mm&r=g","url":"https:\/\/secure.gravatar.com\/avatar\/c7164ed6fdec453195284ad24a5ae5b6e1eed2b848477fa2a4787ba9adf39a41?s=96&d=mm&r=g","contentUrl":"https:\/\/secure.gravatar.com\/avatar\/c7164ed6fdec453195284ad24a5ae5b6e1eed2b848477fa2a4787ba9adf39a41?s=96&d=mm&r=g","caption":"Redacci\u00f3n QP"},"url":"https:\/\/quehacerpolitico.mx\/?author=2"}]}},"featured_image_urls":{"full":["https:\/\/quehacerpolitico.mx\/wp-content\/uploads\/2022\/05\/24BA33F2-63DF-4215-B95D-2C816287F392.jpeg",1024,681,false],"thumbnail":["https:\/\/quehacerpolitico.mx\/wp-content\/uploads\/2022\/05\/24BA33F2-63DF-4215-B95D-2C816287F392-150x150.jpeg",150,150,true],"medium":["https:\/\/quehacerpolitico.mx\/wp-content\/uploads\/2022\/05\/24BA33F2-63DF-4215-B95D-2C816287F392-300x200.jpeg",300,200,true],"medium_large":["https:\/\/quehacerpolitico.mx\/wp-content\/uploads\/2022\/05\/24BA33F2-63DF-4215-B95D-2C816287F392-768x511.jpeg",640,426,true],"large":["https:\/\/quehacerpolitico.mx\/wp-content\/uploads\/2022\/05\/24BA33F2-63DF-4215-B95D-2C816287F392.jpeg",640,426,false],"1536x1536":["https:\/\/quehacerpolitico.mx\/wp-content\/uploads\/2022\/05\/24BA33F2-63DF-4215-B95D-2C816287F392.jpeg",1024,681,false],"2048x2048":["https:\/\/quehacerpolitico.mx\/wp-content\/uploads\/2022\/05\/24BA33F2-63DF-4215-B95D-2C816287F392.jpeg",1024,681,false],"covernews-featured":["https:\/\/quehacerpolitico.mx\/wp-content\/uploads\/2022\/05\/24BA33F2-63DF-4215-B95D-2C816287F392.jpeg",1024,681,false],"covernews-medium":["https:\/\/quehacerpolitico.mx\/wp-content\/uploads\/2022\/05\/24BA33F2-63DF-4215-B95D-2C816287F392.jpeg",511,340,false]},"author_info":{"display_name":"Redacci\u00f3n QP","author_link":"https:\/\/quehacerpolitico.mx\/?author=2"},"category_info":"<a href=\"https:\/\/quehacerpolitico.mx\/?cat=55\" rel=\"category\">CDMX<\/a>","tag_info":"CDMX","comment_count":"0","_links":{"self":[{"href":"https:\/\/quehacerpolitico.mx\/index.php?rest_route=\/wp\/v2\/posts\/92542","targetHints":{"allow":["GET"]}}],"collection":[{"href":"https:\/\/quehacerpolitico.mx\/index.php?rest_route=\/wp\/v2\/posts"}],"about":[{"href":"https:\/\/quehacerpolitico.mx\/index.php?rest_route=\/wp\/v2\/types\/post"}],"author":[{"embeddable":true,"href":"https:\/\/quehacerpolitico.mx\/index.php?rest_route=\/wp\/v2\/users\/2"}],"replies":[{"embeddable":true,"href":"https:\/\/quehacerpolitico.mx\/index.php?rest_route=%2Fwp%2Fv2%2Fcomments&post=92542"}],"version-history":[{"count":1,"href":"https:\/\/quehacerpolitico.mx\/index.php?rest_route=\/wp\/v2\/posts\/92542\/revisions"}],"predecessor-version":[{"id":92544,"href":"https:\/\/quehacerpolitico.mx\/index.php?rest_route=\/wp\/v2\/posts\/92542\/revisions\/92544"}],"wp:featuredmedia":[{"embeddable":true,"href":"https:\/\/quehacerpolitico.mx\/index.php?rest_route=\/wp\/v2\/media\/92543"}],"wp:attachment":[{"href":"https:\/\/quehacerpolitico.mx\/index.php?rest_route=%2Fwp%2Fv2%2Fmedia&parent=92542"}],"wp:term":[{"taxonomy":"category","embeddable":true,"href":"https:\/\/quehacerpolitico.mx\/index.php?rest_route=%2Fwp%2Fv2%2Fcategories&post=92542"},{"taxonomy":"post_tag","embeddable":true,"href":"https:\/\/quehacerpolitico.mx\/index.php?rest_route=%2Fwp%2Fv2%2Ftags&post=92542"}],"curies":[{"name":"wp","href":"https:\/\/api.w.org\/{rel}","templated":true}]}}