{"id":92511,"date":"2022-05-26T13:15:41","date_gmt":"2022-05-26T13:15:41","guid":{"rendered":"https:\/\/quehacerpolitico.mx\/?p=92511"},"modified":"2022-05-26T13:15:44","modified_gmt":"2022-05-26T13:15:44","slug":"muere-el-poeta-eduardo-lizalde-el-tigre-a-los-93-anos-de-edad","status":"publish","type":"post","link":"https:\/\/quehacerpolitico.mx\/?p=92511","title":{"rendered":"Muere el poeta Eduardo Lizalde el Tigre a los 93 a\u00f1os de edad"},"content":{"rendered":"\n<p>Por Redacci\u00f3n QP<\/p>\n\n\n\n<p>La secretaria de Cultura, Alejandra Frausto, describi\u00f3 a Eduardo Lizalde como una de las voces po\u00e9ticas m\u00e1s poderosas de la literatura hispanoamericana<\/p>\n\n\n\n<p><strong>Eduardo Lizalde<\/strong>, reconocido poeta y ensayista mexicano,\u00a0<strong>muri\u00f3<\/strong> a los 93 a\u00f1os de edad.<\/p>\n\n\n\n<figure class=\"wp-block-embed is-type-video is-provider-youtube wp-block-embed-youtube wp-embed-aspect-16-9 wp-has-aspect-ratio\"><div class=\"wp-block-embed__wrapper\">\n<iframe loading=\"lazy\" title=\"Fallece el poeta Eduardo Lizalde\" width=\"640\" height=\"360\" src=\"https:\/\/www.youtube.com\/embed\/XbaqX5ygK0c?feature=oembed\" frameborder=\"0\" allow=\"accelerometer; autoplay; clipboard-write; encrypted-media; gyroscope; picture-in-picture; web-share\" referrerpolicy=\"strict-origin-when-cross-origin\" allowfullscreen><\/iframe>\n<\/div><\/figure>\n\n\n\n<p>La noticia fue dada a conocer por la Secretar\u00eda de Cultura de la Ciudad de M\u00e9xico y lamentada por la Secretar\u00eda de Cultura del Gobierno Federal.<\/p>\n\n\n\n<figure class=\"wp-block-embed is-type-rich is-provider-twitter wp-block-embed-twitter\"><div class=\"wp-block-embed__wrapper\">\n<blockquote class=\"twitter-tweet\" data-width=\"550\" data-dnt=\"true\"><p lang=\"es\" dir=\"ltr\">La Secretar\u00eda de Cultura lamenta el fallecimiento del poeta, ensayista y narrador Eduardo Lizalde. Fue colaborador de diversas publicaciones culturales, profesor en la UNAM y servidor p\u00fablico. En 2009 recibi\u00f3 la Medalla Bellas Artes en reconocimiento a su destacada trayectoria. <a href=\"https:\/\/t.co\/RHWE22G8kX\">pic.twitter.com\/RHWE22G8kX<\/a><\/p>&mdash; Secretar\u00eda de Cultura (@cultura_mx) <a href=\"https:\/\/twitter.com\/cultura_mx\/status\/1529515140768571393?ref_src=twsrc%5Etfw\">May 25, 2022<\/a><\/blockquote><script async src=\"https:\/\/platform.twitter.com\/widgets.js\" charset=\"utf-8\"><\/script>\n<\/div><\/figure>\n\n\n\n<p>Por el momento se desconocen los motivos de la muerte del poeta, que en 2017 fue galardonado con el Premio Internacional Carlos Fuentes a la Creaci\u00f3n Literaria en el Idioma Espa\u00f1ol.<\/p>\n\n\n\n<p>Lizalde (Ciudad de M\u00e9xico, 1929), fue calificado entonces por la que era la secretaria de Cultura, Mar\u00eda Cristina Garc\u00eda Cepeda, como \u201cel poeta vivo m\u00e1s importante de M\u00e9xico y uno de los m\u00e1s notables de la lengua espa\u00f1ola\u201d.<\/p>\n\n\n\n<p>El autor estudi\u00f3 la carrera de&nbsp;<strong>Filosof\u00eda<\/strong>&nbsp;en la Universidad Nacional Aut\u00f3noma de M\u00e9xico (UNAM), pero tambi\u00e9n&nbsp;<strong>M\u00fasica<\/strong>&nbsp;en la Escuela Superior de M\u00fasica del Instituto Nacional de Bellas Artes (INBA).<\/p>\n\n\n\n<p>Entre los muchos reconocimientos que recibi\u00f3 en su prol\u00edfica carrera se encuentran el Premio Nacional de Ciencias y Artes (1988) y el espa\u00f1ol Premio Garc\u00eda Lorca (2013).<\/p>\n\n\n\n<p>Una de sus obras m\u00e1s reconocidas fue \u201c<strong>El tigre en la casa<\/strong>\u201c.<\/p>\n\n\n\n<p>Minutos despu\u00e9s del anuncio de su fallecimiento por parte de la Secretar\u00eda de Cultura de la Ciudad de M\u00e9xico, numerosos organismos, instituciones y personajes lamentaron su muerte y emitieron muestras de admiraci\u00f3n y respeto.<\/p>\n\n\n\n<p>La\u00a0<strong>Academia Mexicana de la Lengua<\/strong>\u00a0lament\u00f3 \u201cprofundamente\u201d el fallecimiento y comparti\u00f3 un video del poeta.<\/p>\n\n\n\n<figure class=\"wp-block-embed is-type-rich is-provider-twitter wp-block-embed-twitter\"><div class=\"wp-block-embed__wrapper\">\n<blockquote class=\"twitter-tweet\" data-width=\"550\" data-dnt=\"true\"><p lang=\"pt\" dir=\"ltr\">Eduardo Lizalde, in memoriam. <a href=\"https:\/\/t.co\/fopnCSgGww\">pic.twitter.com\/fopnCSgGww<\/a><\/p>&mdash; Academia Mexicana de la Lengua (@AMLengua) <a href=\"https:\/\/twitter.com\/AMLengua\/status\/1529522167288934400?ref_src=twsrc%5Etfw\">May 25, 2022<\/a><\/blockquote><script async src=\"https:\/\/platform.twitter.com\/widgets.js\" charset=\"utf-8\"><\/script>\n<\/div><\/figure>\n\n\n\n<p>Asimismo, la titular de la Secretar\u00eda de Cultura de M\u00e9xico,&nbsp;<strong>Alejandra Frausto<\/strong>, envi\u00f3 sus condolencias a su viuda, sus hijos y amigos.<\/p>\n\n\n\n<p>\u201cUna de las voces po\u00e9ticas m\u00e1s poderosas de la literatura hispanoamericana se ha marchado. Lamento la muerte del poeta tigre. Descanse en Paz, Eduardo Lizalde\u201d, escribi\u00f3 en su muro de Twitter.<\/p>\n\n\n\n<figure class=\"wp-block-embed is-type-rich is-provider-twitter wp-block-embed-twitter\"><div class=\"wp-block-embed__wrapper\">\n<blockquote class=\"twitter-tweet\" data-width=\"550\" data-dnt=\"true\"><p lang=\"es\" dir=\"ltr\">Una de las voces po\u00e9ticas m\u00e1s poderosas de la literatura hispanoamericana se ha marchado. Lamento la muerte del poeta tigre. Descanse en Paz, Eduardo Lizalde. Mis condolencias a Hilda, sus hijos y amigos. <a href=\"https:\/\/t.co\/xYIUp3qlB5\">pic.twitter.com\/xYIUp3qlB5<\/a><\/p>&mdash; Alejandra Frausto (@alefrausto) <a href=\"https:\/\/twitter.com\/alefrausto\/status\/1529492554592440324?ref_src=twsrc%5Etfw\">May 25, 2022<\/a><\/blockquote><script async src=\"https:\/\/platform.twitter.com\/widgets.js\" charset=\"utf-8\"><\/script>\n<\/div><\/figure>\n\n\n\n<p>Con informaci\u00f3n de EFE<\/p>\n","protected":false},"excerpt":{"rendered":"<p>Por Redacci\u00f3n QP La secretaria de Cultura, Alejandra Frausto, describi\u00f3 a Eduardo Lizalde como una&#8230;<\/p>\n","protected":false},"author":2,"featured_media":92513,"comment_status":"open","ping_status":"open","sticky":false,"template":"","format":"standard","meta":{"_monsterinsights_skip_tracking":false,"_monsterinsights_sitenote_active":false,"_monsterinsights_sitenote_note":"","_monsterinsights_sitenote_category":0,"footnotes":""},"categories":[58],"tags":[],"class_list":["post-92511","post","type-post","status-publish","format-standard","has-post-thumbnail","hentry","category-cultura"],"yoast_head":"<!-- This site is optimized with the Yoast SEO plugin v27.3 - https:\/\/yoast.com\/product\/yoast-seo-wordpress\/ -->\n<title>Muere el poeta Eduardo Lizalde el Tigre a los 93 a\u00f1os de edad -<\/title>\n<meta name=\"robots\" content=\"index, follow, max-snippet:-1, max-image-preview:large, max-video-preview:-1\" \/>\n<link rel=\"canonical\" href=\"https:\/\/quehacerpolitico.mx\/?p=92511\" \/>\n<meta property=\"og:locale\" content=\"es_MX\" \/>\n<meta property=\"og:type\" content=\"article\" \/>\n<meta property=\"og:title\" content=\"Muere el poeta Eduardo Lizalde el Tigre a los 93 a\u00f1os de edad -\" \/>\n<meta property=\"og:description\" content=\"Por Redacci\u00f3n QP La secretaria de Cultura, Alejandra Frausto, describi\u00f3 a Eduardo Lizalde como una...\" \/>\n<meta property=\"og:url\" content=\"https:\/\/quehacerpolitico.mx\/?p=92511\" \/>\n<meta property=\"article:published_time\" content=\"2022-05-26T13:15:41+00:00\" \/>\n<meta property=\"article:modified_time\" content=\"2022-05-26T13:15:44+00:00\" \/>\n<meta property=\"og:image\" content=\"https:\/\/quehacerpolitico.mx\/wp-content\/uploads\/2022\/05\/39CD9948-3A37-46B8-BFE5-2038B3F0A6CF.jpeg\" \/>\n\t<meta property=\"og:image:width\" content=\"1284\" \/>\n\t<meta property=\"og:image:height\" content=\"691\" \/>\n\t<meta property=\"og:image:type\" content=\"image\/jpeg\" \/>\n<meta name=\"author\" content=\"Redacci\u00f3n QP\" \/>\n<meta name=\"twitter:card\" content=\"summary_large_image\" \/>\n<meta name=\"twitter:label1\" content=\"Escrito por\" \/>\n\t<meta name=\"twitter:data1\" content=\"Redacci\u00f3n QP\" \/>\n\t<meta name=\"twitter:label2\" content=\"Tiempo de lectura\" \/>\n\t<meta name=\"twitter:data2\" content=\"2 minutos\" \/>\n<script type=\"application\/ld+json\" class=\"yoast-schema-graph\">{\"@context\":\"https:\\\/\\\/schema.org\",\"@graph\":[{\"@type\":\"Article\",\"@id\":\"https:\\\/\\\/quehacerpolitico.mx\\\/?p=92511#article\",\"isPartOf\":{\"@id\":\"https:\\\/\\\/quehacerpolitico.mx\\\/?p=92511\"},\"author\":{\"name\":\"Redacci\u00f3n QP\",\"@id\":\"https:\\\/\\\/quehacerpolitico.mx\\\/#\\\/schema\\\/person\\\/496d8ad2d1d3f8036101dca7ee39e585\"},\"headline\":\"Muere el poeta Eduardo Lizalde el Tigre a los 93 a\u00f1os de edad\",\"datePublished\":\"2022-05-26T13:15:41+00:00\",\"dateModified\":\"2022-05-26T13:15:44+00:00\",\"mainEntityOfPage\":{\"@id\":\"https:\\\/\\\/quehacerpolitico.mx\\\/?p=92511\"},\"wordCount\":399,\"commentCount\":0,\"image\":{\"@id\":\"https:\\\/\\\/quehacerpolitico.mx\\\/?p=92511#primaryimage\"},\"thumbnailUrl\":\"https:\\\/\\\/quehacerpolitico.mx\\\/wp-content\\\/uploads\\\/2022\\\/05\\\/39CD9948-3A37-46B8-BFE5-2038B3F0A6CF.jpeg\",\"articleSection\":[\"Cultura y Entretenimiento\"],\"inLanguage\":\"es\",\"potentialAction\":[{\"@type\":\"CommentAction\",\"name\":\"Comment\",\"target\":[\"https:\\\/\\\/quehacerpolitico.mx\\\/?p=92511#respond\"]}]},{\"@type\":\"WebPage\",\"@id\":\"https:\\\/\\\/quehacerpolitico.mx\\\/?p=92511\",\"url\":\"https:\\\/\\\/quehacerpolitico.mx\\\/?p=92511\",\"name\":\"Muere el poeta Eduardo Lizalde el Tigre a los 93 a\u00f1os de edad -\",\"isPartOf\":{\"@id\":\"https:\\\/\\\/quehacerpolitico.mx\\\/#website\"},\"primaryImageOfPage\":{\"@id\":\"https:\\\/\\\/quehacerpolitico.mx\\\/?p=92511#primaryimage\"},\"image\":{\"@id\":\"https:\\\/\\\/quehacerpolitico.mx\\\/?p=92511#primaryimage\"},\"thumbnailUrl\":\"https:\\\/\\\/quehacerpolitico.mx\\\/wp-content\\\/uploads\\\/2022\\\/05\\\/39CD9948-3A37-46B8-BFE5-2038B3F0A6CF.jpeg\",\"datePublished\":\"2022-05-26T13:15:41+00:00\",\"dateModified\":\"2022-05-26T13:15:44+00:00\",\"author\":{\"@id\":\"https:\\\/\\\/quehacerpolitico.mx\\\/#\\\/schema\\\/person\\\/496d8ad2d1d3f8036101dca7ee39e585\"},\"breadcrumb\":{\"@id\":\"https:\\\/\\\/quehacerpolitico.mx\\\/?p=92511#breadcrumb\"},\"inLanguage\":\"es\",\"potentialAction\":[{\"@type\":\"ReadAction\",\"target\":[\"https:\\\/\\\/quehacerpolitico.mx\\\/?p=92511\"]}]},{\"@type\":\"ImageObject\",\"inLanguage\":\"es\",\"@id\":\"https:\\\/\\\/quehacerpolitico.mx\\\/?p=92511#primaryimage\",\"url\":\"https:\\\/\\\/quehacerpolitico.mx\\\/wp-content\\\/uploads\\\/2022\\\/05\\\/39CD9948-3A37-46B8-BFE5-2038B3F0A6CF.jpeg\",\"contentUrl\":\"https:\\\/\\\/quehacerpolitico.mx\\\/wp-content\\\/uploads\\\/2022\\\/05\\\/39CD9948-3A37-46B8-BFE5-2038B3F0A6CF.jpeg\",\"width\":1284,\"height\":691},{\"@type\":\"BreadcrumbList\",\"@id\":\"https:\\\/\\\/quehacerpolitico.mx\\\/?p=92511#breadcrumb\",\"itemListElement\":[{\"@type\":\"ListItem\",\"position\":1,\"name\":\"Inicio\",\"item\":\"https:\\\/\\\/quehacerpolitico.mx\\\/\"},{\"@type\":\"ListItem\",\"position\":2,\"name\":\"Muere el poeta Eduardo Lizalde el Tigre a los 93 a\u00f1os de edad\"}]},{\"@type\":\"WebSite\",\"@id\":\"https:\\\/\\\/quehacerpolitico.mx\\\/#website\",\"url\":\"https:\\\/\\\/quehacerpolitico.mx\\\/\",\"name\":\"\",\"description\":\"\",\"potentialAction\":[{\"@type\":\"SearchAction\",\"target\":{\"@type\":\"EntryPoint\",\"urlTemplate\":\"https:\\\/\\\/quehacerpolitico.mx\\\/?s={search_term_string}\"},\"query-input\":{\"@type\":\"PropertyValueSpecification\",\"valueRequired\":true,\"valueName\":\"search_term_string\"}}],\"inLanguage\":\"es\"},{\"@type\":\"Person\",\"@id\":\"https:\\\/\\\/quehacerpolitico.mx\\\/#\\\/schema\\\/person\\\/496d8ad2d1d3f8036101dca7ee39e585\",\"name\":\"Redacci\u00f3n QP\",\"image\":{\"@type\":\"ImageObject\",\"inLanguage\":\"es\",\"@id\":\"https:\\\/\\\/secure.gravatar.com\\\/avatar\\\/c7164ed6fdec453195284ad24a5ae5b6e1eed2b848477fa2a4787ba9adf39a41?s=96&d=mm&r=g\",\"url\":\"https:\\\/\\\/secure.gravatar.com\\\/avatar\\\/c7164ed6fdec453195284ad24a5ae5b6e1eed2b848477fa2a4787ba9adf39a41?s=96&d=mm&r=g\",\"contentUrl\":\"https:\\\/\\\/secure.gravatar.com\\\/avatar\\\/c7164ed6fdec453195284ad24a5ae5b6e1eed2b848477fa2a4787ba9adf39a41?s=96&d=mm&r=g\",\"caption\":\"Redacci\u00f3n QP\"},\"url\":\"https:\\\/\\\/quehacerpolitico.mx\\\/?author=2\"}]}<\/script>\n<!-- \/ Yoast SEO plugin. -->","yoast_head_json":{"title":"Muere el poeta Eduardo Lizalde el Tigre a los 93 a\u00f1os de edad -","robots":{"index":"index","follow":"follow","max-snippet":"max-snippet:-1","max-image-preview":"max-image-preview:large","max-video-preview":"max-video-preview:-1"},"canonical":"https:\/\/quehacerpolitico.mx\/?p=92511","og_locale":"es_MX","og_type":"article","og_title":"Muere el poeta Eduardo Lizalde el Tigre a los 93 a\u00f1os de edad -","og_description":"Por Redacci\u00f3n QP La secretaria de Cultura, Alejandra Frausto, describi\u00f3 a Eduardo Lizalde como una...","og_url":"https:\/\/quehacerpolitico.mx\/?p=92511","article_published_time":"2022-05-26T13:15:41+00:00","article_modified_time":"2022-05-26T13:15:44+00:00","og_image":[{"width":1284,"height":691,"url":"https:\/\/quehacerpolitico.mx\/wp-content\/uploads\/2022\/05\/39CD9948-3A37-46B8-BFE5-2038B3F0A6CF.jpeg","type":"image\/jpeg"}],"author":"Redacci\u00f3n QP","twitter_card":"summary_large_image","twitter_misc":{"Escrito por":"Redacci\u00f3n QP","Tiempo de lectura":"2 minutos"},"schema":{"@context":"https:\/\/schema.org","@graph":[{"@type":"Article","@id":"https:\/\/quehacerpolitico.mx\/?p=92511#article","isPartOf":{"@id":"https:\/\/quehacerpolitico.mx\/?p=92511"},"author":{"name":"Redacci\u00f3n QP","@id":"https:\/\/quehacerpolitico.mx\/#\/schema\/person\/496d8ad2d1d3f8036101dca7ee39e585"},"headline":"Muere el poeta Eduardo Lizalde el Tigre a los 93 a\u00f1os de edad","datePublished":"2022-05-26T13:15:41+00:00","dateModified":"2022-05-26T13:15:44+00:00","mainEntityOfPage":{"@id":"https:\/\/quehacerpolitico.mx\/?p=92511"},"wordCount":399,"commentCount":0,"image":{"@id":"https:\/\/quehacerpolitico.mx\/?p=92511#primaryimage"},"thumbnailUrl":"https:\/\/quehacerpolitico.mx\/wp-content\/uploads\/2022\/05\/39CD9948-3A37-46B8-BFE5-2038B3F0A6CF.jpeg","articleSection":["Cultura y Entretenimiento"],"inLanguage":"es","potentialAction":[{"@type":"CommentAction","name":"Comment","target":["https:\/\/quehacerpolitico.mx\/?p=92511#respond"]}]},{"@type":"WebPage","@id":"https:\/\/quehacerpolitico.mx\/?p=92511","url":"https:\/\/quehacerpolitico.mx\/?p=92511","name":"Muere el poeta Eduardo Lizalde el Tigre a los 93 a\u00f1os de edad -","isPartOf":{"@id":"https:\/\/quehacerpolitico.mx\/#website"},"primaryImageOfPage":{"@id":"https:\/\/quehacerpolitico.mx\/?p=92511#primaryimage"},"image":{"@id":"https:\/\/quehacerpolitico.mx\/?p=92511#primaryimage"},"thumbnailUrl":"https:\/\/quehacerpolitico.mx\/wp-content\/uploads\/2022\/05\/39CD9948-3A37-46B8-BFE5-2038B3F0A6CF.jpeg","datePublished":"2022-05-26T13:15:41+00:00","dateModified":"2022-05-26T13:15:44+00:00","author":{"@id":"https:\/\/quehacerpolitico.mx\/#\/schema\/person\/496d8ad2d1d3f8036101dca7ee39e585"},"breadcrumb":{"@id":"https:\/\/quehacerpolitico.mx\/?p=92511#breadcrumb"},"inLanguage":"es","potentialAction":[{"@type":"ReadAction","target":["https:\/\/quehacerpolitico.mx\/?p=92511"]}]},{"@type":"ImageObject","inLanguage":"es","@id":"https:\/\/quehacerpolitico.mx\/?p=92511#primaryimage","url":"https:\/\/quehacerpolitico.mx\/wp-content\/uploads\/2022\/05\/39CD9948-3A37-46B8-BFE5-2038B3F0A6CF.jpeg","contentUrl":"https:\/\/quehacerpolitico.mx\/wp-content\/uploads\/2022\/05\/39CD9948-3A37-46B8-BFE5-2038B3F0A6CF.jpeg","width":1284,"height":691},{"@type":"BreadcrumbList","@id":"https:\/\/quehacerpolitico.mx\/?p=92511#breadcrumb","itemListElement":[{"@type":"ListItem","position":1,"name":"Inicio","item":"https:\/\/quehacerpolitico.mx\/"},{"@type":"ListItem","position":2,"name":"Muere el poeta Eduardo Lizalde el Tigre a los 93 a\u00f1os de edad"}]},{"@type":"WebSite","@id":"https:\/\/quehacerpolitico.mx\/#website","url":"https:\/\/quehacerpolitico.mx\/","name":"","description":"","potentialAction":[{"@type":"SearchAction","target":{"@type":"EntryPoint","urlTemplate":"https:\/\/quehacerpolitico.mx\/?s={search_term_string}"},"query-input":{"@type":"PropertyValueSpecification","valueRequired":true,"valueName":"search_term_string"}}],"inLanguage":"es"},{"@type":"Person","@id":"https:\/\/quehacerpolitico.mx\/#\/schema\/person\/496d8ad2d1d3f8036101dca7ee39e585","name":"Redacci\u00f3n QP","image":{"@type":"ImageObject","inLanguage":"es","@id":"https:\/\/secure.gravatar.com\/avatar\/c7164ed6fdec453195284ad24a5ae5b6e1eed2b848477fa2a4787ba9adf39a41?s=96&d=mm&r=g","url":"https:\/\/secure.gravatar.com\/avatar\/c7164ed6fdec453195284ad24a5ae5b6e1eed2b848477fa2a4787ba9adf39a41?s=96&d=mm&r=g","contentUrl":"https:\/\/secure.gravatar.com\/avatar\/c7164ed6fdec453195284ad24a5ae5b6e1eed2b848477fa2a4787ba9adf39a41?s=96&d=mm&r=g","caption":"Redacci\u00f3n QP"},"url":"https:\/\/quehacerpolitico.mx\/?author=2"}]}},"featured_image_urls":{"full":["https:\/\/quehacerpolitico.mx\/wp-content\/uploads\/2022\/05\/39CD9948-3A37-46B8-BFE5-2038B3F0A6CF.jpeg",1284,691,false],"thumbnail":["https:\/\/quehacerpolitico.mx\/wp-content\/uploads\/2022\/05\/39CD9948-3A37-46B8-BFE5-2038B3F0A6CF-150x150.jpeg",150,150,true],"medium":["https:\/\/quehacerpolitico.mx\/wp-content\/uploads\/2022\/05\/39CD9948-3A37-46B8-BFE5-2038B3F0A6CF-300x161.jpeg",300,161,true],"medium_large":["https:\/\/quehacerpolitico.mx\/wp-content\/uploads\/2022\/05\/39CD9948-3A37-46B8-BFE5-2038B3F0A6CF-768x413.jpeg",640,344,true],"large":["https:\/\/quehacerpolitico.mx\/wp-content\/uploads\/2022\/05\/39CD9948-3A37-46B8-BFE5-2038B3F0A6CF-1024x551.jpeg",640,344,true],"1536x1536":["https:\/\/quehacerpolitico.mx\/wp-content\/uploads\/2022\/05\/39CD9948-3A37-46B8-BFE5-2038B3F0A6CF.jpeg",1284,691,false],"2048x2048":["https:\/\/quehacerpolitico.mx\/wp-content\/uploads\/2022\/05\/39CD9948-3A37-46B8-BFE5-2038B3F0A6CF.jpeg",1284,691,false],"covernews-featured":["https:\/\/quehacerpolitico.mx\/wp-content\/uploads\/2022\/05\/39CD9948-3A37-46B8-BFE5-2038B3F0A6CF.jpeg",1024,551,false],"covernews-medium":["https:\/\/quehacerpolitico.mx\/wp-content\/uploads\/2022\/05\/39CD9948-3A37-46B8-BFE5-2038B3F0A6CF.jpeg",540,291,false]},"author_info":{"display_name":"Redacci\u00f3n QP","author_link":"https:\/\/quehacerpolitico.mx\/?author=2"},"category_info":"<a href=\"https:\/\/quehacerpolitico.mx\/?cat=58\" rel=\"category\">Cultura y Entretenimiento<\/a>","tag_info":"Cultura y Entretenimiento","comment_count":"0","_links":{"self":[{"href":"https:\/\/quehacerpolitico.mx\/index.php?rest_route=\/wp\/v2\/posts\/92511","targetHints":{"allow":["GET"]}}],"collection":[{"href":"https:\/\/quehacerpolitico.mx\/index.php?rest_route=\/wp\/v2\/posts"}],"about":[{"href":"https:\/\/quehacerpolitico.mx\/index.php?rest_route=\/wp\/v2\/types\/post"}],"author":[{"embeddable":true,"href":"https:\/\/quehacerpolitico.mx\/index.php?rest_route=\/wp\/v2\/users\/2"}],"replies":[{"embeddable":true,"href":"https:\/\/quehacerpolitico.mx\/index.php?rest_route=%2Fwp%2Fv2%2Fcomments&post=92511"}],"version-history":[{"count":1,"href":"https:\/\/quehacerpolitico.mx\/index.php?rest_route=\/wp\/v2\/posts\/92511\/revisions"}],"predecessor-version":[{"id":92514,"href":"https:\/\/quehacerpolitico.mx\/index.php?rest_route=\/wp\/v2\/posts\/92511\/revisions\/92514"}],"wp:featuredmedia":[{"embeddable":true,"href":"https:\/\/quehacerpolitico.mx\/index.php?rest_route=\/wp\/v2\/media\/92513"}],"wp:attachment":[{"href":"https:\/\/quehacerpolitico.mx\/index.php?rest_route=%2Fwp%2Fv2%2Fmedia&parent=92511"}],"wp:term":[{"taxonomy":"category","embeddable":true,"href":"https:\/\/quehacerpolitico.mx\/index.php?rest_route=%2Fwp%2Fv2%2Fcategories&post=92511"},{"taxonomy":"post_tag","embeddable":true,"href":"https:\/\/quehacerpolitico.mx\/index.php?rest_route=%2Fwp%2Fv2%2Ftags&post=92511"}],"curies":[{"name":"wp","href":"https:\/\/api.w.org\/{rel}","templated":true}]}}