{"id":92501,"date":"2022-05-25T16:10:18","date_gmt":"2022-05-25T16:10:18","guid":{"rendered":"https:\/\/quehacerpolitico.mx\/?p=92501"},"modified":"2022-05-25T16:10:22","modified_gmt":"2022-05-25T16:10:22","slug":"falso-que-gobierno-federal-haya-ordenado-censurar-a-derbez-dice-garcia-vilchis","status":"publish","type":"post","link":"https:\/\/quehacerpolitico.mx\/?p=92501","title":{"rendered":"&#8220;Falso que Gobierno federal haya ordenado censurar a Derbez&#8221;, dice Garc\u00eda Vilchis\u00a0"},"content":{"rendered":"\n<p>Por Redacci\u00f3n QP<\/p>\n\n\n\n<p>Ana Elizabeth Garc\u00eda Vilchis asegura que Eugenio Derbez aleg\u00f3 censura para llamar la atenci\u00f3n<\/p>\n\n\n\n<p>Ana Elizabeth Garc\u00eda Vilchis, encargada de la secci\u00f3n &#8220;Qui\u00e9n es qui\u00e9n en las mentiras de la Semana&#8221; de la\u00a0conferencia de prensa del Presidente\u00a0Andres Manuel Lopez Obrador, asegur\u00f3 que es f<strong>also que el Gobierno federal haya ordenado censurar en Televisa al actor Eugenio Derbez por sus cr\u00edticas al Tren Maya<\/strong>.<\/p>\n\n\n\n<p>Frente al Ejecutivo federal, Garc\u00eda Vilchis destac\u00f3 que Emilio Azc\u00e1rraga Jean, presidente del Consejo de Administraci\u00f3n de Televisa, afirm\u00f3 que\u00a0<strong>la verdadera raz\u00f3n de las acusaciones del actor es porque busca que la empresa televisora le entregue los derechos del nombre del programa &#8220;La Familia Peluche&#8221;<\/strong>.<\/p>\n\n\n\n<p>Ana Elizabeth Garc\u00eda Vilchis asegur\u00f3 que el actor\u00a0<strong>aleg\u00f3 censura para llamar la atenci\u00f3n<\/strong>.<\/p>\n\n\n\n<figure class=\"wp-block-embed is-type-rich is-provider-twitter wp-block-embed-twitter\"><div class=\"wp-block-embed__wrapper\">\n<blockquote class=\"twitter-tweet\" data-width=\"550\" data-dnt=\"true\"><p lang=\"es\" dir=\"ltr\">-Oye, \u00bfTu presidente est\u00e1 obsesionado con Eugenio Derbez?<br><br>-Pues hoy inaugur\u00f3 una secci\u00f3n llamada &quot;SELVAME DEL FAKE&quot; con Elizabeth Vilchis, t\u00fa dime <br><br>As\u00ed las ma\u00f1aneras actuales&#8230; \ud83e\udd37\u200d\u2640\ufe0f <a href=\"https:\/\/t.co\/VPbbhkqixt\">pic.twitter.com\/VPbbhkqixt<\/a><\/p>&mdash; Ruido en la Red (@RuidoEnLaRed) <a href=\"https:\/\/twitter.com\/RuidoEnLaRed\/status\/1529442200978964480?ref_src=twsrc%5Etfw\">May 25, 2022<\/a><\/blockquote><script async src=\"https:\/\/platform.twitter.com\/widgets.js\" charset=\"utf-8\"><\/script>\n<\/div><\/figure>\n\n\n\n<p>&#8220;Se\u00f1or Presidente, le informamos que esta es ahora una secci\u00f3n dentro de nuestra secci\u00f3n que se llama &#8216;SelvamedelFake&#8217;. Eugenio Derbez denunci\u00f3 que Televisa lo vet\u00f3 por oponerse al Tren Maya, lo cual result\u00f3 falso&#8221;.<\/p>\n\n\n\n<p>&#8220;El actor Eugenio Derbez denunci\u00f3 que la empresa Televisa lo hab\u00eda vetado en M\u00e9xico tras su aparici\u00f3n en la campa\u00f1a en contra del Tramo 5 del Tren Maya &#8216;S\u00e1lvame del Tren&#8217; sugiriendo que la orden hab\u00eda venido de Palacio Nacional. Derbez se\u00f1al\u00f3 que le cancelaron entrevistas en Televisa porque hab\u00eda llegado un memor\u00e1ndum, pero esta result\u00f3 una mentira, el propio Emilio Azc\u00e1rraga Jean, presidente del Consejo de Administraci\u00f3n de Televisa, lo desminti\u00f3 en su cuenta de Twitter. Azc\u00e1rraga afirma que el actor s\u00ed fue entrevistado en programas de Televisa, y que tambi\u00e9n ha hecho cobertura en sus noticieros sobre el Tren Maya&#8221;, dijo.<\/p>\n\n\n\n<p>En Palacio Nacional, la funcionaria federal se\u00f1al\u00f3 que el presidente de Televisa asegur\u00f3 que la verdadera raz\u00f3n de los se\u00f1alamientos de Eugenio Derbez, es que el actor tiene un conflicto con la empresa televisora por los derechos de la Familia Peluche &#8220;del cual quiere que le regalen los derechos del nombre&#8221;.<\/p>\n\n\n\n<p>&#8220;As\u00ed que este conflicto entre particulares por los derechos de un programa los utiliza Derbez para llamar la atenci\u00f3n alegando censura de Televisa por \u00f3rdenes del gobierno. Todo lo cual evidentemente es falso&#8221;, dijo.<\/p>\n\n\n\n<p>Con informaci\u00f3n de SUN<\/p>\n","protected":false},"excerpt":{"rendered":"<p>Por Redacci\u00f3n QP Ana Elizabeth Garc\u00eda Vilchis asegura que Eugenio Derbez aleg\u00f3 censura para llamar&#8230;<\/p>\n","protected":false},"author":2,"featured_media":92502,"comment_status":"open","ping_status":"open","sticky":false,"template":"","format":"standard","meta":{"_monsterinsights_skip_tracking":false,"_monsterinsights_sitenote_active":false,"_monsterinsights_sitenote_note":"","_monsterinsights_sitenote_category":0,"footnotes":""},"categories":[2],"tags":[],"class_list":["post-92501","post","type-post","status-publish","format-standard","has-post-thumbnail","hentry","category-noticias"],"yoast_head":"<!-- This site is optimized with the Yoast SEO plugin v27.3 - https:\/\/yoast.com\/product\/yoast-seo-wordpress\/ -->\n<title>&quot;Falso que Gobierno federal haya ordenado censurar a Derbez&quot;, dice Garc\u00eda Vilchis\u00a0 -<\/title>\n<meta name=\"robots\" content=\"index, follow, max-snippet:-1, max-image-preview:large, max-video-preview:-1\" \/>\n<link rel=\"canonical\" href=\"https:\/\/quehacerpolitico.mx\/?p=92501\" \/>\n<meta property=\"og:locale\" content=\"es_MX\" \/>\n<meta property=\"og:type\" content=\"article\" \/>\n<meta property=\"og:title\" content=\"&quot;Falso que Gobierno federal haya ordenado censurar a Derbez&quot;, dice Garc\u00eda Vilchis\u00a0 -\" \/>\n<meta property=\"og:description\" content=\"Por Redacci\u00f3n QP Ana Elizabeth Garc\u00eda Vilchis asegura que Eugenio Derbez aleg\u00f3 censura para llamar...\" \/>\n<meta property=\"og:url\" content=\"https:\/\/quehacerpolitico.mx\/?p=92501\" \/>\n<meta property=\"article:published_time\" content=\"2022-05-25T16:10:18+00:00\" \/>\n<meta property=\"article:modified_time\" content=\"2022-05-25T16:10:22+00:00\" \/>\n<meta property=\"og:image\" content=\"https:\/\/quehacerpolitico.mx\/wp-content\/uploads\/2022\/05\/E494BAEB-1FB5-408F-866F-5926598A0A7D.jpeg\" \/>\n\t<meta property=\"og:image:width\" content=\"1284\" \/>\n\t<meta property=\"og:image:height\" content=\"703\" \/>\n\t<meta property=\"og:image:type\" content=\"image\/jpeg\" \/>\n<meta name=\"author\" content=\"Redacci\u00f3n QP\" \/>\n<meta name=\"twitter:card\" content=\"summary_large_image\" \/>\n<meta name=\"twitter:label1\" content=\"Escrito por\" \/>\n\t<meta name=\"twitter:data1\" content=\"Redacci\u00f3n QP\" \/>\n\t<meta name=\"twitter:label2\" content=\"Tiempo de lectura\" \/>\n\t<meta name=\"twitter:data2\" content=\"2 minutos\" \/>\n<script type=\"application\/ld+json\" class=\"yoast-schema-graph\">{\"@context\":\"https:\\\/\\\/schema.org\",\"@graph\":[{\"@type\":\"Article\",\"@id\":\"https:\\\/\\\/quehacerpolitico.mx\\\/?p=92501#article\",\"isPartOf\":{\"@id\":\"https:\\\/\\\/quehacerpolitico.mx\\\/?p=92501\"},\"author\":{\"name\":\"Redacci\u00f3n QP\",\"@id\":\"https:\\\/\\\/quehacerpolitico.mx\\\/#\\\/schema\\\/person\\\/496d8ad2d1d3f8036101dca7ee39e585\"},\"headline\":\"&#8220;Falso que Gobierno federal haya ordenado censurar a Derbez&#8221;, dice Garc\u00eda Vilchis\u00a0\",\"datePublished\":\"2022-05-25T16:10:18+00:00\",\"dateModified\":\"2022-05-25T16:10:22+00:00\",\"mainEntityOfPage\":{\"@id\":\"https:\\\/\\\/quehacerpolitico.mx\\\/?p=92501\"},\"wordCount\":411,\"commentCount\":0,\"image\":{\"@id\":\"https:\\\/\\\/quehacerpolitico.mx\\\/?p=92501#primaryimage\"},\"thumbnailUrl\":\"https:\\\/\\\/quehacerpolitico.mx\\\/wp-content\\\/uploads\\\/2022\\\/05\\\/E494BAEB-1FB5-408F-866F-5926598A0A7D.jpeg\",\"articleSection\":[\"Noticias\"],\"inLanguage\":\"es\",\"potentialAction\":[{\"@type\":\"CommentAction\",\"name\":\"Comment\",\"target\":[\"https:\\\/\\\/quehacerpolitico.mx\\\/?p=92501#respond\"]}]},{\"@type\":\"WebPage\",\"@id\":\"https:\\\/\\\/quehacerpolitico.mx\\\/?p=92501\",\"url\":\"https:\\\/\\\/quehacerpolitico.mx\\\/?p=92501\",\"name\":\"\\\"Falso que Gobierno federal haya ordenado censurar a Derbez\\\", dice Garc\u00eda Vilchis\u00a0 -\",\"isPartOf\":{\"@id\":\"https:\\\/\\\/quehacerpolitico.mx\\\/#website\"},\"primaryImageOfPage\":{\"@id\":\"https:\\\/\\\/quehacerpolitico.mx\\\/?p=92501#primaryimage\"},\"image\":{\"@id\":\"https:\\\/\\\/quehacerpolitico.mx\\\/?p=92501#primaryimage\"},\"thumbnailUrl\":\"https:\\\/\\\/quehacerpolitico.mx\\\/wp-content\\\/uploads\\\/2022\\\/05\\\/E494BAEB-1FB5-408F-866F-5926598A0A7D.jpeg\",\"datePublished\":\"2022-05-25T16:10:18+00:00\",\"dateModified\":\"2022-05-25T16:10:22+00:00\",\"author\":{\"@id\":\"https:\\\/\\\/quehacerpolitico.mx\\\/#\\\/schema\\\/person\\\/496d8ad2d1d3f8036101dca7ee39e585\"},\"breadcrumb\":{\"@id\":\"https:\\\/\\\/quehacerpolitico.mx\\\/?p=92501#breadcrumb\"},\"inLanguage\":\"es\",\"potentialAction\":[{\"@type\":\"ReadAction\",\"target\":[\"https:\\\/\\\/quehacerpolitico.mx\\\/?p=92501\"]}]},{\"@type\":\"ImageObject\",\"inLanguage\":\"es\",\"@id\":\"https:\\\/\\\/quehacerpolitico.mx\\\/?p=92501#primaryimage\",\"url\":\"https:\\\/\\\/quehacerpolitico.mx\\\/wp-content\\\/uploads\\\/2022\\\/05\\\/E494BAEB-1FB5-408F-866F-5926598A0A7D.jpeg\",\"contentUrl\":\"https:\\\/\\\/quehacerpolitico.mx\\\/wp-content\\\/uploads\\\/2022\\\/05\\\/E494BAEB-1FB5-408F-866F-5926598A0A7D.jpeg\",\"width\":1284,\"height\":703},{\"@type\":\"BreadcrumbList\",\"@id\":\"https:\\\/\\\/quehacerpolitico.mx\\\/?p=92501#breadcrumb\",\"itemListElement\":[{\"@type\":\"ListItem\",\"position\":1,\"name\":\"Inicio\",\"item\":\"https:\\\/\\\/quehacerpolitico.mx\\\/\"},{\"@type\":\"ListItem\",\"position\":2,\"name\":\"&#8220;Falso que Gobierno federal haya ordenado censurar a Derbez&#8221;, dice Garc\u00eda Vilchis\u00a0\"}]},{\"@type\":\"WebSite\",\"@id\":\"https:\\\/\\\/quehacerpolitico.mx\\\/#website\",\"url\":\"https:\\\/\\\/quehacerpolitico.mx\\\/\",\"name\":\"\",\"description\":\"\",\"potentialAction\":[{\"@type\":\"SearchAction\",\"target\":{\"@type\":\"EntryPoint\",\"urlTemplate\":\"https:\\\/\\\/quehacerpolitico.mx\\\/?s={search_term_string}\"},\"query-input\":{\"@type\":\"PropertyValueSpecification\",\"valueRequired\":true,\"valueName\":\"search_term_string\"}}],\"inLanguage\":\"es\"},{\"@type\":\"Person\",\"@id\":\"https:\\\/\\\/quehacerpolitico.mx\\\/#\\\/schema\\\/person\\\/496d8ad2d1d3f8036101dca7ee39e585\",\"name\":\"Redacci\u00f3n QP\",\"image\":{\"@type\":\"ImageObject\",\"inLanguage\":\"es\",\"@id\":\"https:\\\/\\\/secure.gravatar.com\\\/avatar\\\/c7164ed6fdec453195284ad24a5ae5b6e1eed2b848477fa2a4787ba9adf39a41?s=96&d=mm&r=g\",\"url\":\"https:\\\/\\\/secure.gravatar.com\\\/avatar\\\/c7164ed6fdec453195284ad24a5ae5b6e1eed2b848477fa2a4787ba9adf39a41?s=96&d=mm&r=g\",\"contentUrl\":\"https:\\\/\\\/secure.gravatar.com\\\/avatar\\\/c7164ed6fdec453195284ad24a5ae5b6e1eed2b848477fa2a4787ba9adf39a41?s=96&d=mm&r=g\",\"caption\":\"Redacci\u00f3n QP\"},\"url\":\"https:\\\/\\\/quehacerpolitico.mx\\\/?author=2\"}]}<\/script>\n<!-- \/ Yoast SEO plugin. -->","yoast_head_json":{"title":"\"Falso que Gobierno federal haya ordenado censurar a Derbez\", dice Garc\u00eda Vilchis\u00a0 -","robots":{"index":"index","follow":"follow","max-snippet":"max-snippet:-1","max-image-preview":"max-image-preview:large","max-video-preview":"max-video-preview:-1"},"canonical":"https:\/\/quehacerpolitico.mx\/?p=92501","og_locale":"es_MX","og_type":"article","og_title":"\"Falso que Gobierno federal haya ordenado censurar a Derbez\", dice Garc\u00eda Vilchis\u00a0 -","og_description":"Por Redacci\u00f3n QP Ana Elizabeth Garc\u00eda Vilchis asegura que Eugenio Derbez aleg\u00f3 censura para llamar...","og_url":"https:\/\/quehacerpolitico.mx\/?p=92501","article_published_time":"2022-05-25T16:10:18+00:00","article_modified_time":"2022-05-25T16:10:22+00:00","og_image":[{"width":1284,"height":703,"url":"https:\/\/quehacerpolitico.mx\/wp-content\/uploads\/2022\/05\/E494BAEB-1FB5-408F-866F-5926598A0A7D.jpeg","type":"image\/jpeg"}],"author":"Redacci\u00f3n QP","twitter_card":"summary_large_image","twitter_misc":{"Escrito por":"Redacci\u00f3n QP","Tiempo de lectura":"2 minutos"},"schema":{"@context":"https:\/\/schema.org","@graph":[{"@type":"Article","@id":"https:\/\/quehacerpolitico.mx\/?p=92501#article","isPartOf":{"@id":"https:\/\/quehacerpolitico.mx\/?p=92501"},"author":{"name":"Redacci\u00f3n QP","@id":"https:\/\/quehacerpolitico.mx\/#\/schema\/person\/496d8ad2d1d3f8036101dca7ee39e585"},"headline":"&#8220;Falso que Gobierno federal haya ordenado censurar a Derbez&#8221;, dice Garc\u00eda Vilchis\u00a0","datePublished":"2022-05-25T16:10:18+00:00","dateModified":"2022-05-25T16:10:22+00:00","mainEntityOfPage":{"@id":"https:\/\/quehacerpolitico.mx\/?p=92501"},"wordCount":411,"commentCount":0,"image":{"@id":"https:\/\/quehacerpolitico.mx\/?p=92501#primaryimage"},"thumbnailUrl":"https:\/\/quehacerpolitico.mx\/wp-content\/uploads\/2022\/05\/E494BAEB-1FB5-408F-866F-5926598A0A7D.jpeg","articleSection":["Noticias"],"inLanguage":"es","potentialAction":[{"@type":"CommentAction","name":"Comment","target":["https:\/\/quehacerpolitico.mx\/?p=92501#respond"]}]},{"@type":"WebPage","@id":"https:\/\/quehacerpolitico.mx\/?p=92501","url":"https:\/\/quehacerpolitico.mx\/?p=92501","name":"\"Falso que Gobierno federal haya ordenado censurar a Derbez\", dice Garc\u00eda Vilchis\u00a0 -","isPartOf":{"@id":"https:\/\/quehacerpolitico.mx\/#website"},"primaryImageOfPage":{"@id":"https:\/\/quehacerpolitico.mx\/?p=92501#primaryimage"},"image":{"@id":"https:\/\/quehacerpolitico.mx\/?p=92501#primaryimage"},"thumbnailUrl":"https:\/\/quehacerpolitico.mx\/wp-content\/uploads\/2022\/05\/E494BAEB-1FB5-408F-866F-5926598A0A7D.jpeg","datePublished":"2022-05-25T16:10:18+00:00","dateModified":"2022-05-25T16:10:22+00:00","author":{"@id":"https:\/\/quehacerpolitico.mx\/#\/schema\/person\/496d8ad2d1d3f8036101dca7ee39e585"},"breadcrumb":{"@id":"https:\/\/quehacerpolitico.mx\/?p=92501#breadcrumb"},"inLanguage":"es","potentialAction":[{"@type":"ReadAction","target":["https:\/\/quehacerpolitico.mx\/?p=92501"]}]},{"@type":"ImageObject","inLanguage":"es","@id":"https:\/\/quehacerpolitico.mx\/?p=92501#primaryimage","url":"https:\/\/quehacerpolitico.mx\/wp-content\/uploads\/2022\/05\/E494BAEB-1FB5-408F-866F-5926598A0A7D.jpeg","contentUrl":"https:\/\/quehacerpolitico.mx\/wp-content\/uploads\/2022\/05\/E494BAEB-1FB5-408F-866F-5926598A0A7D.jpeg","width":1284,"height":703},{"@type":"BreadcrumbList","@id":"https:\/\/quehacerpolitico.mx\/?p=92501#breadcrumb","itemListElement":[{"@type":"ListItem","position":1,"name":"Inicio","item":"https:\/\/quehacerpolitico.mx\/"},{"@type":"ListItem","position":2,"name":"&#8220;Falso que Gobierno federal haya ordenado censurar a Derbez&#8221;, dice Garc\u00eda Vilchis\u00a0"}]},{"@type":"WebSite","@id":"https:\/\/quehacerpolitico.mx\/#website","url":"https:\/\/quehacerpolitico.mx\/","name":"","description":"","potentialAction":[{"@type":"SearchAction","target":{"@type":"EntryPoint","urlTemplate":"https:\/\/quehacerpolitico.mx\/?s={search_term_string}"},"query-input":{"@type":"PropertyValueSpecification","valueRequired":true,"valueName":"search_term_string"}}],"inLanguage":"es"},{"@type":"Person","@id":"https:\/\/quehacerpolitico.mx\/#\/schema\/person\/496d8ad2d1d3f8036101dca7ee39e585","name":"Redacci\u00f3n QP","image":{"@type":"ImageObject","inLanguage":"es","@id":"https:\/\/secure.gravatar.com\/avatar\/c7164ed6fdec453195284ad24a5ae5b6e1eed2b848477fa2a4787ba9adf39a41?s=96&d=mm&r=g","url":"https:\/\/secure.gravatar.com\/avatar\/c7164ed6fdec453195284ad24a5ae5b6e1eed2b848477fa2a4787ba9adf39a41?s=96&d=mm&r=g","contentUrl":"https:\/\/secure.gravatar.com\/avatar\/c7164ed6fdec453195284ad24a5ae5b6e1eed2b848477fa2a4787ba9adf39a41?s=96&d=mm&r=g","caption":"Redacci\u00f3n QP"},"url":"https:\/\/quehacerpolitico.mx\/?author=2"}]}},"featured_image_urls":{"full":["https:\/\/quehacerpolitico.mx\/wp-content\/uploads\/2022\/05\/E494BAEB-1FB5-408F-866F-5926598A0A7D.jpeg",1284,703,false],"thumbnail":["https:\/\/quehacerpolitico.mx\/wp-content\/uploads\/2022\/05\/E494BAEB-1FB5-408F-866F-5926598A0A7D-150x150.jpeg",150,150,true],"medium":["https:\/\/quehacerpolitico.mx\/wp-content\/uploads\/2022\/05\/E494BAEB-1FB5-408F-866F-5926598A0A7D-300x164.jpeg",300,164,true],"medium_large":["https:\/\/quehacerpolitico.mx\/wp-content\/uploads\/2022\/05\/E494BAEB-1FB5-408F-866F-5926598A0A7D-768x420.jpeg",640,350,true],"large":["https:\/\/quehacerpolitico.mx\/wp-content\/uploads\/2022\/05\/E494BAEB-1FB5-408F-866F-5926598A0A7D-1024x561.jpeg",640,351,true],"1536x1536":["https:\/\/quehacerpolitico.mx\/wp-content\/uploads\/2022\/05\/E494BAEB-1FB5-408F-866F-5926598A0A7D.jpeg",1284,703,false],"2048x2048":["https:\/\/quehacerpolitico.mx\/wp-content\/uploads\/2022\/05\/E494BAEB-1FB5-408F-866F-5926598A0A7D.jpeg",1284,703,false],"covernews-featured":["https:\/\/quehacerpolitico.mx\/wp-content\/uploads\/2022\/05\/E494BAEB-1FB5-408F-866F-5926598A0A7D.jpeg",1024,561,false],"covernews-medium":["https:\/\/quehacerpolitico.mx\/wp-content\/uploads\/2022\/05\/E494BAEB-1FB5-408F-866F-5926598A0A7D.jpeg",540,296,false]},"author_info":{"display_name":"Redacci\u00f3n QP","author_link":"https:\/\/quehacerpolitico.mx\/?author=2"},"category_info":"<a href=\"https:\/\/quehacerpolitico.mx\/?cat=2\" rel=\"category\">Noticias<\/a>","tag_info":"Noticias","comment_count":"0","_links":{"self":[{"href":"https:\/\/quehacerpolitico.mx\/index.php?rest_route=\/wp\/v2\/posts\/92501","targetHints":{"allow":["GET"]}}],"collection":[{"href":"https:\/\/quehacerpolitico.mx\/index.php?rest_route=\/wp\/v2\/posts"}],"about":[{"href":"https:\/\/quehacerpolitico.mx\/index.php?rest_route=\/wp\/v2\/types\/post"}],"author":[{"embeddable":true,"href":"https:\/\/quehacerpolitico.mx\/index.php?rest_route=\/wp\/v2\/users\/2"}],"replies":[{"embeddable":true,"href":"https:\/\/quehacerpolitico.mx\/index.php?rest_route=%2Fwp%2Fv2%2Fcomments&post=92501"}],"version-history":[{"count":1,"href":"https:\/\/quehacerpolitico.mx\/index.php?rest_route=\/wp\/v2\/posts\/92501\/revisions"}],"predecessor-version":[{"id":92503,"href":"https:\/\/quehacerpolitico.mx\/index.php?rest_route=\/wp\/v2\/posts\/92501\/revisions\/92503"}],"wp:featuredmedia":[{"embeddable":true,"href":"https:\/\/quehacerpolitico.mx\/index.php?rest_route=\/wp\/v2\/media\/92502"}],"wp:attachment":[{"href":"https:\/\/quehacerpolitico.mx\/index.php?rest_route=%2Fwp%2Fv2%2Fmedia&parent=92501"}],"wp:term":[{"taxonomy":"category","embeddable":true,"href":"https:\/\/quehacerpolitico.mx\/index.php?rest_route=%2Fwp%2Fv2%2Fcategories&post=92501"},{"taxonomy":"post_tag","embeddable":true,"href":"https:\/\/quehacerpolitico.mx\/index.php?rest_route=%2Fwp%2Fv2%2Ftags&post=92501"}],"curies":[{"name":"wp","href":"https:\/\/api.w.org\/{rel}","templated":true}]}}