{"id":92491,"date":"2022-05-25T13:36:06","date_gmt":"2022-05-25T13:36:06","guid":{"rendered":"https:\/\/quehacerpolitico.mx\/?p=92491"},"modified":"2022-05-25T13:36:09","modified_gmt":"2022-05-25T13:36:09","slug":"internacionales-carolina-alonso-romei-texanos-estan-de-luto-por-este-crimen-sin-sentido-gobernador-greg-abbott-externa-sus-condolencias-tras-tiroteo-en-primaria%ef%bf%bc%ef%bf%bc","status":"publish","type":"post","link":"https:\/\/quehacerpolitico.mx\/?p=92491","title":{"rendered":"Internacionales\/\/\/Carolina Alonso romei\/\/\/Texanos est\u00e1n de luto por este crimen sin sentido: gobernador Greg Abbott externa sus condolencias tras tiroteo en primaria\ufffc\ufffc"},"content":{"rendered":"\n<p>Por Carolina Alonso Romei<\/p>\n\n\n\n<p>Internacionalista <\/p>\n\n\n\n<p>El gobernador de Texas se pronunci\u00f3 en redes luego que un joven ingres\u00f3 al plantel y atac\u00f3 a alumnos y un maestro.<\/p>\n\n\n\n<p>El&nbsp;<strong>gobernador de Texas, Greg Abbott<\/strong>, extern\u00f3 sus condolencias tras el tiroteo en la&nbsp;<strong>primaria Robb Elementary School<\/strong>&nbsp;en la ciudad de&nbsp;<strong>Uvalde&nbsp;<\/strong>que ha dejado 16 muertos, hecho que calific\u00f3 como un \u201ccrimen sin sentido\u201d.<\/p>\n\n\n\n<p>Al se\u00f1alar que el estado est\u00e1 de luto, hizo un llamado a la comunidad a mantenerse unida.<\/p>\n\n\n\n<blockquote class=\"wp-block-quote is-layout-flow wp-block-quote-is-layout-flow\"><p>\u201cLos tejanos est\u00e1n de luto por las v\u00edctimas de este crimen sin sentido y por la comunidad de Uvalde. Cecilia y yo lamentamos esta horrible p\u00e9rdida e instamos a todos los tejanos a unirse\u201d, public\u00f3 en Facebook.<\/p><\/blockquote>\n\n\n\n<p>Agreg\u00f3 que gir\u00f3 instrucciones para investigar el crimen de fondo.<\/p>\n\n\n\n<blockquote class=\"wp-block-quote is-layout-flow wp-block-quote-is-layout-flow\"><p>\u201cHe dado instrucciones a los Texas Department of Public Safety y los Rangers de Texas para que trabajen con las fuerzas del orden local para investigar a fondo este crimen\u201d.<\/p><\/blockquote>\n\n\n\n<figure class=\"wp-block-image size-large\"><img loading=\"lazy\" decoding=\"async\" width=\"840\" height=\"1024\" src=\"https:\/\/quehacerpolitico.mx\/wp-content\/uploads\/2022\/05\/image-52-840x1024.jpeg\" alt=\"\" class=\"wp-image-92492\" srcset=\"https:\/\/quehacerpolitico.mx\/wp-content\/uploads\/2022\/05\/image-52-840x1024.jpeg 840w, https:\/\/quehacerpolitico.mx\/wp-content\/uploads\/2022\/05\/image-52-246x300.jpeg 246w, https:\/\/quehacerpolitico.mx\/wp-content\/uploads\/2022\/05\/image-52-768x936.jpeg 768w, https:\/\/quehacerpolitico.mx\/wp-content\/uploads\/2022\/05\/image-52-120x146.jpeg 120w, https:\/\/quehacerpolitico.mx\/wp-content\/uploads\/2022\/05\/image-52-41x50.jpeg 41w, https:\/\/quehacerpolitico.mx\/wp-content\/uploads\/2022\/05\/image-52-62x75.jpeg 62w, https:\/\/quehacerpolitico.mx\/wp-content\/uploads\/2022\/05\/image-52.jpeg 956w\" sizes=\"auto, (max-width: 840px) 100vw, 840px\" \/><\/figure>\n","protected":false},"excerpt":{"rendered":"<p>Por Carolina Alonso Romei Internacionalista El gobernador de Texas se pronunci\u00f3 en redes luego que&#8230;<\/p>\n","protected":false},"author":2,"featured_media":92493,"comment_status":"open","ping_status":"open","sticky":false,"template":"","format":"standard","meta":{"_monsterinsights_skip_tracking":false,"_monsterinsights_sitenote_active":false,"_monsterinsights_sitenote_note":"","_monsterinsights_sitenote_category":0,"footnotes":""},"categories":[1],"tags":[],"class_list":["post-92491","post","type-post","status-publish","format-standard","has-post-thumbnail","hentry","category-sin-categoria"],"yoast_head":"<!-- This site is optimized with the Yoast SEO plugin v27.3 - https:\/\/yoast.com\/product\/yoast-seo-wordpress\/ -->\n<title>Internacionales\/\/\/Carolina Alonso romei\/\/\/Texanos est\u00e1n de luto por este crimen sin sentido: gobernador Greg Abbott externa sus condolencias tras tiroteo en primaria\ufffc\ufffc -<\/title>\n<meta name=\"robots\" content=\"index, follow, max-snippet:-1, max-image-preview:large, max-video-preview:-1\" \/>\n<link rel=\"canonical\" href=\"https:\/\/quehacerpolitico.mx\/?p=92491\" \/>\n<meta property=\"og:locale\" content=\"es_MX\" \/>\n<meta property=\"og:type\" content=\"article\" \/>\n<meta property=\"og:title\" content=\"Internacionales\/\/\/Carolina Alonso romei\/\/\/Texanos est\u00e1n de luto por este crimen sin sentido: gobernador Greg Abbott externa sus condolencias tras tiroteo en primaria\ufffc\ufffc -\" \/>\n<meta property=\"og:description\" content=\"Por Carolina Alonso Romei Internacionalista El gobernador de Texas se pronunci\u00f3 en redes luego que...\" \/>\n<meta property=\"og:url\" content=\"https:\/\/quehacerpolitico.mx\/?p=92491\" \/>\n<meta property=\"article:published_time\" content=\"2022-05-25T13:36:06+00:00\" \/>\n<meta property=\"article:modified_time\" content=\"2022-05-25T13:36:09+00:00\" \/>\n<meta property=\"og:image\" content=\"https:\/\/quehacerpolitico.mx\/wp-content\/uploads\/2022\/05\/1D144EAC-E468-4E79-AF46-573D306B21A2.jpeg\" \/>\n\t<meta property=\"og:image:width\" content=\"738\" \/>\n\t<meta property=\"og:image:height\" content=\"415\" \/>\n\t<meta property=\"og:image:type\" content=\"image\/jpeg\" \/>\n<meta name=\"author\" content=\"Redacci\u00f3n QP\" \/>\n<meta name=\"twitter:card\" content=\"summary_large_image\" \/>\n<meta name=\"twitter:label1\" content=\"Escrito por\" \/>\n\t<meta name=\"twitter:data1\" content=\"Redacci\u00f3n QP\" \/>\n\t<meta name=\"twitter:label2\" content=\"Tiempo de lectura\" \/>\n\t<meta name=\"twitter:data2\" content=\"1 minuto\" \/>\n<script type=\"application\/ld+json\" class=\"yoast-schema-graph\">{\"@context\":\"https:\\\/\\\/schema.org\",\"@graph\":[{\"@type\":\"Article\",\"@id\":\"https:\\\/\\\/quehacerpolitico.mx\\\/?p=92491#article\",\"isPartOf\":{\"@id\":\"https:\\\/\\\/quehacerpolitico.mx\\\/?p=92491\"},\"author\":{\"name\":\"Redacci\u00f3n QP\",\"@id\":\"https:\\\/\\\/quehacerpolitico.mx\\\/#\\\/schema\\\/person\\\/496d8ad2d1d3f8036101dca7ee39e585\"},\"headline\":\"Internacionales\\\/\\\/\\\/Carolina Alonso romei\\\/\\\/\\\/Texanos est\u00e1n de luto por este crimen sin sentido: gobernador Greg Abbott externa sus condolencias tras tiroteo en primaria\ufffc\ufffc\",\"datePublished\":\"2022-05-25T13:36:06+00:00\",\"dateModified\":\"2022-05-25T13:36:09+00:00\",\"mainEntityOfPage\":{\"@id\":\"https:\\\/\\\/quehacerpolitico.mx\\\/?p=92491\"},\"wordCount\":189,\"commentCount\":0,\"image\":{\"@id\":\"https:\\\/\\\/quehacerpolitico.mx\\\/?p=92491#primaryimage\"},\"thumbnailUrl\":\"https:\\\/\\\/quehacerpolitico.mx\\\/wp-content\\\/uploads\\\/2022\\\/05\\\/1D144EAC-E468-4E79-AF46-573D306B21A2.jpeg\",\"articleSection\":[\"Internacionales\"],\"inLanguage\":\"es\",\"potentialAction\":[{\"@type\":\"CommentAction\",\"name\":\"Comment\",\"target\":[\"https:\\\/\\\/quehacerpolitico.mx\\\/?p=92491#respond\"]}]},{\"@type\":\"WebPage\",\"@id\":\"https:\\\/\\\/quehacerpolitico.mx\\\/?p=92491\",\"url\":\"https:\\\/\\\/quehacerpolitico.mx\\\/?p=92491\",\"name\":\"Internacionales\\\/\\\/\\\/Carolina Alonso romei\\\/\\\/\\\/Texanos est\u00e1n de luto por este crimen sin sentido: gobernador Greg Abbott externa sus condolencias tras tiroteo en primaria\ufffc\ufffc -\",\"isPartOf\":{\"@id\":\"https:\\\/\\\/quehacerpolitico.mx\\\/#website\"},\"primaryImageOfPage\":{\"@id\":\"https:\\\/\\\/quehacerpolitico.mx\\\/?p=92491#primaryimage\"},\"image\":{\"@id\":\"https:\\\/\\\/quehacerpolitico.mx\\\/?p=92491#primaryimage\"},\"thumbnailUrl\":\"https:\\\/\\\/quehacerpolitico.mx\\\/wp-content\\\/uploads\\\/2022\\\/05\\\/1D144EAC-E468-4E79-AF46-573D306B21A2.jpeg\",\"datePublished\":\"2022-05-25T13:36:06+00:00\",\"dateModified\":\"2022-05-25T13:36:09+00:00\",\"author\":{\"@id\":\"https:\\\/\\\/quehacerpolitico.mx\\\/#\\\/schema\\\/person\\\/496d8ad2d1d3f8036101dca7ee39e585\"},\"breadcrumb\":{\"@id\":\"https:\\\/\\\/quehacerpolitico.mx\\\/?p=92491#breadcrumb\"},\"inLanguage\":\"es\",\"potentialAction\":[{\"@type\":\"ReadAction\",\"target\":[\"https:\\\/\\\/quehacerpolitico.mx\\\/?p=92491\"]}]},{\"@type\":\"ImageObject\",\"inLanguage\":\"es\",\"@id\":\"https:\\\/\\\/quehacerpolitico.mx\\\/?p=92491#primaryimage\",\"url\":\"https:\\\/\\\/quehacerpolitico.mx\\\/wp-content\\\/uploads\\\/2022\\\/05\\\/1D144EAC-E468-4E79-AF46-573D306B21A2.jpeg\",\"contentUrl\":\"https:\\\/\\\/quehacerpolitico.mx\\\/wp-content\\\/uploads\\\/2022\\\/05\\\/1D144EAC-E468-4E79-AF46-573D306B21A2.jpeg\",\"width\":738,\"height\":415},{\"@type\":\"BreadcrumbList\",\"@id\":\"https:\\\/\\\/quehacerpolitico.mx\\\/?p=92491#breadcrumb\",\"itemListElement\":[{\"@type\":\"ListItem\",\"position\":1,\"name\":\"Inicio\",\"item\":\"https:\\\/\\\/quehacerpolitico.mx\\\/\"},{\"@type\":\"ListItem\",\"position\":2,\"name\":\"Internacionales\\\/\\\/\\\/Carolina Alonso romei\\\/\\\/\\\/Texanos est\u00e1n de luto por este crimen sin sentido: gobernador Greg Abbott externa sus condolencias tras tiroteo en primaria\ufffc\ufffc\"}]},{\"@type\":\"WebSite\",\"@id\":\"https:\\\/\\\/quehacerpolitico.mx\\\/#website\",\"url\":\"https:\\\/\\\/quehacerpolitico.mx\\\/\",\"name\":\"\",\"description\":\"\",\"potentialAction\":[{\"@type\":\"SearchAction\",\"target\":{\"@type\":\"EntryPoint\",\"urlTemplate\":\"https:\\\/\\\/quehacerpolitico.mx\\\/?s={search_term_string}\"},\"query-input\":{\"@type\":\"PropertyValueSpecification\",\"valueRequired\":true,\"valueName\":\"search_term_string\"}}],\"inLanguage\":\"es\"},{\"@type\":\"Person\",\"@id\":\"https:\\\/\\\/quehacerpolitico.mx\\\/#\\\/schema\\\/person\\\/496d8ad2d1d3f8036101dca7ee39e585\",\"name\":\"Redacci\u00f3n QP\",\"image\":{\"@type\":\"ImageObject\",\"inLanguage\":\"es\",\"@id\":\"https:\\\/\\\/secure.gravatar.com\\\/avatar\\\/c7164ed6fdec453195284ad24a5ae5b6e1eed2b848477fa2a4787ba9adf39a41?s=96&d=mm&r=g\",\"url\":\"https:\\\/\\\/secure.gravatar.com\\\/avatar\\\/c7164ed6fdec453195284ad24a5ae5b6e1eed2b848477fa2a4787ba9adf39a41?s=96&d=mm&r=g\",\"contentUrl\":\"https:\\\/\\\/secure.gravatar.com\\\/avatar\\\/c7164ed6fdec453195284ad24a5ae5b6e1eed2b848477fa2a4787ba9adf39a41?s=96&d=mm&r=g\",\"caption\":\"Redacci\u00f3n QP\"},\"url\":\"https:\\\/\\\/quehacerpolitico.mx\\\/?author=2\"}]}<\/script>\n<!-- \/ Yoast SEO plugin. -->","yoast_head_json":{"title":"Internacionales\/\/\/Carolina Alonso romei\/\/\/Texanos est\u00e1n de luto por este crimen sin sentido: gobernador Greg Abbott externa sus condolencias tras tiroteo en primaria\ufffc\ufffc -","robots":{"index":"index","follow":"follow","max-snippet":"max-snippet:-1","max-image-preview":"max-image-preview:large","max-video-preview":"max-video-preview:-1"},"canonical":"https:\/\/quehacerpolitico.mx\/?p=92491","og_locale":"es_MX","og_type":"article","og_title":"Internacionales\/\/\/Carolina Alonso romei\/\/\/Texanos est\u00e1n de luto por este crimen sin sentido: gobernador Greg Abbott externa sus condolencias tras tiroteo en primaria\ufffc\ufffc -","og_description":"Por Carolina Alonso Romei Internacionalista El gobernador de Texas se pronunci\u00f3 en redes luego que...","og_url":"https:\/\/quehacerpolitico.mx\/?p=92491","article_published_time":"2022-05-25T13:36:06+00:00","article_modified_time":"2022-05-25T13:36:09+00:00","og_image":[{"width":738,"height":415,"url":"https:\/\/quehacerpolitico.mx\/wp-content\/uploads\/2022\/05\/1D144EAC-E468-4E79-AF46-573D306B21A2.jpeg","type":"image\/jpeg"}],"author":"Redacci\u00f3n QP","twitter_card":"summary_large_image","twitter_misc":{"Escrito por":"Redacci\u00f3n QP","Tiempo de lectura":"1 minuto"},"schema":{"@context":"https:\/\/schema.org","@graph":[{"@type":"Article","@id":"https:\/\/quehacerpolitico.mx\/?p=92491#article","isPartOf":{"@id":"https:\/\/quehacerpolitico.mx\/?p=92491"},"author":{"name":"Redacci\u00f3n QP","@id":"https:\/\/quehacerpolitico.mx\/#\/schema\/person\/496d8ad2d1d3f8036101dca7ee39e585"},"headline":"Internacionales\/\/\/Carolina Alonso romei\/\/\/Texanos est\u00e1n de luto por este crimen sin sentido: gobernador Greg Abbott externa sus condolencias tras tiroteo en primaria\ufffc\ufffc","datePublished":"2022-05-25T13:36:06+00:00","dateModified":"2022-05-25T13:36:09+00:00","mainEntityOfPage":{"@id":"https:\/\/quehacerpolitico.mx\/?p=92491"},"wordCount":189,"commentCount":0,"image":{"@id":"https:\/\/quehacerpolitico.mx\/?p=92491#primaryimage"},"thumbnailUrl":"https:\/\/quehacerpolitico.mx\/wp-content\/uploads\/2022\/05\/1D144EAC-E468-4E79-AF46-573D306B21A2.jpeg","articleSection":["Internacionales"],"inLanguage":"es","potentialAction":[{"@type":"CommentAction","name":"Comment","target":["https:\/\/quehacerpolitico.mx\/?p=92491#respond"]}]},{"@type":"WebPage","@id":"https:\/\/quehacerpolitico.mx\/?p=92491","url":"https:\/\/quehacerpolitico.mx\/?p=92491","name":"Internacionales\/\/\/Carolina Alonso romei\/\/\/Texanos est\u00e1n de luto por este crimen sin sentido: gobernador Greg Abbott externa sus condolencias tras tiroteo en primaria\ufffc\ufffc -","isPartOf":{"@id":"https:\/\/quehacerpolitico.mx\/#website"},"primaryImageOfPage":{"@id":"https:\/\/quehacerpolitico.mx\/?p=92491#primaryimage"},"image":{"@id":"https:\/\/quehacerpolitico.mx\/?p=92491#primaryimage"},"thumbnailUrl":"https:\/\/quehacerpolitico.mx\/wp-content\/uploads\/2022\/05\/1D144EAC-E468-4E79-AF46-573D306B21A2.jpeg","datePublished":"2022-05-25T13:36:06+00:00","dateModified":"2022-05-25T13:36:09+00:00","author":{"@id":"https:\/\/quehacerpolitico.mx\/#\/schema\/person\/496d8ad2d1d3f8036101dca7ee39e585"},"breadcrumb":{"@id":"https:\/\/quehacerpolitico.mx\/?p=92491#breadcrumb"},"inLanguage":"es","potentialAction":[{"@type":"ReadAction","target":["https:\/\/quehacerpolitico.mx\/?p=92491"]}]},{"@type":"ImageObject","inLanguage":"es","@id":"https:\/\/quehacerpolitico.mx\/?p=92491#primaryimage","url":"https:\/\/quehacerpolitico.mx\/wp-content\/uploads\/2022\/05\/1D144EAC-E468-4E79-AF46-573D306B21A2.jpeg","contentUrl":"https:\/\/quehacerpolitico.mx\/wp-content\/uploads\/2022\/05\/1D144EAC-E468-4E79-AF46-573D306B21A2.jpeg","width":738,"height":415},{"@type":"BreadcrumbList","@id":"https:\/\/quehacerpolitico.mx\/?p=92491#breadcrumb","itemListElement":[{"@type":"ListItem","position":1,"name":"Inicio","item":"https:\/\/quehacerpolitico.mx\/"},{"@type":"ListItem","position":2,"name":"Internacionales\/\/\/Carolina Alonso romei\/\/\/Texanos est\u00e1n de luto por este crimen sin sentido: gobernador Greg Abbott externa sus condolencias tras tiroteo en primaria\ufffc\ufffc"}]},{"@type":"WebSite","@id":"https:\/\/quehacerpolitico.mx\/#website","url":"https:\/\/quehacerpolitico.mx\/","name":"","description":"","potentialAction":[{"@type":"SearchAction","target":{"@type":"EntryPoint","urlTemplate":"https:\/\/quehacerpolitico.mx\/?s={search_term_string}"},"query-input":{"@type":"PropertyValueSpecification","valueRequired":true,"valueName":"search_term_string"}}],"inLanguage":"es"},{"@type":"Person","@id":"https:\/\/quehacerpolitico.mx\/#\/schema\/person\/496d8ad2d1d3f8036101dca7ee39e585","name":"Redacci\u00f3n QP","image":{"@type":"ImageObject","inLanguage":"es","@id":"https:\/\/secure.gravatar.com\/avatar\/c7164ed6fdec453195284ad24a5ae5b6e1eed2b848477fa2a4787ba9adf39a41?s=96&d=mm&r=g","url":"https:\/\/secure.gravatar.com\/avatar\/c7164ed6fdec453195284ad24a5ae5b6e1eed2b848477fa2a4787ba9adf39a41?s=96&d=mm&r=g","contentUrl":"https:\/\/secure.gravatar.com\/avatar\/c7164ed6fdec453195284ad24a5ae5b6e1eed2b848477fa2a4787ba9adf39a41?s=96&d=mm&r=g","caption":"Redacci\u00f3n QP"},"url":"https:\/\/quehacerpolitico.mx\/?author=2"}]}},"featured_image_urls":{"full":["https:\/\/quehacerpolitico.mx\/wp-content\/uploads\/2022\/05\/1D144EAC-E468-4E79-AF46-573D306B21A2.jpeg",738,415,false],"thumbnail":["https:\/\/quehacerpolitico.mx\/wp-content\/uploads\/2022\/05\/1D144EAC-E468-4E79-AF46-573D306B21A2-150x150.jpeg",150,150,true],"medium":["https:\/\/quehacerpolitico.mx\/wp-content\/uploads\/2022\/05\/1D144EAC-E468-4E79-AF46-573D306B21A2-300x169.jpeg",300,169,true],"medium_large":["https:\/\/quehacerpolitico.mx\/wp-content\/uploads\/2022\/05\/1D144EAC-E468-4E79-AF46-573D306B21A2.jpeg",640,360,false],"large":["https:\/\/quehacerpolitico.mx\/wp-content\/uploads\/2022\/05\/1D144EAC-E468-4E79-AF46-573D306B21A2.jpeg",640,360,false],"1536x1536":["https:\/\/quehacerpolitico.mx\/wp-content\/uploads\/2022\/05\/1D144EAC-E468-4E79-AF46-573D306B21A2.jpeg",738,415,false],"2048x2048":["https:\/\/quehacerpolitico.mx\/wp-content\/uploads\/2022\/05\/1D144EAC-E468-4E79-AF46-573D306B21A2.jpeg",738,415,false],"covernews-featured":["https:\/\/quehacerpolitico.mx\/wp-content\/uploads\/2022\/05\/1D144EAC-E468-4E79-AF46-573D306B21A2.jpeg",738,415,false],"covernews-medium":["https:\/\/quehacerpolitico.mx\/wp-content\/uploads\/2022\/05\/1D144EAC-E468-4E79-AF46-573D306B21A2.jpeg",540,304,false]},"author_info":{"display_name":"Redacci\u00f3n QP","author_link":"https:\/\/quehacerpolitico.mx\/?author=2"},"category_info":"<a href=\"https:\/\/quehacerpolitico.mx\/?cat=1\" rel=\"category\">Internacionales<\/a>","tag_info":"Internacionales","comment_count":"0","_links":{"self":[{"href":"https:\/\/quehacerpolitico.mx\/index.php?rest_route=\/wp\/v2\/posts\/92491","targetHints":{"allow":["GET"]}}],"collection":[{"href":"https:\/\/quehacerpolitico.mx\/index.php?rest_route=\/wp\/v2\/posts"}],"about":[{"href":"https:\/\/quehacerpolitico.mx\/index.php?rest_route=\/wp\/v2\/types\/post"}],"author":[{"embeddable":true,"href":"https:\/\/quehacerpolitico.mx\/index.php?rest_route=\/wp\/v2\/users\/2"}],"replies":[{"embeddable":true,"href":"https:\/\/quehacerpolitico.mx\/index.php?rest_route=%2Fwp%2Fv2%2Fcomments&post=92491"}],"version-history":[{"count":1,"href":"https:\/\/quehacerpolitico.mx\/index.php?rest_route=\/wp\/v2\/posts\/92491\/revisions"}],"predecessor-version":[{"id":92494,"href":"https:\/\/quehacerpolitico.mx\/index.php?rest_route=\/wp\/v2\/posts\/92491\/revisions\/92494"}],"wp:featuredmedia":[{"embeddable":true,"href":"https:\/\/quehacerpolitico.mx\/index.php?rest_route=\/wp\/v2\/media\/92493"}],"wp:attachment":[{"href":"https:\/\/quehacerpolitico.mx\/index.php?rest_route=%2Fwp%2Fv2%2Fmedia&parent=92491"}],"wp:term":[{"taxonomy":"category","embeddable":true,"href":"https:\/\/quehacerpolitico.mx\/index.php?rest_route=%2Fwp%2Fv2%2Fcategories&post=92491"},{"taxonomy":"post_tag","embeddable":true,"href":"https:\/\/quehacerpolitico.mx\/index.php?rest_route=%2Fwp%2Fv2%2Ftags&post=92491"}],"curies":[{"name":"wp","href":"https:\/\/api.w.org\/{rel}","templated":true}]}}