{"id":92485,"date":"2022-05-24T23:10:09","date_gmt":"2022-05-24T23:10:09","guid":{"rendered":"https:\/\/quehacerpolitico.mx\/?p=92485"},"modified":"2022-05-24T23:10:12","modified_gmt":"2022-05-24T23:10:12","slug":"neuchatel-cuadrante-polanco-un-proyecto-urbano-fascinante","status":"publish","type":"post","link":"https:\/\/quehacerpolitico.mx\/?p=92485","title":{"rendered":"Neuch\u00e2tel Cuadrante Polanco un proyecto urbano fascinante"},"content":{"rendered":"\n<p>Por Redacci\u00f3n QP<\/p>\n\n\n\n<p><strong>Fue inaugurada la Fase I del proyecto Neuch\u00e2tel Cuadrante Polanco<\/strong>, una comunidad urbana de edificios residenciales, de oficinas y \u00e1rea comercial.&nbsp;<\/p>\n\n\n\n<p>\u201c<strong>Estamos encantados de inaugurar oficialmente esta incre\u00edble comunidad urbana<\/strong>, un verdadero lugar para vivir, trabajar y jugar\u201d, coment\u00f3 Jonathan Pearce, vicepresidente ejecutivo de Arrendamiento y Desarrollo en Ivanho\u00e9 Cambridge.<\/p>\n\n\n\n<figure class=\"wp-block-image size-large\"><img loading=\"lazy\" decoding=\"async\" width=\"1024\" height=\"1024\" src=\"https:\/\/quehacerpolitico.mx\/wp-content\/uploads\/2022\/05\/image-51-1024x1024.jpeg\" alt=\"\" class=\"wp-image-92487\" srcset=\"https:\/\/quehacerpolitico.mx\/wp-content\/uploads\/2022\/05\/image-51-1024x1024.jpeg 1024w, https:\/\/quehacerpolitico.mx\/wp-content\/uploads\/2022\/05\/image-51-300x300.jpeg 300w, https:\/\/quehacerpolitico.mx\/wp-content\/uploads\/2022\/05\/image-51-150x150.jpeg 150w, https:\/\/quehacerpolitico.mx\/wp-content\/uploads\/2022\/05\/image-51-768x768.jpeg 768w, https:\/\/quehacerpolitico.mx\/wp-content\/uploads\/2022\/05\/image-51-146x146.jpeg 146w, https:\/\/quehacerpolitico.mx\/wp-content\/uploads\/2022\/05\/image-51-50x50.jpeg 50w, https:\/\/quehacerpolitico.mx\/wp-content\/uploads\/2022\/05\/image-51-75x75.jpeg 75w, https:\/\/quehacerpolitico.mx\/wp-content\/uploads\/2022\/05\/image-51-85x85.jpeg 85w, https:\/\/quehacerpolitico.mx\/wp-content\/uploads\/2022\/05\/image-51-80x80.jpeg 80w, https:\/\/quehacerpolitico.mx\/wp-content\/uploads\/2022\/05\/image-51.jpeg 1536w\" sizes=\"auto, (max-width: 1024px) 100vw, 1024px\" \/><\/figure>\n\n\n\n<p><strong>Los directivos de las empresas que desarrollaron el proyecto encendieron por primera vez The Eye of M\u00e9xico<\/strong>, pieza escult\u00f3rica que con algoritmos de inteligencia artificial transmite datos demogr\u00e1ficos, medioambientales y urbanos a trav\u00e9s de videos.&nbsp;<\/p>\n\n\n\n<p><strong>La obra de arte es un aro met\u00e1lico viviente de 10 x 3 m<\/strong>, mostr\u00f3 la interpretaci\u00f3n de comportamientos del vibrante presente de la Ciudad de M\u00e9xico y su visi\u00f3n del futuro.&nbsp;<\/p>\n\n\n\n<p>De acuerdo con el comunicado,&nbsp;<strong>The Eye of M\u00e9xico estar\u00e1 ubicada en la plaza p\u00fablica del Cuadrante,<\/strong>sitio donde se albergar\u00e1 locales comerciales con acceso directo a espacios verdes.&nbsp;<\/p>\n\n\n\n<p>La integraci\u00f3n de este monumento fue posible gracias a la gesti\u00f3n encabezada por la agencia global de consultor\u00eda creativa, MASSIVart, con el estudio turco de arte, ciencia y tecnolog\u00eda, Ouchhh.<\/p>\n\n\n\n<figure class=\"wp-block-image\"><img decoding=\"async\" src=\"https:\/\/inmobiliare.com\/himalaya\/wp-content\/uploads\/2022\/05\/Neucha%CC%82tel-Cuadrante-Polanco-alt-scaled.jpg\" alt=\"\"\/><\/figure>\n\n\n\n<h2 class=\"wp-block-heading\"><strong>\u00bfQui\u00e9n desarrollo Neuch\u00e2tel Cuadrante Polanco?&nbsp;<\/strong><\/h2>\n\n\n\n<p><strong>Las empresas que desarrollaron Neuch\u00e2tel Cuadrante Polanco son<\/strong>: MIRA como desarrolladora del proyecto e Ivanho\u00e9 Cambridge como inversionista principal.&nbsp;<\/p>\n\n\n\n<p>Por su parte, Hines fue la encargada del edificio de oficinas y Gran Ciudad es la dedicada en construir la Fase II del proyecto de vivienda en renta.&nbsp;<\/p>\n\n\n\n<p>\u201c<strong>Este proyecto es la tercera generaci\u00f3n de comunidades donde aplicamos toda nuestra experiencia para resolver en este espacio las necesidades<\/strong>&nbsp;de los usuarios con el objetivo de asegurarles un mejor futuro al conjuntar oficinas, comercios, espacios de vivienda y esta escultura \u00fanica en toda Latinoam\u00e9rica\u201d, expres\u00f3 Roberto Pulido, director general de MIRA.&nbsp;<\/p>\n\n\n\n<p><strong>Jonathan Pearce indic\u00f3 que el edificio de oficinas ha sido dise\u00f1ado desde adentro hacia afuera para acentuar el bienestar y la experiencia del usuario.&nbsp;<\/strong><\/p>\n\n\n\n<p>Mientras que Alejandro S\u00e1nchez Ascencio, presidente de Gran Ciudad, afirm\u00f3 que su participaci\u00f3n en Neuch\u00e2tel\u00a0 se debe al gran potencial que posee el \u00e1rea comercial, la conectividad natural con la zona de Polanco, as\u00ed como la cercan\u00eda con oficinas y amenidades.<\/p>\n\n\n\n<figure class=\"wp-block-embed is-type-video is-provider-youtube wp-block-embed-youtube wp-embed-aspect-16-9 wp-has-aspect-ratio\"><div class=\"wp-block-embed__wrapper\">\n<iframe loading=\"lazy\" title=\"Neuch\u00e2tel Cuadrante Polanco, CDMX. Mayo 2022 | www.edemx.com\" width=\"640\" height=\"360\" src=\"https:\/\/www.youtube.com\/embed\/OFqMcMAT-Pw?feature=oembed\" frameborder=\"0\" allow=\"accelerometer; autoplay; clipboard-write; encrypted-media; gyroscope; picture-in-picture; web-share\" referrerpolicy=\"strict-origin-when-cross-origin\" allowfullscreen><\/iframe>\n<\/div><\/figure>\n\n\n\n<p>No se te olvide que?<\/p>\n\n\n\n<p>En\u00a0NotiExpress | La Revista del Sector Inmobiliario nos ocupamos en la difusi\u00f3n de la industria inmobiliaria generamos contenidos que te ayudar\u00e1n a mantenerte a la vanguardia en tecnolog\u00eda y en tendencias del sector inmobiliario para que puedas ofrecer el mejor servicio y generar m\u00e1s clientes.<\/p>\n\n\n\n<p>\u00c9chale una miradita a nuestra revista mensual donde encontrar\u00e1s la informaci\u00f3n precisa y oportuna con todo lo relacionado al sector inmobiliario aqu\u00ed\u00a0?<a href=\"https:\/\/issuu.com\/notiexpressmx\/docs\/notiexpress_07\">https:\/\/issuu.com\/notiexpressmx\/docs\/notiexpress_07\u00a0<\/a>\u00a0NotiExpress | La Revista del Sector Inmobiliario<\/p>\n\n\n\n<figure class=\"wp-block-image size-large\"><img loading=\"lazy\" decoding=\"async\" width=\"1024\" height=\"378\" src=\"https:\/\/quehacerpolitico.mx\/wp-content\/uploads\/2022\/05\/image-50-1024x378.jpeg\" alt=\"\" class=\"wp-image-92486\" srcset=\"https:\/\/quehacerpolitico.mx\/wp-content\/uploads\/2022\/05\/image-50-1024x378.jpeg 1024w, https:\/\/quehacerpolitico.mx\/wp-content\/uploads\/2022\/05\/image-50-300x111.jpeg 300w, https:\/\/quehacerpolitico.mx\/wp-content\/uploads\/2022\/05\/image-50-768x284.jpeg 768w, https:\/\/quehacerpolitico.mx\/wp-content\/uploads\/2022\/05\/image-50-260x96.jpeg 260w, https:\/\/quehacerpolitico.mx\/wp-content\/uploads\/2022\/05\/image-50-50x18.jpeg 50w, https:\/\/quehacerpolitico.mx\/wp-content\/uploads\/2022\/05\/image-50-150x55.jpeg 150w, https:\/\/quehacerpolitico.mx\/wp-content\/uploads\/2022\/05\/image-50.jpeg 1280w\" sizes=\"auto, (max-width: 1024px) 100vw, 1024px\" \/><\/figure>\n","protected":false},"excerpt":{"rendered":"<p>Por Redacci\u00f3n QP Fue inaugurada la Fase I del proyecto Neuch\u00e2tel Cuadrante Polanco, una comunidad&#8230;<\/p>\n","protected":false},"author":2,"featured_media":92488,"comment_status":"open","ping_status":"open","sticky":false,"template":"","format":"standard","meta":{"_monsterinsights_skip_tracking":false,"_monsterinsights_sitenote_active":false,"_monsterinsights_sitenote_note":"","_monsterinsights_sitenote_category":0,"footnotes":""},"categories":[56],"tags":[],"class_list":["post-92485","post","type-post","status-publish","format-standard","has-post-thumbnail","hentry","category-economia"],"yoast_head":"<!-- This site is optimized with the Yoast SEO plugin v27.3 - https:\/\/yoast.com\/product\/yoast-seo-wordpress\/ -->\n<title>Neuch\u00e2tel Cuadrante Polanco un proyecto urbano fascinante -<\/title>\n<meta name=\"robots\" content=\"index, follow, max-snippet:-1, max-image-preview:large, max-video-preview:-1\" \/>\n<link rel=\"canonical\" href=\"https:\/\/quehacerpolitico.mx\/?p=92485\" \/>\n<meta property=\"og:locale\" content=\"es_MX\" \/>\n<meta property=\"og:type\" content=\"article\" \/>\n<meta property=\"og:title\" content=\"Neuch\u00e2tel Cuadrante Polanco un proyecto urbano fascinante -\" \/>\n<meta property=\"og:description\" content=\"Por Redacci\u00f3n QP Fue inaugurada la Fase I del proyecto Neuch\u00e2tel Cuadrante Polanco, una comunidad...\" \/>\n<meta property=\"og:url\" content=\"https:\/\/quehacerpolitico.mx\/?p=92485\" \/>\n<meta property=\"article:published_time\" content=\"2022-05-24T23:10:09+00:00\" \/>\n<meta property=\"article:modified_time\" content=\"2022-05-24T23:10:12+00:00\" \/>\n<meta property=\"og:image\" content=\"https:\/\/quehacerpolitico.mx\/wp-content\/uploads\/2022\/05\/4E6D3398-6C22-42DB-8A85-D89030596B58.jpeg\" \/>\n\t<meta property=\"og:image:width\" content=\"2048\" \/>\n\t<meta property=\"og:image:height\" content=\"927\" \/>\n\t<meta property=\"og:image:type\" content=\"image\/jpeg\" \/>\n<meta name=\"author\" content=\"Redacci\u00f3n QP\" \/>\n<meta name=\"twitter:card\" content=\"summary_large_image\" \/>\n<meta name=\"twitter:label1\" content=\"Escrito por\" \/>\n\t<meta name=\"twitter:data1\" content=\"Redacci\u00f3n QP\" \/>\n\t<meta name=\"twitter:label2\" content=\"Tiempo de lectura\" \/>\n\t<meta name=\"twitter:data2\" content=\"2 minutos\" \/>\n<script type=\"application\/ld+json\" class=\"yoast-schema-graph\">{\"@context\":\"https:\\\/\\\/schema.org\",\"@graph\":[{\"@type\":\"Article\",\"@id\":\"https:\\\/\\\/quehacerpolitico.mx\\\/?p=92485#article\",\"isPartOf\":{\"@id\":\"https:\\\/\\\/quehacerpolitico.mx\\\/?p=92485\"},\"author\":{\"name\":\"Redacci\u00f3n QP\",\"@id\":\"https:\\\/\\\/quehacerpolitico.mx\\\/#\\\/schema\\\/person\\\/496d8ad2d1d3f8036101dca7ee39e585\"},\"headline\":\"Neuch\u00e2tel Cuadrante Polanco un proyecto urbano fascinante\",\"datePublished\":\"2022-05-24T23:10:09+00:00\",\"dateModified\":\"2022-05-24T23:10:12+00:00\",\"mainEntityOfPage\":{\"@id\":\"https:\\\/\\\/quehacerpolitico.mx\\\/?p=92485\"},\"wordCount\":486,\"commentCount\":0,\"image\":{\"@id\":\"https:\\\/\\\/quehacerpolitico.mx\\\/?p=92485#primaryimage\"},\"thumbnailUrl\":\"https:\\\/\\\/quehacerpolitico.mx\\\/wp-content\\\/uploads\\\/2022\\\/05\\\/4E6D3398-6C22-42DB-8A85-D89030596B58.jpeg\",\"articleSection\":[\"Econom\u00eda\"],\"inLanguage\":\"es\",\"potentialAction\":[{\"@type\":\"CommentAction\",\"name\":\"Comment\",\"target\":[\"https:\\\/\\\/quehacerpolitico.mx\\\/?p=92485#respond\"]}]},{\"@type\":\"WebPage\",\"@id\":\"https:\\\/\\\/quehacerpolitico.mx\\\/?p=92485\",\"url\":\"https:\\\/\\\/quehacerpolitico.mx\\\/?p=92485\",\"name\":\"Neuch\u00e2tel Cuadrante Polanco un proyecto urbano fascinante -\",\"isPartOf\":{\"@id\":\"https:\\\/\\\/quehacerpolitico.mx\\\/#website\"},\"primaryImageOfPage\":{\"@id\":\"https:\\\/\\\/quehacerpolitico.mx\\\/?p=92485#primaryimage\"},\"image\":{\"@id\":\"https:\\\/\\\/quehacerpolitico.mx\\\/?p=92485#primaryimage\"},\"thumbnailUrl\":\"https:\\\/\\\/quehacerpolitico.mx\\\/wp-content\\\/uploads\\\/2022\\\/05\\\/4E6D3398-6C22-42DB-8A85-D89030596B58.jpeg\",\"datePublished\":\"2022-05-24T23:10:09+00:00\",\"dateModified\":\"2022-05-24T23:10:12+00:00\",\"author\":{\"@id\":\"https:\\\/\\\/quehacerpolitico.mx\\\/#\\\/schema\\\/person\\\/496d8ad2d1d3f8036101dca7ee39e585\"},\"breadcrumb\":{\"@id\":\"https:\\\/\\\/quehacerpolitico.mx\\\/?p=92485#breadcrumb\"},\"inLanguage\":\"es\",\"potentialAction\":[{\"@type\":\"ReadAction\",\"target\":[\"https:\\\/\\\/quehacerpolitico.mx\\\/?p=92485\"]}]},{\"@type\":\"ImageObject\",\"inLanguage\":\"es\",\"@id\":\"https:\\\/\\\/quehacerpolitico.mx\\\/?p=92485#primaryimage\",\"url\":\"https:\\\/\\\/quehacerpolitico.mx\\\/wp-content\\\/uploads\\\/2022\\\/05\\\/4E6D3398-6C22-42DB-8A85-D89030596B58.jpeg\",\"contentUrl\":\"https:\\\/\\\/quehacerpolitico.mx\\\/wp-content\\\/uploads\\\/2022\\\/05\\\/4E6D3398-6C22-42DB-8A85-D89030596B58.jpeg\",\"width\":2048,\"height\":927},{\"@type\":\"BreadcrumbList\",\"@id\":\"https:\\\/\\\/quehacerpolitico.mx\\\/?p=92485#breadcrumb\",\"itemListElement\":[{\"@type\":\"ListItem\",\"position\":1,\"name\":\"Inicio\",\"item\":\"https:\\\/\\\/quehacerpolitico.mx\\\/\"},{\"@type\":\"ListItem\",\"position\":2,\"name\":\"Neuch\u00e2tel Cuadrante Polanco un proyecto urbano fascinante\"}]},{\"@type\":\"WebSite\",\"@id\":\"https:\\\/\\\/quehacerpolitico.mx\\\/#website\",\"url\":\"https:\\\/\\\/quehacerpolitico.mx\\\/\",\"name\":\"\",\"description\":\"\",\"potentialAction\":[{\"@type\":\"SearchAction\",\"target\":{\"@type\":\"EntryPoint\",\"urlTemplate\":\"https:\\\/\\\/quehacerpolitico.mx\\\/?s={search_term_string}\"},\"query-input\":{\"@type\":\"PropertyValueSpecification\",\"valueRequired\":true,\"valueName\":\"search_term_string\"}}],\"inLanguage\":\"es\"},{\"@type\":\"Person\",\"@id\":\"https:\\\/\\\/quehacerpolitico.mx\\\/#\\\/schema\\\/person\\\/496d8ad2d1d3f8036101dca7ee39e585\",\"name\":\"Redacci\u00f3n QP\",\"image\":{\"@type\":\"ImageObject\",\"inLanguage\":\"es\",\"@id\":\"https:\\\/\\\/secure.gravatar.com\\\/avatar\\\/c7164ed6fdec453195284ad24a5ae5b6e1eed2b848477fa2a4787ba9adf39a41?s=96&d=mm&r=g\",\"url\":\"https:\\\/\\\/secure.gravatar.com\\\/avatar\\\/c7164ed6fdec453195284ad24a5ae5b6e1eed2b848477fa2a4787ba9adf39a41?s=96&d=mm&r=g\",\"contentUrl\":\"https:\\\/\\\/secure.gravatar.com\\\/avatar\\\/c7164ed6fdec453195284ad24a5ae5b6e1eed2b848477fa2a4787ba9adf39a41?s=96&d=mm&r=g\",\"caption\":\"Redacci\u00f3n QP\"},\"url\":\"https:\\\/\\\/quehacerpolitico.mx\\\/?author=2\"}]}<\/script>\n<!-- \/ Yoast SEO plugin. -->","yoast_head_json":{"title":"Neuch\u00e2tel Cuadrante Polanco un proyecto urbano fascinante -","robots":{"index":"index","follow":"follow","max-snippet":"max-snippet:-1","max-image-preview":"max-image-preview:large","max-video-preview":"max-video-preview:-1"},"canonical":"https:\/\/quehacerpolitico.mx\/?p=92485","og_locale":"es_MX","og_type":"article","og_title":"Neuch\u00e2tel Cuadrante Polanco un proyecto urbano fascinante -","og_description":"Por Redacci\u00f3n QP Fue inaugurada la Fase I del proyecto Neuch\u00e2tel Cuadrante Polanco, una comunidad...","og_url":"https:\/\/quehacerpolitico.mx\/?p=92485","article_published_time":"2022-05-24T23:10:09+00:00","article_modified_time":"2022-05-24T23:10:12+00:00","og_image":[{"width":2048,"height":927,"url":"https:\/\/quehacerpolitico.mx\/wp-content\/uploads\/2022\/05\/4E6D3398-6C22-42DB-8A85-D89030596B58.jpeg","type":"image\/jpeg"}],"author":"Redacci\u00f3n QP","twitter_card":"summary_large_image","twitter_misc":{"Escrito por":"Redacci\u00f3n QP","Tiempo de lectura":"2 minutos"},"schema":{"@context":"https:\/\/schema.org","@graph":[{"@type":"Article","@id":"https:\/\/quehacerpolitico.mx\/?p=92485#article","isPartOf":{"@id":"https:\/\/quehacerpolitico.mx\/?p=92485"},"author":{"name":"Redacci\u00f3n QP","@id":"https:\/\/quehacerpolitico.mx\/#\/schema\/person\/496d8ad2d1d3f8036101dca7ee39e585"},"headline":"Neuch\u00e2tel Cuadrante Polanco un proyecto urbano fascinante","datePublished":"2022-05-24T23:10:09+00:00","dateModified":"2022-05-24T23:10:12+00:00","mainEntityOfPage":{"@id":"https:\/\/quehacerpolitico.mx\/?p=92485"},"wordCount":486,"commentCount":0,"image":{"@id":"https:\/\/quehacerpolitico.mx\/?p=92485#primaryimage"},"thumbnailUrl":"https:\/\/quehacerpolitico.mx\/wp-content\/uploads\/2022\/05\/4E6D3398-6C22-42DB-8A85-D89030596B58.jpeg","articleSection":["Econom\u00eda"],"inLanguage":"es","potentialAction":[{"@type":"CommentAction","name":"Comment","target":["https:\/\/quehacerpolitico.mx\/?p=92485#respond"]}]},{"@type":"WebPage","@id":"https:\/\/quehacerpolitico.mx\/?p=92485","url":"https:\/\/quehacerpolitico.mx\/?p=92485","name":"Neuch\u00e2tel Cuadrante Polanco un proyecto urbano fascinante -","isPartOf":{"@id":"https:\/\/quehacerpolitico.mx\/#website"},"primaryImageOfPage":{"@id":"https:\/\/quehacerpolitico.mx\/?p=92485#primaryimage"},"image":{"@id":"https:\/\/quehacerpolitico.mx\/?p=92485#primaryimage"},"thumbnailUrl":"https:\/\/quehacerpolitico.mx\/wp-content\/uploads\/2022\/05\/4E6D3398-6C22-42DB-8A85-D89030596B58.jpeg","datePublished":"2022-05-24T23:10:09+00:00","dateModified":"2022-05-24T23:10:12+00:00","author":{"@id":"https:\/\/quehacerpolitico.mx\/#\/schema\/person\/496d8ad2d1d3f8036101dca7ee39e585"},"breadcrumb":{"@id":"https:\/\/quehacerpolitico.mx\/?p=92485#breadcrumb"},"inLanguage":"es","potentialAction":[{"@type":"ReadAction","target":["https:\/\/quehacerpolitico.mx\/?p=92485"]}]},{"@type":"ImageObject","inLanguage":"es","@id":"https:\/\/quehacerpolitico.mx\/?p=92485#primaryimage","url":"https:\/\/quehacerpolitico.mx\/wp-content\/uploads\/2022\/05\/4E6D3398-6C22-42DB-8A85-D89030596B58.jpeg","contentUrl":"https:\/\/quehacerpolitico.mx\/wp-content\/uploads\/2022\/05\/4E6D3398-6C22-42DB-8A85-D89030596B58.jpeg","width":2048,"height":927},{"@type":"BreadcrumbList","@id":"https:\/\/quehacerpolitico.mx\/?p=92485#breadcrumb","itemListElement":[{"@type":"ListItem","position":1,"name":"Inicio","item":"https:\/\/quehacerpolitico.mx\/"},{"@type":"ListItem","position":2,"name":"Neuch\u00e2tel Cuadrante Polanco un proyecto urbano fascinante"}]},{"@type":"WebSite","@id":"https:\/\/quehacerpolitico.mx\/#website","url":"https:\/\/quehacerpolitico.mx\/","name":"","description":"","potentialAction":[{"@type":"SearchAction","target":{"@type":"EntryPoint","urlTemplate":"https:\/\/quehacerpolitico.mx\/?s={search_term_string}"},"query-input":{"@type":"PropertyValueSpecification","valueRequired":true,"valueName":"search_term_string"}}],"inLanguage":"es"},{"@type":"Person","@id":"https:\/\/quehacerpolitico.mx\/#\/schema\/person\/496d8ad2d1d3f8036101dca7ee39e585","name":"Redacci\u00f3n QP","image":{"@type":"ImageObject","inLanguage":"es","@id":"https:\/\/secure.gravatar.com\/avatar\/c7164ed6fdec453195284ad24a5ae5b6e1eed2b848477fa2a4787ba9adf39a41?s=96&d=mm&r=g","url":"https:\/\/secure.gravatar.com\/avatar\/c7164ed6fdec453195284ad24a5ae5b6e1eed2b848477fa2a4787ba9adf39a41?s=96&d=mm&r=g","contentUrl":"https:\/\/secure.gravatar.com\/avatar\/c7164ed6fdec453195284ad24a5ae5b6e1eed2b848477fa2a4787ba9adf39a41?s=96&d=mm&r=g","caption":"Redacci\u00f3n QP"},"url":"https:\/\/quehacerpolitico.mx\/?author=2"}]}},"featured_image_urls":{"full":["https:\/\/quehacerpolitico.mx\/wp-content\/uploads\/2022\/05\/4E6D3398-6C22-42DB-8A85-D89030596B58.jpeg",2048,927,false],"thumbnail":["https:\/\/quehacerpolitico.mx\/wp-content\/uploads\/2022\/05\/4E6D3398-6C22-42DB-8A85-D89030596B58-150x150.jpeg",150,150,true],"medium":["https:\/\/quehacerpolitico.mx\/wp-content\/uploads\/2022\/05\/4E6D3398-6C22-42DB-8A85-D89030596B58-300x136.jpeg",300,136,true],"medium_large":["https:\/\/quehacerpolitico.mx\/wp-content\/uploads\/2022\/05\/4E6D3398-6C22-42DB-8A85-D89030596B58-768x348.jpeg",640,290,true],"large":["https:\/\/quehacerpolitico.mx\/wp-content\/uploads\/2022\/05\/4E6D3398-6C22-42DB-8A85-D89030596B58-1024x464.jpeg",640,290,true],"1536x1536":["https:\/\/quehacerpolitico.mx\/wp-content\/uploads\/2022\/05\/4E6D3398-6C22-42DB-8A85-D89030596B58-1536x695.jpeg",1536,695,true],"2048x2048":["https:\/\/quehacerpolitico.mx\/wp-content\/uploads\/2022\/05\/4E6D3398-6C22-42DB-8A85-D89030596B58.jpeg",2048,927,false],"covernews-featured":["https:\/\/quehacerpolitico.mx\/wp-content\/uploads\/2022\/05\/4E6D3398-6C22-42DB-8A85-D89030596B58.jpeg",1024,464,false],"covernews-medium":["https:\/\/quehacerpolitico.mx\/wp-content\/uploads\/2022\/05\/4E6D3398-6C22-42DB-8A85-D89030596B58.jpeg",540,244,false]},"author_info":{"display_name":"Redacci\u00f3n QP","author_link":"https:\/\/quehacerpolitico.mx\/?author=2"},"category_info":"<a href=\"https:\/\/quehacerpolitico.mx\/?cat=56\" rel=\"category\">Econom\u00eda<\/a>","tag_info":"Econom\u00eda","comment_count":"0","_links":{"self":[{"href":"https:\/\/quehacerpolitico.mx\/index.php?rest_route=\/wp\/v2\/posts\/92485","targetHints":{"allow":["GET"]}}],"collection":[{"href":"https:\/\/quehacerpolitico.mx\/index.php?rest_route=\/wp\/v2\/posts"}],"about":[{"href":"https:\/\/quehacerpolitico.mx\/index.php?rest_route=\/wp\/v2\/types\/post"}],"author":[{"embeddable":true,"href":"https:\/\/quehacerpolitico.mx\/index.php?rest_route=\/wp\/v2\/users\/2"}],"replies":[{"embeddable":true,"href":"https:\/\/quehacerpolitico.mx\/index.php?rest_route=%2Fwp%2Fv2%2Fcomments&post=92485"}],"version-history":[{"count":1,"href":"https:\/\/quehacerpolitico.mx\/index.php?rest_route=\/wp\/v2\/posts\/92485\/revisions"}],"predecessor-version":[{"id":92489,"href":"https:\/\/quehacerpolitico.mx\/index.php?rest_route=\/wp\/v2\/posts\/92485\/revisions\/92489"}],"wp:featuredmedia":[{"embeddable":true,"href":"https:\/\/quehacerpolitico.mx\/index.php?rest_route=\/wp\/v2\/media\/92488"}],"wp:attachment":[{"href":"https:\/\/quehacerpolitico.mx\/index.php?rest_route=%2Fwp%2Fv2%2Fmedia&parent=92485"}],"wp:term":[{"taxonomy":"category","embeddable":true,"href":"https:\/\/quehacerpolitico.mx\/index.php?rest_route=%2Fwp%2Fv2%2Fcategories&post=92485"},{"taxonomy":"post_tag","embeddable":true,"href":"https:\/\/quehacerpolitico.mx\/index.php?rest_route=%2Fwp%2Fv2%2Ftags&post=92485"}],"curies":[{"name":"wp","href":"https:\/\/api.w.org\/{rel}","templated":true}]}}