{"id":92475,"date":"2022-05-24T16:36:20","date_gmt":"2022-05-24T16:36:20","guid":{"rendered":"https:\/\/quehacerpolitico.mx\/?p=92475"},"modified":"2022-05-24T16:36:23","modified_gmt":"2022-05-24T16:36:23","slug":"ufff-la-politica-rodolfo-mendoza-olivo-la-traicion-al-alma-mater","status":"publish","type":"post","link":"https:\/\/quehacerpolitico.mx\/?p=92475","title":{"rendered":"Ufff la pol\u00edtica\/\/\/Rodolfo Mendoza Olivo\/\/\/La traici\u00f3n al Alma Mater"},"content":{"rendered":"\n<p>Por Redacci\u00f3n QP<\/p>\n\n\n\n<p>La UNAM fue su alma mater, estudio en la Facultad de Medicina y luego se fue de residente al Instituto Nacional de\u00a0Nutrici\u00f3n\u00a0Salvador\u00a0Subir\u00e1n, luego en el 2006 obtuvo el doctorado en la Universidad John Hopkins en la Ciudad de Baltimore, en el 2009 siendo Presidente de la Republica Felipe de\u00a0Jes\u00fasCalder\u00f3n\u00a0Hinojosa era director general adjunto de epidemiologia en la Secretaria de Salud y le toco en el combate a la epidemia de la influenza AH1N1, el personaje a que me refiero es ni\u00a0m\u00e1s\u00a0ni menos que Hugo\u00a0L\u00f3pez\u00a0Gatell, el epidemi\u00f3logo, el cient\u00edfico, el que sabe como siempre lo ha dicho su Jefe, el Presidente,\u00a0Andr\u00e9s\u00a0Manuel\u00a0L\u00f3pez\u00a0Obrador \u00a0\u00a0el encargado de combatir la pandemia\u00a0Covi\u00a019 por parte del Gobierno Federal, el personaje en cuesti\u00f3n hace varios meses\u00a0sali\u00f3\u00a0del escenario\u00a0p\u00fablico\u00a0del que tanto gusta estar y como lo suyo, lo suyo es estar siempre en las redes sociales, en los medios de comunicaci\u00f3n, el viajar por aqu\u00ed y por\u00a0all\u00e1\u00a0su prestigio se ha venido al piso por el p\u00e9simo mal manejo de la pandemia,\u00a0lo que ha costado hasta la fecha que 700.000\u00a0hayan fallecido a causa del mal manejo de la Pandemia,\u00a0no obstante de estar en el ojo del hurac\u00e1n, fue premiado d\u00e1ndole la encomienda de manejar la\u00a0Cofepris, el tal Hugo ahora va a encabezar la nefasta cruzada contra la comunidad\u00a0m\u00e9dica, ya se puso los guantes y ha empezado la defensa de su Jefe, por eso a nadie extra\u00f1a esas declaraciones que hizo como buen defensor de la Cuarta T,\u00a0la contrataci\u00f3n de los 500\u00a0m\u00e9dicos\u00a0cubanos\u00a0ya que hay un d\u00e9ficit de m\u00e9dicos desde hace varios a\u00f1os por lo que\u00a0sorprendi\u00f3\u00a0que a alguno de sus colegas les\u00a0parezca\u00a0un misterio, pues\u00a0est\u00e1\u00a0documentado adem\u00e1s que hay un d\u00e9ficit de 2678 plazas vacantes a las cuales no quieren acudir a las localidades remotas donde no hay infraestructura, medica ni llegan los medicamentos a atender a la poblaci\u00f3n, la contrataci\u00f3n\u00a0que hizo el Presidente de la Republica\u00a0g\u00e9nero\u00a0en cadena fuertes\u00a0cr\u00edticas\u00a0de la comunidad\u00a0m\u00e9dica\u00a0y como es su costumbre el hu\u00e9sped de los Pinos desde su pulpito Palaciego se fue no solo contra toda la comunidad\u00a0m\u00e9dica, tambi\u00e9n lo hizo contra la UNAM y asevero como acostumbra porque\u00a0<strong>\u201cEL TIENE OTROS DATOS\u201c<\/strong>\u00a0En vez de convocar a todos los m\u00e9dicos estudiantes a enfrentar la pandemia, se fueron a sus casas y remato la UNAM se derechizo, esos Cubanos que a la fecha no acreditan que sean m\u00e9dicos y que existe el\u00a0sospechosismo\u00a0de que\u00a0m\u00e1sbien\u00a0su\u00a0tarea sea la de\u00a0adoctrinamiento, lo que\u00a0s\u00ed\u00a0es un hecho es que m\u00e9dicos, enfermeras y enfermeros enfrentaron la Pandemia del\u00a0Covi\u00a019, lo mismo que los estudiantes de la Facultad de Medicina y otras Universidades particulares, en donde cientos de ellos fallecieron al haber sido contagiados por no tener las herramientas necesarias, ni el equipo que les hubiera permitido librar la muerte, para todos esos\u00a0m\u00e9dicos\u00a0y enfermeras ni una sola palabra para sus deudos y que decir del Doctor muerte el cual es todo un doctor\u00a0Fif\u00ed, nunca en su vida ha estado atendiendo f\u00edsicamente a los contagiados, desde lejecitos, con todo y eso se\u00a0contagi\u00f3, no obstante a que\u00a0solo se concretaba a dar sus estad\u00edsticas de muertes y\u00a0m\u00e1s\u00a0muertes,\u00a0en Ginebra, Suiza el subsecretario de Salud acudi\u00f3 para participar en la Asamblea Mundial de la Salud, en sus redes sociales publico varias fotos en donde aparece con\u00a0cubrebocas, y entonces para que usar la mascarilla que\u00a0el\u00a0ha dicho reiteradamente que no sirve para nada, luego sali\u00f3 que su uso ya no es imprescindible, porque nunca se oblig\u00f3 a la poblaci\u00f3n a usarla y entonces para que se la pone\u2026\u2026 \u00a0 \u00a0 \u00a0 \u00a0<\/p>\n","protected":false},"excerpt":{"rendered":"<p>Por Redacci\u00f3n QP La UNAM fue su alma mater, estudio en la Facultad de Medicina&#8230;<\/p>\n","protected":false},"author":2,"featured_media":92476,"comment_status":"open","ping_status":"open","sticky":false,"template":"","format":"standard","meta":{"_monsterinsights_skip_tracking":false,"_monsterinsights_sitenote_active":false,"_monsterinsights_sitenote_note":"","_monsterinsights_sitenote_category":0,"footnotes":""},"categories":[2],"tags":[],"class_list":["post-92475","post","type-post","status-publish","format-standard","has-post-thumbnail","hentry","category-noticias"],"yoast_head":"<!-- This site is optimized with the Yoast SEO plugin v27.3 - https:\/\/yoast.com\/product\/yoast-seo-wordpress\/ -->\n<title>Ufff la pol\u00edtica\/\/\/Rodolfo Mendoza Olivo\/\/\/La traici\u00f3n al Alma Mater -<\/title>\n<meta name=\"robots\" content=\"index, follow, max-snippet:-1, max-image-preview:large, max-video-preview:-1\" \/>\n<link rel=\"canonical\" href=\"https:\/\/quehacerpolitico.mx\/?p=92475\" \/>\n<meta property=\"og:locale\" content=\"es_MX\" \/>\n<meta property=\"og:type\" content=\"article\" \/>\n<meta property=\"og:title\" content=\"Ufff la pol\u00edtica\/\/\/Rodolfo Mendoza Olivo\/\/\/La traici\u00f3n al Alma Mater -\" \/>\n<meta property=\"og:description\" content=\"Por Redacci\u00f3n QP La UNAM fue su alma mater, estudio en la Facultad de Medicina...\" \/>\n<meta property=\"og:url\" content=\"https:\/\/quehacerpolitico.mx\/?p=92475\" \/>\n<meta property=\"article:published_time\" content=\"2022-05-24T16:36:20+00:00\" \/>\n<meta property=\"article:modified_time\" content=\"2022-05-24T16:36:23+00:00\" \/>\n<meta property=\"og:image\" content=\"https:\/\/quehacerpolitico.mx\/wp-content\/uploads\/2022\/05\/8F259C57-6EA0-4BF8-AE2B-BB4D67CA185B.jpeg\" \/>\n\t<meta property=\"og:image:width\" content=\"678\" \/>\n\t<meta property=\"og:image:height\" content=\"452\" \/>\n\t<meta property=\"og:image:type\" content=\"image\/jpeg\" \/>\n<meta name=\"author\" content=\"Redacci\u00f3n QP\" \/>\n<meta name=\"twitter:card\" content=\"summary_large_image\" \/>\n<meta name=\"twitter:label1\" content=\"Escrito por\" \/>\n\t<meta name=\"twitter:data1\" content=\"Redacci\u00f3n QP\" \/>\n\t<meta name=\"twitter:label2\" content=\"Tiempo de lectura\" \/>\n\t<meta name=\"twitter:data2\" content=\"3 minutos\" \/>\n<script type=\"application\/ld+json\" class=\"yoast-schema-graph\">{\"@context\":\"https:\\\/\\\/schema.org\",\"@graph\":[{\"@type\":\"Article\",\"@id\":\"https:\\\/\\\/quehacerpolitico.mx\\\/?p=92475#article\",\"isPartOf\":{\"@id\":\"https:\\\/\\\/quehacerpolitico.mx\\\/?p=92475\"},\"author\":{\"name\":\"Redacci\u00f3n QP\",\"@id\":\"https:\\\/\\\/quehacerpolitico.mx\\\/#\\\/schema\\\/person\\\/496d8ad2d1d3f8036101dca7ee39e585\"},\"headline\":\"Ufff la pol\u00edtica\\\/\\\/\\\/Rodolfo Mendoza Olivo\\\/\\\/\\\/La traici\u00f3n al Alma Mater\",\"datePublished\":\"2022-05-24T16:36:20+00:00\",\"dateModified\":\"2022-05-24T16:36:23+00:00\",\"mainEntityOfPage\":{\"@id\":\"https:\\\/\\\/quehacerpolitico.mx\\\/?p=92475\"},\"wordCount\":678,\"commentCount\":0,\"image\":{\"@id\":\"https:\\\/\\\/quehacerpolitico.mx\\\/?p=92475#primaryimage\"},\"thumbnailUrl\":\"https:\\\/\\\/quehacerpolitico.mx\\\/wp-content\\\/uploads\\\/2022\\\/05\\\/8F259C57-6EA0-4BF8-AE2B-BB4D67CA185B.jpeg\",\"articleSection\":[\"Noticias\"],\"inLanguage\":\"es\",\"potentialAction\":[{\"@type\":\"CommentAction\",\"name\":\"Comment\",\"target\":[\"https:\\\/\\\/quehacerpolitico.mx\\\/?p=92475#respond\"]}]},{\"@type\":\"WebPage\",\"@id\":\"https:\\\/\\\/quehacerpolitico.mx\\\/?p=92475\",\"url\":\"https:\\\/\\\/quehacerpolitico.mx\\\/?p=92475\",\"name\":\"Ufff la pol\u00edtica\\\/\\\/\\\/Rodolfo Mendoza Olivo\\\/\\\/\\\/La traici\u00f3n al Alma Mater -\",\"isPartOf\":{\"@id\":\"https:\\\/\\\/quehacerpolitico.mx\\\/#website\"},\"primaryImageOfPage\":{\"@id\":\"https:\\\/\\\/quehacerpolitico.mx\\\/?p=92475#primaryimage\"},\"image\":{\"@id\":\"https:\\\/\\\/quehacerpolitico.mx\\\/?p=92475#primaryimage\"},\"thumbnailUrl\":\"https:\\\/\\\/quehacerpolitico.mx\\\/wp-content\\\/uploads\\\/2022\\\/05\\\/8F259C57-6EA0-4BF8-AE2B-BB4D67CA185B.jpeg\",\"datePublished\":\"2022-05-24T16:36:20+00:00\",\"dateModified\":\"2022-05-24T16:36:23+00:00\",\"author\":{\"@id\":\"https:\\\/\\\/quehacerpolitico.mx\\\/#\\\/schema\\\/person\\\/496d8ad2d1d3f8036101dca7ee39e585\"},\"breadcrumb\":{\"@id\":\"https:\\\/\\\/quehacerpolitico.mx\\\/?p=92475#breadcrumb\"},\"inLanguage\":\"es\",\"potentialAction\":[{\"@type\":\"ReadAction\",\"target\":[\"https:\\\/\\\/quehacerpolitico.mx\\\/?p=92475\"]}]},{\"@type\":\"ImageObject\",\"inLanguage\":\"es\",\"@id\":\"https:\\\/\\\/quehacerpolitico.mx\\\/?p=92475#primaryimage\",\"url\":\"https:\\\/\\\/quehacerpolitico.mx\\\/wp-content\\\/uploads\\\/2022\\\/05\\\/8F259C57-6EA0-4BF8-AE2B-BB4D67CA185B.jpeg\",\"contentUrl\":\"https:\\\/\\\/quehacerpolitico.mx\\\/wp-content\\\/uploads\\\/2022\\\/05\\\/8F259C57-6EA0-4BF8-AE2B-BB4D67CA185B.jpeg\",\"width\":678,\"height\":452},{\"@type\":\"BreadcrumbList\",\"@id\":\"https:\\\/\\\/quehacerpolitico.mx\\\/?p=92475#breadcrumb\",\"itemListElement\":[{\"@type\":\"ListItem\",\"position\":1,\"name\":\"Inicio\",\"item\":\"https:\\\/\\\/quehacerpolitico.mx\\\/\"},{\"@type\":\"ListItem\",\"position\":2,\"name\":\"Ufff la pol\u00edtica\\\/\\\/\\\/Rodolfo Mendoza Olivo\\\/\\\/\\\/La traici\u00f3n al Alma Mater\"}]},{\"@type\":\"WebSite\",\"@id\":\"https:\\\/\\\/quehacerpolitico.mx\\\/#website\",\"url\":\"https:\\\/\\\/quehacerpolitico.mx\\\/\",\"name\":\"\",\"description\":\"\",\"potentialAction\":[{\"@type\":\"SearchAction\",\"target\":{\"@type\":\"EntryPoint\",\"urlTemplate\":\"https:\\\/\\\/quehacerpolitico.mx\\\/?s={search_term_string}\"},\"query-input\":{\"@type\":\"PropertyValueSpecification\",\"valueRequired\":true,\"valueName\":\"search_term_string\"}}],\"inLanguage\":\"es\"},{\"@type\":\"Person\",\"@id\":\"https:\\\/\\\/quehacerpolitico.mx\\\/#\\\/schema\\\/person\\\/496d8ad2d1d3f8036101dca7ee39e585\",\"name\":\"Redacci\u00f3n QP\",\"image\":{\"@type\":\"ImageObject\",\"inLanguage\":\"es\",\"@id\":\"https:\\\/\\\/secure.gravatar.com\\\/avatar\\\/c7164ed6fdec453195284ad24a5ae5b6e1eed2b848477fa2a4787ba9adf39a41?s=96&d=mm&r=g\",\"url\":\"https:\\\/\\\/secure.gravatar.com\\\/avatar\\\/c7164ed6fdec453195284ad24a5ae5b6e1eed2b848477fa2a4787ba9adf39a41?s=96&d=mm&r=g\",\"contentUrl\":\"https:\\\/\\\/secure.gravatar.com\\\/avatar\\\/c7164ed6fdec453195284ad24a5ae5b6e1eed2b848477fa2a4787ba9adf39a41?s=96&d=mm&r=g\",\"caption\":\"Redacci\u00f3n QP\"},\"url\":\"https:\\\/\\\/quehacerpolitico.mx\\\/?author=2\"}]}<\/script>\n<!-- \/ Yoast SEO plugin. -->","yoast_head_json":{"title":"Ufff la pol\u00edtica\/\/\/Rodolfo Mendoza Olivo\/\/\/La traici\u00f3n al Alma Mater -","robots":{"index":"index","follow":"follow","max-snippet":"max-snippet:-1","max-image-preview":"max-image-preview:large","max-video-preview":"max-video-preview:-1"},"canonical":"https:\/\/quehacerpolitico.mx\/?p=92475","og_locale":"es_MX","og_type":"article","og_title":"Ufff la pol\u00edtica\/\/\/Rodolfo Mendoza Olivo\/\/\/La traici\u00f3n al Alma Mater -","og_description":"Por Redacci\u00f3n QP La UNAM fue su alma mater, estudio en la Facultad de Medicina...","og_url":"https:\/\/quehacerpolitico.mx\/?p=92475","article_published_time":"2022-05-24T16:36:20+00:00","article_modified_time":"2022-05-24T16:36:23+00:00","og_image":[{"width":678,"height":452,"url":"https:\/\/quehacerpolitico.mx\/wp-content\/uploads\/2022\/05\/8F259C57-6EA0-4BF8-AE2B-BB4D67CA185B.jpeg","type":"image\/jpeg"}],"author":"Redacci\u00f3n QP","twitter_card":"summary_large_image","twitter_misc":{"Escrito por":"Redacci\u00f3n QP","Tiempo de lectura":"3 minutos"},"schema":{"@context":"https:\/\/schema.org","@graph":[{"@type":"Article","@id":"https:\/\/quehacerpolitico.mx\/?p=92475#article","isPartOf":{"@id":"https:\/\/quehacerpolitico.mx\/?p=92475"},"author":{"name":"Redacci\u00f3n QP","@id":"https:\/\/quehacerpolitico.mx\/#\/schema\/person\/496d8ad2d1d3f8036101dca7ee39e585"},"headline":"Ufff la pol\u00edtica\/\/\/Rodolfo Mendoza Olivo\/\/\/La traici\u00f3n al Alma Mater","datePublished":"2022-05-24T16:36:20+00:00","dateModified":"2022-05-24T16:36:23+00:00","mainEntityOfPage":{"@id":"https:\/\/quehacerpolitico.mx\/?p=92475"},"wordCount":678,"commentCount":0,"image":{"@id":"https:\/\/quehacerpolitico.mx\/?p=92475#primaryimage"},"thumbnailUrl":"https:\/\/quehacerpolitico.mx\/wp-content\/uploads\/2022\/05\/8F259C57-6EA0-4BF8-AE2B-BB4D67CA185B.jpeg","articleSection":["Noticias"],"inLanguage":"es","potentialAction":[{"@type":"CommentAction","name":"Comment","target":["https:\/\/quehacerpolitico.mx\/?p=92475#respond"]}]},{"@type":"WebPage","@id":"https:\/\/quehacerpolitico.mx\/?p=92475","url":"https:\/\/quehacerpolitico.mx\/?p=92475","name":"Ufff la pol\u00edtica\/\/\/Rodolfo Mendoza Olivo\/\/\/La traici\u00f3n al Alma Mater -","isPartOf":{"@id":"https:\/\/quehacerpolitico.mx\/#website"},"primaryImageOfPage":{"@id":"https:\/\/quehacerpolitico.mx\/?p=92475#primaryimage"},"image":{"@id":"https:\/\/quehacerpolitico.mx\/?p=92475#primaryimage"},"thumbnailUrl":"https:\/\/quehacerpolitico.mx\/wp-content\/uploads\/2022\/05\/8F259C57-6EA0-4BF8-AE2B-BB4D67CA185B.jpeg","datePublished":"2022-05-24T16:36:20+00:00","dateModified":"2022-05-24T16:36:23+00:00","author":{"@id":"https:\/\/quehacerpolitico.mx\/#\/schema\/person\/496d8ad2d1d3f8036101dca7ee39e585"},"breadcrumb":{"@id":"https:\/\/quehacerpolitico.mx\/?p=92475#breadcrumb"},"inLanguage":"es","potentialAction":[{"@type":"ReadAction","target":["https:\/\/quehacerpolitico.mx\/?p=92475"]}]},{"@type":"ImageObject","inLanguage":"es","@id":"https:\/\/quehacerpolitico.mx\/?p=92475#primaryimage","url":"https:\/\/quehacerpolitico.mx\/wp-content\/uploads\/2022\/05\/8F259C57-6EA0-4BF8-AE2B-BB4D67CA185B.jpeg","contentUrl":"https:\/\/quehacerpolitico.mx\/wp-content\/uploads\/2022\/05\/8F259C57-6EA0-4BF8-AE2B-BB4D67CA185B.jpeg","width":678,"height":452},{"@type":"BreadcrumbList","@id":"https:\/\/quehacerpolitico.mx\/?p=92475#breadcrumb","itemListElement":[{"@type":"ListItem","position":1,"name":"Inicio","item":"https:\/\/quehacerpolitico.mx\/"},{"@type":"ListItem","position":2,"name":"Ufff la pol\u00edtica\/\/\/Rodolfo Mendoza Olivo\/\/\/La traici\u00f3n al Alma Mater"}]},{"@type":"WebSite","@id":"https:\/\/quehacerpolitico.mx\/#website","url":"https:\/\/quehacerpolitico.mx\/","name":"","description":"","potentialAction":[{"@type":"SearchAction","target":{"@type":"EntryPoint","urlTemplate":"https:\/\/quehacerpolitico.mx\/?s={search_term_string}"},"query-input":{"@type":"PropertyValueSpecification","valueRequired":true,"valueName":"search_term_string"}}],"inLanguage":"es"},{"@type":"Person","@id":"https:\/\/quehacerpolitico.mx\/#\/schema\/person\/496d8ad2d1d3f8036101dca7ee39e585","name":"Redacci\u00f3n QP","image":{"@type":"ImageObject","inLanguage":"es","@id":"https:\/\/secure.gravatar.com\/avatar\/c7164ed6fdec453195284ad24a5ae5b6e1eed2b848477fa2a4787ba9adf39a41?s=96&d=mm&r=g","url":"https:\/\/secure.gravatar.com\/avatar\/c7164ed6fdec453195284ad24a5ae5b6e1eed2b848477fa2a4787ba9adf39a41?s=96&d=mm&r=g","contentUrl":"https:\/\/secure.gravatar.com\/avatar\/c7164ed6fdec453195284ad24a5ae5b6e1eed2b848477fa2a4787ba9adf39a41?s=96&d=mm&r=g","caption":"Redacci\u00f3n QP"},"url":"https:\/\/quehacerpolitico.mx\/?author=2"}]}},"featured_image_urls":{"full":["https:\/\/quehacerpolitico.mx\/wp-content\/uploads\/2022\/05\/8F259C57-6EA0-4BF8-AE2B-BB4D67CA185B.jpeg",678,452,false],"thumbnail":["https:\/\/quehacerpolitico.mx\/wp-content\/uploads\/2022\/05\/8F259C57-6EA0-4BF8-AE2B-BB4D67CA185B-150x150.jpeg",150,150,true],"medium":["https:\/\/quehacerpolitico.mx\/wp-content\/uploads\/2022\/05\/8F259C57-6EA0-4BF8-AE2B-BB4D67CA185B-300x200.jpeg",300,200,true],"medium_large":["https:\/\/quehacerpolitico.mx\/wp-content\/uploads\/2022\/05\/8F259C57-6EA0-4BF8-AE2B-BB4D67CA185B.jpeg",640,427,false],"large":["https:\/\/quehacerpolitico.mx\/wp-content\/uploads\/2022\/05\/8F259C57-6EA0-4BF8-AE2B-BB4D67CA185B.jpeg",640,427,false],"1536x1536":["https:\/\/quehacerpolitico.mx\/wp-content\/uploads\/2022\/05\/8F259C57-6EA0-4BF8-AE2B-BB4D67CA185B.jpeg",678,452,false],"2048x2048":["https:\/\/quehacerpolitico.mx\/wp-content\/uploads\/2022\/05\/8F259C57-6EA0-4BF8-AE2B-BB4D67CA185B.jpeg",678,452,false],"covernews-featured":["https:\/\/quehacerpolitico.mx\/wp-content\/uploads\/2022\/05\/8F259C57-6EA0-4BF8-AE2B-BB4D67CA185B.jpeg",678,452,false],"covernews-medium":["https:\/\/quehacerpolitico.mx\/wp-content\/uploads\/2022\/05\/8F259C57-6EA0-4BF8-AE2B-BB4D67CA185B.jpeg",510,340,false]},"author_info":{"display_name":"Redacci\u00f3n QP","author_link":"https:\/\/quehacerpolitico.mx\/?author=2"},"category_info":"<a href=\"https:\/\/quehacerpolitico.mx\/?cat=2\" rel=\"category\">Noticias<\/a>","tag_info":"Noticias","comment_count":"0","_links":{"self":[{"href":"https:\/\/quehacerpolitico.mx\/index.php?rest_route=\/wp\/v2\/posts\/92475","targetHints":{"allow":["GET"]}}],"collection":[{"href":"https:\/\/quehacerpolitico.mx\/index.php?rest_route=\/wp\/v2\/posts"}],"about":[{"href":"https:\/\/quehacerpolitico.mx\/index.php?rest_route=\/wp\/v2\/types\/post"}],"author":[{"embeddable":true,"href":"https:\/\/quehacerpolitico.mx\/index.php?rest_route=\/wp\/v2\/users\/2"}],"replies":[{"embeddable":true,"href":"https:\/\/quehacerpolitico.mx\/index.php?rest_route=%2Fwp%2Fv2%2Fcomments&post=92475"}],"version-history":[{"count":1,"href":"https:\/\/quehacerpolitico.mx\/index.php?rest_route=\/wp\/v2\/posts\/92475\/revisions"}],"predecessor-version":[{"id":92477,"href":"https:\/\/quehacerpolitico.mx\/index.php?rest_route=\/wp\/v2\/posts\/92475\/revisions\/92477"}],"wp:featuredmedia":[{"embeddable":true,"href":"https:\/\/quehacerpolitico.mx\/index.php?rest_route=\/wp\/v2\/media\/92476"}],"wp:attachment":[{"href":"https:\/\/quehacerpolitico.mx\/index.php?rest_route=%2Fwp%2Fv2%2Fmedia&parent=92475"}],"wp:term":[{"taxonomy":"category","embeddable":true,"href":"https:\/\/quehacerpolitico.mx\/index.php?rest_route=%2Fwp%2Fv2%2Fcategories&post=92475"},{"taxonomy":"post_tag","embeddable":true,"href":"https:\/\/quehacerpolitico.mx\/index.php?rest_route=%2Fwp%2Fv2%2Ftags&post=92475"}],"curies":[{"name":"wp","href":"https:\/\/api.w.org\/{rel}","templated":true}]}}