{"id":92460,"date":"2022-05-24T15:40:44","date_gmt":"2022-05-24T15:40:44","guid":{"rendered":"https:\/\/quehacerpolitico.mx\/?p=92460"},"modified":"2022-05-24T15:40:47","modified_gmt":"2022-05-24T15:40:47","slug":"por-reduccion-de-casos-informe-sobre-pandemia-sera-cada-15-dias-lopez-obrador-%ef%bf%bc","status":"publish","type":"post","link":"https:\/\/quehacerpolitico.mx\/?p=92460","title":{"rendered":"Por reducci\u00f3n de casos, informe sobre pandemia ser\u00e1 cada 15 d\u00edas: L\u00f3pez Obrador\u00a0\ufffc"},"content":{"rendered":"\n<p>Por Redacci\u00f3n QP<\/p>\n\n\n\n<p>El Presidente de M\u00e9xico asegura que una de las prioridades de su Gobierno en este momento es la federalizaci\u00f3n de los servicios de salud<\/p>\n\n\n\n<p>El Presidente de M\u00e9xico, Andr\u00e9s Manuel L\u00f3pez Obrador, inform\u00f3 durante la &#8220;ma\u00f1anera&#8221; de hoy que el informe que se realiza todos los martes sobre la pandemia del COVID, en la secci\u00f3n el Pulso de la Salud,&nbsp;<strong>se presentar\u00e1 cada 15 d\u00edas debido a la reducci\u00f3n de casos que ha registrado el pa\u00eds<\/strong>.<\/p>\n\n\n\n<p>&#8220;Vamos a informar el d\u00eda de hoy como todos los martes sobre la situaci\u00f3n de la salud, ese es el tema principal y vamos desplazando la informaci\u00f3n, la situaci\u00f3n de la pandemia, porque afortunadamente las cosas han mejorado mucho y se va a seguir informando, pero cada 15 d\u00edas&#8221;.<\/p>\n\n\n\n<figure class=\"wp-block-embed is-type-video is-provider-youtube wp-block-embed-youtube wp-embed-aspect-16-9 wp-has-aspect-ratio\"><div class=\"wp-block-embed__wrapper\">\n<iframe loading=\"lazy\" title=\"Hugo L\u00f3pez-Gatell ha hecho un buen papel frente a la pandemia del Covid, afirma AMLO\" width=\"640\" height=\"360\" src=\"https:\/\/www.youtube.com\/embed\/WJZSYRYHF5g?feature=oembed\" frameborder=\"0\" allow=\"accelerometer; autoplay; clipboard-write; encrypted-media; gyroscope; picture-in-picture; web-share\" referrerpolicy=\"strict-origin-when-cross-origin\" allowfullscreen><\/iframe>\n<\/div><\/figure>\n\n\n\n<p>L\u00f3pez Obrador record\u00f3 que Hugo L\u00f3pez-Gatell, subsecretario de salud, acudi\u00f3 a la 75 Asamblea Mundial de Salud, organizada por la OMS; tambi\u00e9n destac\u00f3 que el funcionario &#8220;ha hecho un buen papel&#8221; frente a la pandemia del COVID.<\/p>\n\n\n\n<p>Adem\u00e1s,&nbsp;<strong>el Mandatario mexicano resalt\u00f3 que una de las prioridades de su Gobierno en este momento es la federalizaci\u00f3n de los servicios de salud<\/strong>, y la regularizaci\u00f3n de los trabajadores de la salud.<\/p>\n\n\n\n<p>&#8220;Ahora, lo central, como hemos acordado, es toda la instrumentaci\u00f3n de la salud, es el fortalecimiento de los servicios de salud p\u00fablica, c\u00f3mo estamos trabajando juntos para garantizar que est\u00e9n en buen estado los centro de salud, las unidades m\u00e9dicas rurales, los hospitales, que no falten los m\u00e9dicos, los especialistas, las medicinas, que se vaya regularizando la situaci\u00f3n de los trabajadores de la salud. En fin, ese es el plan que ya est\u00e1 en marcha. Comenzamos en Nayarit y vamos bien&#8221;, afirm\u00f3.<\/p>\n\n\n\n<p>Con informaci\u00f3n de SUN<\/p>\n","protected":false},"excerpt":{"rendered":"<p>Por Redacci\u00f3n QP El Presidente de M\u00e9xico asegura que una de las prioridades de su&#8230;<\/p>\n","protected":false},"author":2,"featured_media":92461,"comment_status":"open","ping_status":"open","sticky":false,"template":"","format":"standard","meta":{"_monsterinsights_skip_tracking":false,"_monsterinsights_sitenote_active":false,"_monsterinsights_sitenote_note":"","_monsterinsights_sitenote_category":0,"footnotes":""},"categories":[2],"tags":[],"class_list":["post-92460","post","type-post","status-publish","format-standard","has-post-thumbnail","hentry","category-noticias"],"yoast_head":"<!-- This site is optimized with the Yoast SEO plugin v27.3 - https:\/\/yoast.com\/product\/yoast-seo-wordpress\/ -->\n<title>Por reducci\u00f3n de casos, informe sobre pandemia ser\u00e1 cada 15 d\u00edas: L\u00f3pez Obrador\u00a0\ufffc -<\/title>\n<meta name=\"robots\" content=\"index, follow, max-snippet:-1, max-image-preview:large, max-video-preview:-1\" \/>\n<link rel=\"canonical\" href=\"https:\/\/quehacerpolitico.mx\/?p=92460\" \/>\n<meta property=\"og:locale\" content=\"es_MX\" \/>\n<meta property=\"og:type\" content=\"article\" \/>\n<meta property=\"og:title\" content=\"Por reducci\u00f3n de casos, informe sobre pandemia ser\u00e1 cada 15 d\u00edas: L\u00f3pez Obrador\u00a0\ufffc -\" \/>\n<meta property=\"og:description\" content=\"Por Redacci\u00f3n QP El Presidente de M\u00e9xico asegura que una de las prioridades de su...\" \/>\n<meta property=\"og:url\" content=\"https:\/\/quehacerpolitico.mx\/?p=92460\" \/>\n<meta property=\"article:published_time\" content=\"2022-05-24T15:40:44+00:00\" \/>\n<meta property=\"article:modified_time\" content=\"2022-05-24T15:40:47+00:00\" \/>\n<meta property=\"og:image\" content=\"https:\/\/quehacerpolitico.mx\/wp-content\/uploads\/2022\/05\/46AD2933-60DE-43A1-B46C-A24322ACC7BE.jpeg\" \/>\n\t<meta property=\"og:image:width\" content=\"974\" \/>\n\t<meta property=\"og:image:height\" content=\"693\" \/>\n\t<meta property=\"og:image:type\" content=\"image\/jpeg\" \/>\n<meta name=\"author\" content=\"Redacci\u00f3n QP\" \/>\n<meta name=\"twitter:card\" content=\"summary_large_image\" \/>\n<meta name=\"twitter:label1\" content=\"Escrito por\" \/>\n\t<meta name=\"twitter:data1\" content=\"Redacci\u00f3n QP\" \/>\n\t<meta name=\"twitter:label2\" content=\"Tiempo de lectura\" \/>\n\t<meta name=\"twitter:data2\" content=\"2 minutos\" \/>\n<script type=\"application\/ld+json\" class=\"yoast-schema-graph\">{\"@context\":\"https:\\\/\\\/schema.org\",\"@graph\":[{\"@type\":\"Article\",\"@id\":\"https:\\\/\\\/quehacerpolitico.mx\\\/?p=92460#article\",\"isPartOf\":{\"@id\":\"https:\\\/\\\/quehacerpolitico.mx\\\/?p=92460\"},\"author\":{\"name\":\"Redacci\u00f3n QP\",\"@id\":\"https:\\\/\\\/quehacerpolitico.mx\\\/#\\\/schema\\\/person\\\/496d8ad2d1d3f8036101dca7ee39e585\"},\"headline\":\"Por reducci\u00f3n de casos, informe sobre pandemia ser\u00e1 cada 15 d\u00edas: L\u00f3pez Obrador\u00a0\ufffc\",\"datePublished\":\"2022-05-24T15:40:44+00:00\",\"dateModified\":\"2022-05-24T15:40:47+00:00\",\"mainEntityOfPage\":{\"@id\":\"https:\\\/\\\/quehacerpolitico.mx\\\/?p=92460\"},\"wordCount\":333,\"commentCount\":0,\"image\":{\"@id\":\"https:\\\/\\\/quehacerpolitico.mx\\\/?p=92460#primaryimage\"},\"thumbnailUrl\":\"https:\\\/\\\/quehacerpolitico.mx\\\/wp-content\\\/uploads\\\/2022\\\/05\\\/46AD2933-60DE-43A1-B46C-A24322ACC7BE.jpeg\",\"articleSection\":[\"Noticias\"],\"inLanguage\":\"es\",\"potentialAction\":[{\"@type\":\"CommentAction\",\"name\":\"Comment\",\"target\":[\"https:\\\/\\\/quehacerpolitico.mx\\\/?p=92460#respond\"]}]},{\"@type\":\"WebPage\",\"@id\":\"https:\\\/\\\/quehacerpolitico.mx\\\/?p=92460\",\"url\":\"https:\\\/\\\/quehacerpolitico.mx\\\/?p=92460\",\"name\":\"Por reducci\u00f3n de casos, informe sobre pandemia ser\u00e1 cada 15 d\u00edas: L\u00f3pez Obrador\u00a0\ufffc -\",\"isPartOf\":{\"@id\":\"https:\\\/\\\/quehacerpolitico.mx\\\/#website\"},\"primaryImageOfPage\":{\"@id\":\"https:\\\/\\\/quehacerpolitico.mx\\\/?p=92460#primaryimage\"},\"image\":{\"@id\":\"https:\\\/\\\/quehacerpolitico.mx\\\/?p=92460#primaryimage\"},\"thumbnailUrl\":\"https:\\\/\\\/quehacerpolitico.mx\\\/wp-content\\\/uploads\\\/2022\\\/05\\\/46AD2933-60DE-43A1-B46C-A24322ACC7BE.jpeg\",\"datePublished\":\"2022-05-24T15:40:44+00:00\",\"dateModified\":\"2022-05-24T15:40:47+00:00\",\"author\":{\"@id\":\"https:\\\/\\\/quehacerpolitico.mx\\\/#\\\/schema\\\/person\\\/496d8ad2d1d3f8036101dca7ee39e585\"},\"breadcrumb\":{\"@id\":\"https:\\\/\\\/quehacerpolitico.mx\\\/?p=92460#breadcrumb\"},\"inLanguage\":\"es\",\"potentialAction\":[{\"@type\":\"ReadAction\",\"target\":[\"https:\\\/\\\/quehacerpolitico.mx\\\/?p=92460\"]}]},{\"@type\":\"ImageObject\",\"inLanguage\":\"es\",\"@id\":\"https:\\\/\\\/quehacerpolitico.mx\\\/?p=92460#primaryimage\",\"url\":\"https:\\\/\\\/quehacerpolitico.mx\\\/wp-content\\\/uploads\\\/2022\\\/05\\\/46AD2933-60DE-43A1-B46C-A24322ACC7BE.jpeg\",\"contentUrl\":\"https:\\\/\\\/quehacerpolitico.mx\\\/wp-content\\\/uploads\\\/2022\\\/05\\\/46AD2933-60DE-43A1-B46C-A24322ACC7BE.jpeg\",\"width\":974,\"height\":693},{\"@type\":\"BreadcrumbList\",\"@id\":\"https:\\\/\\\/quehacerpolitico.mx\\\/?p=92460#breadcrumb\",\"itemListElement\":[{\"@type\":\"ListItem\",\"position\":1,\"name\":\"Inicio\",\"item\":\"https:\\\/\\\/quehacerpolitico.mx\\\/\"},{\"@type\":\"ListItem\",\"position\":2,\"name\":\"Por reducci\u00f3n de casos, informe sobre pandemia ser\u00e1 cada 15 d\u00edas: L\u00f3pez Obrador\u00a0\ufffc\"}]},{\"@type\":\"WebSite\",\"@id\":\"https:\\\/\\\/quehacerpolitico.mx\\\/#website\",\"url\":\"https:\\\/\\\/quehacerpolitico.mx\\\/\",\"name\":\"\",\"description\":\"\",\"potentialAction\":[{\"@type\":\"SearchAction\",\"target\":{\"@type\":\"EntryPoint\",\"urlTemplate\":\"https:\\\/\\\/quehacerpolitico.mx\\\/?s={search_term_string}\"},\"query-input\":{\"@type\":\"PropertyValueSpecification\",\"valueRequired\":true,\"valueName\":\"search_term_string\"}}],\"inLanguage\":\"es\"},{\"@type\":\"Person\",\"@id\":\"https:\\\/\\\/quehacerpolitico.mx\\\/#\\\/schema\\\/person\\\/496d8ad2d1d3f8036101dca7ee39e585\",\"name\":\"Redacci\u00f3n QP\",\"image\":{\"@type\":\"ImageObject\",\"inLanguage\":\"es\",\"@id\":\"https:\\\/\\\/secure.gravatar.com\\\/avatar\\\/c7164ed6fdec453195284ad24a5ae5b6e1eed2b848477fa2a4787ba9adf39a41?s=96&d=mm&r=g\",\"url\":\"https:\\\/\\\/secure.gravatar.com\\\/avatar\\\/c7164ed6fdec453195284ad24a5ae5b6e1eed2b848477fa2a4787ba9adf39a41?s=96&d=mm&r=g\",\"contentUrl\":\"https:\\\/\\\/secure.gravatar.com\\\/avatar\\\/c7164ed6fdec453195284ad24a5ae5b6e1eed2b848477fa2a4787ba9adf39a41?s=96&d=mm&r=g\",\"caption\":\"Redacci\u00f3n QP\"},\"url\":\"https:\\\/\\\/quehacerpolitico.mx\\\/?author=2\"}]}<\/script>\n<!-- \/ Yoast SEO plugin. -->","yoast_head_json":{"title":"Por reducci\u00f3n de casos, informe sobre pandemia ser\u00e1 cada 15 d\u00edas: L\u00f3pez Obrador\u00a0\ufffc -","robots":{"index":"index","follow":"follow","max-snippet":"max-snippet:-1","max-image-preview":"max-image-preview:large","max-video-preview":"max-video-preview:-1"},"canonical":"https:\/\/quehacerpolitico.mx\/?p=92460","og_locale":"es_MX","og_type":"article","og_title":"Por reducci\u00f3n de casos, informe sobre pandemia ser\u00e1 cada 15 d\u00edas: L\u00f3pez Obrador\u00a0\ufffc -","og_description":"Por Redacci\u00f3n QP El Presidente de M\u00e9xico asegura que una de las prioridades de su...","og_url":"https:\/\/quehacerpolitico.mx\/?p=92460","article_published_time":"2022-05-24T15:40:44+00:00","article_modified_time":"2022-05-24T15:40:47+00:00","og_image":[{"width":974,"height":693,"url":"https:\/\/quehacerpolitico.mx\/wp-content\/uploads\/2022\/05\/46AD2933-60DE-43A1-B46C-A24322ACC7BE.jpeg","type":"image\/jpeg"}],"author":"Redacci\u00f3n QP","twitter_card":"summary_large_image","twitter_misc":{"Escrito por":"Redacci\u00f3n QP","Tiempo de lectura":"2 minutos"},"schema":{"@context":"https:\/\/schema.org","@graph":[{"@type":"Article","@id":"https:\/\/quehacerpolitico.mx\/?p=92460#article","isPartOf":{"@id":"https:\/\/quehacerpolitico.mx\/?p=92460"},"author":{"name":"Redacci\u00f3n QP","@id":"https:\/\/quehacerpolitico.mx\/#\/schema\/person\/496d8ad2d1d3f8036101dca7ee39e585"},"headline":"Por reducci\u00f3n de casos, informe sobre pandemia ser\u00e1 cada 15 d\u00edas: L\u00f3pez Obrador\u00a0\ufffc","datePublished":"2022-05-24T15:40:44+00:00","dateModified":"2022-05-24T15:40:47+00:00","mainEntityOfPage":{"@id":"https:\/\/quehacerpolitico.mx\/?p=92460"},"wordCount":333,"commentCount":0,"image":{"@id":"https:\/\/quehacerpolitico.mx\/?p=92460#primaryimage"},"thumbnailUrl":"https:\/\/quehacerpolitico.mx\/wp-content\/uploads\/2022\/05\/46AD2933-60DE-43A1-B46C-A24322ACC7BE.jpeg","articleSection":["Noticias"],"inLanguage":"es","potentialAction":[{"@type":"CommentAction","name":"Comment","target":["https:\/\/quehacerpolitico.mx\/?p=92460#respond"]}]},{"@type":"WebPage","@id":"https:\/\/quehacerpolitico.mx\/?p=92460","url":"https:\/\/quehacerpolitico.mx\/?p=92460","name":"Por reducci\u00f3n de casos, informe sobre pandemia ser\u00e1 cada 15 d\u00edas: L\u00f3pez Obrador\u00a0\ufffc -","isPartOf":{"@id":"https:\/\/quehacerpolitico.mx\/#website"},"primaryImageOfPage":{"@id":"https:\/\/quehacerpolitico.mx\/?p=92460#primaryimage"},"image":{"@id":"https:\/\/quehacerpolitico.mx\/?p=92460#primaryimage"},"thumbnailUrl":"https:\/\/quehacerpolitico.mx\/wp-content\/uploads\/2022\/05\/46AD2933-60DE-43A1-B46C-A24322ACC7BE.jpeg","datePublished":"2022-05-24T15:40:44+00:00","dateModified":"2022-05-24T15:40:47+00:00","author":{"@id":"https:\/\/quehacerpolitico.mx\/#\/schema\/person\/496d8ad2d1d3f8036101dca7ee39e585"},"breadcrumb":{"@id":"https:\/\/quehacerpolitico.mx\/?p=92460#breadcrumb"},"inLanguage":"es","potentialAction":[{"@type":"ReadAction","target":["https:\/\/quehacerpolitico.mx\/?p=92460"]}]},{"@type":"ImageObject","inLanguage":"es","@id":"https:\/\/quehacerpolitico.mx\/?p=92460#primaryimage","url":"https:\/\/quehacerpolitico.mx\/wp-content\/uploads\/2022\/05\/46AD2933-60DE-43A1-B46C-A24322ACC7BE.jpeg","contentUrl":"https:\/\/quehacerpolitico.mx\/wp-content\/uploads\/2022\/05\/46AD2933-60DE-43A1-B46C-A24322ACC7BE.jpeg","width":974,"height":693},{"@type":"BreadcrumbList","@id":"https:\/\/quehacerpolitico.mx\/?p=92460#breadcrumb","itemListElement":[{"@type":"ListItem","position":1,"name":"Inicio","item":"https:\/\/quehacerpolitico.mx\/"},{"@type":"ListItem","position":2,"name":"Por reducci\u00f3n de casos, informe sobre pandemia ser\u00e1 cada 15 d\u00edas: L\u00f3pez Obrador\u00a0\ufffc"}]},{"@type":"WebSite","@id":"https:\/\/quehacerpolitico.mx\/#website","url":"https:\/\/quehacerpolitico.mx\/","name":"","description":"","potentialAction":[{"@type":"SearchAction","target":{"@type":"EntryPoint","urlTemplate":"https:\/\/quehacerpolitico.mx\/?s={search_term_string}"},"query-input":{"@type":"PropertyValueSpecification","valueRequired":true,"valueName":"search_term_string"}}],"inLanguage":"es"},{"@type":"Person","@id":"https:\/\/quehacerpolitico.mx\/#\/schema\/person\/496d8ad2d1d3f8036101dca7ee39e585","name":"Redacci\u00f3n QP","image":{"@type":"ImageObject","inLanguage":"es","@id":"https:\/\/secure.gravatar.com\/avatar\/c7164ed6fdec453195284ad24a5ae5b6e1eed2b848477fa2a4787ba9adf39a41?s=96&d=mm&r=g","url":"https:\/\/secure.gravatar.com\/avatar\/c7164ed6fdec453195284ad24a5ae5b6e1eed2b848477fa2a4787ba9adf39a41?s=96&d=mm&r=g","contentUrl":"https:\/\/secure.gravatar.com\/avatar\/c7164ed6fdec453195284ad24a5ae5b6e1eed2b848477fa2a4787ba9adf39a41?s=96&d=mm&r=g","caption":"Redacci\u00f3n QP"},"url":"https:\/\/quehacerpolitico.mx\/?author=2"}]}},"featured_image_urls":{"full":["https:\/\/quehacerpolitico.mx\/wp-content\/uploads\/2022\/05\/46AD2933-60DE-43A1-B46C-A24322ACC7BE.jpeg",974,693,false],"thumbnail":["https:\/\/quehacerpolitico.mx\/wp-content\/uploads\/2022\/05\/46AD2933-60DE-43A1-B46C-A24322ACC7BE-150x150.jpeg",150,150,true],"medium":["https:\/\/quehacerpolitico.mx\/wp-content\/uploads\/2022\/05\/46AD2933-60DE-43A1-B46C-A24322ACC7BE-300x213.jpeg",300,213,true],"medium_large":["https:\/\/quehacerpolitico.mx\/wp-content\/uploads\/2022\/05\/46AD2933-60DE-43A1-B46C-A24322ACC7BE-768x546.jpeg",640,455,true],"large":["https:\/\/quehacerpolitico.mx\/wp-content\/uploads\/2022\/05\/46AD2933-60DE-43A1-B46C-A24322ACC7BE.jpeg",640,455,false],"1536x1536":["https:\/\/quehacerpolitico.mx\/wp-content\/uploads\/2022\/05\/46AD2933-60DE-43A1-B46C-A24322ACC7BE.jpeg",974,693,false],"2048x2048":["https:\/\/quehacerpolitico.mx\/wp-content\/uploads\/2022\/05\/46AD2933-60DE-43A1-B46C-A24322ACC7BE.jpeg",974,693,false],"covernews-featured":["https:\/\/quehacerpolitico.mx\/wp-content\/uploads\/2022\/05\/46AD2933-60DE-43A1-B46C-A24322ACC7BE.jpeg",974,693,false],"covernews-medium":["https:\/\/quehacerpolitico.mx\/wp-content\/uploads\/2022\/05\/46AD2933-60DE-43A1-B46C-A24322ACC7BE.jpeg",478,340,false]},"author_info":{"display_name":"Redacci\u00f3n QP","author_link":"https:\/\/quehacerpolitico.mx\/?author=2"},"category_info":"<a href=\"https:\/\/quehacerpolitico.mx\/?cat=2\" rel=\"category\">Noticias<\/a>","tag_info":"Noticias","comment_count":"0","_links":{"self":[{"href":"https:\/\/quehacerpolitico.mx\/index.php?rest_route=\/wp\/v2\/posts\/92460","targetHints":{"allow":["GET"]}}],"collection":[{"href":"https:\/\/quehacerpolitico.mx\/index.php?rest_route=\/wp\/v2\/posts"}],"about":[{"href":"https:\/\/quehacerpolitico.mx\/index.php?rest_route=\/wp\/v2\/types\/post"}],"author":[{"embeddable":true,"href":"https:\/\/quehacerpolitico.mx\/index.php?rest_route=\/wp\/v2\/users\/2"}],"replies":[{"embeddable":true,"href":"https:\/\/quehacerpolitico.mx\/index.php?rest_route=%2Fwp%2Fv2%2Fcomments&post=92460"}],"version-history":[{"count":1,"href":"https:\/\/quehacerpolitico.mx\/index.php?rest_route=\/wp\/v2\/posts\/92460\/revisions"}],"predecessor-version":[{"id":92462,"href":"https:\/\/quehacerpolitico.mx\/index.php?rest_route=\/wp\/v2\/posts\/92460\/revisions\/92462"}],"wp:featuredmedia":[{"embeddable":true,"href":"https:\/\/quehacerpolitico.mx\/index.php?rest_route=\/wp\/v2\/media\/92461"}],"wp:attachment":[{"href":"https:\/\/quehacerpolitico.mx\/index.php?rest_route=%2Fwp%2Fv2%2Fmedia&parent=92460"}],"wp:term":[{"taxonomy":"category","embeddable":true,"href":"https:\/\/quehacerpolitico.mx\/index.php?rest_route=%2Fwp%2Fv2%2Fcategories&post=92460"},{"taxonomy":"post_tag","embeddable":true,"href":"https:\/\/quehacerpolitico.mx\/index.php?rest_route=%2Fwp%2Fv2%2Ftags&post=92460"}],"curies":[{"name":"wp","href":"https:\/\/api.w.org\/{rel}","templated":true}]}}