{"id":92451,"date":"2022-05-23T18:41:40","date_gmt":"2022-05-23T18:41:40","guid":{"rendered":"https:\/\/quehacerpolitico.mx\/?p=92451"},"modified":"2022-05-23T18:41:44","modified_gmt":"2022-05-23T18:41:44","slug":"semar-destaca-aseguramientos-de-droga-durante-abril-y-mayo","status":"publish","type":"post","link":"https:\/\/quehacerpolitico.mx\/?p=92451","title":{"rendered":"Semar destaca aseguramientos de droga durante abril y mayo"},"content":{"rendered":"\n<p>Por Redacci\u00f3n QP<\/p>\n\n\n\n<p>La Secretar\u00eda de Marina detalla que en estos dos meses realiz\u00f3 49 detenciones por diversos delitos<\/p>\n\n\n\n<p>El jefe&nbsp;General de la Armada, Juan Jos\u00e9 Padilla Olmos, inform\u00f3 que entre abril y mayo<strong>&nbsp;la Secretar\u00eda de Marina<\/strong>&nbsp;(Semar) asegur\u00f3 m\u00e1s de&nbsp;<strong>80 kilos de droga&nbsp;<\/strong>y detuvo a 49 personas por diferentes delitos.<\/p>\n\n\n\n<p>Durante la<strong>\u00a0<\/strong>conferencia matutina de Lopez Obrador el mando naval se\u00f1al\u00f3 que en el periodo reportado la Semar ha efectuado 580 operaciones terrestres, 960 a\u00e9reas y 830 mar\u00edtimas en todo el pa\u00eds.<\/p>\n\n\n\n<p>Como resultado de esto, asegur\u00f3 cinco\u00a0<strong>embarcaciones implicadas en el traslado de droga<\/strong>, cuatro mil 30 litros de combustible, adem\u00e1s, fueron detenidas 13 personas por estos delitos, siete de ellas extranjeras.<\/p>\n\n\n\n<p>En los<strong>\u00a0puertos del pa\u00eds\u00a0<\/strong>se aseguraron 215 paquetes con mercanc\u00eda il\u00edcita; 24 kilogramos de marihuana, coca\u00edna y metanfetamina y 120 pastillas de \u00e9xtasis.<\/p>\n\n\n\n<figure class=\"wp-block-embed is-type-rich is-provider-twitter wp-block-embed-twitter\"><div class=\"wp-block-embed__wrapper\">\n<blockquote class=\"twitter-tweet\" data-width=\"550\" data-dnt=\"true\"><p lang=\"es\" dir=\"ltr\">Y amanecemos en un pa\u00eds militarizado donde desde la <a href=\"https:\/\/twitter.com\/hashtag\/Ma%C3%B1anera?src=hash&amp;ref_src=twsrc%5Etfw\">#Ma\u00f1anera<\/a> <a href=\"https:\/\/twitter.com\/Luis_R_Bucio?ref_src=twsrc%5Etfw\">@Luis_R_Bucio<\/a>, inform\u00f3 que ya se cuentan con 118 mil elementos y que este a\u00f1o se tiene la meta de reclutar 10 mil elementos m\u00e1s&#8230;<br><br>\u00bfCu\u00e1ndo hablar\u00e1 de la preparaci\u00f3n que tienen los que ya est\u00e1n? \ud83d\ude44\ud83e\udd37\u200d\u2640\ufe0f <a href=\"https:\/\/t.co\/Vpw2hcw3yb\">pic.twitter.com\/Vpw2hcw3yb<\/a><\/p>&mdash; Ruido en la Red (@RuidoEnLaRed) <a href=\"https:\/\/twitter.com\/RuidoEnLaRed\/status\/1528727727171330049?ref_src=twsrc%5Etfw\">May 23, 2022<\/a><\/blockquote><script async src=\"https:\/\/platform.twitter.com\/widgets.js\" charset=\"utf-8\"><\/script>\n<\/div><\/figure>\n\n\n\n<p>En aduanas fueron aseguradas tres armas cortas, cuatro cargadores y 50 cartuchos sin que tampoco se reporten detenidos.<\/p>\n\n\n\n<p>En las operaciones de la Semar en el Aeropuerto Internacional de la Ciudad de M\u00e9xico fueron\u00a0<strong>asegurados 62.76 kilos<\/strong>\u00a0de ayahuasca, marihuana, metanfetamina y coca\u00edna, adem\u00e1s de 318 cartuchos de diferentes calibres; dos mil 108 personas no fueron admitidas en migraci\u00f3n; 130 fueron repatriadas y 36 personas fueron detenidas por diferentes delitos.<\/p>\n\n\n\n<p>Con informaci\u00f3n de SUN<\/p>\n","protected":false},"excerpt":{"rendered":"<p>Por Redacci\u00f3n QP La Secretar\u00eda de Marina detalla que en estos dos meses realiz\u00f3 49&#8230;<\/p>\n","protected":false},"author":2,"featured_media":92452,"comment_status":"open","ping_status":"open","sticky":false,"template":"","format":"standard","meta":{"_monsterinsights_skip_tracking":false,"_monsterinsights_sitenote_active":false,"_monsterinsights_sitenote_note":"","_monsterinsights_sitenote_category":0,"footnotes":""},"categories":[2],"tags":[],"class_list":["post-92451","post","type-post","status-publish","format-standard","has-post-thumbnail","hentry","category-noticias"],"yoast_head":"<!-- This site is optimized with the Yoast SEO plugin v27.3 - https:\/\/yoast.com\/product\/yoast-seo-wordpress\/ -->\n<title>Semar destaca aseguramientos de droga durante abril y mayo -<\/title>\n<meta name=\"robots\" content=\"index, follow, max-snippet:-1, max-image-preview:large, max-video-preview:-1\" \/>\n<link rel=\"canonical\" href=\"https:\/\/quehacerpolitico.mx\/?p=92451\" \/>\n<meta property=\"og:locale\" content=\"es_MX\" \/>\n<meta property=\"og:type\" content=\"article\" \/>\n<meta property=\"og:title\" content=\"Semar destaca aseguramientos de droga durante abril y mayo -\" \/>\n<meta property=\"og:description\" content=\"Por Redacci\u00f3n QP La Secretar\u00eda de Marina detalla que en estos dos meses realiz\u00f3 49...\" \/>\n<meta property=\"og:url\" content=\"https:\/\/quehacerpolitico.mx\/?p=92451\" \/>\n<meta property=\"article:published_time\" content=\"2022-05-23T18:41:40+00:00\" \/>\n<meta property=\"article:modified_time\" content=\"2022-05-23T18:41:44+00:00\" \/>\n<meta property=\"og:image\" content=\"https:\/\/quehacerpolitico.mx\/wp-content\/uploads\/2022\/05\/A3BB488F-815E-4553-AD48-FB35350931CC.jpeg\" \/>\n\t<meta property=\"og:image:width\" content=\"1284\" \/>\n\t<meta property=\"og:image:height\" content=\"716\" \/>\n\t<meta property=\"og:image:type\" content=\"image\/jpeg\" \/>\n<meta name=\"author\" content=\"Redacci\u00f3n QP\" \/>\n<meta name=\"twitter:card\" content=\"summary_large_image\" \/>\n<meta name=\"twitter:label1\" content=\"Escrito por\" \/>\n\t<meta name=\"twitter:data1\" content=\"Redacci\u00f3n QP\" \/>\n\t<meta name=\"twitter:label2\" content=\"Tiempo de lectura\" \/>\n\t<meta name=\"twitter:data2\" content=\"1 minuto\" \/>\n<script type=\"application\/ld+json\" class=\"yoast-schema-graph\">{\"@context\":\"https:\\\/\\\/schema.org\",\"@graph\":[{\"@type\":\"Article\",\"@id\":\"https:\\\/\\\/quehacerpolitico.mx\\\/?p=92451#article\",\"isPartOf\":{\"@id\":\"https:\\\/\\\/quehacerpolitico.mx\\\/?p=92451\"},\"author\":{\"name\":\"Redacci\u00f3n QP\",\"@id\":\"https:\\\/\\\/quehacerpolitico.mx\\\/#\\\/schema\\\/person\\\/496d8ad2d1d3f8036101dca7ee39e585\"},\"headline\":\"Semar destaca aseguramientos de droga durante abril y mayo\",\"datePublished\":\"2022-05-23T18:41:40+00:00\",\"dateModified\":\"2022-05-23T18:41:44+00:00\",\"mainEntityOfPage\":{\"@id\":\"https:\\\/\\\/quehacerpolitico.mx\\\/?p=92451\"},\"wordCount\":241,\"commentCount\":0,\"image\":{\"@id\":\"https:\\\/\\\/quehacerpolitico.mx\\\/?p=92451#primaryimage\"},\"thumbnailUrl\":\"https:\\\/\\\/quehacerpolitico.mx\\\/wp-content\\\/uploads\\\/2022\\\/05\\\/A3BB488F-815E-4553-AD48-FB35350931CC.jpeg\",\"articleSection\":[\"Noticias\"],\"inLanguage\":\"es\",\"potentialAction\":[{\"@type\":\"CommentAction\",\"name\":\"Comment\",\"target\":[\"https:\\\/\\\/quehacerpolitico.mx\\\/?p=92451#respond\"]}]},{\"@type\":\"WebPage\",\"@id\":\"https:\\\/\\\/quehacerpolitico.mx\\\/?p=92451\",\"url\":\"https:\\\/\\\/quehacerpolitico.mx\\\/?p=92451\",\"name\":\"Semar destaca aseguramientos de droga durante abril y mayo -\",\"isPartOf\":{\"@id\":\"https:\\\/\\\/quehacerpolitico.mx\\\/#website\"},\"primaryImageOfPage\":{\"@id\":\"https:\\\/\\\/quehacerpolitico.mx\\\/?p=92451#primaryimage\"},\"image\":{\"@id\":\"https:\\\/\\\/quehacerpolitico.mx\\\/?p=92451#primaryimage\"},\"thumbnailUrl\":\"https:\\\/\\\/quehacerpolitico.mx\\\/wp-content\\\/uploads\\\/2022\\\/05\\\/A3BB488F-815E-4553-AD48-FB35350931CC.jpeg\",\"datePublished\":\"2022-05-23T18:41:40+00:00\",\"dateModified\":\"2022-05-23T18:41:44+00:00\",\"author\":{\"@id\":\"https:\\\/\\\/quehacerpolitico.mx\\\/#\\\/schema\\\/person\\\/496d8ad2d1d3f8036101dca7ee39e585\"},\"breadcrumb\":{\"@id\":\"https:\\\/\\\/quehacerpolitico.mx\\\/?p=92451#breadcrumb\"},\"inLanguage\":\"es\",\"potentialAction\":[{\"@type\":\"ReadAction\",\"target\":[\"https:\\\/\\\/quehacerpolitico.mx\\\/?p=92451\"]}]},{\"@type\":\"ImageObject\",\"inLanguage\":\"es\",\"@id\":\"https:\\\/\\\/quehacerpolitico.mx\\\/?p=92451#primaryimage\",\"url\":\"https:\\\/\\\/quehacerpolitico.mx\\\/wp-content\\\/uploads\\\/2022\\\/05\\\/A3BB488F-815E-4553-AD48-FB35350931CC.jpeg\",\"contentUrl\":\"https:\\\/\\\/quehacerpolitico.mx\\\/wp-content\\\/uploads\\\/2022\\\/05\\\/A3BB488F-815E-4553-AD48-FB35350931CC.jpeg\",\"width\":1284,\"height\":716},{\"@type\":\"BreadcrumbList\",\"@id\":\"https:\\\/\\\/quehacerpolitico.mx\\\/?p=92451#breadcrumb\",\"itemListElement\":[{\"@type\":\"ListItem\",\"position\":1,\"name\":\"Inicio\",\"item\":\"https:\\\/\\\/quehacerpolitico.mx\\\/\"},{\"@type\":\"ListItem\",\"position\":2,\"name\":\"Semar destaca aseguramientos de droga durante abril y mayo\"}]},{\"@type\":\"WebSite\",\"@id\":\"https:\\\/\\\/quehacerpolitico.mx\\\/#website\",\"url\":\"https:\\\/\\\/quehacerpolitico.mx\\\/\",\"name\":\"\",\"description\":\"\",\"potentialAction\":[{\"@type\":\"SearchAction\",\"target\":{\"@type\":\"EntryPoint\",\"urlTemplate\":\"https:\\\/\\\/quehacerpolitico.mx\\\/?s={search_term_string}\"},\"query-input\":{\"@type\":\"PropertyValueSpecification\",\"valueRequired\":true,\"valueName\":\"search_term_string\"}}],\"inLanguage\":\"es\"},{\"@type\":\"Person\",\"@id\":\"https:\\\/\\\/quehacerpolitico.mx\\\/#\\\/schema\\\/person\\\/496d8ad2d1d3f8036101dca7ee39e585\",\"name\":\"Redacci\u00f3n QP\",\"image\":{\"@type\":\"ImageObject\",\"inLanguage\":\"es\",\"@id\":\"https:\\\/\\\/secure.gravatar.com\\\/avatar\\\/c7164ed6fdec453195284ad24a5ae5b6e1eed2b848477fa2a4787ba9adf39a41?s=96&d=mm&r=g\",\"url\":\"https:\\\/\\\/secure.gravatar.com\\\/avatar\\\/c7164ed6fdec453195284ad24a5ae5b6e1eed2b848477fa2a4787ba9adf39a41?s=96&d=mm&r=g\",\"contentUrl\":\"https:\\\/\\\/secure.gravatar.com\\\/avatar\\\/c7164ed6fdec453195284ad24a5ae5b6e1eed2b848477fa2a4787ba9adf39a41?s=96&d=mm&r=g\",\"caption\":\"Redacci\u00f3n QP\"},\"url\":\"https:\\\/\\\/quehacerpolitico.mx\\\/?author=2\"}]}<\/script>\n<!-- \/ Yoast SEO plugin. -->","yoast_head_json":{"title":"Semar destaca aseguramientos de droga durante abril y mayo -","robots":{"index":"index","follow":"follow","max-snippet":"max-snippet:-1","max-image-preview":"max-image-preview:large","max-video-preview":"max-video-preview:-1"},"canonical":"https:\/\/quehacerpolitico.mx\/?p=92451","og_locale":"es_MX","og_type":"article","og_title":"Semar destaca aseguramientos de droga durante abril y mayo -","og_description":"Por Redacci\u00f3n QP La Secretar\u00eda de Marina detalla que en estos dos meses realiz\u00f3 49...","og_url":"https:\/\/quehacerpolitico.mx\/?p=92451","article_published_time":"2022-05-23T18:41:40+00:00","article_modified_time":"2022-05-23T18:41:44+00:00","og_image":[{"width":1284,"height":716,"url":"https:\/\/quehacerpolitico.mx\/wp-content\/uploads\/2022\/05\/A3BB488F-815E-4553-AD48-FB35350931CC.jpeg","type":"image\/jpeg"}],"author":"Redacci\u00f3n QP","twitter_card":"summary_large_image","twitter_misc":{"Escrito por":"Redacci\u00f3n QP","Tiempo de lectura":"1 minuto"},"schema":{"@context":"https:\/\/schema.org","@graph":[{"@type":"Article","@id":"https:\/\/quehacerpolitico.mx\/?p=92451#article","isPartOf":{"@id":"https:\/\/quehacerpolitico.mx\/?p=92451"},"author":{"name":"Redacci\u00f3n QP","@id":"https:\/\/quehacerpolitico.mx\/#\/schema\/person\/496d8ad2d1d3f8036101dca7ee39e585"},"headline":"Semar destaca aseguramientos de droga durante abril y mayo","datePublished":"2022-05-23T18:41:40+00:00","dateModified":"2022-05-23T18:41:44+00:00","mainEntityOfPage":{"@id":"https:\/\/quehacerpolitico.mx\/?p=92451"},"wordCount":241,"commentCount":0,"image":{"@id":"https:\/\/quehacerpolitico.mx\/?p=92451#primaryimage"},"thumbnailUrl":"https:\/\/quehacerpolitico.mx\/wp-content\/uploads\/2022\/05\/A3BB488F-815E-4553-AD48-FB35350931CC.jpeg","articleSection":["Noticias"],"inLanguage":"es","potentialAction":[{"@type":"CommentAction","name":"Comment","target":["https:\/\/quehacerpolitico.mx\/?p=92451#respond"]}]},{"@type":"WebPage","@id":"https:\/\/quehacerpolitico.mx\/?p=92451","url":"https:\/\/quehacerpolitico.mx\/?p=92451","name":"Semar destaca aseguramientos de droga durante abril y mayo -","isPartOf":{"@id":"https:\/\/quehacerpolitico.mx\/#website"},"primaryImageOfPage":{"@id":"https:\/\/quehacerpolitico.mx\/?p=92451#primaryimage"},"image":{"@id":"https:\/\/quehacerpolitico.mx\/?p=92451#primaryimage"},"thumbnailUrl":"https:\/\/quehacerpolitico.mx\/wp-content\/uploads\/2022\/05\/A3BB488F-815E-4553-AD48-FB35350931CC.jpeg","datePublished":"2022-05-23T18:41:40+00:00","dateModified":"2022-05-23T18:41:44+00:00","author":{"@id":"https:\/\/quehacerpolitico.mx\/#\/schema\/person\/496d8ad2d1d3f8036101dca7ee39e585"},"breadcrumb":{"@id":"https:\/\/quehacerpolitico.mx\/?p=92451#breadcrumb"},"inLanguage":"es","potentialAction":[{"@type":"ReadAction","target":["https:\/\/quehacerpolitico.mx\/?p=92451"]}]},{"@type":"ImageObject","inLanguage":"es","@id":"https:\/\/quehacerpolitico.mx\/?p=92451#primaryimage","url":"https:\/\/quehacerpolitico.mx\/wp-content\/uploads\/2022\/05\/A3BB488F-815E-4553-AD48-FB35350931CC.jpeg","contentUrl":"https:\/\/quehacerpolitico.mx\/wp-content\/uploads\/2022\/05\/A3BB488F-815E-4553-AD48-FB35350931CC.jpeg","width":1284,"height":716},{"@type":"BreadcrumbList","@id":"https:\/\/quehacerpolitico.mx\/?p=92451#breadcrumb","itemListElement":[{"@type":"ListItem","position":1,"name":"Inicio","item":"https:\/\/quehacerpolitico.mx\/"},{"@type":"ListItem","position":2,"name":"Semar destaca aseguramientos de droga durante abril y mayo"}]},{"@type":"WebSite","@id":"https:\/\/quehacerpolitico.mx\/#website","url":"https:\/\/quehacerpolitico.mx\/","name":"","description":"","potentialAction":[{"@type":"SearchAction","target":{"@type":"EntryPoint","urlTemplate":"https:\/\/quehacerpolitico.mx\/?s={search_term_string}"},"query-input":{"@type":"PropertyValueSpecification","valueRequired":true,"valueName":"search_term_string"}}],"inLanguage":"es"},{"@type":"Person","@id":"https:\/\/quehacerpolitico.mx\/#\/schema\/person\/496d8ad2d1d3f8036101dca7ee39e585","name":"Redacci\u00f3n QP","image":{"@type":"ImageObject","inLanguage":"es","@id":"https:\/\/secure.gravatar.com\/avatar\/c7164ed6fdec453195284ad24a5ae5b6e1eed2b848477fa2a4787ba9adf39a41?s=96&d=mm&r=g","url":"https:\/\/secure.gravatar.com\/avatar\/c7164ed6fdec453195284ad24a5ae5b6e1eed2b848477fa2a4787ba9adf39a41?s=96&d=mm&r=g","contentUrl":"https:\/\/secure.gravatar.com\/avatar\/c7164ed6fdec453195284ad24a5ae5b6e1eed2b848477fa2a4787ba9adf39a41?s=96&d=mm&r=g","caption":"Redacci\u00f3n QP"},"url":"https:\/\/quehacerpolitico.mx\/?author=2"}]}},"featured_image_urls":{"full":["https:\/\/quehacerpolitico.mx\/wp-content\/uploads\/2022\/05\/A3BB488F-815E-4553-AD48-FB35350931CC.jpeg",1284,716,false],"thumbnail":["https:\/\/quehacerpolitico.mx\/wp-content\/uploads\/2022\/05\/A3BB488F-815E-4553-AD48-FB35350931CC-150x150.jpeg",150,150,true],"medium":["https:\/\/quehacerpolitico.mx\/wp-content\/uploads\/2022\/05\/A3BB488F-815E-4553-AD48-FB35350931CC-300x167.jpeg",300,167,true],"medium_large":["https:\/\/quehacerpolitico.mx\/wp-content\/uploads\/2022\/05\/A3BB488F-815E-4553-AD48-FB35350931CC-768x428.jpeg",640,357,true],"large":["https:\/\/quehacerpolitico.mx\/wp-content\/uploads\/2022\/05\/A3BB488F-815E-4553-AD48-FB35350931CC-1024x571.jpeg",640,357,true],"1536x1536":["https:\/\/quehacerpolitico.mx\/wp-content\/uploads\/2022\/05\/A3BB488F-815E-4553-AD48-FB35350931CC.jpeg",1284,716,false],"2048x2048":["https:\/\/quehacerpolitico.mx\/wp-content\/uploads\/2022\/05\/A3BB488F-815E-4553-AD48-FB35350931CC.jpeg",1284,716,false],"covernews-featured":["https:\/\/quehacerpolitico.mx\/wp-content\/uploads\/2022\/05\/A3BB488F-815E-4553-AD48-FB35350931CC.jpeg",1024,571,false],"covernews-medium":["https:\/\/quehacerpolitico.mx\/wp-content\/uploads\/2022\/05\/A3BB488F-815E-4553-AD48-FB35350931CC.jpeg",540,301,false]},"author_info":{"display_name":"Redacci\u00f3n QP","author_link":"https:\/\/quehacerpolitico.mx\/?author=2"},"category_info":"<a href=\"https:\/\/quehacerpolitico.mx\/?cat=2\" rel=\"category\">Noticias<\/a>","tag_info":"Noticias","comment_count":"0","_links":{"self":[{"href":"https:\/\/quehacerpolitico.mx\/index.php?rest_route=\/wp\/v2\/posts\/92451","targetHints":{"allow":["GET"]}}],"collection":[{"href":"https:\/\/quehacerpolitico.mx\/index.php?rest_route=\/wp\/v2\/posts"}],"about":[{"href":"https:\/\/quehacerpolitico.mx\/index.php?rest_route=\/wp\/v2\/types\/post"}],"author":[{"embeddable":true,"href":"https:\/\/quehacerpolitico.mx\/index.php?rest_route=\/wp\/v2\/users\/2"}],"replies":[{"embeddable":true,"href":"https:\/\/quehacerpolitico.mx\/index.php?rest_route=%2Fwp%2Fv2%2Fcomments&post=92451"}],"version-history":[{"count":1,"href":"https:\/\/quehacerpolitico.mx\/index.php?rest_route=\/wp\/v2\/posts\/92451\/revisions"}],"predecessor-version":[{"id":92453,"href":"https:\/\/quehacerpolitico.mx\/index.php?rest_route=\/wp\/v2\/posts\/92451\/revisions\/92453"}],"wp:featuredmedia":[{"embeddable":true,"href":"https:\/\/quehacerpolitico.mx\/index.php?rest_route=\/wp\/v2\/media\/92452"}],"wp:attachment":[{"href":"https:\/\/quehacerpolitico.mx\/index.php?rest_route=%2Fwp%2Fv2%2Fmedia&parent=92451"}],"wp:term":[{"taxonomy":"category","embeddable":true,"href":"https:\/\/quehacerpolitico.mx\/index.php?rest_route=%2Fwp%2Fv2%2Fcategories&post=92451"},{"taxonomy":"post_tag","embeddable":true,"href":"https:\/\/quehacerpolitico.mx\/index.php?rest_route=%2Fwp%2Fv2%2Ftags&post=92451"}],"curies":[{"name":"wp","href":"https:\/\/api.w.org\/{rel}","templated":true}]}}